{"id":27250,"date":"2024-11-26T12:33:29","date_gmt":"2024-11-26T12:33:29","guid":{"rendered":"http:\/\/rma.legal\/?p=27250"},"modified":"2025-04-15T11:29:40","modified_gmt":"2025-04-15T11:29:40","slug":"disenos-ue-que-hay-de-nuevo-10-puntos-de-la-reforma","status":"publish","type":"post","link":"https:\/\/rma.legal\/fr\/disenos-ue-que-hay-de-nuevo-10-puntos-de-la-reforma\/","title":{"rendered":"Dise\u00f1os UE: \u00bfQu\u00e9 hay de nuevo? 10 puntos de la reforma"},"content":{"rendered":"<p><img fetchpriority=\"high\" decoding=\"async\" class=\"size-medium wp-image-27253 aligncenter\" src=\"http:\/\/rma.legal\/wp-content\/uploads\/2024\/11\/museo-diseno-1-291x300.jpg\" alt=\"\" width=\"291\" height=\"300\" srcset=\"https:\/\/rma.legal\/wp-content\/uploads\/2024\/11\/museo-diseno-1-291x300.jpg 291w, https:\/\/rma.legal\/wp-content\/uploads\/2024\/11\/museo-diseno-1-993x1024.jpg 993w, https:\/\/rma.legal\/wp-content\/uploads\/2024\/11\/museo-diseno-1-768x792.jpg 768w, https:\/\/rma.legal\/wp-content\/uploads\/2024\/11\/museo-diseno-1-1490x1536.jpg 1490w, https:\/\/rma.legal\/wp-content\/uploads\/2024\/11\/museo-diseno-1-1986x2048.jpg 1986w\" sizes=\"(max-width: 291px) 100vw, 291px\" \/><\/p>\n<p>Hace unos d\u00edas se publicaban en el Diario Oficial de la UE dos normativas que representan una <span style=\"color: #a42400;\"><strong>reforma en materia de dise\u00f1os<\/strong><\/span>, para unificar su tratamiento a nivel europeo, facilitar su tramitaci\u00f3n y adaptarlos a los nuevos tiempos: se trata del <a href=\"https:\/\/eur-lex.europa.eu\/legal-content\/ES\/TXT\/HTML\/?uri=OJ:L_202402822\" target=\"_blank\" rel=\"noopener noreferrer\">R<strong>eglamento (UE) 2024\/2822\u00a0<\/strong><\/a> que modifica el <a href=\"https:\/\/euipo.europa.eu\/tunnel-web\/secure\/webdav\/guest\/document_library\/contentPdfs\/law_and_practice\/cdr_legal_basis\/62002_cv_es.pdf\" target=\"_blank\" rel=\"noopener noreferrer\">Reglamento (CE) 6\/2002<\/a> del Consejo sobre los dibujos y modelos comunitarios (que ahora pasar\u00e1 a llamarse \u00ab\u00a0de los dibujos y modelos de la Uni\u00f3n Europea\u00a0\u00bb), y la <a href=\"https:\/\/eur-lex.europa.eu\/legal-content\/ES\/TXT\/HTML\/?uri=OJ:L_202402823\" target=\"_blank\" rel=\"noopener noreferrer\"><strong>Directiva (UE) 2024\/2823<\/strong><\/a><strong>, <\/strong>ambos de 23\/10\/2024.<\/p>\n<p>El Reglamento (UE) 2024\/2822 entrar\u00e1 en vigor en dos fases: 1 mayo de 2025 y mediados de 2026.<\/p>\n<p>La Directiva (UE) 2024\/2823 deber\u00e1 trasponerse al derecho interno como muy tarde en diciembre 2027.<\/p>\n<p><strong><span style=\"color: #a42400;\">Como principales novedades<\/span><\/strong> destacan las siguientes:<\/p>\n<p><strong><span style=\"color: #a42400;\">1. Adi\u00f3s, \u00ab\u00a0dibujos y modelos comunitarios\u00a0\u00bb; Hola, \u00ab\u00a0dise\u00f1o de la UE\u00a0\u00bb.<\/span><\/strong><\/p>\n<p>La referencia a\u00a0 \u201cdibujos y modelos comunitarios\u201d se sustituye por <span style=\"color: #a42400;\"><strong><span style=\"color: #000000;\">\u201cdise\u00f1os de la Uni\u00f3n Europea\u201d<\/span> <\/strong><span style=\"color: #000000;\">(excepto en el t\u00edtulo del propio Reglamento 6\/2002, como hemos visto).<\/span> <\/span>Y cualquier referencia a \u201cComunidad\u201d se entiende modificada por \u201cUE\u201d, adem\u00e1s de incluir otros cambios puramente terminol\u00f3gicos [Art. 1 Reglto. 2024\/2822].<\/p>\n<p><strong><span style=\"color: #a42400;\">2. Dise\u00f1o en movimiento o animaci\u00f3n.<\/span><\/strong><\/p>\n<p><span style=\"color: #000000;\">La definici\u00f3n de \u201cdise\u00f1o\u201d <\/span>como la apariencia que se derive de las caracter\u00edsticas, en particular l\u00edneas, contornos, colores, formas, texturas y\/o materiales, del producto en s\u00ed o de su decoraci\u00f3n, <span style=\"color: #000000;\"><strong>incluye el<\/strong> <strong><em>movimiento, la transici\u00f3n o\u00a0cualquier otra forma de animaci\u00f3n<\/em><\/strong>.<\/span> [Art. 3 Rglto. 6\/2002 y 2 Directiva 2024\/2823].<\/p>\n<p>Acorde con ello, y los nuevos tiempos, se ampl\u00edan los formatos en que pueden representarse cuando se presente una solicitud, permitiendo la utilizaci\u00f3n de \u00a0\u201c<em>la tecnolog\u00eda generalmente disponible, incluidos dibujos, fotograf\u00edas, v\u00eddeos o\u00a0formaci\u00f3n de im\u00e1genes\/modelizaci\u00f3n por ordenador\u201d.<\/em> [Art. 26 Directiva 2024\/2823].<\/p>\n<p><strong><span style=\"color: #a42400;\">3. Dise\u00f1os virtuales, tambi\u00e9n.<\/span><\/strong><\/p>\n<p><span style=\"color: #000000;\">La definici\u00f3n de \u201cproducto\u201d <\/span>se ampl\u00eda a los art\u00edculos industriales o artesanales \u201c<em>independientemente de si est\u00e1n incorporados a un objeto f\u00edsico\u201d<\/em> o si adoptan \u201c<em>una forma no f\u00edsica<\/em>\u201d, <span style=\"color: #000000;\"><strong>permiti\u00e9ndose de este modo los dise\u00f1os virtuales <\/strong><\/span>[Art. 3 Reglto. 6\/2002 y 2 Directiva 2024\/2823].<\/p>\n<p><span style=\"color: #a42400;\"><strong>4. Tope de 50 dise\u00f1os por solicitud.<\/strong><\/span><\/p>\n<p><strong><span style=\"color: #000000;\">Se limita <\/span><\/strong>el n\u00famero de dise\u00f1os en una misma solicitud <span style=\"color: #000000;\"><strong>a 50 <\/strong><\/span>(como ya pasa en los dise\u00f1os espa\u00f1oles), y ya no ser\u00e1 necesario que pertenezcan a la misma clase de producto (Clasificaci\u00f3n de Locarno). [Art.37 Rglto.6\/2002 y 27 Directiva 2024\/2823].<\/p>\n<p><strong><span style=\"color: #a42400;\">5. Protecci\u00f3n de las caracter\u00edsticas visibles en la solicitud. <\/span><\/strong><\/p>\n<p>Se aclara que la protecci\u00f3n del dise\u00f1o registrado se proyecta sobre las caracter\u00edsticas del mismo que se muestren de forma visible <span style=\"color: #000000;\"><strong>en la solicitud de registro<\/strong>, <\/span>sin que tales caracter\u00edsticas del mismo necesiten <span style=\"color: #000000;\">\u201c<\/span><em><span style=\"color: #000000;\">ser visibles en ning\u00fan momento concreto ni en ninguna situaci\u00f3n particular de uso<\/span> para acogerse a\u00a0la protecci\u00f3n<\/em>\u201d. [Art. 18-bis Reglto. 6\/2002, Considerandos 12 y 13 Reglto. 2024\/2822, y arts. 3.3 y 15 Directiva 2024\/2823].<\/p>\n<p><strong>Esto no ser\u00e1 de aplicaci\u00f3n a los dise\u00f1os de los componentes de un producto complejo<\/strong>, que deber\u00e1n seguir siendo visibles durante su utilizaci\u00f3n normal para merecer protecci\u00f3n [Art. 4.2 Reglto. 6\/2002, no modificado, y 3 Directiva 2024\/2823].<\/p>\n<p><strong><span style=\"color: #a42400;\">6. Derecho a impedir la impresi\u00f3n 3D.<\/span><\/strong><\/p>\n<p>El derecho de exclusiva que otorga el registro permitir\u00e1 a su titular impedir <em>crear, descargar, copiar y compartir o\u00a0distribuir a\u00a0otros <span style=\"color: #000000;\"><strong>cualquier soporte o\u00a0software que registre el dise\u00f1o<\/strong><\/span> con el fin de permitir la elaboraci\u00f3n de un producto, <\/em>lo que est\u00e1 contemplando la impresi\u00f3n en 3D [Art. 19 Reglto. 6\/2002 y 16 Directiva 2024\/2823].<\/p>\n<p>Tambi\u00e9n podr\u00e1 hacer valer su derecho con relaci\u00f3n a productos <strong>en tr\u00e1nsito<\/strong> por la UE.<\/p>\n<p><strong><span style=\"color: #a42400;\">7. Nuevos usos que el titular del dise\u00f1o no podr\u00e1 impedir.<\/span><\/strong><\/p>\n<p>En adelante, el titular de un dise\u00f1o en adelante tampoco podr\u00e1 impedir a terceros:<\/p>\n<p>&#8211; Los usos referenciales del dise\u00f1o, cuando tienen por finalidad identificar un producto como el del titular del derecho sobre el dise\u00f1o o con el fin de referirse a tal producto;<\/p>\n<p>&#8211; Los usos a modo de comentarios, cr\u00edticas o parodias.<\/p>\n<p>Tales usos deber\u00e1n ser en todo caso acordes a \u201c<em>las pr\u00e1cticas comerciales leales y no menoscaben indebidamente la explotaci\u00f3n normal del dibujo o\u00a0modelo<\/em>\u201d \u00a0[Art. 20 Rglto. 6\/2002 y 18 Directiva 2024\/2823].<\/p>\n<p><strong><span style=\"color: #a42400;\">8. Piezas de recambio y cl\u00e1usula de reparaci\u00f3n. Se confirma.<\/span><\/strong><\/p>\n<p>Se incorpora expresamente la \u201c<strong><span style=\"color: #000000;\">cl\u00e1usula de reparaci\u00f3n\u201d,<\/span><\/strong> a efectos de permitir la reparaci\u00f3n de un producto para devolverle su apariencia original [Art. 20 bis Rglto. 6\/2002 y 19 Directiva 2024\/2823 ].<\/p>\n<p>Se confirma as\u00ed que los titulares de dise\u00f1os sobre piezas de componentes complejos de cuya apariencia dependa el dise\u00f1o del componente no podr\u00e1n impedir el uso de los \u00a0mismos por parte de terceros fabricantes o vendedores de esas piezas cuando se utilicen <strong>con el \u00fanico fin de reparar<\/strong> dicho producto complejo para devolverle su apariencia original. Esto es especialmente aplicable al sector de las piezas de recambio de autom\u00f3viles.<\/p>\n<p>Estos terceros tendr\u00e1n el <span style=\"color: #000000;\"><strong>deber de informar<\/strong><\/span> a los consumidores sobre el origen comercial y la identidad del fabricante de la pieza que se va a utilizar en la reparaci\u00f3n, pero no tendr\u00e1n responsabilidad si ese usuario final la destina a fines distintos de la reparaci\u00f3n.<\/p>\n<p><span style=\"color: #a42400;\"><strong>9. Nue<\/strong><\/span><span style=\"color: #a42400;\"><strong>vo <\/strong><\/span><span style=\"color: #a42400;\"><strong>s\u00edmbolo.<\/strong><\/span><\/p>\n<p>A partir de ahora, cuando el dise\u00f1o est\u00e9 registrado se podr\u00e1 a\u00f1adir el <span style=\"color: #000000;\"><strong>s\u00edmbolo<\/strong>,<\/span> de nueva creaci\u00f3n [Art.26 bis Rglto. 2024\/2823 y 24 Directiva 2024\/2823]:<\/p>\n<p><img decoding=\"async\" class=\" wp-image-27251 aligncenter\" src=\"http:\/\/rma.legal\/wp-content\/uploads\/2024\/11\/diseno-registrado.jpg\" alt=\"\" width=\"53\" height=\"38\" \/><\/p>\n<p><span style=\"color: #a42400;\"><strong>10. Tasas reducidas.<\/strong><\/span><\/p>\n<p>En general, <span style=\"color: #000000;\">se abaratan las tasas <\/span>de distintos tr\u00e1mites. [Anexo I Rglto. 2024\/2822]<\/p>\n<p>RMA Legal, noviembre 2024.<\/p>\n<p><strong><span style=\"color: #a42400;\">www.rma.legal<\/span><\/strong><\/p>\n<p>[fotograf\u00eda del post tomada en el Museo del Dise\u00f1o de Barcelona]<\/p>\n","protected":false},"excerpt":{"rendered":"<p>La UE reforma normativas de dise\u00f1o: nuevo t\u00e9rmino \u00ab\u00a0dise\u00f1o de la UE\u00a0\u00bb, incluye dise\u00f1os virtuales, animados, impresi\u00f3n 3D y tasas reducidas.<\/p>\n","protected":false},"author":7,"featured_media":27252,"comment_status":"closed","ping_status":"closed","sticky":false,"template":"","format":"standard","meta":{"footnotes":""},"categories":[103],"tags":[146,9,205,216,219,220,22,353,56],"class_list":["post-27250","post","type-post","status-publish","format-standard","has-post-thumbnail","hentry","category-sin-categoria","tag-caracter-singular","tag-clausula-de-reparacion-ca","tag-design","tag-diseno-multimedia","tag-diseno-ue","tag-diseno-virtual","tag-disenos-ca","tag-novedad","tag-piezas-de-recambio-ca"],"yoast_head":"<!-- This site is optimized with the Yoast SEO plugin v25.9 - https:\/\/yoast.com\/wordpress\/plugins\/seo\/ -->\n<title>Dise\u00f1os UE: \u00bfQu\u00e9 hay de nuevo? 10 puntos de la reforma - Avocats du RMA<\/title>\n<meta name=\"robots\" content=\"index, follow, max-snippet:-1, max-image-preview:large, max-video-preview:-1\" \/>\n<link rel=\"canonical\" href=\"https:\/\/rma.legal\/fr\/disenos-ue-que-hay-de-nuevo-10-puntos-de-la-reforma\/\" \/>\n<meta property=\"og:locale\" content=\"fr_FR\" \/>\n<meta property=\"og:type\" content=\"article\" \/>\n<meta property=\"og:title\" content=\"Dise\u00f1os UE: \u00bfQu\u00e9 hay de nuevo? 10 puntos de la reforma - Avocats du RMA\" \/>\n<meta property=\"og:description\" content=\"La UE reforma normativas de dise\u00f1o: nuevo t\u00e9rmino &quot;dise\u00f1o de la UE&quot;, incluye dise\u00f1os virtuales, animados, impresi\u00f3n 3D y tasas reducidas.\" \/>\n<meta property=\"og:url\" content=\"https:\/\/rma.legal\/fr\/disenos-ue-que-hay-de-nuevo-10-puntos-de-la-reforma\/\" \/>\n<meta property=\"og:site_name\" content=\"Avocats du RMA\" \/>\n<meta property=\"article:published_time\" content=\"2024-11-26T12:33:29+00:00\" \/>\n<meta property=\"article:modified_time\" content=\"2025-04-15T11:29:40+00:00\" \/>\n<meta property=\"og:image\" content=\"https:\/\/rma.legal\/wp-content\/uploads\/2024\/11\/museo-diseno-scaled.jpg\" \/>\n\t<meta property=\"og:image:width\" content=\"1920\" \/>\n\t<meta property=\"og:image:height\" content=\"2560\" \/>\n\t<meta property=\"og:image:type\" content=\"image\/jpeg\" \/>\n<meta name=\"author\" content=\"Rosa Martinez Brines\" \/>\n<meta name=\"twitter:card\" content=\"summary_large_image\" \/>\n<meta name=\"twitter:label1\" content=\"\u00c9crit par\" \/>\n\t<meta name=\"twitter:data1\" content=\"Rosa Martinez Brines\" \/>\n\t<meta name=\"twitter:label2\" content=\"Dur\u00e9e de lecture estim\u00e9e\" \/>\n\t<meta name=\"twitter:data2\" content=\"5 minutes\" \/>\n<script type=\"application\/ld+json\" class=\"yoast-schema-graph\">{\"@context\":\"https:\/\/schema.org\",\"@graph\":[{\"@type\":\"Article\",\"@id\":\"https:\/\/rma.legal\/fr\/disenos-ue-que-hay-de-nuevo-10-puntos-de-la-reforma\/#article\",\"isPartOf\":{\"@id\":\"https:\/\/rma.legal\/fr\/disenos-ue-que-hay-de-nuevo-10-puntos-de-la-reforma\/\"},\"author\":{\"name\":\"Rosa Martinez Brines\",\"@id\":\"https:\/\/rma.legal\/fr\/#\/schema\/person\/a4e1a584fe52b11a745060a7e9555336\"},\"headline\":\"Dise\u00f1os UE: \u00bfQu\u00e9 hay de nuevo? 10 puntos de la reforma\",\"datePublished\":\"2024-11-26T12:33:29+00:00\",\"dateModified\":\"2025-04-15T11:29:40+00:00\",\"mainEntityOfPage\":{\"@id\":\"https:\/\/rma.legal\/fr\/disenos-ue-que-hay-de-nuevo-10-puntos-de-la-reforma\/\"},\"wordCount\":919,\"publisher\":{\"@id\":\"https:\/\/rma.legal\/fr\/#organization\"},\"image\":{\"@id\":\"https:\/\/rma.legal\/fr\/disenos-ue-que-hay-de-nuevo-10-puntos-de-la-reforma\/#primaryimage\"},\"thumbnailUrl\":\"https:\/\/rma.legal\/wp-content\/uploads\/2024\/11\/museo-diseno-scaled.jpg\",\"keywords\":[\"car\u00e1cter singular\",\"cl\u00e1usula de reparaci\u00f3n\",\"Design\",\"dise\u00f1o multimedia\",\"dise\u00f1o UE\",\"dise\u00f1o virtual\",\"dise\u00f1os\",\"novedad\",\"piezas de recambio\"],\"articleSection\":[\"Sin categor\u00eda\"],\"inLanguage\":\"fr-FR\"},{\"@type\":\"WebPage\",\"@id\":\"https:\/\/rma.legal\/fr\/disenos-ue-que-hay-de-nuevo-10-puntos-de-la-reforma\/\",\"url\":\"https:\/\/rma.legal\/fr\/disenos-ue-que-hay-de-nuevo-10-puntos-de-la-reforma\/\",\"name\":\"Dise\u00f1os UE: \u00bfQu\u00e9 hay de nuevo? 10 puntos de la reforma - Avocats du RMA\",\"isPartOf\":{\"@id\":\"https:\/\/rma.legal\/fr\/#website\"},\"primaryImageOfPage\":{\"@id\":\"https:\/\/rma.legal\/fr\/disenos-ue-que-hay-de-nuevo-10-puntos-de-la-reforma\/#primaryimage\"},\"image\":{\"@id\":\"https:\/\/rma.legal\/fr\/disenos-ue-que-hay-de-nuevo-10-puntos-de-la-reforma\/#primaryimage\"},\"thumbnailUrl\":\"https:\/\/rma.legal\/wp-content\/uploads\/2024\/11\/museo-diseno-scaled.jpg\",\"datePublished\":\"2024-11-26T12:33:29+00:00\",\"dateModified\":\"2025-04-15T11:29:40+00:00\",\"breadcrumb\":{\"@id\":\"https:\/\/rma.legal\/fr\/disenos-ue-que-hay-de-nuevo-10-puntos-de-la-reforma\/#breadcrumb\"},\"inLanguage\":\"fr-FR\",\"potentialAction\":[{\"@type\":\"ReadAction\",\"target\":[\"https:\/\/rma.legal\/fr\/disenos-ue-que-hay-de-nuevo-10-puntos-de-la-reforma\/\"]}]},{\"@type\":\"ImageObject\",\"inLanguage\":\"fr-FR\",\"@id\":\"https:\/\/rma.legal\/fr\/disenos-ue-que-hay-de-nuevo-10-puntos-de-la-reforma\/#primaryimage\",\"url\":\"https:\/\/rma.legal\/wp-content\/uploads\/2024\/11\/museo-diseno-scaled.jpg\",\"contentUrl\":\"https:\/\/rma.legal\/wp-content\/uploads\/2024\/11\/museo-diseno-scaled.jpg\",\"width\":1920,\"height\":2560,\"caption\":\"La protecci\u00f3n del cuidado: la importancia de la propiedad industrial en el sector cosm\u00e9tico\"},{\"@type\":\"BreadcrumbList\",\"@id\":\"https:\/\/rma.legal\/fr\/disenos-ue-que-hay-de-nuevo-10-puntos-de-la-reforma\/#breadcrumb\",\"itemListElement\":[{\"@type\":\"ListItem\",\"position\":1,\"name\":\"Portada\",\"item\":\"https:\/\/rma.legal\/fr\/\"},{\"@type\":\"ListItem\",\"position\":2,\"name\":\"Dise\u00f1os UE: \u00bfQu\u00e9 hay de nuevo? 10 puntos de la reforma\"}]},{\"@type\":\"WebSite\",\"@id\":\"https:\/\/rma.legal\/fr\/#website\",\"url\":\"https:\/\/rma.legal\/fr\/\",\"name\":\"Avocats du RMA\",\"description\":\"RMA Legal Abogados\",\"publisher\":{\"@id\":\"https:\/\/rma.legal\/fr\/#organization\"},\"potentialAction\":[{\"@type\":\"SearchAction\",\"target\":{\"@type\":\"EntryPoint\",\"urlTemplate\":\"https:\/\/rma.legal\/fr\/?s={search_term_string}\"},\"query-input\":{\"@type\":\"PropertyValueSpecification\",\"valueRequired\":true,\"valueName\":\"search_term_string\"}}],\"inLanguage\":\"fr-FR\"},{\"@type\":\"Organization\",\"@id\":\"https:\/\/rma.legal\/fr\/#organization\",\"name\":\"Avocats du RMA\",\"url\":\"https:\/\/rma.legal\/fr\/\",\"logo\":{\"@type\":\"ImageObject\",\"inLanguage\":\"fr-FR\",\"@id\":\"https:\/\/rma.legal\/fr\/#\/schema\/logo\/image\/\",\"url\":\"https:\/\/rma.legal\/wp-content\/uploads\/2025\/02\/Logo-rma-legal-invertido-footer-c-1.png\",\"contentUrl\":\"https:\/\/rma.legal\/wp-content\/uploads\/2025\/02\/Logo-rma-legal-invertido-footer-c-1.png\",\"width\":300,\"height\":125,\"caption\":\"Avocats du RMA\"},\"image\":{\"@id\":\"https:\/\/rma.legal\/fr\/#\/schema\/logo\/image\/\"}},{\"@type\":\"Person\",\"@id\":\"https:\/\/rma.legal\/fr\/#\/schema\/person\/a4e1a584fe52b11a745060a7e9555336\",\"name\":\"Rosa Martinez Brines\",\"image\":{\"@type\":\"ImageObject\",\"inLanguage\":\"fr-FR\",\"@id\":\"https:\/\/rma.legal\/fr\/#\/schema\/person\/image\/\",\"url\":\"https:\/\/secure.gravatar.com\/avatar\/49ea18deea83f04a80464587e6edea1a4988c405631c31d3a76b657cc4da1334?s=96&d=mm&r=g\",\"contentUrl\":\"https:\/\/secure.gravatar.com\/avatar\/49ea18deea83f04a80464587e6edea1a4988c405631c31d3a76b657cc4da1334?s=96&d=mm&r=g\",\"caption\":\"Rosa Martinez Brines\"},\"url\":\"https:\/\/rma.legal\/fr\/author\/rosa-martinez-brines\/\"}]}<\/script>\n<!-- \/ Yoast SEO plugin. -->","yoast_head_json":{"title":"Dise\u00f1os UE: \u00bfQu\u00e9 hay de nuevo? 10 puntos de la reforma - Avocats du RMA","robots":{"index":"index","follow":"follow","max-snippet":"max-snippet:-1","max-image-preview":"max-image-preview:large","max-video-preview":"max-video-preview:-1"},"canonical":"https:\/\/rma.legal\/fr\/disenos-ue-que-hay-de-nuevo-10-puntos-de-la-reforma\/","og_locale":"fr_FR","og_type":"article","og_title":"Dise\u00f1os UE: \u00bfQu\u00e9 hay de nuevo? 10 puntos de la reforma - Avocats du RMA","og_description":"La UE reforma normativas de dise\u00f1o: nuevo t\u00e9rmino \"dise\u00f1o de la UE\", incluye dise\u00f1os virtuales, animados, impresi\u00f3n 3D y tasas reducidas.","og_url":"https:\/\/rma.legal\/fr\/disenos-ue-que-hay-de-nuevo-10-puntos-de-la-reforma\/","og_site_name":"Avocats du RMA","article_published_time":"2024-11-26T12:33:29+00:00","article_modified_time":"2025-04-15T11:29:40+00:00","og_image":[{"width":1920,"height":2560,"url":"https:\/\/rma.legal\/wp-content\/uploads\/2024\/11\/museo-diseno-scaled.jpg","type":"image\/jpeg"}],"author":"Rosa Martinez Brines","twitter_card":"summary_large_image","twitter_misc":{"\u00c9crit par":"Rosa Martinez Brines","Dur\u00e9e de lecture estim\u00e9e":"5 minutes"},"schema":{"@context":"https:\/\/schema.org","@graph":[{"@type":"Article","@id":"https:\/\/rma.legal\/fr\/disenos-ue-que-hay-de-nuevo-10-puntos-de-la-reforma\/#article","isPartOf":{"@id":"https:\/\/rma.legal\/fr\/disenos-ue-que-hay-de-nuevo-10-puntos-de-la-reforma\/"},"author":{"name":"Rosa Martinez Brines","@id":"https:\/\/rma.legal\/fr\/#\/schema\/person\/a4e1a584fe52b11a745060a7e9555336"},"headline":"Dise\u00f1os UE: \u00bfQu\u00e9 hay de nuevo? 10 puntos de la reforma","datePublished":"2024-11-26T12:33:29+00:00","dateModified":"2025-04-15T11:29:40+00:00","mainEntityOfPage":{"@id":"https:\/\/rma.legal\/fr\/disenos-ue-que-hay-de-nuevo-10-puntos-de-la-reforma\/"},"wordCount":919,"publisher":{"@id":"https:\/\/rma.legal\/fr\/#organization"},"image":{"@id":"https:\/\/rma.legal\/fr\/disenos-ue-que-hay-de-nuevo-10-puntos-de-la-reforma\/#primaryimage"},"thumbnailUrl":"https:\/\/rma.legal\/wp-content\/uploads\/2024\/11\/museo-diseno-scaled.jpg","keywords":["car\u00e1cter singular","cl\u00e1usula de reparaci\u00f3n","Design","dise\u00f1o multimedia","dise\u00f1o UE","dise\u00f1o virtual","dise\u00f1os","novedad","piezas de recambio"],"articleSection":["Sin categor\u00eda"],"inLanguage":"fr-FR"},{"@type":"WebPage","@id":"https:\/\/rma.legal\/fr\/disenos-ue-que-hay-de-nuevo-10-puntos-de-la-reforma\/","url":"https:\/\/rma.legal\/fr\/disenos-ue-que-hay-de-nuevo-10-puntos-de-la-reforma\/","name":"Dise\u00f1os UE: \u00bfQu\u00e9 hay de nuevo? 10 puntos de la reforma - Avocats du RMA","isPartOf":{"@id":"https:\/\/rma.legal\/fr\/#website"},"primaryImageOfPage":{"@id":"https:\/\/rma.legal\/fr\/disenos-ue-que-hay-de-nuevo-10-puntos-de-la-reforma\/#primaryimage"},"image":{"@id":"https:\/\/rma.legal\/fr\/disenos-ue-que-hay-de-nuevo-10-puntos-de-la-reforma\/#primaryimage"},"thumbnailUrl":"https:\/\/rma.legal\/wp-content\/uploads\/2024\/11\/museo-diseno-scaled.jpg","datePublished":"2024-11-26T12:33:29+00:00","dateModified":"2025-04-15T11:29:40+00:00","breadcrumb":{"@id":"https:\/\/rma.legal\/fr\/disenos-ue-que-hay-de-nuevo-10-puntos-de-la-reforma\/#breadcrumb"},"inLanguage":"fr-FR","potentialAction":[{"@type":"ReadAction","target":["https:\/\/rma.legal\/fr\/disenos-ue-que-hay-de-nuevo-10-puntos-de-la-reforma\/"]}]},{"@type":"ImageObject","inLanguage":"fr-FR","@id":"https:\/\/rma.legal\/fr\/disenos-ue-que-hay-de-nuevo-10-puntos-de-la-reforma\/#primaryimage","url":"https:\/\/rma.legal\/wp-content\/uploads\/2024\/11\/museo-diseno-scaled.jpg","contentUrl":"https:\/\/rma.legal\/wp-content\/uploads\/2024\/11\/museo-diseno-scaled.jpg","width":1920,"height":2560,"caption":"La protecci\u00f3n del cuidado: la importancia de la propiedad industrial en el sector cosm\u00e9tico"},{"@type":"BreadcrumbList","@id":"https:\/\/rma.legal\/fr\/disenos-ue-que-hay-de-nuevo-10-puntos-de-la-reforma\/#breadcrumb","itemListElement":[{"@type":"ListItem","position":1,"name":"Portada","item":"https:\/\/rma.legal\/fr\/"},{"@type":"ListItem","position":2,"name":"Dise\u00f1os UE: \u00bfQu\u00e9 hay de nuevo? 10 puntos de la reforma"}]},{"@type":"WebSite","@id":"https:\/\/rma.legal\/fr\/#website","url":"https:\/\/rma.legal\/fr\/","name":"Avocats du RMA","description":"RMA Legal Abogados","publisher":{"@id":"https:\/\/rma.legal\/fr\/#organization"},"potentialAction":[{"@type":"SearchAction","target":{"@type":"EntryPoint","urlTemplate":"https:\/\/rma.legal\/fr\/?s={search_term_string}"},"query-input":{"@type":"PropertyValueSpecification","valueRequired":true,"valueName":"search_term_string"}}],"inLanguage":"fr-FR"},{"@type":"Organization","@id":"https:\/\/rma.legal\/fr\/#organization","name":"Avocats du RMA","url":"https:\/\/rma.legal\/fr\/","logo":{"@type":"ImageObject","inLanguage":"fr-FR","@id":"https:\/\/rma.legal\/fr\/#\/schema\/logo\/image\/","url":"https:\/\/rma.legal\/wp-content\/uploads\/2025\/02\/Logo-rma-legal-invertido-footer-c-1.png","contentUrl":"https:\/\/rma.legal\/wp-content\/uploads\/2025\/02\/Logo-rma-legal-invertido-footer-c-1.png","width":300,"height":125,"caption":"Avocats du RMA"},"image":{"@id":"https:\/\/rma.legal\/fr\/#\/schema\/logo\/image\/"}},{"@type":"Person","@id":"https:\/\/rma.legal\/fr\/#\/schema\/person\/a4e1a584fe52b11a745060a7e9555336","name":"Rosa Martinez Brines","image":{"@type":"ImageObject","inLanguage":"fr-FR","@id":"https:\/\/rma.legal\/fr\/#\/schema\/person\/image\/","url":"https:\/\/secure.gravatar.com\/avatar\/49ea18deea83f04a80464587e6edea1a4988c405631c31d3a76b657cc4da1334?s=96&d=mm&r=g","contentUrl":"https:\/\/secure.gravatar.com\/avatar\/49ea18deea83f04a80464587e6edea1a4988c405631c31d3a76b657cc4da1334?s=96&d=mm&r=g","caption":"Rosa Martinez Brines"},"url":"https:\/\/rma.legal\/fr\/author\/rosa-martinez-brines\/"}]}},"_links":{"self":[{"href":"https:\/\/rma.legal\/fr\/wp-json\/wp\/v2\/posts\/27250","targetHints":{"allow":["GET"]}}],"collection":[{"href":"https:\/\/rma.legal\/fr\/wp-json\/wp\/v2\/posts"}],"about":[{"href":"https:\/\/rma.legal\/fr\/wp-json\/wp\/v2\/types\/post"}],"author":[{"embeddable":true,"href":"https:\/\/rma.legal\/fr\/wp-json\/wp\/v2\/users\/7"}],"replies":[{"embeddable":true,"href":"https:\/\/rma.legal\/fr\/wp-json\/wp\/v2\/comments?post=27250"}],"version-history":[{"count":2,"href":"https:\/\/rma.legal\/fr\/wp-json\/wp\/v2\/posts\/27250\/revisions"}],"predecessor-version":[{"id":29379,"href":"https:\/\/rma.legal\/fr\/wp-json\/wp\/v2\/posts\/27250\/revisions\/29379"}],"wp:featuredmedia":[{"embeddable":true,"href":"https:\/\/rma.legal\/fr\/wp-json\/wp\/v2\/media\/27252"}],"wp:attachment":[{"href":"https:\/\/rma.legal\/fr\/wp-json\/wp\/v2\/media?parent=27250"}],"wp:term":[{"taxonomy":"category","embeddable":true,"href":"https:\/\/rma.legal\/fr\/wp-json\/wp\/v2\/categories?post=27250"},{"taxonomy":"post_tag","embeddable":true,"href":"https:\/\/rma.legal\/fr\/wp-json\/wp\/v2\/tags?post=27250"}],"curies":[{"name":"wp","href":"https:\/\/api.w.org\/{rel}","templated":true}]}}