{"id":27212,"date":"2024-09-30T11:31:03","date_gmt":"2024-09-30T11:31:03","guid":{"rendered":"http:\/\/rma.legal\/?p=27212"},"modified":"2025-04-15T11:31:47","modified_gmt":"2025-04-15T11:31:47","slug":"marcas-o-disenos-ofensivos-debe-denegarse-su-registro","status":"publish","type":"post","link":"https:\/\/rma.legal\/fr\/marcas-o-disenos-ofensivos-debe-denegarse-su-registro\/","title":{"rendered":"Marcas o dise\u00f1os ofensivos: \u00bfDebe denegarse su registro?"},"content":{"rendered":"<p>&nbsp;<\/p>\n<p><img decoding=\"async\" class=\"alignnone size-full wp-image-27213 aligncenter\" src=\"http:\/\/rma.legal\/wp-content\/uploads\/2024\/09\/ofensivas-1.jpg\" alt=\"ofensivas 1\" width=\"203\" height=\"101\" \/><\/p>\n<p>La pregunta incluida en el t\u00edtulo es, claro est\u00e1, un recurso para incitar directamente a un debate y por eso quiero empezar contest\u00e1ndola: en opini\u00f3n de quien suscribe, no. El car\u00e1cter supuestamente ofensivo (o contrario a la moral o a las buenas costumbres) no deber\u00eda ser motivo de denegaci\u00f3n o nulidad del registro de una marca. Como salvedad procede a\u00f1adir enseguida que ser contrarios a considerarlo una prohibici\u00f3n de registro es perfectamente compatible con, en funci\u00f3n de las circunstancias, estar totalmente a favor de que s\u00ed se pueda prohibir su uso.<\/p>\n<p>En una <a href=\"https:\/\/rma.legal\/ca\/2019\/12\/17\/marcas-contrarias-al-orden-publico-y-a-las-buenas-costumbres-estupefacientes-insultos-y-mas-2\/\" target=\"_blank\">entrada de este blog de ya hace unos a\u00f1os nos referimos a esta cuesti\u00f3n<\/a> haciendo un an\u00e1lisis m\u00e1s t\u00e9cnico de la raz\u00f3n de ser de las prohibiciones de registro (y equivalentes causas de nulidad) relativas a las <em>\u201cmarcas contrarias al orden p\u00fablico o a las buenas costumbres\u201d<\/em> establecidas tanto en la <a href=\"https:\/\/www.boe.es\/buscar\/act.php?id=BOE-A-2001-23093\" target=\"_blank\">Ley espa\u00f1ola (art. 5.1.f LM)<\/a> como en el <a href=\"https:\/\/eur-lex.europa.eu\/legal-content\/ES\/TXT\/HTML\/?uri=CELEX:32017R1001\">Reglamento de las Marcas de la UE (art. 7.1.f)<\/a>.<\/p>\n<p>All\u00ed mencionamos varios casos de marcas de la UE, cuyo registro hab\u00eda sido denegado por este motivo: \u201cETA\u201d (<a href=\"https:\/\/euipo.europa.eu\/eSearch\/#details\/trademarks\/007244882\" target=\"_blank\">MUE 724482<\/a>), \u201cHIJOPUTA, qu\u00e9 bueno ye\u201d (<a href=\"https:\/\/euipo.europa.eu\/eSearch\/#details\/trademarks\/008384653\" target=\"_blank\">MUE 8384653<\/a>), \u201cLA MAFIA SE SIENTA A LA MESA\u201d (<a href=\"https:\/\/euipo.europa.eu\/eSearch\/#details\/trademarks\/005510921\">MUE 5510921<\/a>), y \u201cFACK JU G\u00d6THE\u201d (MUE <a href=\"https:\/\/euipo.europa.eu\/eSearch\/#details\/trademarks\/013971163\" target=\"_blank\">013971163<\/a><u>).<\/u><\/p>\n<p>Frente a otros casos que no fueron cuestionados, como:<\/p>\n<p><img decoding=\"async\" class=\"alignnone size-full wp-image-27218\" src=\"http:\/\/rma.legal\/wp-content\/uploads\/2024\/09\/ofensivas-2.jpg\" alt=\"ofensivas 2\" width=\"205\" height=\"106\" \/>\u00a0 \u00a0<img decoding=\"async\" class=\"alignnone size-full wp-image-27217\" src=\"http:\/\/rma.legal\/wp-content\/uploads\/2024\/09\/ofensivas-3.jpg\" alt=\"ofensivas 3\" width=\"219\" height=\"182\" \/> <img loading=\"lazy\" decoding=\"async\" class=\"alignnone  wp-image-27216\" src=\"http:\/\/rma.legal\/wp-content\/uploads\/2024\/09\/ofensivas-4.jpg\" alt=\"ofensivas 4\" width=\"136\" height=\"150\" \/><\/p>\n<p>Como ya apuntamos en el citado post, el caso concreto de la marca \u00a0<a href=\"https:\/\/euipo.europa.eu\/eSearch\/#details\/trademarks\/013971163\" target=\"_blank\"><strong>\u201cFACK JU G\u00d6HTE\u201d<\/strong><\/a>\u00a0 (que se podr\u00eda traducir como <em>\u201cQu\u00e9 te den\/jodan, G\u00f6hte\u201d<\/em>, referido al insigne escritor alem\u00e1n), lleg\u00f3 hasta el Tribunal de Justicia de la UE (despu\u00e9s de que tanto la EUIPO como el TGUE confirmaran la denegaci\u00f3n del registro) y all\u00ed ya destacamos las c<a href=\"https:\/\/curia.europa.eu\/juris\/document\/document.jsf?text=&amp;docid=215701&amp;pageIndex=0&amp;doclang=ES&amp;mode=req&amp;dir=&amp;occ=first&amp;part=1&amp;cid=7184316\" target=\"_blank\">onclusiones del Abogado General<\/a> a favor de la concesi\u00f3n de la marca en las que, adem\u00e1s de unas certeras consideraciones sobre la distinci\u00f3n entre <em>orden p\u00fablico <\/em>y <em>buenas costumbres<\/em>, se esgrim\u00eda, como cuesti\u00f3n aprior\u00edstica, el fundamental derecho a la libertad de expresi\u00f3n.<\/p>\n<p>Actualizando lo sucedido a posteriori (aunque ya haga unos a\u00f1os) en su <a href=\"https:\/\/curia.europa.eu\/juris\/document\/document.jsf?docid=223843&amp;mode=req&amp;pageIndex=1&amp;dir=&amp;occ=first&amp;part=1&amp;text=FACK%2BJU%2BG%25C3%2596HTE&amp;doclang=ES&amp;cid=2249315#ctx1\" target=\"_blank\">sentencia de 27\/2\/2020 el TJUE<\/a> decidi\u00f3 anular las resoluciones anteriores y conceder la marca, y aunque en su p\u00e1rrafo 56 se refiera a la <em>\u201c..necesidad de aplicar esos Reglamentos <\/em>[se refiere a la \u201cprohibici\u00f3n de registro\u201d que nos ocupa] <em>de manera que se garantice el pleno respeto de las libertades y de los derechos fundamentales, en particular de la libertad de expresi\u00f3n\u201d<\/em>, lo cierto es que no aborda abiertamente la tensi\u00f3n que existe entre estas disposiciones prohibitivas y el derecho fundamental a la libertad de expresi\u00f3n recogido en el <a href=\"chrome-extension:\/\/efaidnbmnnnibpcajpcglclefindmkaj\/https:\/www.europarl.europa.eu\/charter\/pdf\/text_es.pdf\" target=\"_blank\">art. 11 de la Carta de los Derechos Fundamentales de la UE<\/a>.<\/p>\n<p>Y el debate sigue abierto como demuestra el caso de un dise\u00f1o de joyer\u00eda (que representa unos genitales femeninos y algunos\u00a0con las variantes que reproducimos a continuaci\u00f3n) que se resolvi\u00f3 ya hace un a\u00f1o pero que recientemente ha sido recogido en la prensa (ver <a href=\"https:\/\/elpais.com\/sociedad\/2024-08-24\/como-una-vulva-de-oro-se-convirtio-en-una-cuestion-inmoral-para-la-oficina-de-propiedad-intelectual-de-la-ue.html\" target=\"_blank\">aqu\u00ed<\/a> y <a href=\"https:\/\/www.elespanol.com\/alicante\/vivir\/20240829\/pelea-judicial-alicanteeneuropa-parecido-joyas-virgenes-no-sentido-trt\/881662107_0.html\" target=\"_blank\">aqu\u00ed<\/a>) como un nuevo caso de un supuesto atentado a la moral o a las buenas costumbres.<\/p>\n<p><img loading=\"lazy\" decoding=\"async\" class=\"alignnone size-medium wp-image-27215 aligncenter\" src=\"http:\/\/rma.legal\/wp-content\/uploads\/2024\/09\/ofensivas-5-134x300.png\" alt=\"ofensivas 5\" width=\"134\" height=\"300\" srcset=\"https:\/\/rma.legal\/wp-content\/uploads\/2024\/09\/ofensivas-5-134x300.png 134w, https:\/\/rma.legal\/wp-content\/uploads\/2024\/09\/ofensivas-5.png 207w\" sizes=\"(max-width: 134px) 100vw, 134px\" \/><\/p>\n<p>El caso se resolvi\u00f3 a favor de\u00a0<a href=\"https:\/\/designdb.wipo.int\/designdb\/hague\/en\/showData.jsp?ID=HAGUE.D216212\" target=\"_blank\">admitir el registro<\/a> pero inicialmente fue objetado por la EUIPO por el mismo motivo de ser supuestamente contrario al orden p\u00fablico o a las buenas costumbres\u00a0y en aplicaci\u00f3n de la disposici\u00f3n establecida en id\u00e9ntico sentido tanto en la <a href=\"https:\/\/www.boe.es\/buscar\/act.php?id=BOE-A-2003-13615\" target=\"_blank\">Ley de espa\u00f1ola de Protecci\u00f3n del Dise\u00f1o Industrial (art. 12)<\/a> como en el <a href=\"https:\/\/www.boe.es\/buscar\/doc.php?id=DOUE-L-2002-80006\" target=\"_blank\">Reglamento de la UE sobre Dise\u00f1os de la UE (art. 9)<\/a>.<\/p>\n<p>Tras este r\u00e1pido, y desde luego no exhaustivo, repaso sobre algunos de los casos relacionados con el tema que nos ocupa, debemos retomar la cuesti\u00f3n que solo qued\u00f3 apuntada en el caso\u00a0<strong>\u201cFACK JU G\u00d6HTE\u201d<\/strong>, esto es: la compatibilidad (o incompatibilidad a mi entender) entre las prohibiciones establecidas en la normativa de marcas y dise\u00f1os y el derecho fundamental de la libertad de expresi\u00f3n.<\/p>\n<ul>\n<li><span style=\"color: #a42400;\"><strong>Marcas, dise\u00f1os, y libertad de expresi\u00f3n.<\/strong><\/span><\/li>\n<\/ul>\n<p>Es una cuesti\u00f3n que s\u00ed se ha planteado abiertamente el Tribunal Supremo de los Estados Unidos que, hasta donde alcanza mi conocimiento, lo ha abordado expl\u00edcitamente en los casos <a href=\"https:\/\/supreme.justia.com\/cases\/federal\/us\/582\/15-1293\/#tab-opinion-3749204\">Matal v. Tam (2017)<\/a> y <a href=\"https:\/\/supreme.justia.com\/cases\/federal\/us\/588\/18-302\/\">Iancu v. Brunetti (2019)<\/a> resolviendo que la denegaci\u00f3n de marcas por estos motivos conlleva un atentado a la libertad de expresi\u00f3n protegida por la primera enmienda de su Constituci\u00f3n.<\/p>\n<p>No es intenci\u00f3n de este post entrar a analizar esas resoluciones ni en el fundamento \u00faltimo de lo que resuelven, pero s\u00ed utilizarlas como un sustento m\u00e1s de mi postura contraria a la propia existencia de esas prohibiciones de registro.<\/p>\n<p>Dicho de otro modo, no se trata de que el enjuiciamiento de esas prohibiciones de registro sea necesariamente acorde con nuestros propios derechos fundamentales (de rango igualmente constitucional) como es la libertad de expresi\u00f3n, sino que, directamente habr\u00eda que considerar si realmente resultan compatibles y, sobre todo, <strong>si es funci\u00f3n del derecho marcario (o de dise\u00f1os) entrar a evaluar estas cuestiones. <\/strong><\/p>\n<p>Se dir\u00e1, se dice, que el bien jur\u00eddico protegido con esas prohibiciones son tambi\u00e9n los principios fundamentales rectores de nuestra sociedad, como pueden ser la dignidad de las personas, la no discriminaci\u00f3n o el respeto a las creencias de cualquier minor\u00eda (o mayor\u00eda), pero la cuesti\u00f3n es si dichos derechos o intereses, del todo encomiables, deben ser \u201cprotegidos\u201d a trav\u00e9s del derecho de marcas (y de dise\u00f1os)\u00a0o a trav\u00e9s de otras disposiciones.<\/p>\n<p>Dicho de nuevo de otro modo, \u00bf qu\u00e9 es lo que puede resultar contrario al orden p\u00fablico o a las buenas costumbres: el registro de una marca (como simple acto de adquisici\u00f3n de un derecho de exclusiva) o su uso en unas determinadas circunstancias?<\/p>\n<ul>\n<li><span style=\"color: #a42400;\"><strong>\u00bfDebe el Derecho de marcas o de dise\u00f1os resolver esta cuesti\u00f3n?\u00a0<\/strong><\/span><\/li>\n<\/ul>\n<p>En mi opini\u00f3n, que una marca o un dise\u00f1o puedan ser contrarios al orden p\u00fablico o a las buenas costumbres es una cuesti\u00f3n que solo se vuelve relevante cuando los mismos se usan (se hacen presentes) en el mercado. El registro no es, por s\u00ed mismo, ofensivo, lo que s\u00ed puede serlo en funci\u00f3n de las circunstancias <strong>ser\u00e1 el uso<\/strong> de esa marca o dise\u00f1o en el mercado, y ese uso y sus <em>efectos ofensivos <\/em>no depender\u00e1 de que la marca o el dise\u00f1o est\u00e9n o no registrados.<\/p>\n<p>Por ello, en mi opini\u00f3n no corresponde al derecho de marcas (o dise\u00f1os) dirimir esta cuesti\u00f3n, y menos a\u00fan en el momento de simplemente solicitar el reconocimiento (a trav\u00e9s del registro) de un derecho de exclusiva, pues existen otros mecanismos legales (relacionados con la protecci\u00f3n del consumidor en general o de protecci\u00f3n de determinados colectivos vulnerables por diversos motivos) que permiten \u201creaccionar\u201d e impedir el uso de aquellas marcas o dise\u00f1os que puedan efectivamente atentar contra derechos tan fundamentales y meritorios de protecci\u00f3n como la propia libertad de expresi\u00f3n. Sin contar con que, en muchas ocasiones, ser\u00e1 el propio mercado de forma natural el que los expulsar\u00e1.<\/p>\n<p><strong>No se trata del mismo caso de, por ejemplo, las marcas enga\u00f1osas<\/strong>, en las que la prohibici\u00f3n de su registro cuenta, al menos, con la justificaci\u00f3n de que all\u00ed tambi\u00e9n se atenta a la funci\u00f3n propia de las marcas (pues se puede estar distorsionando el comportamiento de los consumidores) y, por tanto, parece l\u00f3gico que sea el derecho marcario el garante de esa transparencia. Nada de ello se da en el supuesto de las marcas que dan t\u00edtulo a este post pues esas finalidades nada tienen que ver con la funci\u00f3n de las marcas ni, en general, con la normativa rectora de los derechos de propiedad industrial o intelectual.<\/p>\n<p>Opino pues, contestando de nuevo la pregunta del principio, que <strong>no<\/strong> <strong>deber\u00eda denegarse el registro de una marca o un dise\u00f1o por ser ofensivo<\/strong>. De hecho, ser\u00eda partidario de eliminar las prohibiciones que en tal sentido existen en la respectiva normativa, dejando para otras ramas del nuestro Ordenamiento el enjuiciamiento y, en su caso, la represi\u00f3n, prohibici\u00f3n y hasta sanci\u00f3n, de aquellos casos en los que el uso de una marca o dise\u00f1o en unas determinadas circunstancias puedan atentar contra derechos e intereses dignos de protecci\u00f3n (siempre con el necesario equilibrio entre los distintos derechos fundamentales en juego).<\/p>\n<p>Asumo que el debate en esta cuesti\u00f3n est\u00e1 servido.<\/p>\n<p>Jordi Roman\u00ed, septiembre 2024.<\/p>\n<p><span style=\"color: #a42400;\"><strong>www.rma.legal<\/strong><\/span><\/p>\n<p>&nbsp;<\/p>\n","protected":false},"excerpt":{"rendered":"<p>El registro de marcas ofensivas no deber\u00eda prohibirse; el problema es su uso, no su existencia. Libertad de expresi\u00f3n prevalece.<\/p>\n","protected":false},"author":9,"featured_media":27213,"comment_status":"closed","ping_status":"closed","sticky":false,"template":"","format":"standard","meta":{"footnotes":""},"categories":[103],"tags":[213,214,40,320,321,322,336,358,60],"class_list":["post-27212","post","type-post","status-publish","format-standard","has-post-thumbnail","hentry","category-sin-categoria","tag-diseno","tag-diseno-contrario-al-orden-publico","tag-marcas-ca","tag-marcas-contrarias-a-la-moral","tag-marcas-contrarias-a-las-buenas-costumbres","tag-marcas-contrarias-al-orden-publico","tag-marcas-ofensivas","tag-nulidad-de-marca","tag-prohibiciones-absolutas-de-registro-ca"],"yoast_head":"<!-- This site is optimized with the Yoast SEO plugin v25.9 - https:\/\/yoast.com\/wordpress\/plugins\/seo\/ -->\n<title>Marcas o dise\u00f1os ofensivos: \u00bfDebe denegarse su registro? - Avocats du RMA<\/title>\n<meta name=\"robots\" content=\"index, follow, max-snippet:-1, max-image-preview:large, max-video-preview:-1\" \/>\n<link rel=\"canonical\" href=\"https:\/\/rma.legal\/fr\/marcas-o-disenos-ofensivos-debe-denegarse-su-registro\/\" \/>\n<meta property=\"og:locale\" content=\"fr_FR\" \/>\n<meta property=\"og:type\" content=\"article\" \/>\n<meta property=\"og:title\" content=\"Marcas o dise\u00f1os ofensivos: \u00bfDebe denegarse su registro? - Avocats du RMA\" \/>\n<meta property=\"og:description\" content=\"El registro de marcas ofensivas no deber\u00eda prohibirse; el problema es su uso, no su existencia. Libertad de expresi\u00f3n prevalece.\" \/>\n<meta property=\"og:url\" content=\"https:\/\/rma.legal\/fr\/marcas-o-disenos-ofensivos-debe-denegarse-su-registro\/\" \/>\n<meta property=\"og:site_name\" content=\"Avocats du RMA\" \/>\n<meta property=\"article:published_time\" content=\"2024-09-30T11:31:03+00:00\" \/>\n<meta property=\"article:modified_time\" content=\"2025-04-15T11:31:47+00:00\" \/>\n<meta property=\"og:image\" content=\"https:\/\/rma.legal\/wp-content\/uploads\/2024\/09\/ofensivas-1.jpg\" \/>\n\t<meta property=\"og:image:width\" content=\"203\" \/>\n\t<meta property=\"og:image:height\" content=\"101\" \/>\n\t<meta property=\"og:image:type\" content=\"image\/jpeg\" \/>\n<meta name=\"author\" content=\"Jordi Roman\u00ed Lluch\" \/>\n<meta name=\"twitter:card\" content=\"summary_large_image\" \/>\n<meta name=\"twitter:label1\" content=\"\u00c9crit par\" \/>\n\t<meta name=\"twitter:data1\" content=\"Jordi Roman\u00ed Lluch\" \/>\n\t<meta name=\"twitter:label2\" content=\"Dur\u00e9e de lecture estim\u00e9e\" \/>\n\t<meta name=\"twitter:data2\" content=\"7 minutes\" \/>\n<script type=\"application\/ld+json\" class=\"yoast-schema-graph\">{\"@context\":\"https:\/\/schema.org\",\"@graph\":[{\"@type\":\"Article\",\"@id\":\"https:\/\/rma.legal\/fr\/marcas-o-disenos-ofensivos-debe-denegarse-su-registro\/#article\",\"isPartOf\":{\"@id\":\"https:\/\/rma.legal\/fr\/marcas-o-disenos-ofensivos-debe-denegarse-su-registro\/\"},\"author\":{\"name\":\"Jordi Roman\u00ed Lluch\",\"@id\":\"https:\/\/rma.legal\/fr\/#\/schema\/person\/b820ae237ba4d5a3f543d0527443965e\"},\"headline\":\"Marcas o dise\u00f1os ofensivos: \u00bfDebe denegarse su registro?\",\"datePublished\":\"2024-09-30T11:31:03+00:00\",\"dateModified\":\"2025-04-15T11:31:47+00:00\",\"mainEntityOfPage\":{\"@id\":\"https:\/\/rma.legal\/fr\/marcas-o-disenos-ofensivos-debe-denegarse-su-registro\/\"},\"wordCount\":1454,\"publisher\":{\"@id\":\"https:\/\/rma.legal\/fr\/#organization\"},\"image\":{\"@id\":\"https:\/\/rma.legal\/fr\/marcas-o-disenos-ofensivos-debe-denegarse-su-registro\/#primaryimage\"},\"thumbnailUrl\":\"https:\/\/rma.legal\/wp-content\/uploads\/2024\/09\/ofensivas-1.jpg\",\"keywords\":[\"dise\u00f1o\",\"dise\u00f1o contrario al orden p\u00fablico\",\"marcas\",\"marcas contrarias a la moral\",\"marcas contrarias a las buenas costumbres\",\"marcas contrarias al orden p\u00fablico\",\"marcas ofensivas\",\"nulidad de marca\",\"prohibiciones absolutas de registro\"],\"articleSection\":[\"Sin categor\u00eda\"],\"inLanguage\":\"fr-FR\"},{\"@type\":\"WebPage\",\"@id\":\"https:\/\/rma.legal\/fr\/marcas-o-disenos-ofensivos-debe-denegarse-su-registro\/\",\"url\":\"https:\/\/rma.legal\/fr\/marcas-o-disenos-ofensivos-debe-denegarse-su-registro\/\",\"name\":\"Marcas o dise\u00f1os ofensivos: \u00bfDebe denegarse su registro? - Avocats du RMA\",\"isPartOf\":{\"@id\":\"https:\/\/rma.legal\/fr\/#website\"},\"primaryImageOfPage\":{\"@id\":\"https:\/\/rma.legal\/fr\/marcas-o-disenos-ofensivos-debe-denegarse-su-registro\/#primaryimage\"},\"image\":{\"@id\":\"https:\/\/rma.legal\/fr\/marcas-o-disenos-ofensivos-debe-denegarse-su-registro\/#primaryimage\"},\"thumbnailUrl\":\"https:\/\/rma.legal\/wp-content\/uploads\/2024\/09\/ofensivas-1.jpg\",\"datePublished\":\"2024-09-30T11:31:03+00:00\",\"dateModified\":\"2025-04-15T11:31:47+00:00\",\"breadcrumb\":{\"@id\":\"https:\/\/rma.legal\/fr\/marcas-o-disenos-ofensivos-debe-denegarse-su-registro\/#breadcrumb\"},\"inLanguage\":\"fr-FR\",\"potentialAction\":[{\"@type\":\"ReadAction\",\"target\":[\"https:\/\/rma.legal\/fr\/marcas-o-disenos-ofensivos-debe-denegarse-su-registro\/\"]}]},{\"@type\":\"ImageObject\",\"inLanguage\":\"fr-FR\",\"@id\":\"https:\/\/rma.legal\/fr\/marcas-o-disenos-ofensivos-debe-denegarse-su-registro\/#primaryimage\",\"url\":\"https:\/\/rma.legal\/wp-content\/uploads\/2024\/09\/ofensivas-1.jpg\",\"contentUrl\":\"https:\/\/rma.legal\/wp-content\/uploads\/2024\/09\/ofensivas-1.jpg\",\"width\":203,\"height\":101,\"caption\":\"Marcas o dise\u00f1os ofensivos: \u00bfDebe denegarse su registro?\"},{\"@type\":\"BreadcrumbList\",\"@id\":\"https:\/\/rma.legal\/fr\/marcas-o-disenos-ofensivos-debe-denegarse-su-registro\/#breadcrumb\",\"itemListElement\":[{\"@type\":\"ListItem\",\"position\":1,\"name\":\"Portada\",\"item\":\"https:\/\/rma.legal\/fr\/\"},{\"@type\":\"ListItem\",\"position\":2,\"name\":\"Marcas o dise\u00f1os ofensivos: \u00bfDebe denegarse su registro?\"}]},{\"@type\":\"WebSite\",\"@id\":\"https:\/\/rma.legal\/fr\/#website\",\"url\":\"https:\/\/rma.legal\/fr\/\",\"name\":\"Avocats du RMA\",\"description\":\"RMA Legal Abogados\",\"publisher\":{\"@id\":\"https:\/\/rma.legal\/fr\/#organization\"},\"potentialAction\":[{\"@type\":\"SearchAction\",\"target\":{\"@type\":\"EntryPoint\",\"urlTemplate\":\"https:\/\/rma.legal\/fr\/?s={search_term_string}\"},\"query-input\":{\"@type\":\"PropertyValueSpecification\",\"valueRequired\":true,\"valueName\":\"search_term_string\"}}],\"inLanguage\":\"fr-FR\"},{\"@type\":\"Organization\",\"@id\":\"https:\/\/rma.legal\/fr\/#organization\",\"name\":\"Avocats du RMA\",\"url\":\"https:\/\/rma.legal\/fr\/\",\"logo\":{\"@type\":\"ImageObject\",\"inLanguage\":\"fr-FR\",\"@id\":\"https:\/\/rma.legal\/fr\/#\/schema\/logo\/image\/\",\"url\":\"https:\/\/rma.legal\/wp-content\/uploads\/2025\/02\/Logo-rma-legal-invertido-footer-c-1.png\",\"contentUrl\":\"https:\/\/rma.legal\/wp-content\/uploads\/2025\/02\/Logo-rma-legal-invertido-footer-c-1.png\",\"width\":300,\"height\":125,\"caption\":\"Avocats du RMA\"},\"image\":{\"@id\":\"https:\/\/rma.legal\/fr\/#\/schema\/logo\/image\/\"}},{\"@type\":\"Person\",\"@id\":\"https:\/\/rma.legal\/fr\/#\/schema\/person\/b820ae237ba4d5a3f543d0527443965e\",\"name\":\"Jordi Roman\u00ed Lluch\",\"image\":{\"@type\":\"ImageObject\",\"inLanguage\":\"fr-FR\",\"@id\":\"https:\/\/rma.legal\/fr\/#\/schema\/person\/image\/\",\"url\":\"https:\/\/secure.gravatar.com\/avatar\/2177d68cd02d097656dde75c3bdef729ef37c5d797f2cf3fb3c2184c46b2d8ac?s=96&d=mm&r=g\",\"contentUrl\":\"https:\/\/secure.gravatar.com\/avatar\/2177d68cd02d097656dde75c3bdef729ef37c5d797f2cf3fb3c2184c46b2d8ac?s=96&d=mm&r=g\",\"caption\":\"Jordi Roman\u00ed Lluch\"},\"url\":\"https:\/\/rma.legal\/fr\/author\/jordi-romani-lluch\/\"}]}<\/script>\n<!-- \/ Yoast SEO plugin. -->","yoast_head_json":{"title":"Marcas o dise\u00f1os ofensivos: \u00bfDebe denegarse su registro? - Avocats du RMA","robots":{"index":"index","follow":"follow","max-snippet":"max-snippet:-1","max-image-preview":"max-image-preview:large","max-video-preview":"max-video-preview:-1"},"canonical":"https:\/\/rma.legal\/fr\/marcas-o-disenos-ofensivos-debe-denegarse-su-registro\/","og_locale":"fr_FR","og_type":"article","og_title":"Marcas o dise\u00f1os ofensivos: \u00bfDebe denegarse su registro? - Avocats du RMA","og_description":"El registro de marcas ofensivas no deber\u00eda prohibirse; el problema es su uso, no su existencia. Libertad de expresi\u00f3n prevalece.","og_url":"https:\/\/rma.legal\/fr\/marcas-o-disenos-ofensivos-debe-denegarse-su-registro\/","og_site_name":"Avocats du RMA","article_published_time":"2024-09-30T11:31:03+00:00","article_modified_time":"2025-04-15T11:31:47+00:00","og_image":[{"width":203,"height":101,"url":"https:\/\/rma.legal\/wp-content\/uploads\/2024\/09\/ofensivas-1.jpg","type":"image\/jpeg"}],"author":"Jordi Roman\u00ed Lluch","twitter_card":"summary_large_image","twitter_misc":{"\u00c9crit par":"Jordi Roman\u00ed Lluch","Dur\u00e9e de lecture estim\u00e9e":"7 minutes"},"schema":{"@context":"https:\/\/schema.org","@graph":[{"@type":"Article","@id":"https:\/\/rma.legal\/fr\/marcas-o-disenos-ofensivos-debe-denegarse-su-registro\/#article","isPartOf":{"@id":"https:\/\/rma.legal\/fr\/marcas-o-disenos-ofensivos-debe-denegarse-su-registro\/"},"author":{"name":"Jordi Roman\u00ed Lluch","@id":"https:\/\/rma.legal\/fr\/#\/schema\/person\/b820ae237ba4d5a3f543d0527443965e"},"headline":"Marcas o dise\u00f1os ofensivos: \u00bfDebe denegarse su registro?","datePublished":"2024-09-30T11:31:03+00:00","dateModified":"2025-04-15T11:31:47+00:00","mainEntityOfPage":{"@id":"https:\/\/rma.legal\/fr\/marcas-o-disenos-ofensivos-debe-denegarse-su-registro\/"},"wordCount":1454,"publisher":{"@id":"https:\/\/rma.legal\/fr\/#organization"},"image":{"@id":"https:\/\/rma.legal\/fr\/marcas-o-disenos-ofensivos-debe-denegarse-su-registro\/#primaryimage"},"thumbnailUrl":"https:\/\/rma.legal\/wp-content\/uploads\/2024\/09\/ofensivas-1.jpg","keywords":["dise\u00f1o","dise\u00f1o contrario al orden p\u00fablico","marcas","marcas contrarias a la moral","marcas contrarias a las buenas costumbres","marcas contrarias al orden p\u00fablico","marcas ofensivas","nulidad de marca","prohibiciones absolutas de registro"],"articleSection":["Sin categor\u00eda"],"inLanguage":"fr-FR"},{"@type":"WebPage","@id":"https:\/\/rma.legal\/fr\/marcas-o-disenos-ofensivos-debe-denegarse-su-registro\/","url":"https:\/\/rma.legal\/fr\/marcas-o-disenos-ofensivos-debe-denegarse-su-registro\/","name":"Marcas o dise\u00f1os ofensivos: \u00bfDebe denegarse su registro? - Avocats du RMA","isPartOf":{"@id":"https:\/\/rma.legal\/fr\/#website"},"primaryImageOfPage":{"@id":"https:\/\/rma.legal\/fr\/marcas-o-disenos-ofensivos-debe-denegarse-su-registro\/#primaryimage"},"image":{"@id":"https:\/\/rma.legal\/fr\/marcas-o-disenos-ofensivos-debe-denegarse-su-registro\/#primaryimage"},"thumbnailUrl":"https:\/\/rma.legal\/wp-content\/uploads\/2024\/09\/ofensivas-1.jpg","datePublished":"2024-09-30T11:31:03+00:00","dateModified":"2025-04-15T11:31:47+00:00","breadcrumb":{"@id":"https:\/\/rma.legal\/fr\/marcas-o-disenos-ofensivos-debe-denegarse-su-registro\/#breadcrumb"},"inLanguage":"fr-FR","potentialAction":[{"@type":"ReadAction","target":["https:\/\/rma.legal\/fr\/marcas-o-disenos-ofensivos-debe-denegarse-su-registro\/"]}]},{"@type":"ImageObject","inLanguage":"fr-FR","@id":"https:\/\/rma.legal\/fr\/marcas-o-disenos-ofensivos-debe-denegarse-su-registro\/#primaryimage","url":"https:\/\/rma.legal\/wp-content\/uploads\/2024\/09\/ofensivas-1.jpg","contentUrl":"https:\/\/rma.legal\/wp-content\/uploads\/2024\/09\/ofensivas-1.jpg","width":203,"height":101,"caption":"Marcas o dise\u00f1os ofensivos: \u00bfDebe denegarse su registro?"},{"@type":"BreadcrumbList","@id":"https:\/\/rma.legal\/fr\/marcas-o-disenos-ofensivos-debe-denegarse-su-registro\/#breadcrumb","itemListElement":[{"@type":"ListItem","position":1,"name":"Portada","item":"https:\/\/rma.legal\/fr\/"},{"@type":"ListItem","position":2,"name":"Marcas o dise\u00f1os ofensivos: \u00bfDebe denegarse su registro?"}]},{"@type":"WebSite","@id":"https:\/\/rma.legal\/fr\/#website","url":"https:\/\/rma.legal\/fr\/","name":"Avocats du RMA","description":"RMA Legal Abogados","publisher":{"@id":"https:\/\/rma.legal\/fr\/#organization"},"potentialAction":[{"@type":"SearchAction","target":{"@type":"EntryPoint","urlTemplate":"https:\/\/rma.legal\/fr\/?s={search_term_string}"},"query-input":{"@type":"PropertyValueSpecification","valueRequired":true,"valueName":"search_term_string"}}],"inLanguage":"fr-FR"},{"@type":"Organization","@id":"https:\/\/rma.legal\/fr\/#organization","name":"Avocats du RMA","url":"https:\/\/rma.legal\/fr\/","logo":{"@type":"ImageObject","inLanguage":"fr-FR","@id":"https:\/\/rma.legal\/fr\/#\/schema\/logo\/image\/","url":"https:\/\/rma.legal\/wp-content\/uploads\/2025\/02\/Logo-rma-legal-invertido-footer-c-1.png","contentUrl":"https:\/\/rma.legal\/wp-content\/uploads\/2025\/02\/Logo-rma-legal-invertido-footer-c-1.png","width":300,"height":125,"caption":"Avocats du RMA"},"image":{"@id":"https:\/\/rma.legal\/fr\/#\/schema\/logo\/image\/"}},{"@type":"Person","@id":"https:\/\/rma.legal\/fr\/#\/schema\/person\/b820ae237ba4d5a3f543d0527443965e","name":"Jordi Roman\u00ed Lluch","image":{"@type":"ImageObject","inLanguage":"fr-FR","@id":"https:\/\/rma.legal\/fr\/#\/schema\/person\/image\/","url":"https:\/\/secure.gravatar.com\/avatar\/2177d68cd02d097656dde75c3bdef729ef37c5d797f2cf3fb3c2184c46b2d8ac?s=96&d=mm&r=g","contentUrl":"https:\/\/secure.gravatar.com\/avatar\/2177d68cd02d097656dde75c3bdef729ef37c5d797f2cf3fb3c2184c46b2d8ac?s=96&d=mm&r=g","caption":"Jordi Roman\u00ed Lluch"},"url":"https:\/\/rma.legal\/fr\/author\/jordi-romani-lluch\/"}]}},"_links":{"self":[{"href":"https:\/\/rma.legal\/fr\/wp-json\/wp\/v2\/posts\/27212","targetHints":{"allow":["GET"]}}],"collection":[{"href":"https:\/\/rma.legal\/fr\/wp-json\/wp\/v2\/posts"}],"about":[{"href":"https:\/\/rma.legal\/fr\/wp-json\/wp\/v2\/types\/post"}],"author":[{"embeddable":true,"href":"https:\/\/rma.legal\/fr\/wp-json\/wp\/v2\/users\/9"}],"replies":[{"embeddable":true,"href":"https:\/\/rma.legal\/fr\/wp-json\/wp\/v2\/comments?post=27212"}],"version-history":[{"count":2,"href":"https:\/\/rma.legal\/fr\/wp-json\/wp\/v2\/posts\/27212\/revisions"}],"predecessor-version":[{"id":29386,"href":"https:\/\/rma.legal\/fr\/wp-json\/wp\/v2\/posts\/27212\/revisions\/29386"}],"wp:featuredmedia":[{"embeddable":true,"href":"https:\/\/rma.legal\/fr\/wp-json\/wp\/v2\/media\/27213"}],"wp:attachment":[{"href":"https:\/\/rma.legal\/fr\/wp-json\/wp\/v2\/media?parent=27212"}],"wp:term":[{"taxonomy":"category","embeddable":true,"href":"https:\/\/rma.legal\/fr\/wp-json\/wp\/v2\/categories?post=27212"},{"taxonomy":"post_tag","embeddable":true,"href":"https:\/\/rma.legal\/fr\/wp-json\/wp\/v2\/tags?post=27212"}],"curies":[{"name":"wp","href":"https:\/\/api.w.org\/{rel}","templated":true}]}}