{"id":27155,"date":"2024-06-20T09:31:27","date_gmt":"2024-06-20T09:31:27","guid":{"rendered":"http:\/\/rma.legal\/?p=27155"},"modified":"2025-04-15T11:30:24","modified_gmt":"2025-04-15T11:30:24","slug":"registra-bien-tu-marca-y-echate-a-dormir-pero-por-poco-tiempo","status":"publish","type":"post","link":"https:\/\/rma.legal\/fr\/registra-bien-tu-marca-y-echate-a-dormir-pero-por-poco-tiempo\/","title":{"rendered":"Registra (bien) tu marca, y \u00e9chate a dormir (pero por poco tiempo)"},"content":{"rendered":"<p><img fetchpriority=\"high\" decoding=\"async\" class=\"alignnone size-medium wp-image-27156 aligncenter\" src=\"http:\/\/rma.legal\/wp-content\/uploads\/2024\/06\/Rosa-Cantabria-226x300.jpg\" alt=\"Rosa Cantabria\" width=\"226\" height=\"300\" srcset=\"https:\/\/rma.legal\/wp-content\/uploads\/2024\/06\/Rosa-Cantabria-226x300.jpg 226w, https:\/\/rma.legal\/wp-content\/uploads\/2024\/06\/Rosa-Cantabria.jpg 400w\" sizes=\"(max-width: 226px) 100vw, 226px\" \/><\/p>\n<p>&nbsp;<\/p>\n<p><span style=\"color: #a42400;\"><strong>\u201cYa tengo una marca registrada\u201d<\/strong><\/span><\/p>\n<p>Ante esta respuesta de nuevos clientes que nos plantean un posible conflicto de marcas, a veces nos llevamos sorpresas.<\/p>\n<p>Porque no es infrecuente encontrarse, al chequear despu\u00e9s las bases de datos, con que la marca en cuesti\u00f3n es d\u00e9bil, por poco distintiva (porque es m\u00e1s bien descriptiva, o gen\u00e9rica), o se ha registrado para productos distintos de aquellos para los que se usa en el mercado, o que el logo con que se registr\u00f3 ya no tiene nada que ver con el dise\u00f1o actual, por citar solo algunos casos.<\/p>\n<p><strong>El registro de una marca<\/strong> da un <span style=\"color: #a42400;\"><strong>derecho de exclusiva<\/strong><\/span>, un derecho a ser el \u00fanico que utiliza aquel signo para unos concretos productos o servicios en un concreto territorio, lo que en un mundo cada vez m\u00e1s competitivo puede llegar a marcar la diferencia.<\/p>\n<p>Pero para ello la marca debe estar bien registrada.<\/p>\n<p>Porque si no lo est\u00e1, lamentablemente cuando llegue el momento de hacer valer ese derecho de exclusiva puede que no nos sirva para nada. Y esto es dif\u00edcil de encajar.<\/p>\n<p>Lo primero es entender que las marcas no son como los dominios. Su tramitaci\u00f3n sigue un proceso complejo que no hay que subestimar, con varios obst\u00e1culos a superar relacionados con su naturaleza y composici\u00f3n (prohibiciones absolutas) y con posibles derechos prioritarios (prohibiciones relativas). Con ello se quiere asegurar que la marca cumpla con la funci\u00f3n que le es propia: ha de ser capaz de <strong>distinguir (y que esa capacidad distintiva perdure con el paso de los a\u00f1os).<\/strong><\/p>\n<p><strong>Este es el objetivo. <\/strong><\/p>\n<p>As\u00ed que ah\u00ed van unos datos a tener en cuenta a la hora de solicitar una marca con el prop\u00f3sito de obtener la mejor protecci\u00f3n:<\/p>\n<ol>\n<li><span style=\"color: #a42400;\"><strong>Tomemos postura y pensemos a medio\/largo plazo<\/strong><\/span><\/li>\n<\/ol>\n<p>Es importante tener claro qu\u00e9 es una marca, su funci\u00f3n, para qu\u00e9 va a usarse, y d\u00f3nde (hay marcas nacionales, marcas de la UE\u2026) antes de comenzar con el proceso, pues una vez se solicita la marca, no se puede modificar.<\/p>\n<p>Y si nuestro proyecto pretende tener proyecci\u00f3n internacional, pensemos: \u00bfLa marca tiene potencial para crecer y expandirse? Intentemos elegir un nombre y dise\u00f1o que puedan funcionar y registrarse en otros pa\u00edses, y adaptarse a posibles cambios futuros sin perder su esencia. A veces una misma palabra puede tener varios significados o connotaciones en funci\u00f3n del idioma.<\/p>\n<p>La tramitaci\u00f3n de una marca espa\u00f1ola actualmente oscila entre 7 y 9 meses, si no hay oposiciones (menos si es europea), aunque el derecho cuenta desde la solicitud. Muchas veces no podemos esperar a tener la marca registrada para arrancar el proyecto, pero al menos intentemos tener las l\u00edneas bien trazadas.<\/p>\n<ol start=\"2\">\n<li><span style=\"color: #a42400;\"><strong>La distintividad es clave.\u00a0<\/strong><\/span><\/li>\n<\/ol>\n<p>\u00a1Seamos imaginativ@s!<\/p>\n<p>Cuanto m\u00e1s de fantas\u00eda sea la marca, m\u00e1s posibilidades tendr\u00e1 de ser registrada, de ser reconocible, y de consolidarse despu\u00e9s.<\/p>\n<p>Las marcas gen\u00e9ricas o descriptivas pueden recibir objeciones durante su tramitaci\u00f3n y acabar siendo denegadas. Y si pese a todo se conceden, tendr\u00e1n que convivir con marcas muy parecidas, dificultando su posicionamiento.<\/p>\n<p>Y recordemos que la genericidad o descriptividad se analiza siempre en relaci\u00f3n con el concreto producto o servicio para el que se registra: \u201caz\u00facar\u201d para distinguir \u201caz\u00facar\u201d es gen\u00e9rica, para \u201cpasteles\u201d ser\u00eda descriptiva, pero ser\u00eda v\u00e1lida para \u201cropa\u201d.<\/p>\n<p>La distintividad fortalece nuestra posici\u00f3n legal y nos ayuda a destacar en el mercado.<\/p>\n<p>&nbsp;<\/p>\n<ol start=\"3\">\n<li><span style=\"color: #a42400;\"><strong>Investigaci\u00f3n previa\u00a0<\/strong><\/span><\/li>\n<\/ol>\n<p>Antes de enamorarnos de un nombre o dise\u00f1o, hagamos una\u00a0<strong>b\u00fasqueda\u00a0<\/strong>para valorar la viabilidad de la marca. \u00bfEst\u00e1 disponible el nombre que deseamos? \u00bfExisten marcas similares registradas en misma clase y territorio?<\/p>\n<p>La seguridad al 100% nunca se tiene, pero no\u00a0es conveniente lanzarse a la piscina con los costes que comporta sin unas m\u00ednimas comprobaciones. Muchas veces te llevas sorpresas y convendr\u00e1 cambiar a tiempo, sobre todo si el proyecto a\u00fan no ha arrancado.<\/p>\n<p>Aqu\u00ed es especialmente relevante la experiencia del asesor, que sepa analizar los resultados de tales b\u00fasquedas, porque, como decimos, tambi\u00e9n las marcas similares (desde un punto de vista fon\u00e9tico, gr\u00e1fico o conceptual) pueden oponerse con \u00e9xito y bloquear nuestra solicitud.<\/p>\n<p>&nbsp;<\/p>\n<ol start=\"4\">\n<li><span style=\"color: #a42400;\"><strong>Encuentra la tipolog\u00eda de marca m\u00e1s adecuada <\/strong><\/span><\/li>\n<\/ol>\n<p>Intentemos registrar <strong>aquel signo que se adec\u00fae a lo que realmente usamos o vayamos a usar, y queramos proteger.<\/strong><\/p>\n<p>Las marcas pueden ser denominativas, gr\u00e1ficas, sonoras, tridimensionales, entre otros tipos&#8230;Hay que conocer bien las tipolog\u00edas para encontrar la m\u00e1s adecuada en cada caso.<\/p>\n<p>Si dudamos entre denominativa y gr\u00e1fica y hay que escoger, intentemos la primera (solo palabras sin logo). Estas ser\u00e1n generalmente m\u00e1s fuertes porque no est\u00e1n sometidas a posibles rebrandings.<\/p>\n<p>Y, en la medida de lo posible, no a\u00f1adamos elementos superfluos por no distintivos (tipo siglas S.A) o la menci\u00f3n al producto o servicio (en \u201ctoldos Mart\u00ednez\u201d, la palabra \u201ctoldos\u201d no aporta nada a nivel de marca y en cambio nos molestar\u00e1 si alg\u00fan d\u00eda fabricamos algo m\u00e1s que toldos).<\/p>\n<p>\u00a1Ah! Y una denominaci\u00f3n social no es lo mismo que una marca o un nombre comercial. Pueden coincidir, o no.<\/p>\n<ol start=\"5\">\n<li><span style=\"color: #a42400;\"><strong>Define bien los productos o servicios.<\/strong><\/span><\/li>\n<\/ol>\n<p>Las marcas se piden por clases. Y el derecho de exclusiva se proyecta sobre los concretos productos o servicios solicitados en esas clases, salvo que la marca sea renombrada (no intentemos registrar \u201cCocacola\u201d para algo que no sea bebida, porque no lo lograremos). Por eso conviven marcas id\u00e9nticas para productos distintos.<\/p>\n<p>Y hay 45 clases distintas.<\/p>\n<p>A la hora de decidir, intentemos adecuar la marca a aquello para lo que realmente se vaya a usar en el mercado, a corto o medio plazo, pues luego no se pueden ampliar los productos o servicios (se ha de pedir una nueva marca).<\/p>\n<p>Por ejemplo, si tenemos una tienda de ropa multimarca, no pidamos una marca para ropa, sino para servicios de venta de ropa, que es para lo que realmente la vamos a usar.<\/p>\n<p>La tarea de definir y clasificar correctamente los productos o los servicios es cada vez m\u00e1s compleja (y m\u00e1s con los nuevos que van surgiendo y que no siempre las Oficinas admiten o reconocen a la primera).<\/p>\n<p>Y es importante porque al final planea la posible <strong>caducidad por falta de uso<\/strong> de la marca para aquellos productos o servicios para los que se registr\u00f3\u2026que es la principal amenaza de toda marca registrada junto con su vulgarizaci\u00f3n.<\/p>\n<p>Una mala clasificaci\u00f3n puede arruinar un registro.<\/p>\n<ol start=\"6\">\n<li><strong><span style=\"color: #a42400;\">Bonus track: registra un dominio al tiempo (o antes) de la solicitud.<\/span><\/strong><\/li>\n<\/ol>\n<p>Un dominio no nos da ning\u00fan derecho, pero su registro es r\u00e1pido y econ\u00f3mico, y as\u00ed lo aseguramos, pues en cuanto la marca se publica pueden surgir \u201cdepredadores\u201d que despu\u00e9s quieran especular con un dominio coincidente.<\/p>\n<ol start=\"7\">\n<li><strong><span style=\"color: #a42400;\">Bonus track \u00ab\u00a0de traca\u00a0\u00bb<\/span><\/strong><\/li>\n<\/ol>\n<p>\u00bfSabes que existen unas subvenciones a pymes radicadas en la UE de hasta 1.000\u20ac a descontar de las tasas de solicitudes de nuevas marcas o dise\u00f1os? Su tramitaci\u00f3n es r\u00e1pida y sencilla (por experiencia) y se conceden hasta que se agoten los fondos.<\/p>\n<p>Si despu\u00e9s de estas pautas ya tienes claro qu\u00e9 marca vas a solicitar, considera primero esta subvenci\u00f3n.<\/p>\n<p>En definitiva, \u00a1una marca s\u00f3lida es la base de un proyecto exitoso!<\/p>\n<p>Con estas pautas, podemos dar el primer paso hacia el registro de una marca y, como dice el t\u00edtulo, echarnos a dormir\u2026.aunque por poco tiempo, ya avisamos.<\/p>\n<p>Porque en otro post contaremos qu\u00e9 debemos hacer <strong>despu\u00e9s<\/strong>, una vez la marca est\u00e9 registrada. \u00a0Y lo \u00faltimo, veremos, es quedarse de brazos cruzados. Caducidad, vulgarizaci\u00f3n, \u00bfnos suena?<\/p>\n<p>El viaje de una marca puede ser emocionante.<\/p>\n<p>Rosa Mart\u00ednez Brines, junio 2024<\/p>\n<p><span style=\"color: #a42400;\"><strong>www.rma.legal<\/strong><\/span><\/p>\n","protected":false},"excerpt":{"rendered":"<p>Registrar una marca no siempre garantiza protecci\u00f3n efectiva. Es crucial verificar su solidez, alcance y correcta clasificaci\u00f3n desde el inicio.<\/p>\n","protected":false},"author":7,"featured_media":27156,"comment_status":"closed","ping_status":"closed","sticky":false,"template":"","format":"standard","meta":{"footnotes":""},"categories":[103],"tags":[151,16,27,272,315,40,41,327,328,330,331,332,338,339,51,61,412,432],"class_list":["post-27155","post","type-post","status-publish","format-standard","has-post-thumbnail","hentry","category-sin-categoria","tag-clasificacion-de-niza","tag-derecho-de-exclusiva-ca","tag-euipo-ca","tag-informes-de-viabilidad","tag-marca-registrada","tag-marcas-ca","tag-marcas-de-patron","tag-marcas-denominativas","tag-marcas-descriptivas","tag-marcas-genericas","tag-marcas-graficas","tag-marcas-multimedia","tag-marcas-sonoras","tag-marcas-tridimensionales","tag-oepm-ca","tag-propiedad-industrial-ca","tag-proteccion-territorial","tag-registro"],"yoast_head":"<!-- This site is optimized with the Yoast SEO plugin v25.9 - https:\/\/yoast.com\/wordpress\/plugins\/seo\/ -->\n<title>Registra (bien) tu marca, y \u00e9chate a dormir (pero por poco tiempo) - Avocats du RMA<\/title>\n<meta name=\"robots\" content=\"index, follow, max-snippet:-1, max-image-preview:large, max-video-preview:-1\" \/>\n<link rel=\"canonical\" href=\"https:\/\/rma.legal\/fr\/registra-bien-tu-marca-y-echate-a-dormir-pero-por-poco-tiempo\/\" \/>\n<meta property=\"og:locale\" content=\"fr_FR\" \/>\n<meta property=\"og:type\" content=\"article\" \/>\n<meta property=\"og:title\" content=\"Registra (bien) tu marca, y \u00e9chate a dormir (pero por poco tiempo) - Avocats du RMA\" \/>\n<meta property=\"og:description\" content=\"Registrar una marca no siempre garantiza protecci\u00f3n efectiva. Es crucial verificar su solidez, alcance y correcta clasificaci\u00f3n desde el inicio.\" \/>\n<meta property=\"og:url\" content=\"https:\/\/rma.legal\/fr\/registra-bien-tu-marca-y-echate-a-dormir-pero-por-poco-tiempo\/\" \/>\n<meta property=\"og:site_name\" content=\"Avocats du RMA\" \/>\n<meta property=\"article:published_time\" content=\"2024-06-20T09:31:27+00:00\" \/>\n<meta property=\"article:modified_time\" content=\"2025-04-15T11:30:24+00:00\" \/>\n<meta property=\"og:image\" content=\"https:\/\/rma.legal\/wp-content\/uploads\/2024\/06\/Rosa-Cantabria.jpg\" \/>\n\t<meta property=\"og:image:width\" content=\"400\" \/>\n\t<meta property=\"og:image:height\" content=\"532\" \/>\n\t<meta property=\"og:image:type\" content=\"image\/jpeg\" \/>\n<meta name=\"author\" content=\"Rosa Martinez Brines\" \/>\n<meta name=\"twitter:card\" content=\"summary_large_image\" \/>\n<meta name=\"twitter:label1\" content=\"\u00c9crit par\" \/>\n\t<meta name=\"twitter:data1\" content=\"Rosa Martinez Brines\" \/>\n\t<meta name=\"twitter:label2\" content=\"Dur\u00e9e de lecture estim\u00e9e\" \/>\n\t<meta name=\"twitter:data2\" content=\"7 minutes\" \/>\n<script type=\"application\/ld+json\" class=\"yoast-schema-graph\">{\"@context\":\"https:\/\/schema.org\",\"@graph\":[{\"@type\":\"Article\",\"@id\":\"https:\/\/rma.legal\/fr\/registra-bien-tu-marca-y-echate-a-dormir-pero-por-poco-tiempo\/#article\",\"isPartOf\":{\"@id\":\"https:\/\/rma.legal\/fr\/registra-bien-tu-marca-y-echate-a-dormir-pero-por-poco-tiempo\/\"},\"author\":{\"name\":\"Rosa Martinez Brines\",\"@id\":\"https:\/\/rma.legal\/fr\/#\/schema\/person\/a4e1a584fe52b11a745060a7e9555336\"},\"headline\":\"Registra (bien) tu marca, y \u00e9chate a dormir (pero por poco tiempo)\",\"datePublished\":\"2024-06-20T09:31:27+00:00\",\"dateModified\":\"2025-04-15T11:30:24+00:00\",\"mainEntityOfPage\":{\"@id\":\"https:\/\/rma.legal\/fr\/registra-bien-tu-marca-y-echate-a-dormir-pero-por-poco-tiempo\/\"},\"wordCount\":1331,\"publisher\":{\"@id\":\"https:\/\/rma.legal\/fr\/#organization\"},\"image\":{\"@id\":\"https:\/\/rma.legal\/fr\/registra-bien-tu-marca-y-echate-a-dormir-pero-por-poco-tiempo\/#primaryimage\"},\"thumbnailUrl\":\"https:\/\/rma.legal\/wp-content\/uploads\/2024\/06\/Rosa-Cantabria.jpg\",\"keywords\":[\"clasificaci\u00f3n de niza\",\"derecho de exclusiva\",\"EUIPO\",\"informes de viabilidad\",\"marca registrada\",\"marcas\",\"marcas de patr\u00f3n\",\"marcas denominativas\",\"marcas descriptivas\",\"marcas gen\u00e9ricas\",\"marcas gr\u00e1ficas\",\"marcas multimedia\",\"marcas sonoras\",\"marcas tridimensionales\",\"oepm\",\"propiedad industrial\",\"protecci\u00f3n territorial\",\"registro\"],\"articleSection\":[\"Sin categor\u00eda\"],\"inLanguage\":\"fr-FR\"},{\"@type\":\"WebPage\",\"@id\":\"https:\/\/rma.legal\/fr\/registra-bien-tu-marca-y-echate-a-dormir-pero-por-poco-tiempo\/\",\"url\":\"https:\/\/rma.legal\/fr\/registra-bien-tu-marca-y-echate-a-dormir-pero-por-poco-tiempo\/\",\"name\":\"Registra (bien) tu marca, y \u00e9chate a dormir (pero por poco tiempo) - Avocats du RMA\",\"isPartOf\":{\"@id\":\"https:\/\/rma.legal\/fr\/#website\"},\"primaryImageOfPage\":{\"@id\":\"https:\/\/rma.legal\/fr\/registra-bien-tu-marca-y-echate-a-dormir-pero-por-poco-tiempo\/#primaryimage\"},\"image\":{\"@id\":\"https:\/\/rma.legal\/fr\/registra-bien-tu-marca-y-echate-a-dormir-pero-por-poco-tiempo\/#primaryimage\"},\"thumbnailUrl\":\"https:\/\/rma.legal\/wp-content\/uploads\/2024\/06\/Rosa-Cantabria.jpg\",\"datePublished\":\"2024-06-20T09:31:27+00:00\",\"dateModified\":\"2025-04-15T11:30:24+00:00\",\"breadcrumb\":{\"@id\":\"https:\/\/rma.legal\/fr\/registra-bien-tu-marca-y-echate-a-dormir-pero-por-poco-tiempo\/#breadcrumb\"},\"inLanguage\":\"fr-FR\",\"potentialAction\":[{\"@type\":\"ReadAction\",\"target\":[\"https:\/\/rma.legal\/fr\/registra-bien-tu-marca-y-echate-a-dormir-pero-por-poco-tiempo\/\"]}]},{\"@type\":\"ImageObject\",\"inLanguage\":\"fr-FR\",\"@id\":\"https:\/\/rma.legal\/fr\/registra-bien-tu-marca-y-echate-a-dormir-pero-por-poco-tiempo\/#primaryimage\",\"url\":\"https:\/\/rma.legal\/wp-content\/uploads\/2024\/06\/Rosa-Cantabria.jpg\",\"contentUrl\":\"https:\/\/rma.legal\/wp-content\/uploads\/2024\/06\/Rosa-Cantabria.jpg\",\"width\":400,\"height\":532,\"caption\":\"Registra (bien) tu marca, y \u00e9chate a dormir (pero por poco tiempo)\"},{\"@type\":\"BreadcrumbList\",\"@id\":\"https:\/\/rma.legal\/fr\/registra-bien-tu-marca-y-echate-a-dormir-pero-por-poco-tiempo\/#breadcrumb\",\"itemListElement\":[{\"@type\":\"ListItem\",\"position\":1,\"name\":\"Portada\",\"item\":\"https:\/\/rma.legal\/fr\/\"},{\"@type\":\"ListItem\",\"position\":2,\"name\":\"Registra (bien) tu marca, y \u00e9chate a dormir (pero por poco tiempo)\"}]},{\"@type\":\"WebSite\",\"@id\":\"https:\/\/rma.legal\/fr\/#website\",\"url\":\"https:\/\/rma.legal\/fr\/\",\"name\":\"Avocats du RMA\",\"description\":\"RMA Legal Abogados\",\"publisher\":{\"@id\":\"https:\/\/rma.legal\/fr\/#organization\"},\"potentialAction\":[{\"@type\":\"SearchAction\",\"target\":{\"@type\":\"EntryPoint\",\"urlTemplate\":\"https:\/\/rma.legal\/fr\/?s={search_term_string}\"},\"query-input\":{\"@type\":\"PropertyValueSpecification\",\"valueRequired\":true,\"valueName\":\"search_term_string\"}}],\"inLanguage\":\"fr-FR\"},{\"@type\":\"Organization\",\"@id\":\"https:\/\/rma.legal\/fr\/#organization\",\"name\":\"Avocats du RMA\",\"url\":\"https:\/\/rma.legal\/fr\/\",\"logo\":{\"@type\":\"ImageObject\",\"inLanguage\":\"fr-FR\",\"@id\":\"https:\/\/rma.legal\/fr\/#\/schema\/logo\/image\/\",\"url\":\"https:\/\/rma.legal\/wp-content\/uploads\/2025\/02\/Logo-rma-legal-invertido-footer-c-1.png\",\"contentUrl\":\"https:\/\/rma.legal\/wp-content\/uploads\/2025\/02\/Logo-rma-legal-invertido-footer-c-1.png\",\"width\":300,\"height\":125,\"caption\":\"Avocats du RMA\"},\"image\":{\"@id\":\"https:\/\/rma.legal\/fr\/#\/schema\/logo\/image\/\"}},{\"@type\":\"Person\",\"@id\":\"https:\/\/rma.legal\/fr\/#\/schema\/person\/a4e1a584fe52b11a745060a7e9555336\",\"name\":\"Rosa Martinez Brines\",\"image\":{\"@type\":\"ImageObject\",\"inLanguage\":\"fr-FR\",\"@id\":\"https:\/\/rma.legal\/fr\/#\/schema\/person\/image\/\",\"url\":\"https:\/\/secure.gravatar.com\/avatar\/49ea18deea83f04a80464587e6edea1a4988c405631c31d3a76b657cc4da1334?s=96&d=mm&r=g\",\"contentUrl\":\"https:\/\/secure.gravatar.com\/avatar\/49ea18deea83f04a80464587e6edea1a4988c405631c31d3a76b657cc4da1334?s=96&d=mm&r=g\",\"caption\":\"Rosa Martinez Brines\"},\"url\":\"https:\/\/rma.legal\/fr\/author\/rosa-martinez-brines\/\"}]}<\/script>\n<!-- \/ Yoast SEO plugin. -->","yoast_head_json":{"title":"Registra (bien) tu marca, y \u00e9chate a dormir (pero por poco tiempo) - Avocats du RMA","robots":{"index":"index","follow":"follow","max-snippet":"max-snippet:-1","max-image-preview":"max-image-preview:large","max-video-preview":"max-video-preview:-1"},"canonical":"https:\/\/rma.legal\/fr\/registra-bien-tu-marca-y-echate-a-dormir-pero-por-poco-tiempo\/","og_locale":"fr_FR","og_type":"article","og_title":"Registra (bien) tu marca, y \u00e9chate a dormir (pero por poco tiempo) - Avocats du RMA","og_description":"Registrar una marca no siempre garantiza protecci\u00f3n efectiva. Es crucial verificar su solidez, alcance y correcta clasificaci\u00f3n desde el inicio.","og_url":"https:\/\/rma.legal\/fr\/registra-bien-tu-marca-y-echate-a-dormir-pero-por-poco-tiempo\/","og_site_name":"Avocats du RMA","article_published_time":"2024-06-20T09:31:27+00:00","article_modified_time":"2025-04-15T11:30:24+00:00","og_image":[{"width":400,"height":532,"url":"https:\/\/rma.legal\/wp-content\/uploads\/2024\/06\/Rosa-Cantabria.jpg","type":"image\/jpeg"}],"author":"Rosa Martinez Brines","twitter_card":"summary_large_image","twitter_misc":{"\u00c9crit par":"Rosa Martinez Brines","Dur\u00e9e de lecture estim\u00e9e":"7 minutes"},"schema":{"@context":"https:\/\/schema.org","@graph":[{"@type":"Article","@id":"https:\/\/rma.legal\/fr\/registra-bien-tu-marca-y-echate-a-dormir-pero-por-poco-tiempo\/#article","isPartOf":{"@id":"https:\/\/rma.legal\/fr\/registra-bien-tu-marca-y-echate-a-dormir-pero-por-poco-tiempo\/"},"author":{"name":"Rosa Martinez Brines","@id":"https:\/\/rma.legal\/fr\/#\/schema\/person\/a4e1a584fe52b11a745060a7e9555336"},"headline":"Registra (bien) tu marca, y \u00e9chate a dormir (pero por poco tiempo)","datePublished":"2024-06-20T09:31:27+00:00","dateModified":"2025-04-15T11:30:24+00:00","mainEntityOfPage":{"@id":"https:\/\/rma.legal\/fr\/registra-bien-tu-marca-y-echate-a-dormir-pero-por-poco-tiempo\/"},"wordCount":1331,"publisher":{"@id":"https:\/\/rma.legal\/fr\/#organization"},"image":{"@id":"https:\/\/rma.legal\/fr\/registra-bien-tu-marca-y-echate-a-dormir-pero-por-poco-tiempo\/#primaryimage"},"thumbnailUrl":"https:\/\/rma.legal\/wp-content\/uploads\/2024\/06\/Rosa-Cantabria.jpg","keywords":["clasificaci\u00f3n de niza","derecho de exclusiva","EUIPO","informes de viabilidad","marca registrada","marcas","marcas de patr\u00f3n","marcas denominativas","marcas descriptivas","marcas gen\u00e9ricas","marcas gr\u00e1ficas","marcas multimedia","marcas sonoras","marcas tridimensionales","oepm","propiedad industrial","protecci\u00f3n territorial","registro"],"articleSection":["Sin categor\u00eda"],"inLanguage":"fr-FR"},{"@type":"WebPage","@id":"https:\/\/rma.legal\/fr\/registra-bien-tu-marca-y-echate-a-dormir-pero-por-poco-tiempo\/","url":"https:\/\/rma.legal\/fr\/registra-bien-tu-marca-y-echate-a-dormir-pero-por-poco-tiempo\/","name":"Registra (bien) tu marca, y \u00e9chate a dormir (pero por poco tiempo) - Avocats du RMA","isPartOf":{"@id":"https:\/\/rma.legal\/fr\/#website"},"primaryImageOfPage":{"@id":"https:\/\/rma.legal\/fr\/registra-bien-tu-marca-y-echate-a-dormir-pero-por-poco-tiempo\/#primaryimage"},"image":{"@id":"https:\/\/rma.legal\/fr\/registra-bien-tu-marca-y-echate-a-dormir-pero-por-poco-tiempo\/#primaryimage"},"thumbnailUrl":"https:\/\/rma.legal\/wp-content\/uploads\/2024\/06\/Rosa-Cantabria.jpg","datePublished":"2024-06-20T09:31:27+00:00","dateModified":"2025-04-15T11:30:24+00:00","breadcrumb":{"@id":"https:\/\/rma.legal\/fr\/registra-bien-tu-marca-y-echate-a-dormir-pero-por-poco-tiempo\/#breadcrumb"},"inLanguage":"fr-FR","potentialAction":[{"@type":"ReadAction","target":["https:\/\/rma.legal\/fr\/registra-bien-tu-marca-y-echate-a-dormir-pero-por-poco-tiempo\/"]}]},{"@type":"ImageObject","inLanguage":"fr-FR","@id":"https:\/\/rma.legal\/fr\/registra-bien-tu-marca-y-echate-a-dormir-pero-por-poco-tiempo\/#primaryimage","url":"https:\/\/rma.legal\/wp-content\/uploads\/2024\/06\/Rosa-Cantabria.jpg","contentUrl":"https:\/\/rma.legal\/wp-content\/uploads\/2024\/06\/Rosa-Cantabria.jpg","width":400,"height":532,"caption":"Registra (bien) tu marca, y \u00e9chate a dormir (pero por poco tiempo)"},{"@type":"BreadcrumbList","@id":"https:\/\/rma.legal\/fr\/registra-bien-tu-marca-y-echate-a-dormir-pero-por-poco-tiempo\/#breadcrumb","itemListElement":[{"@type":"ListItem","position":1,"name":"Portada","item":"https:\/\/rma.legal\/fr\/"},{"@type":"ListItem","position":2,"name":"Registra (bien) tu marca, y \u00e9chate a dormir (pero por poco tiempo)"}]},{"@type":"WebSite","@id":"https:\/\/rma.legal\/fr\/#website","url":"https:\/\/rma.legal\/fr\/","name":"Avocats du RMA","description":"RMA Legal Abogados","publisher":{"@id":"https:\/\/rma.legal\/fr\/#organization"},"potentialAction":[{"@type":"SearchAction","target":{"@type":"EntryPoint","urlTemplate":"https:\/\/rma.legal\/fr\/?s={search_term_string}"},"query-input":{"@type":"PropertyValueSpecification","valueRequired":true,"valueName":"search_term_string"}}],"inLanguage":"fr-FR"},{"@type":"Organization","@id":"https:\/\/rma.legal\/fr\/#organization","name":"Avocats du RMA","url":"https:\/\/rma.legal\/fr\/","logo":{"@type":"ImageObject","inLanguage":"fr-FR","@id":"https:\/\/rma.legal\/fr\/#\/schema\/logo\/image\/","url":"https:\/\/rma.legal\/wp-content\/uploads\/2025\/02\/Logo-rma-legal-invertido-footer-c-1.png","contentUrl":"https:\/\/rma.legal\/wp-content\/uploads\/2025\/02\/Logo-rma-legal-invertido-footer-c-1.png","width":300,"height":125,"caption":"Avocats du RMA"},"image":{"@id":"https:\/\/rma.legal\/fr\/#\/schema\/logo\/image\/"}},{"@type":"Person","@id":"https:\/\/rma.legal\/fr\/#\/schema\/person\/a4e1a584fe52b11a745060a7e9555336","name":"Rosa Martinez Brines","image":{"@type":"ImageObject","inLanguage":"fr-FR","@id":"https:\/\/rma.legal\/fr\/#\/schema\/person\/image\/","url":"https:\/\/secure.gravatar.com\/avatar\/49ea18deea83f04a80464587e6edea1a4988c405631c31d3a76b657cc4da1334?s=96&d=mm&r=g","contentUrl":"https:\/\/secure.gravatar.com\/avatar\/49ea18deea83f04a80464587e6edea1a4988c405631c31d3a76b657cc4da1334?s=96&d=mm&r=g","caption":"Rosa Martinez Brines"},"url":"https:\/\/rma.legal\/fr\/author\/rosa-martinez-brines\/"}]}},"_links":{"self":[{"href":"https:\/\/rma.legal\/fr\/wp-json\/wp\/v2\/posts\/27155","targetHints":{"allow":["GET"]}}],"collection":[{"href":"https:\/\/rma.legal\/fr\/wp-json\/wp\/v2\/posts"}],"about":[{"href":"https:\/\/rma.legal\/fr\/wp-json\/wp\/v2\/types\/post"}],"author":[{"embeddable":true,"href":"https:\/\/rma.legal\/fr\/wp-json\/wp\/v2\/users\/7"}],"replies":[{"embeddable":true,"href":"https:\/\/rma.legal\/fr\/wp-json\/wp\/v2\/comments?post=27155"}],"version-history":[{"count":2,"href":"https:\/\/rma.legal\/fr\/wp-json\/wp\/v2\/posts\/27155\/revisions"}],"predecessor-version":[{"id":29389,"href":"https:\/\/rma.legal\/fr\/wp-json\/wp\/v2\/posts\/27155\/revisions\/29389"}],"wp:featuredmedia":[{"embeddable":true,"href":"https:\/\/rma.legal\/fr\/wp-json\/wp\/v2\/media\/27156"}],"wp:attachment":[{"href":"https:\/\/rma.legal\/fr\/wp-json\/wp\/v2\/media?parent=27155"}],"wp:term":[{"taxonomy":"category","embeddable":true,"href":"https:\/\/rma.legal\/fr\/wp-json\/wp\/v2\/categories?post=27155"},{"taxonomy":"post_tag","embeddable":true,"href":"https:\/\/rma.legal\/fr\/wp-json\/wp\/v2\/tags?post=27155"}],"curies":[{"name":"wp","href":"https:\/\/api.w.org\/{rel}","templated":true}]}}