{"id":26727,"date":"2022-09-29T09:10:50","date_gmt":"2022-09-29T09:10:50","guid":{"rendered":"http:\/\/rma.legal\/?p=26727"},"modified":"2025-09-15T16:08:15","modified_gmt":"2025-09-15T16:08:15","slug":"es-necesario-usar-las-marcas-de-la-ue-en-espana-para-presentar-oposiciones-ante-la-oepm","status":"publish","type":"post","link":"https:\/\/rma.legal\/fr\/es-necesario-usar-las-marcas-de-la-ue-en-espana-para-presentar-oposiciones-ante-la-oepm\/","title":{"rendered":"\u00bfEs necesario usar las marcas de la UE en Espa\u00f1a para presentar oposiciones ante la OEPM?"},"content":{"rendered":"<p><img fetchpriority=\"high\" decoding=\"async\" class=\"alignnone size-medium wp-image-32023 aligncenter\" src=\"https:\/\/rma.legal\/wp-content\/uploads\/2024\/01\/rma-logo-hexagono-300x174.png\" alt=\"RMA Legal logo\" width=\"300\" height=\"174\" srcset=\"https:\/\/rma.legal\/wp-content\/uploads\/2024\/01\/rma-logo-hexagono-300x174.png 300w, https:\/\/rma.legal\/wp-content\/uploads\/2024\/01\/rma-logo-hexagono.png 440w\" sizes=\"(max-width: 300px) 100vw, 300px\" \/><\/p>\n<ul>\n<li><span style=\"color: #a42400;\"><strong>Una Sentencia cuanto menos pol\u00e9mica<\/strong><\/span><\/li>\n<\/ul>\n<p>El pasado 28 de junio, el Tribunal Superior de Justicia (TSJ) de Madrid, Sala de lo Contencioso, dict\u00f3 una <a href=\"https:\/\/www.poderjudicial.es\/search\/AN\/openDocument\/6b8588b0ee6eebb3a0a8778d75e36f0d\/20220816\" target=\"_blank\" rel=\"noopener\">Sentencia<\/a> (Recurso 224\/2021)\u00a0que puede afectar a c\u00f3mo debe entenderse el <strong>alcance de la protecci\u00f3n de las Marcas de la Uni\u00f3n Europea en Espa\u00f1a<\/strong>. Las conclusiones que pueden extraerse de esta Sentencia son importantes, por lo que, a pesar de haber coincidido con el periodo estival, ha suscitado comentarios de varios expertos.<\/p>\n<ul>\n<li><span style=\"color: #a42400;\"><strong>Los Hechos del caso<\/strong><\/span><\/li>\n<\/ul>\n<p>En concreto, la Sentencia se pronuncia sobre el registro de la marca nacional gr\u00e1fico denominativa No. 4048217 PRINZ en la clase 30, de la empresa espa\u00f1ola Establiments Viena, S.A., frente a la que hab\u00eda interpuesto oposici\u00f3n la empresa holandesa Princess Holding (Rotterndam) B.V. en base a su Marca de la Uni\u00f3n Europea No. <a href=\"https:\/\/euipo.europa.eu\/eSearch\/#details\/trademarks\/009020637\" target=\"_blank\" rel=\"noopener\">009020637<\/a> PRINCES en las clases 29, 30 y 32.<\/p>\n<p>La marca espa\u00f1ola fue inicialmente concedida y posteriormente denegada en fase de alzada, siendo sobre esta segunda resoluci\u00f3n de la Oficina Espa\u00f1ola de Patentes y Marcas (OEPM) sobre la que se ha pronunciado el TSJ.<\/p>\n<p>Durante el procedimiento de oposici\u00f3n, la oponente fue requerida para presentar prueba de uso de su Marca de la Uni\u00f3n Europea PRINCES en virtud de lo establecido en el art\u00edculo 21.3 de nuestra <a href=\"https:\/\/www.boe.es\/buscar\/act.php?id=BOE-A-2001-23093\" target=\"_blank\" rel=\"noopener\">Ley de Marcas<\/a>, en relaci\u00f3n con su art\u00edculo 39.1, seg\u00fan el cual:<\/p>\n<ol>\n<li><em> Si en el plazo de cinco a\u00f1os contados desde la fecha de su registro, la marca no hubiere sido objeto por parte de su titular de un <u>uso efectivo en Espa\u00f1a<\/u> para los productos o servicios para los cuales est\u00e9 registrada, o si tal uso hubiere sido suspendido durante un plazo ininterrumpido de cinco a\u00f1os, la marca quedar\u00e1 sometida a los l\u00edmites y las sanciones previstos en el art\u00edculo 21, apartados 3 y 5, el art\u00edculo 41, apartado 2, el art\u00edculo 54, apartado 1, letra a) y el art\u00edculo 59, apartados\u00a04 y 5, salvo que existan causas que justifiquen la falta de uso<\/em><\/li>\n<\/ol>\n<p>La OEPM entendi\u00f3 que este uso quedaba acreditado a nivel europeo, aunque solo para \u2018carne\u2019 (clase 30), en virtud de las pruebas de uso presentadas en Polonia, Pa\u00edses Bajos y Reino Unidos (v\u00e1lidas en el periodo relevante a pesar del Brexit).<\/p>\n<ul>\n<li><span style=\"color: #a42400;\"><strong>Interpretaci\u00f3n del TSJ del Art. 39.1 LM<\/strong><\/span><\/li>\n<\/ul>\n<p>La parte m\u00e1s relevante de la Sentencia comentada es la interpretaci\u00f3n que el TSJ de Madrid hace de esta prueba de uso y del art\u00edculo 39.1, al indicar que <strong>exige que el titular de la Marca de la Uni\u00f3n Europea anterior acredite su \u201c<em>uso efectivo en Espa\u00f1a<\/em>\u201d<\/strong>, no siendo suficiente el uso en otros pa\u00edses de la Uni\u00f3n Europea si falta en el nuestro.<\/p>\n<p>Hemos visto que, en el caso de la Marca de la Uni\u00f3n Europea PRINCES, las pruebas de uso hac\u00edan solo referencia a Polonia, Pa\u00edses Bajos y Reino Unidos. Por ello, al no haberse probado su uso en Espa\u00f1a de forma espec\u00edfica, la oposici\u00f3n carec\u00eda de una marca prioritaria en la que fundamentarse y deb\u00eda rechazarse.<\/p>\n<p>La repercusi\u00f3n de este tipo de sentencias puede ir m\u00e1s all\u00e1 del caso concreto que resuelven, afectando a futuras resoluciones, por lo que merece la pena analizar el alcance de esta interpretaci\u00f3n de la Ley espa\u00f1ola.<\/p>\n<ul>\n<li><strong><span style=\"color: #a42400;\">Comentarios sobre la Sentencia y de la Jurisprudencia del TJUE<\/span><\/strong><\/li>\n<\/ul>\n<p>Lo que en primer lugar llama la atenci\u00f3n es que en su interpretaci\u00f3n de los art\u00edculos 21.3 y 39.1 de la LM, el TSJ no parece haber tenido en cuenta lo dispuesto en el art\u00edculo 21.6 de esta misma Ley:<\/p>\n<ol start=\"6\">\n<li><em> Los apartados 3 [el relativo a la obligaci\u00f3n de probar el uso efectivo de la marca oponente], 4 y 5 del presente art\u00edculo ser\u00e1n tambi\u00e9n de aplicaci\u00f3n cuando la marca anterior sea una marca de la Uni\u00f3n. En tal caso, <u>el uso efectivo de una marca de la Uni\u00f3n se determinar\u00e1 de acuerdo con lo establecido en el art\u00edculo 18 del Reglamento (UE) n.\u00ba 2017\/1001<\/u>.<\/em><\/li>\n<\/ol>\n<p>La Sentencia tambi\u00e9n parece contradecir la interpretaci\u00f3n que el T<a href=\"http:\/\/curia.europa.eu\/juris\/document\/document.jsf?text=&amp;docid=207814&amp;pageIndex=0&amp;doclang=FR&amp;mode=req&amp;dir=&amp;occ=first&amp;part=1&amp;cid=1569237#Footnote*\" target=\"_blank\" rel=\"noopener\">ribunal General de la EU<\/a> ha hecho del art\u00edculo 18 del <a href=\"https:\/\/eur-lex.europa.eu\/legal-content\/ES\/TXT\/?qid=1506417891296&amp;uri=CELEX:32017R1001\" target=\"_blank\" rel=\"noopener\">Reglamento 2017\/1001<\/a> sobre la marca de la Uni\u00f3n Europea relativo a la \u201cobligaci\u00f3n de uso de las marcas\u201d. Seg\u00fan la jurisprudencia mayoritaria, <strong>para cumplir con la obligaci\u00f3n de uso de una Marca de la Uni\u00f3n Europea no es necesario utilizarla en todos los pa\u00edses de la Uni\u00f3n<\/strong>.<\/p>\n<p>A modo de ejemplo, seg\u00fan la sentencia del caso Leno Merken (<a href=\"https:\/\/curia.europa.eu\/juris\/document\/document.jsf;jsessionid=10D23CD399989E697FC2C8B741EC94E2?text=&amp;docid=131968&amp;pageIndex=0&amp;doclang=ES&amp;mode=lst&amp;dir=&amp;occ=first&amp;part=1&amp;cid=1430103\" target=\"_blank\" rel=\"noopener\">C\u2011149\/11<\/a>) las fronteras del territorio de los Estados miembros no son un factor que debe tomarse en consideraci\u00f3n a la hora de determinar si existe \u201cun uso efectivo en la UE\u201d. Por otro lado, de acuerdo con la Sentencia del caso INTAS\/INDAS (<a href=\"https:\/\/curia.europa.eu\/juris\/document\/document.jsf?text=&amp;docid=220346&amp;pageIndex=0&amp;doclang=EN&amp;mode=lst&amp;dir=&amp;occ=first&amp;part=1&amp;cid=1433158\" target=\"_blank\" rel=\"noopener\">T\u2011380\/18<\/a>), lo relevante es que exista un uso real y efectivo en una parte sustancial de la Uni\u00f3n. Adem\u00e1s, <strong>en determinados casos el uso real y efectivo de una Marca de la Uni\u00f3n Europea en un \u00fanico pa\u00eds puede llegar a suponer un uso v\u00e1lido en toda la Uni\u00f3n<\/strong>, como ya explicamos en nuestro <a href=\"https:\/\/rma.legal\/en\/2018\/11\/22\/sorpresa-sorpresa-alcance-territorial-del-uso-de-una-marca-de-la-union-europea-un-solo-pais-es-suficiente-3\/\" target=\"_blank\" rel=\"noopener\">post<\/a> de noviembre de 2018, sobre el caso Merck\/ Flexagil (<a href=\"https:\/\/curia.europa.eu\/juris\/document\/document.jsf?text=&amp;docid=211965&amp;pageIndex=0&amp;doclang=ES&amp;mode=req&amp;dir=&amp;occ=first&amp;part=1&amp;cid=1453829\" target=\"_blank\" rel=\"noopener\">T-831\/17<\/a>).<\/p>\n<ul>\n<li><strong><span style=\"color: #a42400;\">Conclusiones<\/span><\/strong><\/li>\n<\/ul>\n<p>Por lo tanto, la prueba aportada en Polonia, Pa\u00edses Bajos y Reino Unidos por Princess Holding deb\u00eda entenderse como suficiente para probar el uso de la Marca de la Uni\u00f3n Europea PRINCES a nivel de toda la Uni\u00f3n Europea; y <strong>debido al car\u00e1cter unitario de las Marcas de la Uni\u00f3n Europea hace que la misma tenga plena validez en Espa\u00f1a<\/strong>, aunque no exista un uso real y efectivo en el mismo.<\/p>\n<p>Nos parece, por tanto, una desafortunada aplicaci\u00f3n de la normativa, tanto nacional como europea, que el TSJ haya considerado que \u201cla marca prioritaria es inoponible\u201d por no haberse usado en Espa\u00f1a. Esto parece suponer la <strong>limitaci\u00f3n de un derecho de alcance europeo<\/strong> -la capacidad de oponerse a registros de marca nacional en base a una Marca de la Uni\u00f3n Europea cuyo uso a nivel del conjunto de la Uni\u00f3n ha quedado acreditado- <strong>en base a la aplicaci\u00f3n de una norma de car\u00e1cter nacional<\/strong>, la Ley de Marcas, que exigir\u00eda ir m\u00e1s all\u00e1 y probar el uso especifico en Espa\u00f1a.<\/p>\n<p>Si este criterio fuese adoptado por todas las Oficinas de Marcas y Tribunales nacionales, <strong>esta obligaci\u00f3n de uso en pa\u00edses concretos para presentar oposici\u00f3n contra marcas nacionales se podr\u00eda extender a todos los titulares de Marcas de la Uni\u00f3n Europea<\/strong>, lo que equivaldr\u00eda a imponer la misma gran carga que el TJUE est\u00e1 tratando de evitar.<\/p>\n<p>En el momento de escribir estos comentarios desconocemos si la Sentencia analizada ha sido recurrida, pero entendemos que ser\u00eda deseable que la interpretaci\u00f3n que hace del art\u00edculo 39.1 LM fuese revisada por Tribunales superiores, ya que puede afectar a la capacidad de miles de titulares de Marcas de la Uni\u00f3n Europea si quieren \u00a0valer sus derechos en nuestro pa\u00eds.<\/p>\n<p>Alberto Garc\u00eda L\u00f3pez, septiembre 2022<\/p>\n<p><span style=\"color: #a42400;\"><strong>RMA Roman\u00ed Mart\u00ednez Alner<\/strong><\/span><\/p>\n","protected":false},"excerpt":{"rendered":"<p>Una Sentencia cuanto menos pol\u00e9mica El pasado 28 de junio, el Tribunal Superior de Justicia (TSJ) de Madrid, Sala de lo Contencioso, dict\u00f3 una Sentencia (Recurso 224\/2021)\u00a0que puede afectar a c\u00f3mo debe entenderse el alcance de la protecci\u00f3n de las Marcas de la Uni\u00f3n Europea en Espa\u00f1a. Las conclusiones que pueden extraerse de esta Sentencia [&hellip;]<\/p>\n","protected":false},"author":8,"featured_media":0,"comment_status":"closed","ping_status":"closed","sticky":false,"template":"","format":"standard","meta":{"footnotes":""},"categories":[501],"tags":[36,37,40,50,51,52,53,63,72,79,80],"class_list":["post-26727","post","type-post","status-publish","format-standard","hentry","category-sin-categoria-ca","tag-marca-de-la-union-europea-ca","tag-marca-espanola","tag-marcas-ca","tag-obligacion-de-uso-de-la-marca","tag-oepm-ca","tag-oficina-espanola-de-patentes-y-marcas-ca","tag-oposicion-ca","tag-prueba-de-uso-ca","tag-sentencia-ca","tag-tribunal-superior-de-justicia","tag-uso-efectivo-ca"],"yoast_head":"<!-- This site is optimized with the Yoast SEO plugin v25.9 - https:\/\/yoast.com\/wordpress\/plugins\/seo\/ -->\n<title>\u00bfEs necesario usar las marcas de la UE en Espa\u00f1a para presentar oposiciones ante la OEPM? - Avocats du RMA<\/title>\n<meta name=\"robots\" content=\"index, follow, max-snippet:-1, max-image-preview:large, max-video-preview:-1\" \/>\n<link rel=\"canonical\" href=\"https:\/\/rma.legal\/fr\/es-necesario-usar-las-marcas-de-la-ue-en-espana-para-presentar-oposiciones-ante-la-oepm\/\" \/>\n<meta property=\"og:locale\" content=\"fr_FR\" \/>\n<meta property=\"og:type\" content=\"article\" \/>\n<meta property=\"og:title\" content=\"\u00bfEs necesario usar las marcas de la UE en Espa\u00f1a para presentar oposiciones ante la OEPM? - Avocats du RMA\" \/>\n<meta property=\"og:description\" content=\"Una Sentencia cuanto menos pol\u00e9mica El pasado 28 de junio, el Tribunal Superior de Justicia (TSJ) de Madrid, Sala de lo Contencioso, dict\u00f3 una Sentencia (Recurso 224\/2021)\u00a0que puede afectar a c\u00f3mo debe entenderse el alcance de la protecci\u00f3n de las Marcas de la Uni\u00f3n Europea en Espa\u00f1a. Las conclusiones que pueden extraerse de esta Sentencia [&hellip;]\" \/>\n<meta property=\"og:url\" content=\"https:\/\/rma.legal\/fr\/es-necesario-usar-las-marcas-de-la-ue-en-espana-para-presentar-oposiciones-ante-la-oepm\/\" \/>\n<meta property=\"og:site_name\" content=\"Avocats du RMA\" \/>\n<meta property=\"article:published_time\" content=\"2022-09-29T09:10:50+00:00\" \/>\n<meta property=\"article:modified_time\" content=\"2025-09-15T16:08:15+00:00\" \/>\n<meta property=\"og:image\" content=\"https:\/\/rma.legal\/wp-content\/uploads\/2024\/01\/rma-logo-hexagono.png\" \/>\n\t<meta property=\"og:image:width\" content=\"440\" \/>\n\t<meta property=\"og:image:height\" content=\"255\" \/>\n\t<meta property=\"og:image:type\" content=\"image\/png\" \/>\n<meta name=\"author\" content=\"Alberto Garc\u00eda L\u00f3pez\" \/>\n<meta name=\"twitter:card\" content=\"summary_large_image\" \/>\n<meta name=\"twitter:label1\" content=\"\u00c9crit par\" \/>\n\t<meta name=\"twitter:data1\" content=\"Alberto Garc\u00eda L\u00f3pez\" \/>\n\t<meta name=\"twitter:label2\" content=\"Dur\u00e9e de lecture estim\u00e9e\" \/>\n\t<meta name=\"twitter:data2\" content=\"6 minutes\" \/>\n<script type=\"application\/ld+json\" class=\"yoast-schema-graph\">{\"@context\":\"https:\/\/schema.org\",\"@graph\":[{\"@type\":\"Article\",\"@id\":\"https:\/\/rma.legal\/fr\/es-necesario-usar-las-marcas-de-la-ue-en-espana-para-presentar-oposiciones-ante-la-oepm\/#article\",\"isPartOf\":{\"@id\":\"https:\/\/rma.legal\/fr\/es-necesario-usar-las-marcas-de-la-ue-en-espana-para-presentar-oposiciones-ante-la-oepm\/\"},\"author\":{\"name\":\"Alberto Garc\u00eda L\u00f3pez\",\"@id\":\"https:\/\/rma.legal\/fr\/#\/schema\/person\/cfbc22ab1d27c2f3e18a06069864a93b\"},\"headline\":\"\u00bfEs necesario usar las marcas de la UE en Espa\u00f1a para presentar oposiciones ante la OEPM?\",\"datePublished\":\"2022-09-29T09:10:50+00:00\",\"dateModified\":\"2025-09-15T16:08:15+00:00\",\"mainEntityOfPage\":{\"@id\":\"https:\/\/rma.legal\/fr\/es-necesario-usar-las-marcas-de-la-ue-en-espana-para-presentar-oposiciones-ante-la-oepm\/\"},\"wordCount\":1218,\"publisher\":{\"@id\":\"https:\/\/rma.legal\/fr\/#organization\"},\"image\":{\"@id\":\"https:\/\/rma.legal\/fr\/es-necesario-usar-las-marcas-de-la-ue-en-espana-para-presentar-oposiciones-ante-la-oepm\/#primaryimage\"},\"thumbnailUrl\":\"https:\/\/rma.legal\/wp-content\/uploads\/2024\/01\/rma-logo-hexagono-300x174.png\",\"keywords\":[\"marca de la uni\u00f3n europea\",\"marca espa\u00f1ola\",\"marcas\",\"obligaci\u00f3n de uso de la marca\",\"oepm\",\"oficina espa\u00f1ola de patentes y marcas\",\"oposici\u00f3n\",\"prueba de uso\",\"sentencia\",\"tribunal superior de justicia\",\"uso efectivo\"],\"articleSection\":[\"Sin categor\u00eda\"],\"inLanguage\":\"fr-FR\"},{\"@type\":\"WebPage\",\"@id\":\"https:\/\/rma.legal\/fr\/es-necesario-usar-las-marcas-de-la-ue-en-espana-para-presentar-oposiciones-ante-la-oepm\/\",\"url\":\"https:\/\/rma.legal\/fr\/es-necesario-usar-las-marcas-de-la-ue-en-espana-para-presentar-oposiciones-ante-la-oepm\/\",\"name\":\"\u00bfEs necesario usar las marcas de la UE en Espa\u00f1a para presentar oposiciones ante la OEPM? - Avocats du RMA\",\"isPartOf\":{\"@id\":\"https:\/\/rma.legal\/fr\/#website\"},\"primaryImageOfPage\":{\"@id\":\"https:\/\/rma.legal\/fr\/es-necesario-usar-las-marcas-de-la-ue-en-espana-para-presentar-oposiciones-ante-la-oepm\/#primaryimage\"},\"image\":{\"@id\":\"https:\/\/rma.legal\/fr\/es-necesario-usar-las-marcas-de-la-ue-en-espana-para-presentar-oposiciones-ante-la-oepm\/#primaryimage\"},\"thumbnailUrl\":\"https:\/\/rma.legal\/wp-content\/uploads\/2024\/01\/rma-logo-hexagono-300x174.png\",\"datePublished\":\"2022-09-29T09:10:50+00:00\",\"dateModified\":\"2025-09-15T16:08:15+00:00\",\"breadcrumb\":{\"@id\":\"https:\/\/rma.legal\/fr\/es-necesario-usar-las-marcas-de-la-ue-en-espana-para-presentar-oposiciones-ante-la-oepm\/#breadcrumb\"},\"inLanguage\":\"fr-FR\",\"potentialAction\":[{\"@type\":\"ReadAction\",\"target\":[\"https:\/\/rma.legal\/fr\/es-necesario-usar-las-marcas-de-la-ue-en-espana-para-presentar-oposiciones-ante-la-oepm\/\"]}]},{\"@type\":\"ImageObject\",\"inLanguage\":\"fr-FR\",\"@id\":\"https:\/\/rma.legal\/fr\/es-necesario-usar-las-marcas-de-la-ue-en-espana-para-presentar-oposiciones-ante-la-oepm\/#primaryimage\",\"url\":\"https:\/\/rma.legal\/wp-content\/uploads\/2024\/01\/rma-logo-hexagono-300x174.png\",\"contentUrl\":\"https:\/\/rma.legal\/wp-content\/uploads\/2024\/01\/rma-logo-hexagono-300x174.png\"},{\"@type\":\"BreadcrumbList\",\"@id\":\"https:\/\/rma.legal\/fr\/es-necesario-usar-las-marcas-de-la-ue-en-espana-para-presentar-oposiciones-ante-la-oepm\/#breadcrumb\",\"itemListElement\":[{\"@type\":\"ListItem\",\"position\":1,\"name\":\"Portada\",\"item\":\"https:\/\/rma.legal\/fr\/\"},{\"@type\":\"ListItem\",\"position\":2,\"name\":\"\u00bfEs necesario usar las marcas de la UE en Espa\u00f1a para presentar oposiciones ante la OEPM?\"}]},{\"@type\":\"WebSite\",\"@id\":\"https:\/\/rma.legal\/fr\/#website\",\"url\":\"https:\/\/rma.legal\/fr\/\",\"name\":\"Avocats du RMA\",\"description\":\"RMA Legal Abogados\",\"publisher\":{\"@id\":\"https:\/\/rma.legal\/fr\/#organization\"},\"potentialAction\":[{\"@type\":\"SearchAction\",\"target\":{\"@type\":\"EntryPoint\",\"urlTemplate\":\"https:\/\/rma.legal\/fr\/?s={search_term_string}\"},\"query-input\":{\"@type\":\"PropertyValueSpecification\",\"valueRequired\":true,\"valueName\":\"search_term_string\"}}],\"inLanguage\":\"fr-FR\"},{\"@type\":\"Organization\",\"@id\":\"https:\/\/rma.legal\/fr\/#organization\",\"name\":\"Avocats du RMA\",\"url\":\"https:\/\/rma.legal\/fr\/\",\"logo\":{\"@type\":\"ImageObject\",\"inLanguage\":\"fr-FR\",\"@id\":\"https:\/\/rma.legal\/fr\/#\/schema\/logo\/image\/\",\"url\":\"https:\/\/rma.legal\/wp-content\/uploads\/2025\/02\/Logo-rma-legal-invertido-footer-c-1.png\",\"contentUrl\":\"https:\/\/rma.legal\/wp-content\/uploads\/2025\/02\/Logo-rma-legal-invertido-footer-c-1.png\",\"width\":300,\"height\":125,\"caption\":\"Avocats du RMA\"},\"image\":{\"@id\":\"https:\/\/rma.legal\/fr\/#\/schema\/logo\/image\/\"}},{\"@type\":\"Person\",\"@id\":\"https:\/\/rma.legal\/fr\/#\/schema\/person\/cfbc22ab1d27c2f3e18a06069864a93b\",\"name\":\"Alberto Garc\u00eda L\u00f3pez\",\"image\":{\"@type\":\"ImageObject\",\"inLanguage\":\"fr-FR\",\"@id\":\"https:\/\/rma.legal\/fr\/#\/schema\/person\/image\/\",\"url\":\"https:\/\/secure.gravatar.com\/avatar\/9ebd5ce1ab6dc934a5b846cf1c00263dd355ad1659e0df14775b7003d6788212?s=96&d=mm&r=g\",\"contentUrl\":\"https:\/\/secure.gravatar.com\/avatar\/9ebd5ce1ab6dc934a5b846cf1c00263dd355ad1659e0df14775b7003d6788212?s=96&d=mm&r=g\",\"caption\":\"Alberto Garc\u00eda L\u00f3pez\"},\"url\":\"https:\/\/rma.legal\/fr\/author\/alberto-garcia-lopez\/\"}]}<\/script>\n<!-- \/ Yoast SEO plugin. -->","yoast_head_json":{"title":"\u00bfEs necesario usar las marcas de la UE en Espa\u00f1a para presentar oposiciones ante la OEPM? - Avocats du RMA","robots":{"index":"index","follow":"follow","max-snippet":"max-snippet:-1","max-image-preview":"max-image-preview:large","max-video-preview":"max-video-preview:-1"},"canonical":"https:\/\/rma.legal\/fr\/es-necesario-usar-las-marcas-de-la-ue-en-espana-para-presentar-oposiciones-ante-la-oepm\/","og_locale":"fr_FR","og_type":"article","og_title":"\u00bfEs necesario usar las marcas de la UE en Espa\u00f1a para presentar oposiciones ante la OEPM? - Avocats du RMA","og_description":"Una Sentencia cuanto menos pol\u00e9mica El pasado 28 de junio, el Tribunal Superior de Justicia (TSJ) de Madrid, Sala de lo Contencioso, dict\u00f3 una Sentencia (Recurso 224\/2021)\u00a0que puede afectar a c\u00f3mo debe entenderse el alcance de la protecci\u00f3n de las Marcas de la Uni\u00f3n Europea en Espa\u00f1a. Las conclusiones que pueden extraerse de esta Sentencia [&hellip;]","og_url":"https:\/\/rma.legal\/fr\/es-necesario-usar-las-marcas-de-la-ue-en-espana-para-presentar-oposiciones-ante-la-oepm\/","og_site_name":"Avocats du RMA","article_published_time":"2022-09-29T09:10:50+00:00","article_modified_time":"2025-09-15T16:08:15+00:00","og_image":[{"width":440,"height":255,"url":"https:\/\/rma.legal\/wp-content\/uploads\/2024\/01\/rma-logo-hexagono.png","type":"image\/png"}],"author":"Alberto Garc\u00eda L\u00f3pez","twitter_card":"summary_large_image","twitter_misc":{"\u00c9crit par":"Alberto Garc\u00eda L\u00f3pez","Dur\u00e9e de lecture estim\u00e9e":"6 minutes"},"schema":{"@context":"https:\/\/schema.org","@graph":[{"@type":"Article","@id":"https:\/\/rma.legal\/fr\/es-necesario-usar-las-marcas-de-la-ue-en-espana-para-presentar-oposiciones-ante-la-oepm\/#article","isPartOf":{"@id":"https:\/\/rma.legal\/fr\/es-necesario-usar-las-marcas-de-la-ue-en-espana-para-presentar-oposiciones-ante-la-oepm\/"},"author":{"name":"Alberto Garc\u00eda L\u00f3pez","@id":"https:\/\/rma.legal\/fr\/#\/schema\/person\/cfbc22ab1d27c2f3e18a06069864a93b"},"headline":"\u00bfEs necesario usar las marcas de la UE en Espa\u00f1a para presentar oposiciones ante la OEPM?","datePublished":"2022-09-29T09:10:50+00:00","dateModified":"2025-09-15T16:08:15+00:00","mainEntityOfPage":{"@id":"https:\/\/rma.legal\/fr\/es-necesario-usar-las-marcas-de-la-ue-en-espana-para-presentar-oposiciones-ante-la-oepm\/"},"wordCount":1218,"publisher":{"@id":"https:\/\/rma.legal\/fr\/#organization"},"image":{"@id":"https:\/\/rma.legal\/fr\/es-necesario-usar-las-marcas-de-la-ue-en-espana-para-presentar-oposiciones-ante-la-oepm\/#primaryimage"},"thumbnailUrl":"https:\/\/rma.legal\/wp-content\/uploads\/2024\/01\/rma-logo-hexagono-300x174.png","keywords":["marca de la uni\u00f3n europea","marca espa\u00f1ola","marcas","obligaci\u00f3n de uso de la marca","oepm","oficina espa\u00f1ola de patentes y marcas","oposici\u00f3n","prueba de uso","sentencia","tribunal superior de justicia","uso efectivo"],"articleSection":["Sin categor\u00eda"],"inLanguage":"fr-FR"},{"@type":"WebPage","@id":"https:\/\/rma.legal\/fr\/es-necesario-usar-las-marcas-de-la-ue-en-espana-para-presentar-oposiciones-ante-la-oepm\/","url":"https:\/\/rma.legal\/fr\/es-necesario-usar-las-marcas-de-la-ue-en-espana-para-presentar-oposiciones-ante-la-oepm\/","name":"\u00bfEs necesario usar las marcas de la UE en Espa\u00f1a para presentar oposiciones ante la OEPM? - Avocats du RMA","isPartOf":{"@id":"https:\/\/rma.legal\/fr\/#website"},"primaryImageOfPage":{"@id":"https:\/\/rma.legal\/fr\/es-necesario-usar-las-marcas-de-la-ue-en-espana-para-presentar-oposiciones-ante-la-oepm\/#primaryimage"},"image":{"@id":"https:\/\/rma.legal\/fr\/es-necesario-usar-las-marcas-de-la-ue-en-espana-para-presentar-oposiciones-ante-la-oepm\/#primaryimage"},"thumbnailUrl":"https:\/\/rma.legal\/wp-content\/uploads\/2024\/01\/rma-logo-hexagono-300x174.png","datePublished":"2022-09-29T09:10:50+00:00","dateModified":"2025-09-15T16:08:15+00:00","breadcrumb":{"@id":"https:\/\/rma.legal\/fr\/es-necesario-usar-las-marcas-de-la-ue-en-espana-para-presentar-oposiciones-ante-la-oepm\/#breadcrumb"},"inLanguage":"fr-FR","potentialAction":[{"@type":"ReadAction","target":["https:\/\/rma.legal\/fr\/es-necesario-usar-las-marcas-de-la-ue-en-espana-para-presentar-oposiciones-ante-la-oepm\/"]}]},{"@type":"ImageObject","inLanguage":"fr-FR","@id":"https:\/\/rma.legal\/fr\/es-necesario-usar-las-marcas-de-la-ue-en-espana-para-presentar-oposiciones-ante-la-oepm\/#primaryimage","url":"https:\/\/rma.legal\/wp-content\/uploads\/2024\/01\/rma-logo-hexagono-300x174.png","contentUrl":"https:\/\/rma.legal\/wp-content\/uploads\/2024\/01\/rma-logo-hexagono-300x174.png"},{"@type":"BreadcrumbList","@id":"https:\/\/rma.legal\/fr\/es-necesario-usar-las-marcas-de-la-ue-en-espana-para-presentar-oposiciones-ante-la-oepm\/#breadcrumb","itemListElement":[{"@type":"ListItem","position":1,"name":"Portada","item":"https:\/\/rma.legal\/fr\/"},{"@type":"ListItem","position":2,"name":"\u00bfEs necesario usar las marcas de la UE en Espa\u00f1a para presentar oposiciones ante la OEPM?"}]},{"@type":"WebSite","@id":"https:\/\/rma.legal\/fr\/#website","url":"https:\/\/rma.legal\/fr\/","name":"Avocats du RMA","description":"RMA Legal Abogados","publisher":{"@id":"https:\/\/rma.legal\/fr\/#organization"},"potentialAction":[{"@type":"SearchAction","target":{"@type":"EntryPoint","urlTemplate":"https:\/\/rma.legal\/fr\/?s={search_term_string}"},"query-input":{"@type":"PropertyValueSpecification","valueRequired":true,"valueName":"search_term_string"}}],"inLanguage":"fr-FR"},{"@type":"Organization","@id":"https:\/\/rma.legal\/fr\/#organization","name":"Avocats du RMA","url":"https:\/\/rma.legal\/fr\/","logo":{"@type":"ImageObject","inLanguage":"fr-FR","@id":"https:\/\/rma.legal\/fr\/#\/schema\/logo\/image\/","url":"https:\/\/rma.legal\/wp-content\/uploads\/2025\/02\/Logo-rma-legal-invertido-footer-c-1.png","contentUrl":"https:\/\/rma.legal\/wp-content\/uploads\/2025\/02\/Logo-rma-legal-invertido-footer-c-1.png","width":300,"height":125,"caption":"Avocats du RMA"},"image":{"@id":"https:\/\/rma.legal\/fr\/#\/schema\/logo\/image\/"}},{"@type":"Person","@id":"https:\/\/rma.legal\/fr\/#\/schema\/person\/cfbc22ab1d27c2f3e18a06069864a93b","name":"Alberto Garc\u00eda L\u00f3pez","image":{"@type":"ImageObject","inLanguage":"fr-FR","@id":"https:\/\/rma.legal\/fr\/#\/schema\/person\/image\/","url":"https:\/\/secure.gravatar.com\/avatar\/9ebd5ce1ab6dc934a5b846cf1c00263dd355ad1659e0df14775b7003d6788212?s=96&d=mm&r=g","contentUrl":"https:\/\/secure.gravatar.com\/avatar\/9ebd5ce1ab6dc934a5b846cf1c00263dd355ad1659e0df14775b7003d6788212?s=96&d=mm&r=g","caption":"Alberto Garc\u00eda L\u00f3pez"},"url":"https:\/\/rma.legal\/fr\/author\/alberto-garcia-lopez\/"}]}},"_links":{"self":[{"href":"https:\/\/rma.legal\/fr\/wp-json\/wp\/v2\/posts\/26727","targetHints":{"allow":["GET"]}}],"collection":[{"href":"https:\/\/rma.legal\/fr\/wp-json\/wp\/v2\/posts"}],"about":[{"href":"https:\/\/rma.legal\/fr\/wp-json\/wp\/v2\/types\/post"}],"author":[{"embeddable":true,"href":"https:\/\/rma.legal\/fr\/wp-json\/wp\/v2\/users\/8"}],"replies":[{"embeddable":true,"href":"https:\/\/rma.legal\/fr\/wp-json\/wp\/v2\/comments?post=26727"}],"version-history":[{"count":3,"href":"https:\/\/rma.legal\/fr\/wp-json\/wp\/v2\/posts\/26727\/revisions"}],"predecessor-version":[{"id":32050,"href":"https:\/\/rma.legal\/fr\/wp-json\/wp\/v2\/posts\/26727\/revisions\/32050"}],"wp:attachment":[{"href":"https:\/\/rma.legal\/fr\/wp-json\/wp\/v2\/media?parent=26727"}],"wp:term":[{"taxonomy":"category","embeddable":true,"href":"https:\/\/rma.legal\/fr\/wp-json\/wp\/v2\/categories?post=26727"},{"taxonomy":"post_tag","embeddable":true,"href":"https:\/\/rma.legal\/fr\/wp-json\/wp\/v2\/tags?post=26727"}],"curies":[{"name":"wp","href":"https:\/\/api.w.org\/{rel}","templated":true}]}}