{"id":26390,"date":"2020-12-24T08:21:20","date_gmt":"2020-12-24T08:21:20","guid":{"rendered":"http:\/\/rma.legal\/?p=26390"},"modified":"2025-04-15T09:26:55","modified_gmt":"2025-04-15T09:26:55","slug":"va-de-quesos-regalo-de-navidad-para-las-denominaciones-de-origen-y-las-indicaciones-geograficas","status":"publish","type":"post","link":"https:\/\/rma.legal\/fr\/va-de-quesos-regalo-de-navidad-para-las-denominaciones-de-origen-y-las-indicaciones-geograficas\/","title":{"rendered":"Va de quesos. Regalo de Navidad para las Denominaciones de Origen y las Indicaciones Geogr\u00e1ficas"},"content":{"rendered":"<p><img decoding=\"async\" class=\"alignnone wp-image-26391 aligncenter\" src=\"http:\/\/rma.legal\/wp-content\/uploads\/2020\/12\/MORBIER-300x247.jpg\" alt=\"MORBIER\" width=\"162\" height=\"133\" srcset=\"https:\/\/rma.legal\/wp-content\/uploads\/2020\/12\/MORBIER-300x247.jpg 300w, https:\/\/rma.legal\/wp-content\/uploads\/2020\/12\/MORBIER.jpg 444w\" sizes=\"(max-width: 162px) 100vw, 162px\" \/><\/p>\n<p>En nuestro blog hemos dedicado ya diversas entradas a analizar <strong>el alcance de protecci\u00f3n de las DO y las IG y algunas resoluciones recientes de los Tribunales que han ayudado a configurarlo<\/strong>. As\u00ed, por ejemplo, <a href=\"http:\/\/rma.legal\/es\/2019\/05\/02\/d-o-queso-manchego-vs-queso-rocinante-nueva-vuelta-de-tuerca-en-la-proteccion-de-las-denominaciones-de-origen\/\" target=\"_blank\">en este post<\/a> coment\u00e1bamos el caso de la DO Queso Manchego en el que se acab\u00f3 manifestando que las DO tambi\u00e9n pueden extender su protecci\u00f3n a signos figurativos (y no solo denominaciones), resolvi\u00e9ndose el conflicto por parte del <a href=\"https:\/\/www.ecestaticos.com\/file\/a96503894d22b36b80ae92a0b6920ba4\/1564506542-sentencia-rocinante.pdf\" target=\"_blank\">Tribunal Supremo<\/a> a favor de los productores del queso manchego.<\/p>\n<p>Pues bien, los quesos siguen dando juego, <strong>pasamos del Queso Manchego al franc\u00e9s Morbier.<\/strong><\/p>\n<p>El pasado d\u00eda 17 de diciembre y a modo de regalo de Navidad para las mencionadas modalidades distintivas, el Tribunal de Justicia de la Uni\u00f3n Europea dict\u00f3 una <a href=\"http:\/\/curia.europa.eu\/juris\/document\/document.jsf?text=&amp;docid=235711&amp;pageIndex=0&amp;doclang=es&amp;mode=req&amp;dir=&amp;occ=first&amp;part=1&amp;cid=19945000\" target=\"_blank\">Sentencia<\/a> y <a href=\"https:\/\/curia.europa.eu\/jcms\/upload\/docs\/application\/pdf\/2020-12\/cp200168es.pdf\" target=\"_blank\">nota de prensa posterior<\/a> en el asunto C-490\/19 entre le Syndicat interprofessionnel de d\u00e9fense du fromage Morbier y la Soci\u00e9t\u00e9 Fromag\u00e8re du Livradois SAS, que no podemos dejar de comentar.<\/p>\n<p>La expresada sentencia se ha pronunciado en una cuesti\u00f3n prejudicial planteada por el Tribunal de Casaci\u00f3n franc\u00e9s, que interroga al Tribunal de Justicia con respecto a <strong>si la adopci\u00f3n de las caracter\u00edsticas f\u00edsicas de un producto amparado por una DOP constituye una pr\u00e1ctica que pueda inducir a error al consumidor sobre el verdadero origen del producto,<\/strong> prohibida por los respectivos art\u00edculos 13, apartado 1, de los\u00a0<a href=\"https:\/\/www.boe.es\/doue\/2006\/093\/L00012-00025.pdf\" target=\"_blank\">Reglamentos 510\/2006 del Consejo, de 20 de marzo de 2006<\/a>, sobre la protecci\u00f3n de las indicaciones geogr\u00e1ficas y de las denominaciones de origen de los productos agr\u00edcolas y alimenticios, y del <a href=\"https:\/\/www.boe.es\/doue\/2012\/343\/L00001-00029.pdf\" target=\"_blank\">Reglamento (UE) n\u00ba 1151\/2012 del Parlamento Europeo y del Consejo, de 21 de noviembre de 2012<\/a>, sobre los reg\u00edmenes de calidad de los productos agr\u00edcolas y alimenticios.<\/p>\n<p>En este caso la Societ\u00e9 Fromag\u00e8re du Livradois, que no forma parte de la DOP Morbier, <strong>reproduce en sus quesos la \u00abl\u00ednea de ceniza\u00bb caracter\u00edstica del queso Morbier<\/strong>, que separa el queso en dos partes, y que viene siendo utilizada por los productores Morbier desde su origen, <strong>convirti\u00e9ndose as\u00ed en una de las especificidades que el destinatario\/consumidor identifica claramente con ese origen protegido<\/strong>. Y si bien el Syndicat actor vio desestimadas sus pretensiones en primera instancia y en grado de apelaci\u00f3n, plante\u00f3 recurso de casaci\u00f3n,\u00a0 alegando, en primer lugar, que una denominaci\u00f3n de origen est\u00e1 protegida contra cualquier pr\u00e1ctica que pueda inducir a error al consumidor sobre el verdadero origen del producto y que, al considerar, sin embargo, que solo est\u00e1 prohibida la utilizaci\u00f3n de la denominaci\u00f3n de la DOP, la Cour d\u2019Appel de Paris infringi\u00f3 los respectivos art\u00edculos 13 de los se\u00f1alados Reglamentos; a\u00f1adiendo adem\u00e1s que, al limitarse el Tribunal de Apelaci\u00f3n a se\u00f1alar, por un lado, que las caracter\u00edsticas que invocaba ten\u00edan su origen en una tradici\u00f3n hist\u00f3rica y no en las inversiones realizadas por \u00e9l y sus miembros y, por otro lado, que el queso Montboissi\u00e9 comercializado desde 2007 por la Soci\u00e9t\u00e9 Fromag\u00e8re du Livradois presentaba diferencias frente al queso Morbier, sin investigar, como se le hab\u00eda solicitado, si las pr\u00e1cticas de la Soci\u00e9t\u00e9 Fromag\u00e8re du Livradois, en particular la copia de la \u00abl\u00ednea de ceniza\u00bb caracter\u00edstica del queso Morbier, pod\u00edan o no inducir a error al consumidor sobre el verdadero origen del producto, la Cour d\u2019Appel priv\u00f3 a su decisi\u00f3n de un fundamento jur\u00eddico respecto de aquellos mismos Reglamentos.<\/p>\n<p>Pues bien, e<strong>l Tribunal de Justicia acaba sentando que los respectivos art\u00edculos 13, apartado 1, de los indicados Reglamentos, deben interpretarse en el sentido de que no proh\u00edben \u00fanicamente la utilizaci\u00f3n por un tercero de la denominaci\u00f3n registrada.<\/strong><\/p>\n<p>Para a\u00f1adir a continuaci\u00f3n que aquellos art\u00edculos 13, apartado 1, letra d), deben interpretarse en el sentido de que <strong>proh\u00edben la reproducci\u00f3n de la forma o de la apariencia caracter\u00edsticas de un producto amparado por una denominaci\u00f3n registrada cuando dicha reproducci\u00f3n pueda inducir al consumidor a creer que el producto en cuesti\u00f3n est\u00e1 amparado por esa denominaci\u00f3n registrada<\/strong>. Para lo cual termina expresando el Tribunal, ser\u00e1 necesario evaluar, teniendo en cuenta todos los factores pertinentes del caso, si esa reproducci\u00f3n puede inducir a error al consumidor europeo, normalmente informado y razonablemente atento y perspicaz.<\/p>\n<p>El tribunal nacional deber\u00e1 ahora comprobar si en el caso que se le ha sometido se cumplen los requisitos sentados por el Tribunal de Justicia, esto es, si con la reproducci\u00f3n por parte de la Soci\u00e9t\u00e9 Fromag\u00e8re du Livradois SAS de la \u201cl\u00ednea de ceniza\u201d se puede o no inducir a error al consumidor europeo (informado, atento y perspicaz) respecto del origen del queso en cuesti\u00f3n. Estaremos atentos a lo que acabe resolviendo el Tribunal de Casaci\u00f3n franc\u00e9s.<\/p>\n<p>En cualquier caso, la sentencia del Tribunal de Justicia que acabamos de comentar es u<strong>n nuevo ejemplo del amplio alcance de protecci\u00f3n que se est\u00e1 dando a las DO e IG protegidas y de la r\u00e1pida evoluci\u00f3n jurisprudencial que se est\u00e1 produciendo en esta materia;<\/strong> de ello sin duda pueden sentirse muy satisfechas las diferentes entidades\/organismos dedicadas a la protecci\u00f3n de esas DO.<\/p>\n<p>Antoni Roman\u00ed, diciembre 2020<\/p>\n<p><strong><span style=\"color: #a42400;\">RMA, Roman\u00ed Mart\u00ednez Alner<\/span><\/strong><\/p>\n","protected":false},"excerpt":{"rendered":"<p>En nuestro blog hemos dedicado ya diversas entradas a analizar el alcance de protecci\u00f3n de las DO y las IG y algunas resoluciones recientes de los Tribunales que han ayudado a configurarlo. As\u00ed, por ejemplo, en este post coment\u00e1bamos el caso de la DO Queso Manchego en el que se acab\u00f3 manifestando que las DO [&hellip;]<\/p>\n","protected":false},"author":3,"featured_media":0,"comment_status":"closed","ping_status":"closed","sticky":false,"template":"","format":"standard","meta":{"footnotes":""},"categories":[103],"tags":[178,13,234,267,424,425],"class_list":["post-26390","post","type-post","status-publish","format-standard","hentry","category-sin-categoria","tag-cuestion-prejudicial","tag-denominaciones-de-origen-ca","tag-evocacion","tag-indicaciones-geograficas-de-procedencia","tag-queso-manchego","tag-queso-morbier"],"yoast_head":"<!-- This site is optimized with the Yoast SEO plugin v25.9 - https:\/\/yoast.com\/wordpress\/plugins\/seo\/ -->\n<title>Va de quesos. Regalo de Navidad para las Denominaciones de Origen y las Indicaciones Geogr\u00e1ficas - Avocats du RMA<\/title>\n<meta name=\"robots\" content=\"index, follow, max-snippet:-1, max-image-preview:large, max-video-preview:-1\" \/>\n<link rel=\"canonical\" href=\"https:\/\/rma.legal\/fr\/va-de-quesos-regalo-de-navidad-para-las-denominaciones-de-origen-y-las-indicaciones-geograficas\/\" \/>\n<meta property=\"og:locale\" content=\"fr_FR\" \/>\n<meta property=\"og:type\" content=\"article\" \/>\n<meta property=\"og:title\" content=\"Va de quesos. Regalo de Navidad para las Denominaciones de Origen y las Indicaciones Geogr\u00e1ficas - Avocats du RMA\" \/>\n<meta property=\"og:description\" content=\"En nuestro blog hemos dedicado ya diversas entradas a analizar el alcance de protecci\u00f3n de las DO y las IG y algunas resoluciones recientes de los Tribunales que han ayudado a configurarlo. As\u00ed, por ejemplo, en este post coment\u00e1bamos el caso de la DO Queso Manchego en el que se acab\u00f3 manifestando que las DO [&hellip;]\" \/>\n<meta property=\"og:url\" content=\"https:\/\/rma.legal\/fr\/va-de-quesos-regalo-de-navidad-para-las-denominaciones-de-origen-y-las-indicaciones-geograficas\/\" \/>\n<meta property=\"og:site_name\" content=\"Avocats du RMA\" \/>\n<meta property=\"article:published_time\" content=\"2020-12-24T08:21:20+00:00\" \/>\n<meta property=\"article:modified_time\" content=\"2025-04-15T09:26:55+00:00\" \/>\n<meta property=\"og:image\" content=\"http:\/\/rma.legal\/wp-content\/uploads\/2020\/12\/MORBIER-300x247.jpg\" \/>\n<meta name=\"author\" content=\"Anton\u00ed Roman\u00ed\" \/>\n<meta name=\"twitter:card\" content=\"summary_large_image\" \/>\n<meta name=\"twitter:label1\" content=\"\u00c9crit par\" \/>\n\t<meta name=\"twitter:data1\" content=\"Anton\u00ed Roman\u00ed\" \/>\n\t<meta name=\"twitter:label2\" content=\"Dur\u00e9e de lecture estim\u00e9e\" \/>\n\t<meta name=\"twitter:data2\" content=\"4 minutes\" \/>\n<script type=\"application\/ld+json\" class=\"yoast-schema-graph\">{\"@context\":\"https:\/\/schema.org\",\"@graph\":[{\"@type\":\"Article\",\"@id\":\"https:\/\/rma.legal\/fr\/va-de-quesos-regalo-de-navidad-para-las-denominaciones-de-origen-y-las-indicaciones-geograficas\/#article\",\"isPartOf\":{\"@id\":\"https:\/\/rma.legal\/fr\/va-de-quesos-regalo-de-navidad-para-las-denominaciones-de-origen-y-las-indicaciones-geograficas\/\"},\"author\":{\"name\":\"Anton\u00ed Roman\u00ed\",\"@id\":\"https:\/\/rma.legal\/fr\/#\/schema\/person\/b63c3bc485a4ceb80b0f23d3247c6ac3\"},\"headline\":\"Va de quesos. Regalo de Navidad para las Denominaciones de Origen y las Indicaciones Geogr\u00e1ficas\",\"datePublished\":\"2020-12-24T08:21:20+00:00\",\"dateModified\":\"2025-04-15T09:26:55+00:00\",\"mainEntityOfPage\":{\"@id\":\"https:\/\/rma.legal\/fr\/va-de-quesos-regalo-de-navidad-para-las-denominaciones-de-origen-y-las-indicaciones-geograficas\/\"},\"wordCount\":911,\"publisher\":{\"@id\":\"https:\/\/rma.legal\/fr\/#organization\"},\"image\":{\"@id\":\"https:\/\/rma.legal\/fr\/va-de-quesos-regalo-de-navidad-para-las-denominaciones-de-origen-y-las-indicaciones-geograficas\/#primaryimage\"},\"thumbnailUrl\":\"http:\/\/rma.legal\/wp-content\/uploads\/2020\/12\/MORBIER-300x247.jpg\",\"keywords\":[\"cuesti\u00f3n prejudicial\",\"denominaciones de origen\",\"evocaci\u00f3n\",\"indicaciones geogr\u00e1ficas de procedencia\",\"queso Manchego\",\"queso Morbier\"],\"articleSection\":[\"Sin categor\u00eda\"],\"inLanguage\":\"fr-FR\"},{\"@type\":\"WebPage\",\"@id\":\"https:\/\/rma.legal\/fr\/va-de-quesos-regalo-de-navidad-para-las-denominaciones-de-origen-y-las-indicaciones-geograficas\/\",\"url\":\"https:\/\/rma.legal\/fr\/va-de-quesos-regalo-de-navidad-para-las-denominaciones-de-origen-y-las-indicaciones-geograficas\/\",\"name\":\"Va de quesos. Regalo de Navidad para las Denominaciones de Origen y las Indicaciones Geogr\u00e1ficas - Avocats du RMA\",\"isPartOf\":{\"@id\":\"https:\/\/rma.legal\/fr\/#website\"},\"primaryImageOfPage\":{\"@id\":\"https:\/\/rma.legal\/fr\/va-de-quesos-regalo-de-navidad-para-las-denominaciones-de-origen-y-las-indicaciones-geograficas\/#primaryimage\"},\"image\":{\"@id\":\"https:\/\/rma.legal\/fr\/va-de-quesos-regalo-de-navidad-para-las-denominaciones-de-origen-y-las-indicaciones-geograficas\/#primaryimage\"},\"thumbnailUrl\":\"http:\/\/rma.legal\/wp-content\/uploads\/2020\/12\/MORBIER-300x247.jpg\",\"datePublished\":\"2020-12-24T08:21:20+00:00\",\"dateModified\":\"2025-04-15T09:26:55+00:00\",\"breadcrumb\":{\"@id\":\"https:\/\/rma.legal\/fr\/va-de-quesos-regalo-de-navidad-para-las-denominaciones-de-origen-y-las-indicaciones-geograficas\/#breadcrumb\"},\"inLanguage\":\"fr-FR\",\"potentialAction\":[{\"@type\":\"ReadAction\",\"target\":[\"https:\/\/rma.legal\/fr\/va-de-quesos-regalo-de-navidad-para-las-denominaciones-de-origen-y-las-indicaciones-geograficas\/\"]}]},{\"@type\":\"ImageObject\",\"inLanguage\":\"fr-FR\",\"@id\":\"https:\/\/rma.legal\/fr\/va-de-quesos-regalo-de-navidad-para-las-denominaciones-de-origen-y-las-indicaciones-geograficas\/#primaryimage\",\"url\":\"http:\/\/rma.legal\/wp-content\/uploads\/2020\/12\/MORBIER-300x247.jpg\",\"contentUrl\":\"http:\/\/rma.legal\/wp-content\/uploads\/2020\/12\/MORBIER-300x247.jpg\"},{\"@type\":\"BreadcrumbList\",\"@id\":\"https:\/\/rma.legal\/fr\/va-de-quesos-regalo-de-navidad-para-las-denominaciones-de-origen-y-las-indicaciones-geograficas\/#breadcrumb\",\"itemListElement\":[{\"@type\":\"ListItem\",\"position\":1,\"name\":\"Portada\",\"item\":\"https:\/\/rma.legal\/fr\/\"},{\"@type\":\"ListItem\",\"position\":2,\"name\":\"Va de quesos. Regalo de Navidad para las Denominaciones de Origen y las Indicaciones Geogr\u00e1ficas\"}]},{\"@type\":\"WebSite\",\"@id\":\"https:\/\/rma.legal\/fr\/#website\",\"url\":\"https:\/\/rma.legal\/fr\/\",\"name\":\"Avocats du RMA\",\"description\":\"RMA Legal Abogados\",\"publisher\":{\"@id\":\"https:\/\/rma.legal\/fr\/#organization\"},\"potentialAction\":[{\"@type\":\"SearchAction\",\"target\":{\"@type\":\"EntryPoint\",\"urlTemplate\":\"https:\/\/rma.legal\/fr\/?s={search_term_string}\"},\"query-input\":{\"@type\":\"PropertyValueSpecification\",\"valueRequired\":true,\"valueName\":\"search_term_string\"}}],\"inLanguage\":\"fr-FR\"},{\"@type\":\"Organization\",\"@id\":\"https:\/\/rma.legal\/fr\/#organization\",\"name\":\"Avocats du RMA\",\"url\":\"https:\/\/rma.legal\/fr\/\",\"logo\":{\"@type\":\"ImageObject\",\"inLanguage\":\"fr-FR\",\"@id\":\"https:\/\/rma.legal\/fr\/#\/schema\/logo\/image\/\",\"url\":\"https:\/\/rma.legal\/wp-content\/uploads\/2025\/02\/Logo-rma-legal-invertido-footer-c-1.png\",\"contentUrl\":\"https:\/\/rma.legal\/wp-content\/uploads\/2025\/02\/Logo-rma-legal-invertido-footer-c-1.png\",\"width\":300,\"height\":125,\"caption\":\"Avocats du RMA\"},\"image\":{\"@id\":\"https:\/\/rma.legal\/fr\/#\/schema\/logo\/image\/\"}},{\"@type\":\"Person\",\"@id\":\"https:\/\/rma.legal\/fr\/#\/schema\/person\/b63c3bc485a4ceb80b0f23d3247c6ac3\",\"name\":\"Anton\u00ed Roman\u00ed\",\"image\":{\"@type\":\"ImageObject\",\"inLanguage\":\"fr-FR\",\"@id\":\"https:\/\/rma.legal\/fr\/#\/schema\/person\/image\/\",\"url\":\"https:\/\/secure.gravatar.com\/avatar\/f934a14d345552e589afbf4971cccbf6e435fea0dbed264e7156edbc39bd634b?s=96&d=mm&r=g\",\"contentUrl\":\"https:\/\/secure.gravatar.com\/avatar\/f934a14d345552e589afbf4971cccbf6e435fea0dbed264e7156edbc39bd634b?s=96&d=mm&r=g\",\"caption\":\"Anton\u00ed Roman\u00ed\"},\"url\":\"https:\/\/rma.legal\/fr\/author\/romani-martinez\/\"}]}<\/script>\n<!-- \/ Yoast SEO plugin. -->","yoast_head_json":{"title":"Va de quesos. Regalo de Navidad para las Denominaciones de Origen y las Indicaciones Geogr\u00e1ficas - Avocats du RMA","robots":{"index":"index","follow":"follow","max-snippet":"max-snippet:-1","max-image-preview":"max-image-preview:large","max-video-preview":"max-video-preview:-1"},"canonical":"https:\/\/rma.legal\/fr\/va-de-quesos-regalo-de-navidad-para-las-denominaciones-de-origen-y-las-indicaciones-geograficas\/","og_locale":"fr_FR","og_type":"article","og_title":"Va de quesos. Regalo de Navidad para las Denominaciones de Origen y las Indicaciones Geogr\u00e1ficas - Avocats du RMA","og_description":"En nuestro blog hemos dedicado ya diversas entradas a analizar el alcance de protecci\u00f3n de las DO y las IG y algunas resoluciones recientes de los Tribunales que han ayudado a configurarlo. As\u00ed, por ejemplo, en este post coment\u00e1bamos el caso de la DO Queso Manchego en el que se acab\u00f3 manifestando que las DO [&hellip;]","og_url":"https:\/\/rma.legal\/fr\/va-de-quesos-regalo-de-navidad-para-las-denominaciones-de-origen-y-las-indicaciones-geograficas\/","og_site_name":"Avocats du RMA","article_published_time":"2020-12-24T08:21:20+00:00","article_modified_time":"2025-04-15T09:26:55+00:00","og_image":[{"url":"http:\/\/rma.legal\/wp-content\/uploads\/2020\/12\/MORBIER-300x247.jpg","type":"","width":"","height":""}],"author":"Anton\u00ed Roman\u00ed","twitter_card":"summary_large_image","twitter_misc":{"\u00c9crit par":"Anton\u00ed Roman\u00ed","Dur\u00e9e de lecture estim\u00e9e":"4 minutes"},"schema":{"@context":"https:\/\/schema.org","@graph":[{"@type":"Article","@id":"https:\/\/rma.legal\/fr\/va-de-quesos-regalo-de-navidad-para-las-denominaciones-de-origen-y-las-indicaciones-geograficas\/#article","isPartOf":{"@id":"https:\/\/rma.legal\/fr\/va-de-quesos-regalo-de-navidad-para-las-denominaciones-de-origen-y-las-indicaciones-geograficas\/"},"author":{"name":"Anton\u00ed Roman\u00ed","@id":"https:\/\/rma.legal\/fr\/#\/schema\/person\/b63c3bc485a4ceb80b0f23d3247c6ac3"},"headline":"Va de quesos. Regalo de Navidad para las Denominaciones de Origen y las Indicaciones Geogr\u00e1ficas","datePublished":"2020-12-24T08:21:20+00:00","dateModified":"2025-04-15T09:26:55+00:00","mainEntityOfPage":{"@id":"https:\/\/rma.legal\/fr\/va-de-quesos-regalo-de-navidad-para-las-denominaciones-de-origen-y-las-indicaciones-geograficas\/"},"wordCount":911,"publisher":{"@id":"https:\/\/rma.legal\/fr\/#organization"},"image":{"@id":"https:\/\/rma.legal\/fr\/va-de-quesos-regalo-de-navidad-para-las-denominaciones-de-origen-y-las-indicaciones-geograficas\/#primaryimage"},"thumbnailUrl":"http:\/\/rma.legal\/wp-content\/uploads\/2020\/12\/MORBIER-300x247.jpg","keywords":["cuesti\u00f3n prejudicial","denominaciones de origen","evocaci\u00f3n","indicaciones geogr\u00e1ficas de procedencia","queso Manchego","queso Morbier"],"articleSection":["Sin categor\u00eda"],"inLanguage":"fr-FR"},{"@type":"WebPage","@id":"https:\/\/rma.legal\/fr\/va-de-quesos-regalo-de-navidad-para-las-denominaciones-de-origen-y-las-indicaciones-geograficas\/","url":"https:\/\/rma.legal\/fr\/va-de-quesos-regalo-de-navidad-para-las-denominaciones-de-origen-y-las-indicaciones-geograficas\/","name":"Va de quesos. Regalo de Navidad para las Denominaciones de Origen y las Indicaciones Geogr\u00e1ficas - Avocats du RMA","isPartOf":{"@id":"https:\/\/rma.legal\/fr\/#website"},"primaryImageOfPage":{"@id":"https:\/\/rma.legal\/fr\/va-de-quesos-regalo-de-navidad-para-las-denominaciones-de-origen-y-las-indicaciones-geograficas\/#primaryimage"},"image":{"@id":"https:\/\/rma.legal\/fr\/va-de-quesos-regalo-de-navidad-para-las-denominaciones-de-origen-y-las-indicaciones-geograficas\/#primaryimage"},"thumbnailUrl":"http:\/\/rma.legal\/wp-content\/uploads\/2020\/12\/MORBIER-300x247.jpg","datePublished":"2020-12-24T08:21:20+00:00","dateModified":"2025-04-15T09:26:55+00:00","breadcrumb":{"@id":"https:\/\/rma.legal\/fr\/va-de-quesos-regalo-de-navidad-para-las-denominaciones-de-origen-y-las-indicaciones-geograficas\/#breadcrumb"},"inLanguage":"fr-FR","potentialAction":[{"@type":"ReadAction","target":["https:\/\/rma.legal\/fr\/va-de-quesos-regalo-de-navidad-para-las-denominaciones-de-origen-y-las-indicaciones-geograficas\/"]}]},{"@type":"ImageObject","inLanguage":"fr-FR","@id":"https:\/\/rma.legal\/fr\/va-de-quesos-regalo-de-navidad-para-las-denominaciones-de-origen-y-las-indicaciones-geograficas\/#primaryimage","url":"http:\/\/rma.legal\/wp-content\/uploads\/2020\/12\/MORBIER-300x247.jpg","contentUrl":"http:\/\/rma.legal\/wp-content\/uploads\/2020\/12\/MORBIER-300x247.jpg"},{"@type":"BreadcrumbList","@id":"https:\/\/rma.legal\/fr\/va-de-quesos-regalo-de-navidad-para-las-denominaciones-de-origen-y-las-indicaciones-geograficas\/#breadcrumb","itemListElement":[{"@type":"ListItem","position":1,"name":"Portada","item":"https:\/\/rma.legal\/fr\/"},{"@type":"ListItem","position":2,"name":"Va de quesos. Regalo de Navidad para las Denominaciones de Origen y las Indicaciones Geogr\u00e1ficas"}]},{"@type":"WebSite","@id":"https:\/\/rma.legal\/fr\/#website","url":"https:\/\/rma.legal\/fr\/","name":"Avocats du RMA","description":"RMA Legal Abogados","publisher":{"@id":"https:\/\/rma.legal\/fr\/#organization"},"potentialAction":[{"@type":"SearchAction","target":{"@type":"EntryPoint","urlTemplate":"https:\/\/rma.legal\/fr\/?s={search_term_string}"},"query-input":{"@type":"PropertyValueSpecification","valueRequired":true,"valueName":"search_term_string"}}],"inLanguage":"fr-FR"},{"@type":"Organization","@id":"https:\/\/rma.legal\/fr\/#organization","name":"Avocats du RMA","url":"https:\/\/rma.legal\/fr\/","logo":{"@type":"ImageObject","inLanguage":"fr-FR","@id":"https:\/\/rma.legal\/fr\/#\/schema\/logo\/image\/","url":"https:\/\/rma.legal\/wp-content\/uploads\/2025\/02\/Logo-rma-legal-invertido-footer-c-1.png","contentUrl":"https:\/\/rma.legal\/wp-content\/uploads\/2025\/02\/Logo-rma-legal-invertido-footer-c-1.png","width":300,"height":125,"caption":"Avocats du RMA"},"image":{"@id":"https:\/\/rma.legal\/fr\/#\/schema\/logo\/image\/"}},{"@type":"Person","@id":"https:\/\/rma.legal\/fr\/#\/schema\/person\/b63c3bc485a4ceb80b0f23d3247c6ac3","name":"Anton\u00ed Roman\u00ed","image":{"@type":"ImageObject","inLanguage":"fr-FR","@id":"https:\/\/rma.legal\/fr\/#\/schema\/person\/image\/","url":"https:\/\/secure.gravatar.com\/avatar\/f934a14d345552e589afbf4971cccbf6e435fea0dbed264e7156edbc39bd634b?s=96&d=mm&r=g","contentUrl":"https:\/\/secure.gravatar.com\/avatar\/f934a14d345552e589afbf4971cccbf6e435fea0dbed264e7156edbc39bd634b?s=96&d=mm&r=g","caption":"Anton\u00ed Roman\u00ed"},"url":"https:\/\/rma.legal\/fr\/author\/romani-martinez\/"}]}},"_links":{"self":[{"href":"https:\/\/rma.legal\/fr\/wp-json\/wp\/v2\/posts\/26390","targetHints":{"allow":["GET"]}}],"collection":[{"href":"https:\/\/rma.legal\/fr\/wp-json\/wp\/v2\/posts"}],"about":[{"href":"https:\/\/rma.legal\/fr\/wp-json\/wp\/v2\/types\/post"}],"author":[{"embeddable":true,"href":"https:\/\/rma.legal\/fr\/wp-json\/wp\/v2\/users\/3"}],"replies":[{"embeddable":true,"href":"https:\/\/rma.legal\/fr\/wp-json\/wp\/v2\/comments?post=26390"}],"version-history":[{"count":1,"href":"https:\/\/rma.legal\/fr\/wp-json\/wp\/v2\/posts\/26390\/revisions"}],"predecessor-version":[{"id":29518,"href":"https:\/\/rma.legal\/fr\/wp-json\/wp\/v2\/posts\/26390\/revisions\/29518"}],"wp:attachment":[{"href":"https:\/\/rma.legal\/fr\/wp-json\/wp\/v2\/media?parent=26390"}],"wp:term":[{"taxonomy":"category","embeddable":true,"href":"https:\/\/rma.legal\/fr\/wp-json\/wp\/v2\/categories?post=26390"},{"taxonomy":"post_tag","embeddable":true,"href":"https:\/\/rma.legal\/fr\/wp-json\/wp\/v2\/tags?post=26390"}],"curies":[{"name":"wp","href":"https:\/\/api.w.org\/{rel}","templated":true}]}}