{"id":26291,"date":"2020-09-22T10:24:38","date_gmt":"2020-09-22T10:24:38","guid":{"rendered":"http:\/\/rma.legal\/?p=26291"},"modified":"2025-04-15T10:32:50","modified_gmt":"2025-04-15T10:32:50","slug":"la-importancia-de-llamarse-ernesto-y-escribirlo-bien","status":"publish","type":"post","link":"https:\/\/rma.legal\/fr\/la-importancia-de-llamarse-ernesto-y-escribirlo-bien\/","title":{"rendered":"La importancia de llamarse Ernesto \u2026 y escribirlo bien"},"content":{"rendered":"<p>&nbsp;<\/p>\n<p>&nbsp;<\/p>\n<p><img decoding=\"async\" class=\"alignnone  wp-image-26293 aligncenter\" src=\"http:\/\/rma.legal\/wp-content\/uploads\/2020\/09\/theimportance2.png\" alt=\"theimportance2\" width=\"273\" height=\"110\" \/><\/p>\n<p>&nbsp;<\/p>\n<p>Durante el confinamiento (esperemos que el primero y \u00faltimo) hemos tenido en el despacho un asunto que, si bien no s\u00e9 si calificarlo de curioso, s\u00ed que sirve para destacar la importancia que tienen los peque\u00f1os detalles.<\/p>\n<p>Aqu\u00ed ten\u00e9is los antecedentes necesarios para conocer la historia, guardando eso s\u00ed la confidencialidad de los protagonistas.<\/p>\n<p>Un cliente lleva comercializando en un mercado exterior, desde hace a\u00f1os y con \u00e9xito considerable, un determinado producto. Con pleno conocimiento, <strong>el cliente nunca lleg\u00f3 a registrar la marca que lo identificaba<\/strong>. No actu\u00f3 as\u00ed por ignorancia ni por amor al riesgo sino porque, al parecer, existe cierta pr\u00e1ctica en su sector de registrar \u00fanicamente la \u201cmarca de f\u00e1brica\u201d pero no las marcas que se utilizan para identificar concretos productos (es como si SEAT registrara s\u00f3lo esa marca y no IBIZA, LEON, ARONA, \u2026). Hemos de tener presente que se trata de un sector en el que cada a\u00f1o se lanzan diferentes productos.<\/p>\n<p>Pues bien, el cliente se levanta un d\u00eda con la desagradable sorpresa de un <strong>requerimiento del titular de una marca registrada recientemente<\/strong> y que resulta ser id\u00e9ntica a la que \u00e9l ven\u00eda utilizando y para los mismos productos. El amable requirente le instaba a que dejara de utilizar la marca o se atuviera a las consecuencias\u2026<\/p>\n<p>Aunque este \u201cproblema\u201d solo afectaba a un pa\u00eds, <strong>de facto se le convert\u00eda en un problema global<\/strong>, ya que resultaba extremadamente complicado a diferentes niveles identificar un mismo producto con diferentes marcas seg\u00fan el pa\u00eds en que se comercializara, lo que implicaba que o bien renunciaba a ese mercado o, si cambiaba de marca en ese pa\u00eds, el cambio deber\u00eda ser mundial, con los problemas de comunicaci\u00f3n y los costes econ\u00f3micos que ello conllevaba.<\/p>\n<p>En un primer an\u00e1lisis, <strong>los argumentos de defensa que el cliente ten\u00eda no parec\u00edan demasiados ni contundentes<\/strong>.<\/p>\n<p>Al margen de que todav\u00eda no hab\u00eda transcurrido el tiempo necesario para poder exigir al titular de la marca que probara que la estaba utilizando, todo parec\u00eda indicar que efectivamente era as\u00ed.<\/p>\n<p>Anular el registro resultaba igualmente complicado porque, de acuerdo con la legislaci\u00f3n nacional, el uso extrarregistral previo por parte de nuestro cliente no era suficiente.<\/p>\n<p>\u00bfMala fe del tercero al solicitar la marca? Uf, tampoco parec\u00eda demasiado clara esa opci\u00f3n, el titular de la marca registrada no tendr\u00eda excesivas dificultades para justificar que se trataba de una mera casualidad.<\/p>\n<p>Habr\u00eda que darle m\u00e1s vueltas al asunto. Y mirando, mirando, mirando, nos dimos cuenta de un peque\u00f1o detalle. <strong>La marca parec\u00eda estar registrada correctamente pero s\u00f3lo lo parec\u00eda.<\/strong> El producto contrario era relativamente t\u00e9cnico y la denominaci\u00f3n comercial que ten\u00eda ese producto hab\u00eda llevado a registrarlo en una clase y para unos productos que no eran realmente para los que se estaba utilizando.<\/p>\n<p>Para l@s que no lo sep\u00e1is, cuando se solicita una marca se ha de indicar para qu\u00e9 concretos productos o servicios se solicita el registro (zapatos, asesor\u00eda contable, tractores, \u2026). Pues bien, en este caso, el contrario hab\u00eda cometido un peque\u00f1o error, hab\u00eda registrado la marca para unos productos que se pod\u00edan parecer a los suyos, pero no eran exactamente esos. Por poneros un ejemplo, es como si alguien que comercializa zapatos de protecci\u00f3n hubiera registrado la marca para zapatos. Los productos se parecen (son ambos zapatos) pero, a efectos del registro de marcas, se encuentran en dos clases diferentes.<\/p>\n<p>A<strong> partir de ese error, pudimos construir una estructura jur\u00eddica de defensa que nos permitiera mejorar la posici\u00f3n del cliente<\/strong>. Como comprender\u00e9is no es este el lugar para explicar la estrategia jur\u00eddica desarrollada\u2026 Si ten\u00e9is un problema parecido y os pas\u00e1is por nuestras oficinas, igual podemos comentarla.<\/p>\n<p>Con toda esta historia, lo que quer\u00edamos destacar es que, a veces, \u201c<strong>peque\u00f1os\u201d detalles a los que en muchas ocasiones no se les da importancia e incluso se minusvalora, como puede ser clasificar correctamente los productos o servicios para los que se solicita el registro de una marca, pueden acabar siendo muy relevantes.<\/strong><\/p>\n<p>De ah\u00ed que, en derecho de marcas, sea casi tan importante llamarse Ernesto como saber escribirlo bien.<\/p>\n<p>&nbsp;<\/p>\n<p>&nbsp;<\/p>\n","protected":false},"excerpt":{"rendered":"<p>&nbsp; &nbsp; &nbsp; Durante el confinamiento (esperemos que el primero y \u00faltimo) hemos tenido en el despacho un asunto que, si bien no s\u00e9 si calificarlo de curioso, s\u00ed que sirve para destacar la importancia que tienen los peque\u00f1os detalles. Aqu\u00ed ten\u00e9is los antecedentes necesarios para conocer la historia, guardando eso s\u00ed la confidencialidad de [&hellip;]<\/p>\n","protected":false},"author":10,"featured_media":0,"comment_status":"closed","ping_status":"closed","sticky":false,"template":"","format":"standard","meta":{"footnotes":""},"categories":[103],"tags":[151,193,40,352,398,69],"class_list":["post-26291","post","type-post","status-publish","format-standard","hentry","category-sin-categoria","tag-clasificacion-de-niza","tag-derecho-de-marcas","tag-marcas-ca","tag-nomenclator-internacional","tag-productos-y-servicios","tag-registro-de-marcas-ca"],"yoast_head":"<!-- This site is optimized with the Yoast SEO plugin v25.9 - https:\/\/yoast.com\/wordpress\/plugins\/seo\/ -->\n<title>La importancia de llamarse Ernesto \u2026 y escribirlo bien - Avocats du RMA<\/title>\n<meta name=\"robots\" content=\"index, follow, max-snippet:-1, max-image-preview:large, max-video-preview:-1\" \/>\n<link rel=\"canonical\" href=\"https:\/\/rma.legal\/fr\/la-importancia-de-llamarse-ernesto-y-escribirlo-bien\/\" \/>\n<meta property=\"og:locale\" content=\"fr_FR\" \/>\n<meta property=\"og:type\" content=\"article\" \/>\n<meta property=\"og:title\" content=\"La importancia de llamarse Ernesto \u2026 y escribirlo bien - Avocats du RMA\" \/>\n<meta property=\"og:description\" content=\"&nbsp; &nbsp; &nbsp; Durante el confinamiento (esperemos que el primero y \u00faltimo) hemos tenido en el despacho un asunto que, si bien no s\u00e9 si calificarlo de curioso, s\u00ed que sirve para destacar la importancia que tienen los peque\u00f1os detalles. Aqu\u00ed ten\u00e9is los antecedentes necesarios para conocer la historia, guardando eso s\u00ed la confidencialidad de [&hellip;]\" \/>\n<meta property=\"og:url\" content=\"https:\/\/rma.legal\/fr\/la-importancia-de-llamarse-ernesto-y-escribirlo-bien\/\" \/>\n<meta property=\"og:site_name\" content=\"Avocats du RMA\" \/>\n<meta property=\"article:published_time\" content=\"2020-09-22T10:24:38+00:00\" \/>\n<meta property=\"article:modified_time\" content=\"2025-04-15T10:32:50+00:00\" \/>\n<meta property=\"og:image\" content=\"http:\/\/rma.legal\/wp-content\/uploads\/2020\/09\/theimportance2.png\" \/>\n<meta name=\"author\" content=\"Jose Mora\" \/>\n<meta name=\"twitter:card\" content=\"summary_large_image\" \/>\n<meta name=\"twitter:label1\" content=\"\u00c9crit par\" \/>\n\t<meta name=\"twitter:data1\" content=\"Jose Mora\" \/>\n\t<meta name=\"twitter:label2\" content=\"Dur\u00e9e de lecture estim\u00e9e\" \/>\n\t<meta name=\"twitter:data2\" content=\"4 minutes\" \/>\n<script type=\"application\/ld+json\" class=\"yoast-schema-graph\">{\"@context\":\"https:\/\/schema.org\",\"@graph\":[{\"@type\":\"Article\",\"@id\":\"https:\/\/rma.legal\/fr\/la-importancia-de-llamarse-ernesto-y-escribirlo-bien\/#article\",\"isPartOf\":{\"@id\":\"https:\/\/rma.legal\/fr\/la-importancia-de-llamarse-ernesto-y-escribirlo-bien\/\"},\"author\":{\"name\":\"Jose Mora\",\"@id\":\"https:\/\/rma.legal\/fr\/#\/schema\/person\/2217bc656ad38dc7e02df92e880ec411\"},\"headline\":\"La importancia de llamarse Ernesto \u2026 y escribirlo bien\",\"datePublished\":\"2020-09-22T10:24:38+00:00\",\"dateModified\":\"2025-04-15T10:32:50+00:00\",\"mainEntityOfPage\":{\"@id\":\"https:\/\/rma.legal\/fr\/la-importancia-de-llamarse-ernesto-y-escribirlo-bien\/\"},\"wordCount\":740,\"publisher\":{\"@id\":\"https:\/\/rma.legal\/fr\/#organization\"},\"image\":{\"@id\":\"https:\/\/rma.legal\/fr\/la-importancia-de-llamarse-ernesto-y-escribirlo-bien\/#primaryimage\"},\"thumbnailUrl\":\"http:\/\/rma.legal\/wp-content\/uploads\/2020\/09\/theimportance2.png\",\"keywords\":[\"clasificaci\u00f3n de niza\",\"derecho de marcas\",\"marcas\",\"nomenclator internacional\",\"productos y servicios\",\"registro de marcas\"],\"articleSection\":[\"Sin categor\u00eda\"],\"inLanguage\":\"fr-FR\"},{\"@type\":\"WebPage\",\"@id\":\"https:\/\/rma.legal\/fr\/la-importancia-de-llamarse-ernesto-y-escribirlo-bien\/\",\"url\":\"https:\/\/rma.legal\/fr\/la-importancia-de-llamarse-ernesto-y-escribirlo-bien\/\",\"name\":\"La importancia de llamarse Ernesto \u2026 y escribirlo bien - Avocats du RMA\",\"isPartOf\":{\"@id\":\"https:\/\/rma.legal\/fr\/#website\"},\"primaryImageOfPage\":{\"@id\":\"https:\/\/rma.legal\/fr\/la-importancia-de-llamarse-ernesto-y-escribirlo-bien\/#primaryimage\"},\"image\":{\"@id\":\"https:\/\/rma.legal\/fr\/la-importancia-de-llamarse-ernesto-y-escribirlo-bien\/#primaryimage\"},\"thumbnailUrl\":\"http:\/\/rma.legal\/wp-content\/uploads\/2020\/09\/theimportance2.png\",\"datePublished\":\"2020-09-22T10:24:38+00:00\",\"dateModified\":\"2025-04-15T10:32:50+00:00\",\"breadcrumb\":{\"@id\":\"https:\/\/rma.legal\/fr\/la-importancia-de-llamarse-ernesto-y-escribirlo-bien\/#breadcrumb\"},\"inLanguage\":\"fr-FR\",\"potentialAction\":[{\"@type\":\"ReadAction\",\"target\":[\"https:\/\/rma.legal\/fr\/la-importancia-de-llamarse-ernesto-y-escribirlo-bien\/\"]}]},{\"@type\":\"ImageObject\",\"inLanguage\":\"fr-FR\",\"@id\":\"https:\/\/rma.legal\/fr\/la-importancia-de-llamarse-ernesto-y-escribirlo-bien\/#primaryimage\",\"url\":\"http:\/\/rma.legal\/wp-content\/uploads\/2020\/09\/theimportance2.png\",\"contentUrl\":\"http:\/\/rma.legal\/wp-content\/uploads\/2020\/09\/theimportance2.png\"},{\"@type\":\"BreadcrumbList\",\"@id\":\"https:\/\/rma.legal\/fr\/la-importancia-de-llamarse-ernesto-y-escribirlo-bien\/#breadcrumb\",\"itemListElement\":[{\"@type\":\"ListItem\",\"position\":1,\"name\":\"Portada\",\"item\":\"https:\/\/rma.legal\/fr\/\"},{\"@type\":\"ListItem\",\"position\":2,\"name\":\"La importancia de llamarse Ernesto \u2026 y escribirlo bien\"}]},{\"@type\":\"WebSite\",\"@id\":\"https:\/\/rma.legal\/fr\/#website\",\"url\":\"https:\/\/rma.legal\/fr\/\",\"name\":\"Avocats du RMA\",\"description\":\"RMA Legal Abogados\",\"publisher\":{\"@id\":\"https:\/\/rma.legal\/fr\/#organization\"},\"potentialAction\":[{\"@type\":\"SearchAction\",\"target\":{\"@type\":\"EntryPoint\",\"urlTemplate\":\"https:\/\/rma.legal\/fr\/?s={search_term_string}\"},\"query-input\":{\"@type\":\"PropertyValueSpecification\",\"valueRequired\":true,\"valueName\":\"search_term_string\"}}],\"inLanguage\":\"fr-FR\"},{\"@type\":\"Organization\",\"@id\":\"https:\/\/rma.legal\/fr\/#organization\",\"name\":\"Avocats du RMA\",\"url\":\"https:\/\/rma.legal\/fr\/\",\"logo\":{\"@type\":\"ImageObject\",\"inLanguage\":\"fr-FR\",\"@id\":\"https:\/\/rma.legal\/fr\/#\/schema\/logo\/image\/\",\"url\":\"https:\/\/rma.legal\/wp-content\/uploads\/2025\/02\/Logo-rma-legal-invertido-footer-c-1.png\",\"contentUrl\":\"https:\/\/rma.legal\/wp-content\/uploads\/2025\/02\/Logo-rma-legal-invertido-footer-c-1.png\",\"width\":300,\"height\":125,\"caption\":\"Avocats du RMA\"},\"image\":{\"@id\":\"https:\/\/rma.legal\/fr\/#\/schema\/logo\/image\/\"}},{\"@type\":\"Person\",\"@id\":\"https:\/\/rma.legal\/fr\/#\/schema\/person\/2217bc656ad38dc7e02df92e880ec411\",\"name\":\"Jose Mora\",\"image\":{\"@type\":\"ImageObject\",\"inLanguage\":\"fr-FR\",\"@id\":\"https:\/\/rma.legal\/fr\/#\/schema\/person\/image\/\",\"url\":\"https:\/\/secure.gravatar.com\/avatar\/ddce0375828650929956779177e55b3ec592db516b09cda0d59d5f7e393b0791?s=96&d=mm&r=g\",\"contentUrl\":\"https:\/\/secure.gravatar.com\/avatar\/ddce0375828650929956779177e55b3ec592db516b09cda0d59d5f7e393b0791?s=96&d=mm&r=g\",\"caption\":\"Jose Mora\"},\"url\":\"https:\/\/rma.legal\/fr\/author\/jose-mora\/\"}]}<\/script>\n<!-- \/ Yoast SEO plugin. -->","yoast_head_json":{"title":"La importancia de llamarse Ernesto \u2026 y escribirlo bien - Avocats du RMA","robots":{"index":"index","follow":"follow","max-snippet":"max-snippet:-1","max-image-preview":"max-image-preview:large","max-video-preview":"max-video-preview:-1"},"canonical":"https:\/\/rma.legal\/fr\/la-importancia-de-llamarse-ernesto-y-escribirlo-bien\/","og_locale":"fr_FR","og_type":"article","og_title":"La importancia de llamarse Ernesto \u2026 y escribirlo bien - Avocats du RMA","og_description":"&nbsp; &nbsp; &nbsp; Durante el confinamiento (esperemos que el primero y \u00faltimo) hemos tenido en el despacho un asunto que, si bien no s\u00e9 si calificarlo de curioso, s\u00ed que sirve para destacar la importancia que tienen los peque\u00f1os detalles. Aqu\u00ed ten\u00e9is los antecedentes necesarios para conocer la historia, guardando eso s\u00ed la confidencialidad de [&hellip;]","og_url":"https:\/\/rma.legal\/fr\/la-importancia-de-llamarse-ernesto-y-escribirlo-bien\/","og_site_name":"Avocats du RMA","article_published_time":"2020-09-22T10:24:38+00:00","article_modified_time":"2025-04-15T10:32:50+00:00","og_image":[{"url":"http:\/\/rma.legal\/wp-content\/uploads\/2020\/09\/theimportance2.png","type":"","width":"","height":""}],"author":"Jose Mora","twitter_card":"summary_large_image","twitter_misc":{"\u00c9crit par":"Jose Mora","Dur\u00e9e de lecture estim\u00e9e":"4 minutes"},"schema":{"@context":"https:\/\/schema.org","@graph":[{"@type":"Article","@id":"https:\/\/rma.legal\/fr\/la-importancia-de-llamarse-ernesto-y-escribirlo-bien\/#article","isPartOf":{"@id":"https:\/\/rma.legal\/fr\/la-importancia-de-llamarse-ernesto-y-escribirlo-bien\/"},"author":{"name":"Jose Mora","@id":"https:\/\/rma.legal\/fr\/#\/schema\/person\/2217bc656ad38dc7e02df92e880ec411"},"headline":"La importancia de llamarse Ernesto \u2026 y escribirlo bien","datePublished":"2020-09-22T10:24:38+00:00","dateModified":"2025-04-15T10:32:50+00:00","mainEntityOfPage":{"@id":"https:\/\/rma.legal\/fr\/la-importancia-de-llamarse-ernesto-y-escribirlo-bien\/"},"wordCount":740,"publisher":{"@id":"https:\/\/rma.legal\/fr\/#organization"},"image":{"@id":"https:\/\/rma.legal\/fr\/la-importancia-de-llamarse-ernesto-y-escribirlo-bien\/#primaryimage"},"thumbnailUrl":"http:\/\/rma.legal\/wp-content\/uploads\/2020\/09\/theimportance2.png","keywords":["clasificaci\u00f3n de niza","derecho de marcas","marcas","nomenclator internacional","productos y servicios","registro de marcas"],"articleSection":["Sin categor\u00eda"],"inLanguage":"fr-FR"},{"@type":"WebPage","@id":"https:\/\/rma.legal\/fr\/la-importancia-de-llamarse-ernesto-y-escribirlo-bien\/","url":"https:\/\/rma.legal\/fr\/la-importancia-de-llamarse-ernesto-y-escribirlo-bien\/","name":"La importancia de llamarse Ernesto \u2026 y escribirlo bien - Avocats du RMA","isPartOf":{"@id":"https:\/\/rma.legal\/fr\/#website"},"primaryImageOfPage":{"@id":"https:\/\/rma.legal\/fr\/la-importancia-de-llamarse-ernesto-y-escribirlo-bien\/#primaryimage"},"image":{"@id":"https:\/\/rma.legal\/fr\/la-importancia-de-llamarse-ernesto-y-escribirlo-bien\/#primaryimage"},"thumbnailUrl":"http:\/\/rma.legal\/wp-content\/uploads\/2020\/09\/theimportance2.png","datePublished":"2020-09-22T10:24:38+00:00","dateModified":"2025-04-15T10:32:50+00:00","breadcrumb":{"@id":"https:\/\/rma.legal\/fr\/la-importancia-de-llamarse-ernesto-y-escribirlo-bien\/#breadcrumb"},"inLanguage":"fr-FR","potentialAction":[{"@type":"ReadAction","target":["https:\/\/rma.legal\/fr\/la-importancia-de-llamarse-ernesto-y-escribirlo-bien\/"]}]},{"@type":"ImageObject","inLanguage":"fr-FR","@id":"https:\/\/rma.legal\/fr\/la-importancia-de-llamarse-ernesto-y-escribirlo-bien\/#primaryimage","url":"http:\/\/rma.legal\/wp-content\/uploads\/2020\/09\/theimportance2.png","contentUrl":"http:\/\/rma.legal\/wp-content\/uploads\/2020\/09\/theimportance2.png"},{"@type":"BreadcrumbList","@id":"https:\/\/rma.legal\/fr\/la-importancia-de-llamarse-ernesto-y-escribirlo-bien\/#breadcrumb","itemListElement":[{"@type":"ListItem","position":1,"name":"Portada","item":"https:\/\/rma.legal\/fr\/"},{"@type":"ListItem","position":2,"name":"La importancia de llamarse Ernesto \u2026 y escribirlo bien"}]},{"@type":"WebSite","@id":"https:\/\/rma.legal\/fr\/#website","url":"https:\/\/rma.legal\/fr\/","name":"Avocats du RMA","description":"RMA Legal Abogados","publisher":{"@id":"https:\/\/rma.legal\/fr\/#organization"},"potentialAction":[{"@type":"SearchAction","target":{"@type":"EntryPoint","urlTemplate":"https:\/\/rma.legal\/fr\/?s={search_term_string}"},"query-input":{"@type":"PropertyValueSpecification","valueRequired":true,"valueName":"search_term_string"}}],"inLanguage":"fr-FR"},{"@type":"Organization","@id":"https:\/\/rma.legal\/fr\/#organization","name":"Avocats du RMA","url":"https:\/\/rma.legal\/fr\/","logo":{"@type":"ImageObject","inLanguage":"fr-FR","@id":"https:\/\/rma.legal\/fr\/#\/schema\/logo\/image\/","url":"https:\/\/rma.legal\/wp-content\/uploads\/2025\/02\/Logo-rma-legal-invertido-footer-c-1.png","contentUrl":"https:\/\/rma.legal\/wp-content\/uploads\/2025\/02\/Logo-rma-legal-invertido-footer-c-1.png","width":300,"height":125,"caption":"Avocats du RMA"},"image":{"@id":"https:\/\/rma.legal\/fr\/#\/schema\/logo\/image\/"}},{"@type":"Person","@id":"https:\/\/rma.legal\/fr\/#\/schema\/person\/2217bc656ad38dc7e02df92e880ec411","name":"Jose Mora","image":{"@type":"ImageObject","inLanguage":"fr-FR","@id":"https:\/\/rma.legal\/fr\/#\/schema\/person\/image\/","url":"https:\/\/secure.gravatar.com\/avatar\/ddce0375828650929956779177e55b3ec592db516b09cda0d59d5f7e393b0791?s=96&d=mm&r=g","contentUrl":"https:\/\/secure.gravatar.com\/avatar\/ddce0375828650929956779177e55b3ec592db516b09cda0d59d5f7e393b0791?s=96&d=mm&r=g","caption":"Jose Mora"},"url":"https:\/\/rma.legal\/fr\/author\/jose-mora\/"}]}},"_links":{"self":[{"href":"https:\/\/rma.legal\/fr\/wp-json\/wp\/v2\/posts\/26291","targetHints":{"allow":["GET"]}}],"collection":[{"href":"https:\/\/rma.legal\/fr\/wp-json\/wp\/v2\/posts"}],"about":[{"href":"https:\/\/rma.legal\/fr\/wp-json\/wp\/v2\/types\/post"}],"author":[{"embeddable":true,"href":"https:\/\/rma.legal\/fr\/wp-json\/wp\/v2\/users\/10"}],"replies":[{"embeddable":true,"href":"https:\/\/rma.legal\/fr\/wp-json\/wp\/v2\/comments?post=26291"}],"version-history":[{"count":2,"href":"https:\/\/rma.legal\/fr\/wp-json\/wp\/v2\/posts\/26291\/revisions"}],"predecessor-version":[{"id":30325,"href":"https:\/\/rma.legal\/fr\/wp-json\/wp\/v2\/posts\/26291\/revisions\/30325"}],"wp:attachment":[{"href":"https:\/\/rma.legal\/fr\/wp-json\/wp\/v2\/media?parent=26291"}],"wp:term":[{"taxonomy":"category","embeddable":true,"href":"https:\/\/rma.legal\/fr\/wp-json\/wp\/v2\/categories?post=26291"},{"taxonomy":"post_tag","embeddable":true,"href":"https:\/\/rma.legal\/fr\/wp-json\/wp\/v2\/tags?post=26291"}],"curies":[{"name":"wp","href":"https:\/\/api.w.org\/{rel}","templated":true}]}}