{"id":26201,"date":"2020-03-03T11:44:22","date_gmt":"2020-03-03T11:44:22","guid":{"rendered":"http:\/\/rma.legal\/?p=26201"},"modified":"2025-04-15T10:22:29","modified_gmt":"2025-04-15T10:22:29","slug":"cultura-de-la-reparacion-vs-obsolescencia-programada-por-que-no-una-excepcion-general-de-reparacion","status":"publish","type":"post","link":"https:\/\/rma.legal\/fr\/cultura-de-la-reparacion-vs-obsolescencia-programada-por-que-no-una-excepcion-general-de-reparacion\/","title":{"rendered":"Cultura de la reparaci\u00f3n vs obsolescencia programada. \u00bfPor qu\u00e9 no una excepci\u00f3n general de reparaci\u00f3n?"},"content":{"rendered":"<p>&nbsp;<\/p>\n<p><img decoding=\"async\" class=\"size-medium wp-image-26202 aligncenter\" src=\"http:\/\/rma.legal\/wp-content\/uploads\/2020\/03\/absolescencia-300x112.png\" alt=\"absolescencia\" width=\"300\" height=\"112\" srcset=\"https:\/\/rma.legal\/wp-content\/uploads\/2020\/03\/absolescencia-300x112.png 300w, https:\/\/rma.legal\/wp-content\/uploads\/2020\/03\/absolescencia.png 662w\" sizes=\"(max-width: 300px) 100vw, 300px\" \/><\/p>\n<p style=\"text-align: center;\">\n<p><img decoding=\"async\" class=\"alignnone size-medium wp-image-26203 aligncenter\" src=\"http:\/\/rma.legal\/wp-content\/uploads\/2020\/03\/manifiesto-de-autoreparacion-BANER-300x105.png\" alt=\"manifiesto de autoreparacion BANER\" width=\"300\" height=\"105\" srcset=\"https:\/\/rma.legal\/wp-content\/uploads\/2020\/03\/manifiesto-de-autoreparacion-BANER-300x105.png 300w, https:\/\/rma.legal\/wp-content\/uploads\/2020\/03\/manifiesto-de-autoreparacion-BANER.png 700w\" sizes=\"(max-width: 300px) 100vw, 300px\" \/><\/p>\n<p>La pregunta sobre una posible \u201c<strong>excepci\u00f3n de reparaci\u00f3n<\/strong>\u201d, aplicable de forma general a todos los derechos de Propiedad Industrial e Intelectual (PI en adelante), solo pretende ser una incitaci\u00f3n al debate que, en nuestro caso, surge a ra\u00edz de un <a href=\"http:\/\/ipkitten.blogspot.com\/2020\/02\/can-you-fix-it-tension-between-right-to.html\">comentario en el blog The IPkat<\/a> en relaci\u00f3n a esta cuesti\u00f3n y una reciente charla de una colega acerca de los <a href=\"http:\/\/www.icab.es\/?go=eaf9d1a0ec5f1dc58757ad6cffdacedb1a58854a600312cc8ae6ed9d52eec0407eca6ff44b1112d4a4ad31b35a1469ff7ff0c94105e71d86e162d3c33f12065839cae861faaacb9d\"><em>&lsquo;Derechos de dise\u00f1o y competencia en el mercado de las piezas de recambio&rsquo;<\/em><\/a>.<\/p>\n<p>A modo de simple reflexi\u00f3n, y por tanto sin pretender abordar un an\u00e1lisis del tema, es evidente que la cuesti\u00f3n trasciende lo simplemente jur\u00eddico deviniendo claramente una opci\u00f3n de pol\u00edtica legislativa cuando no, abiertamente, una cuesti\u00f3n pol\u00edtica en toda regla.<\/p>\n<p>En nuestro derecho la \u00fanica excepci\u00f3n que de forma expl\u00edcita se refiere a esta tensi\u00f3n (entre el\u00a0 llamado \u201cderecho a reparar\u201d y los derechos de PI), es la denominada \u201c<strong>cl\u00e1usula de reparaci\u00f3n<\/strong>\u201d prevista en las disposiciones transitorias incluidas en el art. 14 de la <a href=\"https:\/\/eur-lex.europa.eu\/legal-content\/ES\/TXT\/HTML\/?uri=CELEX:31998L0071&amp;from=ES\">Directiva 98\/71\/CE<\/a> sobre dibujos y modelos, el art. 110 del <a href=\"https:\/\/euipo.europa.eu\/tunnel-web\/secure\/webdav\/guest\/document_library\/contentPdfs\/law_and_practice\/cdr_legal_basis\/62002_cv_es.pdf\" target=\"_blank\">Reglamento 6\/2002<\/a> y la disposici\u00f3n transitoria tercera de nuestra <a href=\"https:\/\/www.boe.es\/buscar\/doc.php?id=BOE-A-2003-13615\" target=\"_blank\">Ley de 20\/2003 de Dise\u00f1o Industrial<\/a>, seg\u00fan la cual <strong>el titular del dise\u00f1o no podr\u00e1 impedir su uso\/explotaci\u00f3n por terceros cuando se refiera a componentes de un producto complejo que se utiliza para devolverle su apariencia inicial,<\/strong> esto es, para repararlo.<\/p>\n<p><strong>La existencia de este l\u00edmite o excepci\u00f3n al derecho de dise\u00f1o no parece que sea algo evidente<\/strong> como ilustra el hecho de que no est\u00e9 previsto para otros derechos de PI y que, incluso en el caso del dise\u00f1o, no est\u00e9 reconocido en todos los pa\u00edses de la UE.\u00a0 La propia antig\u00fcedad de esa disposici\u00f3n transitoria, incluida en la Directiva de 1998 tras un largo tira y afloja, demuestra que es un debate que sigue abierto no obstante el tiempo transcurrido. De hecho la aplicaci\u00f3n de esta excepci\u00f3n\u00a0 a las llantas de autom\u00f3viles ha sido objeto de una <strong>cuesti\u00f3n prejudicial<\/strong> resuelta por el Tribunal de Justicia de la UE en <a href=\"https:\/\/eur-lex.europa.eu\/legal-content\/ES\/TXT\/?uri=CELEX:62016CJ0397\" target=\"_blank\">Sentencia de 20\/12\/2017<\/a><\/p>\n<p>En todos estos a\u00f1os no hay duda de que los derechos de PI se han visto reforzados en muchos aspectos, sin que los movimientos en su contra, tanto en el mundo de las patentes, como en el de los derechos de propiedad intelectual, hayan conseguido cuestionar <strong>su importante papel en la econom\u00eda actual de los pa\u00edses desarrollados.<\/strong><\/p>\n<p>Sin embargo, al mismo tiempo, en estos mismos pa\u00edses se ha desarrollado <strong>una fuerte conciencia ecol\u00f3gica<\/strong> que se rebela contra el consumismo y q<strong>ue aboga por la reutilizaci\u00f3n<\/strong> (y, por tanto, la reparaci\u00f3n) de todo aquello que pueda evitar tener que simplemente tirarse. Existen <a href=\"https:\/\/repair.org\/\" target=\"_blank\">asociaciones<\/a> a favor del \u201cderecho a reparar\u201d, algunas con un vistoso <a href=\"https:\/\/es.ifixit.com\/Manifesto\" target=\"_blank\">manifiesto por la \u201cautoreparaci\u00f3n\u201d<\/a>.<\/p>\n<p><img fetchpriority=\"high\" decoding=\"async\" class=\"alignnone size-medium wp-image-26204 aligncenter\" src=\"http:\/\/rma.legal\/wp-content\/uploads\/2020\/03\/manifiesto-de-autoreparacion-completo.png-208x300.jpg\" alt=\"manifiesto de autoreparacion completo.png\" width=\"208\" height=\"300\" srcset=\"https:\/\/rma.legal\/wp-content\/uploads\/2020\/03\/manifiesto-de-autoreparacion-completo.png-208x300.jpg 208w, https:\/\/rma.legal\/wp-content\/uploads\/2020\/03\/manifiesto-de-autoreparacion-completo.png-709x1024.jpg 709w, https:\/\/rma.legal\/wp-content\/uploads\/2020\/03\/manifiesto-de-autoreparacion-completo.png-768x1109.jpg 768w, https:\/\/rma.legal\/wp-content\/uploads\/2020\/03\/manifiesto-de-autoreparacion-completo.png.jpg 808w\" sizes=\"(max-width: 208px) 100vw, 208px\" \/><\/p>\n<p>En este contexto \u00bf<strong>ser\u00eda justificable, defendible, aconsejable, el establecimiento de una excepci\u00f3n general a los derechos de PI que promueva y proteja el derecho a reparar?<\/strong><\/p>\n<p>Se tratar\u00eda de extender una previsi\u00f3n como la incluida en la normativa de dise\u00f1o a otras ramas, singularmente a las patentes y algunos derechos de propiedad intelectual. No parece, en cambio, que a priori tuviera mucho sentido (o justificaci\u00f3n) en el \u00e1mbito de las marcas.<\/p>\n<p>Es indudable que existen muchos intereses contrapuestos por lo que <strong>la soluci\u00f3n no parece sencilla<\/strong> ni, desde luego, pac\u00edfica.<\/p>\n<p>Podr\u00eda ser defendible una excepci\u00f3n o limitaci\u00f3n de este tipo respecto de los fabricantes de un producto en relaci\u00f3n a los distintos componentes del mismo cuando tales componentes est\u00e1n protegidos por un derecho de IP que pertenece al mismo fabricante, lo que, por ejemplo, permitir\u00eda acudir al mercado secundario de piezas de recambio para poder substituir (reparar) el componente de una lavadora o cualquier otro producto imaginable. Sin embargo la cosa puede devenir injustificada o poco razonable si los derechos sobre ese componente pertenecen a un tercero (proveedor del fabricante del producto complejo) que, en pura l\u00f3gica, tambi\u00e9n ha de poder hacer valer su derecho de exclusiva en el mercado secundario de la reparaci\u00f3n.<\/p>\n<p>La multiplicidad de supuestos e intereses y los evidentes efectos que en determinados sectores podr\u00edan tener unas disposiciones de este tipo hacen dif\u00edcil imaginar que puedan prosperar con facilidad por mucho que socialmente se reproche cada vez m\u00e1s el antes casi inocuo \u201c<em>usar y tirar\u201d.<\/em><\/p>\n<p>En este contexto, con tanta multiplicidad de perspectivas, es donde siempre resultan especialmente \u00fatiles instituciones jur\u00eddicas flexibles, <strong>como la doctrina norteamericana del\u00a0 <a href=\"https:\/\/www.wipo.int\/edocs\/mdocs\/mdocs\/en\/wipo_ipr_ge_11\/wipo_ipr_ge_11_topic6-related1.pdf\">\u201cfair use\u201d<\/a> <\/strong>en el \u00e1mbito de la propiedad intelectual que, mutatis mutandi, podr\u00eda servir para satisfacer esta nueva necesidad social y pol\u00edtica.<\/p>\n<p><img loading=\"lazy\" decoding=\"async\" class=\" wp-image-26205 aligncenter\" src=\"http:\/\/rma.legal\/wp-content\/uploads\/2020\/03\/fair-use.png\" alt=\"fair use\" width=\"142\" height=\"125\" \/><\/p>\n","protected":false},"excerpt":{"rendered":"<p>&nbsp; La pregunta sobre una posible \u201cexcepci\u00f3n de reparaci\u00f3n\u201d, aplicable de forma general a todos los derechos de Propiedad Industrial e Intelectual (PI en adelante), solo pretende ser una incitaci\u00f3n al debate que, en nuestro caso, surge a ra\u00edz de un comentario en el blog The IPkat en relaci\u00f3n a esta cuesti\u00f3n y una reciente [&hellip;]<\/p>\n","protected":false},"author":9,"featured_media":0,"comment_status":"closed","ping_status":"open","sticky":false,"template":"","format":"standard","meta":{"footnotes":""},"categories":[103],"tags":[132,9,154,213,22,29,302,365,55,381,56],"class_list":["post-26201","post","type-post","status-publish","format-standard","hentry","category-sin-categoria","tag-autoreparacion","tag-clausula-de-reparacion-ca","tag-clausula-must-match","tag-diseno","tag-disenos-ca","tag-fair-use-ca","tag-llantas-de-automovil","tag-obsolescencia-programada","tag-patentes-ca","tag-patentescomponentes-de-producto-complejo","tag-piezas-de-recambio-ca"],"yoast_head":"<!-- This site is optimized with the Yoast SEO plugin v25.9 - https:\/\/yoast.com\/wordpress\/plugins\/seo\/ -->\n<title>Cultura de la reparaci\u00f3n vs obsolescencia programada. \u00bfPor qu\u00e9 no una excepci\u00f3n general de reparaci\u00f3n? - Avocats du RMA<\/title>\n<meta name=\"robots\" content=\"index, follow, max-snippet:-1, max-image-preview:large, max-video-preview:-1\" \/>\n<link rel=\"canonical\" href=\"https:\/\/rma.legal\/fr\/cultura-de-la-reparacion-vs-obsolescencia-programada-por-que-no-una-excepcion-general-de-reparacion\/\" \/>\n<meta property=\"og:locale\" content=\"fr_FR\" \/>\n<meta property=\"og:type\" content=\"article\" \/>\n<meta property=\"og:title\" content=\"Cultura de la reparaci\u00f3n vs obsolescencia programada. \u00bfPor qu\u00e9 no una excepci\u00f3n general de reparaci\u00f3n? - Avocats du RMA\" \/>\n<meta property=\"og:description\" content=\"&nbsp; La pregunta sobre una posible \u201cexcepci\u00f3n de reparaci\u00f3n\u201d, aplicable de forma general a todos los derechos de Propiedad Industrial e Intelectual (PI en adelante), solo pretende ser una incitaci\u00f3n al debate que, en nuestro caso, surge a ra\u00edz de un comentario en el blog The IPkat en relaci\u00f3n a esta cuesti\u00f3n y una reciente [&hellip;]\" \/>\n<meta property=\"og:url\" content=\"https:\/\/rma.legal\/fr\/cultura-de-la-reparacion-vs-obsolescencia-programada-por-que-no-una-excepcion-general-de-reparacion\/\" \/>\n<meta property=\"og:site_name\" content=\"Avocats du RMA\" \/>\n<meta property=\"article:published_time\" content=\"2020-03-03T11:44:22+00:00\" \/>\n<meta property=\"article:modified_time\" content=\"2025-04-15T10:22:29+00:00\" \/>\n<meta property=\"og:image\" content=\"http:\/\/rma.legal\/wp-content\/uploads\/2020\/03\/absolescencia-300x112.png\" \/>\n<meta name=\"author\" content=\"Jordi Roman\u00ed Lluch\" \/>\n<meta name=\"twitter:card\" content=\"summary_large_image\" \/>\n<meta name=\"twitter:label1\" content=\"\u00c9crit par\" \/>\n\t<meta name=\"twitter:data1\" content=\"Jordi Roman\u00ed Lluch\" \/>\n\t<meta name=\"twitter:label2\" content=\"Dur\u00e9e de lecture estim\u00e9e\" \/>\n\t<meta name=\"twitter:data2\" content=\"4 minutes\" \/>\n<script type=\"application\/ld+json\" class=\"yoast-schema-graph\">{\"@context\":\"https:\/\/schema.org\",\"@graph\":[{\"@type\":\"Article\",\"@id\":\"https:\/\/rma.legal\/fr\/cultura-de-la-reparacion-vs-obsolescencia-programada-por-que-no-una-excepcion-general-de-reparacion\/#article\",\"isPartOf\":{\"@id\":\"https:\/\/rma.legal\/fr\/cultura-de-la-reparacion-vs-obsolescencia-programada-por-que-no-una-excepcion-general-de-reparacion\/\"},\"author\":{\"name\":\"Jordi Roman\u00ed Lluch\",\"@id\":\"https:\/\/rma.legal\/fr\/#\/schema\/person\/b820ae237ba4d5a3f543d0527443965e\"},\"headline\":\"Cultura de la reparaci\u00f3n vs obsolescencia programada. \u00bfPor qu\u00e9 no una excepci\u00f3n general de reparaci\u00f3n?\",\"datePublished\":\"2020-03-03T11:44:22+00:00\",\"dateModified\":\"2025-04-15T10:22:29+00:00\",\"mainEntityOfPage\":{\"@id\":\"https:\/\/rma.legal\/fr\/cultura-de-la-reparacion-vs-obsolescencia-programada-por-que-no-una-excepcion-general-de-reparacion\/\"},\"wordCount\":821,\"publisher\":{\"@id\":\"https:\/\/rma.legal\/fr\/#organization\"},\"image\":{\"@id\":\"https:\/\/rma.legal\/fr\/cultura-de-la-reparacion-vs-obsolescencia-programada-por-que-no-una-excepcion-general-de-reparacion\/#primaryimage\"},\"thumbnailUrl\":\"http:\/\/rma.legal\/wp-content\/uploads\/2020\/03\/absolescencia-300x112.png\",\"keywords\":[\"autoreparaci\u00f3n\",\"cl\u00e1usula de reparaci\u00f3n\",\"clausula must match\",\"dise\u00f1o\",\"dise\u00f1os\",\"fair use\",\"llantas de autom\u00f3vil\",\"obsolescencia programada\",\"patentes\",\"patentescomponentes de producto complejo\",\"piezas de recambio\"],\"articleSection\":[\"Sin categor\u00eda\"],\"inLanguage\":\"fr-FR\"},{\"@type\":\"WebPage\",\"@id\":\"https:\/\/rma.legal\/fr\/cultura-de-la-reparacion-vs-obsolescencia-programada-por-que-no-una-excepcion-general-de-reparacion\/\",\"url\":\"https:\/\/rma.legal\/fr\/cultura-de-la-reparacion-vs-obsolescencia-programada-por-que-no-una-excepcion-general-de-reparacion\/\",\"name\":\"Cultura de la reparaci\u00f3n vs obsolescencia programada. \u00bfPor qu\u00e9 no una excepci\u00f3n general de reparaci\u00f3n? - Avocats du RMA\",\"isPartOf\":{\"@id\":\"https:\/\/rma.legal\/fr\/#website\"},\"primaryImageOfPage\":{\"@id\":\"https:\/\/rma.legal\/fr\/cultura-de-la-reparacion-vs-obsolescencia-programada-por-que-no-una-excepcion-general-de-reparacion\/#primaryimage\"},\"image\":{\"@id\":\"https:\/\/rma.legal\/fr\/cultura-de-la-reparacion-vs-obsolescencia-programada-por-que-no-una-excepcion-general-de-reparacion\/#primaryimage\"},\"thumbnailUrl\":\"http:\/\/rma.legal\/wp-content\/uploads\/2020\/03\/absolescencia-300x112.png\",\"datePublished\":\"2020-03-03T11:44:22+00:00\",\"dateModified\":\"2025-04-15T10:22:29+00:00\",\"breadcrumb\":{\"@id\":\"https:\/\/rma.legal\/fr\/cultura-de-la-reparacion-vs-obsolescencia-programada-por-que-no-una-excepcion-general-de-reparacion\/#breadcrumb\"},\"inLanguage\":\"fr-FR\",\"potentialAction\":[{\"@type\":\"ReadAction\",\"target\":[\"https:\/\/rma.legal\/fr\/cultura-de-la-reparacion-vs-obsolescencia-programada-por-que-no-una-excepcion-general-de-reparacion\/\"]}]},{\"@type\":\"ImageObject\",\"inLanguage\":\"fr-FR\",\"@id\":\"https:\/\/rma.legal\/fr\/cultura-de-la-reparacion-vs-obsolescencia-programada-por-que-no-una-excepcion-general-de-reparacion\/#primaryimage\",\"url\":\"http:\/\/rma.legal\/wp-content\/uploads\/2020\/03\/absolescencia-300x112.png\",\"contentUrl\":\"http:\/\/rma.legal\/wp-content\/uploads\/2020\/03\/absolescencia-300x112.png\"},{\"@type\":\"BreadcrumbList\",\"@id\":\"https:\/\/rma.legal\/fr\/cultura-de-la-reparacion-vs-obsolescencia-programada-por-que-no-una-excepcion-general-de-reparacion\/#breadcrumb\",\"itemListElement\":[{\"@type\":\"ListItem\",\"position\":1,\"name\":\"Portada\",\"item\":\"https:\/\/rma.legal\/fr\/\"},{\"@type\":\"ListItem\",\"position\":2,\"name\":\"Cultura de la reparaci\u00f3n vs obsolescencia programada. \u00bfPor qu\u00e9 no una excepci\u00f3n general de reparaci\u00f3n?\"}]},{\"@type\":\"WebSite\",\"@id\":\"https:\/\/rma.legal\/fr\/#website\",\"url\":\"https:\/\/rma.legal\/fr\/\",\"name\":\"Avocats du RMA\",\"description\":\"RMA Legal Abogados\",\"publisher\":{\"@id\":\"https:\/\/rma.legal\/fr\/#organization\"},\"potentialAction\":[{\"@type\":\"SearchAction\",\"target\":{\"@type\":\"EntryPoint\",\"urlTemplate\":\"https:\/\/rma.legal\/fr\/?s={search_term_string}\"},\"query-input\":{\"@type\":\"PropertyValueSpecification\",\"valueRequired\":true,\"valueName\":\"search_term_string\"}}],\"inLanguage\":\"fr-FR\"},{\"@type\":\"Organization\",\"@id\":\"https:\/\/rma.legal\/fr\/#organization\",\"name\":\"Avocats du RMA\",\"url\":\"https:\/\/rma.legal\/fr\/\",\"logo\":{\"@type\":\"ImageObject\",\"inLanguage\":\"fr-FR\",\"@id\":\"https:\/\/rma.legal\/fr\/#\/schema\/logo\/image\/\",\"url\":\"https:\/\/rma.legal\/wp-content\/uploads\/2025\/02\/Logo-rma-legal-invertido-footer-c-1.png\",\"contentUrl\":\"https:\/\/rma.legal\/wp-content\/uploads\/2025\/02\/Logo-rma-legal-invertido-footer-c-1.png\",\"width\":300,\"height\":125,\"caption\":\"Avocats du RMA\"},\"image\":{\"@id\":\"https:\/\/rma.legal\/fr\/#\/schema\/logo\/image\/\"}},{\"@type\":\"Person\",\"@id\":\"https:\/\/rma.legal\/fr\/#\/schema\/person\/b820ae237ba4d5a3f543d0527443965e\",\"name\":\"Jordi Roman\u00ed Lluch\",\"image\":{\"@type\":\"ImageObject\",\"inLanguage\":\"fr-FR\",\"@id\":\"https:\/\/rma.legal\/fr\/#\/schema\/person\/image\/\",\"url\":\"https:\/\/secure.gravatar.com\/avatar\/2177d68cd02d097656dde75c3bdef729ef37c5d797f2cf3fb3c2184c46b2d8ac?s=96&d=mm&r=g\",\"contentUrl\":\"https:\/\/secure.gravatar.com\/avatar\/2177d68cd02d097656dde75c3bdef729ef37c5d797f2cf3fb3c2184c46b2d8ac?s=96&d=mm&r=g\",\"caption\":\"Jordi Roman\u00ed Lluch\"},\"url\":\"https:\/\/rma.legal\/fr\/author\/jordi-romani-lluch\/\"}]}<\/script>\n<!-- \/ Yoast SEO plugin. -->","yoast_head_json":{"title":"Cultura de la reparaci\u00f3n vs obsolescencia programada. \u00bfPor qu\u00e9 no una excepci\u00f3n general de reparaci\u00f3n? - Avocats du RMA","robots":{"index":"index","follow":"follow","max-snippet":"max-snippet:-1","max-image-preview":"max-image-preview:large","max-video-preview":"max-video-preview:-1"},"canonical":"https:\/\/rma.legal\/fr\/cultura-de-la-reparacion-vs-obsolescencia-programada-por-que-no-una-excepcion-general-de-reparacion\/","og_locale":"fr_FR","og_type":"article","og_title":"Cultura de la reparaci\u00f3n vs obsolescencia programada. \u00bfPor qu\u00e9 no una excepci\u00f3n general de reparaci\u00f3n? - Avocats du RMA","og_description":"&nbsp; La pregunta sobre una posible \u201cexcepci\u00f3n de reparaci\u00f3n\u201d, aplicable de forma general a todos los derechos de Propiedad Industrial e Intelectual (PI en adelante), solo pretende ser una incitaci\u00f3n al debate que, en nuestro caso, surge a ra\u00edz de un comentario en el blog The IPkat en relaci\u00f3n a esta cuesti\u00f3n y una reciente [&hellip;]","og_url":"https:\/\/rma.legal\/fr\/cultura-de-la-reparacion-vs-obsolescencia-programada-por-que-no-una-excepcion-general-de-reparacion\/","og_site_name":"Avocats du RMA","article_published_time":"2020-03-03T11:44:22+00:00","article_modified_time":"2025-04-15T10:22:29+00:00","og_image":[{"url":"http:\/\/rma.legal\/wp-content\/uploads\/2020\/03\/absolescencia-300x112.png","type":"","width":"","height":""}],"author":"Jordi Roman\u00ed Lluch","twitter_card":"summary_large_image","twitter_misc":{"\u00c9crit par":"Jordi Roman\u00ed Lluch","Dur\u00e9e de lecture estim\u00e9e":"4 minutes"},"schema":{"@context":"https:\/\/schema.org","@graph":[{"@type":"Article","@id":"https:\/\/rma.legal\/fr\/cultura-de-la-reparacion-vs-obsolescencia-programada-por-que-no-una-excepcion-general-de-reparacion\/#article","isPartOf":{"@id":"https:\/\/rma.legal\/fr\/cultura-de-la-reparacion-vs-obsolescencia-programada-por-que-no-una-excepcion-general-de-reparacion\/"},"author":{"name":"Jordi Roman\u00ed Lluch","@id":"https:\/\/rma.legal\/fr\/#\/schema\/person\/b820ae237ba4d5a3f543d0527443965e"},"headline":"Cultura de la reparaci\u00f3n vs obsolescencia programada. \u00bfPor qu\u00e9 no una excepci\u00f3n general de reparaci\u00f3n?","datePublished":"2020-03-03T11:44:22+00:00","dateModified":"2025-04-15T10:22:29+00:00","mainEntityOfPage":{"@id":"https:\/\/rma.legal\/fr\/cultura-de-la-reparacion-vs-obsolescencia-programada-por-que-no-una-excepcion-general-de-reparacion\/"},"wordCount":821,"publisher":{"@id":"https:\/\/rma.legal\/fr\/#organization"},"image":{"@id":"https:\/\/rma.legal\/fr\/cultura-de-la-reparacion-vs-obsolescencia-programada-por-que-no-una-excepcion-general-de-reparacion\/#primaryimage"},"thumbnailUrl":"http:\/\/rma.legal\/wp-content\/uploads\/2020\/03\/absolescencia-300x112.png","keywords":["autoreparaci\u00f3n","cl\u00e1usula de reparaci\u00f3n","clausula must match","dise\u00f1o","dise\u00f1os","fair use","llantas de autom\u00f3vil","obsolescencia programada","patentes","patentescomponentes de producto complejo","piezas de recambio"],"articleSection":["Sin categor\u00eda"],"inLanguage":"fr-FR"},{"@type":"WebPage","@id":"https:\/\/rma.legal\/fr\/cultura-de-la-reparacion-vs-obsolescencia-programada-por-que-no-una-excepcion-general-de-reparacion\/","url":"https:\/\/rma.legal\/fr\/cultura-de-la-reparacion-vs-obsolescencia-programada-por-que-no-una-excepcion-general-de-reparacion\/","name":"Cultura de la reparaci\u00f3n vs obsolescencia programada. \u00bfPor qu\u00e9 no una excepci\u00f3n general de reparaci\u00f3n? - Avocats du RMA","isPartOf":{"@id":"https:\/\/rma.legal\/fr\/#website"},"primaryImageOfPage":{"@id":"https:\/\/rma.legal\/fr\/cultura-de-la-reparacion-vs-obsolescencia-programada-por-que-no-una-excepcion-general-de-reparacion\/#primaryimage"},"image":{"@id":"https:\/\/rma.legal\/fr\/cultura-de-la-reparacion-vs-obsolescencia-programada-por-que-no-una-excepcion-general-de-reparacion\/#primaryimage"},"thumbnailUrl":"http:\/\/rma.legal\/wp-content\/uploads\/2020\/03\/absolescencia-300x112.png","datePublished":"2020-03-03T11:44:22+00:00","dateModified":"2025-04-15T10:22:29+00:00","breadcrumb":{"@id":"https:\/\/rma.legal\/fr\/cultura-de-la-reparacion-vs-obsolescencia-programada-por-que-no-una-excepcion-general-de-reparacion\/#breadcrumb"},"inLanguage":"fr-FR","potentialAction":[{"@type":"ReadAction","target":["https:\/\/rma.legal\/fr\/cultura-de-la-reparacion-vs-obsolescencia-programada-por-que-no-una-excepcion-general-de-reparacion\/"]}]},{"@type":"ImageObject","inLanguage":"fr-FR","@id":"https:\/\/rma.legal\/fr\/cultura-de-la-reparacion-vs-obsolescencia-programada-por-que-no-una-excepcion-general-de-reparacion\/#primaryimage","url":"http:\/\/rma.legal\/wp-content\/uploads\/2020\/03\/absolescencia-300x112.png","contentUrl":"http:\/\/rma.legal\/wp-content\/uploads\/2020\/03\/absolescencia-300x112.png"},{"@type":"BreadcrumbList","@id":"https:\/\/rma.legal\/fr\/cultura-de-la-reparacion-vs-obsolescencia-programada-por-que-no-una-excepcion-general-de-reparacion\/#breadcrumb","itemListElement":[{"@type":"ListItem","position":1,"name":"Portada","item":"https:\/\/rma.legal\/fr\/"},{"@type":"ListItem","position":2,"name":"Cultura de la reparaci\u00f3n vs obsolescencia programada. \u00bfPor qu\u00e9 no una excepci\u00f3n general de reparaci\u00f3n?"}]},{"@type":"WebSite","@id":"https:\/\/rma.legal\/fr\/#website","url":"https:\/\/rma.legal\/fr\/","name":"Avocats du RMA","description":"RMA Legal Abogados","publisher":{"@id":"https:\/\/rma.legal\/fr\/#organization"},"potentialAction":[{"@type":"SearchAction","target":{"@type":"EntryPoint","urlTemplate":"https:\/\/rma.legal\/fr\/?s={search_term_string}"},"query-input":{"@type":"PropertyValueSpecification","valueRequired":true,"valueName":"search_term_string"}}],"inLanguage":"fr-FR"},{"@type":"Organization","@id":"https:\/\/rma.legal\/fr\/#organization","name":"Avocats du RMA","url":"https:\/\/rma.legal\/fr\/","logo":{"@type":"ImageObject","inLanguage":"fr-FR","@id":"https:\/\/rma.legal\/fr\/#\/schema\/logo\/image\/","url":"https:\/\/rma.legal\/wp-content\/uploads\/2025\/02\/Logo-rma-legal-invertido-footer-c-1.png","contentUrl":"https:\/\/rma.legal\/wp-content\/uploads\/2025\/02\/Logo-rma-legal-invertido-footer-c-1.png","width":300,"height":125,"caption":"Avocats du RMA"},"image":{"@id":"https:\/\/rma.legal\/fr\/#\/schema\/logo\/image\/"}},{"@type":"Person","@id":"https:\/\/rma.legal\/fr\/#\/schema\/person\/b820ae237ba4d5a3f543d0527443965e","name":"Jordi Roman\u00ed Lluch","image":{"@type":"ImageObject","inLanguage":"fr-FR","@id":"https:\/\/rma.legal\/fr\/#\/schema\/person\/image\/","url":"https:\/\/secure.gravatar.com\/avatar\/2177d68cd02d097656dde75c3bdef729ef37c5d797f2cf3fb3c2184c46b2d8ac?s=96&d=mm&r=g","contentUrl":"https:\/\/secure.gravatar.com\/avatar\/2177d68cd02d097656dde75c3bdef729ef37c5d797f2cf3fb3c2184c46b2d8ac?s=96&d=mm&r=g","caption":"Jordi Roman\u00ed Lluch"},"url":"https:\/\/rma.legal\/fr\/author\/jordi-romani-lluch\/"}]}},"_links":{"self":[{"href":"https:\/\/rma.legal\/fr\/wp-json\/wp\/v2\/posts\/26201","targetHints":{"allow":["GET"]}}],"collection":[{"href":"https:\/\/rma.legal\/fr\/wp-json\/wp\/v2\/posts"}],"about":[{"href":"https:\/\/rma.legal\/fr\/wp-json\/wp\/v2\/types\/post"}],"author":[{"embeddable":true,"href":"https:\/\/rma.legal\/fr\/wp-json\/wp\/v2\/users\/9"}],"replies":[{"embeddable":true,"href":"https:\/\/rma.legal\/fr\/wp-json\/wp\/v2\/comments?post=26201"}],"version-history":[{"count":2,"href":"https:\/\/rma.legal\/fr\/wp-json\/wp\/v2\/posts\/26201\/revisions"}],"predecessor-version":[{"id":30434,"href":"https:\/\/rma.legal\/fr\/wp-json\/wp\/v2\/posts\/26201\/revisions\/30434"}],"wp:attachment":[{"href":"https:\/\/rma.legal\/fr\/wp-json\/wp\/v2\/media?parent=26201"}],"wp:term":[{"taxonomy":"category","embeddable":true,"href":"https:\/\/rma.legal\/fr\/wp-json\/wp\/v2\/categories?post=26201"},{"taxonomy":"post_tag","embeddable":true,"href":"https:\/\/rma.legal\/fr\/wp-json\/wp\/v2\/tags?post=26201"}],"curies":[{"name":"wp","href":"https:\/\/api.w.org\/{rel}","templated":true}]}}