{"id":25921,"date":"2019-05-28T10:12:23","date_gmt":"2019-05-28T10:12:23","guid":{"rendered":"http:\/\/rma.legal\/?p=25921"},"modified":"2025-04-15T10:21:58","modified_gmt":"2025-04-15T10:21:58","slug":"originalidad-solo-hay-una-conclusiones-ag-caso-cofemel","status":"publish","type":"post","link":"https:\/\/rma.legal\/fr\/originalidad-solo-hay-una-conclusiones-ag-caso-cofemel\/","title":{"rendered":"\u00a1Originalidad s\u00f3lo hay una! (Conclusiones AG Caso Cofemel)"},"content":{"rendered":"<p>&nbsp;<\/p>\n<p><img decoding=\"async\" class=\"alignnone  wp-image-25922 aligncenter\" src=\"http:\/\/rma.legal\/wp-content\/uploads\/2019\/05\/ORIGINAL.jpg\" alt=\"ORIGINAL\" width=\"184\" height=\"183\" srcset=\"https:\/\/rma.legal\/wp-content\/uploads\/2019\/05\/ORIGINAL.jpg 225w, https:\/\/rma.legal\/wp-content\/uploads\/2019\/05\/ORIGINAL-150x150.jpg 150w\" sizes=\"(max-width: 184px) 100vw, 184px\" \/><\/p>\n<p>Hace un tiempo, y bajo el t\u00edtulo de <a href=\"http:\/\/rma.legal\/es\/2019\/04\/11\/como-proteger-tu-diseno\/\">\u00bfC\u00f3mo proteger tu dise\u00f1o?<\/a>, abordamos en nuestro blog la siempre procelosa cuesti\u00f3n de la <strong>acumulaci\u00f3n de protecciones en el \u00e1mbito del dise\u00f1o industrial<\/strong> o las \u201cartes aplicadas\u201d (en terminolog\u00eda cl\u00e1sica de Derecho de Autor). Con anterioridad ya nos hab\u00edamos planteado <a href=\"http:\/\/rma.legal\/es\/2018\/02\/14\/cual-es-la-originalidad-exigible-a-un-diseno-para-ser-considerado-una-obra-de-propiedad-intelectual\/\">\u00bfCu\u00e1l es la originalidad exigible a un dise\u00f1o para ser considerado una obra de Propiedad Intelectual?<\/a>, haci\u00e9ndonos eco de una sentencia de la Audiencia Provincial de Madrid en la que parec\u00eda constatarse un nuevo giro jurisprudencial en esta materia, lo que nos llev\u00f3 a reclamar un mayor grado de seguridad (o consistencia) jur\u00eddica en esta trascendental cuesti\u00f3n.<\/p>\n<p>La cuesti\u00f3n, en esencia, es <strong>si el dise\u00f1o<\/strong>, que ya tiene una protecci\u00f3n propia (hasta un m\u00e1ximo de 25 a\u00f1os para el registrado) <strong>puede o no reclamar protecci\u00f3n por la Ley de Propiedad Intelectual<\/strong> (que dura toda la vida del autor y 70 a\u00f1os despu\u00e9s de su muerte), y si es as\u00ed, en qu\u00e9 circunstancias o condiciones. Al menos en nuestro pa\u00eds, llevamos a\u00f1os con este debate, pero no acaba de haber unanimidad a pesar de su enorme trascendencia.\u00a0 La \u00faltima muestra es la <a href=\"http:\/\/www.poderjudicial.es\/search\/openDocument\/1c95c758fa12accb\/20190514\">sentencia de la Secci\u00f3n 15 de la Audiencia Provincial de Barcelona<\/a> de 26 de abril de 2019 en relaci\u00f3n con el dise\u00f1o de unas sillas y unos taburetes donde se reitera la exigencia de una \u201caltura creativa\u201d para merecer protecci\u00f3n como obra de propiedad intelectual.<\/p>\n<p>La necesidad de esta mayor seguridad jur\u00eddica es la que tambi\u00e9n deb\u00eda de perseguir el Tribunal Supremo Portugu\u00e9s que, enfrentado a esta \u00faltima cuesti\u00f3n (el concepto de \u201coriginalidad\u201d en los dise\u00f1os y la acumulaci\u00f3n de protecciones), decidi\u00f3 plantearlo prejudicialmente al Tribunal de Justicia de la UE (TJUE). Recientemente se han conocido las <a href=\"http:\/\/curia.europa.eu\/juris\/document\/document_print.jsf?docid=213597&amp;text=&amp;dir=&amp;doclang=ES&amp;part=1&amp;occ=first&amp;mode=lst&amp;pageIndex=0&amp;cid=1103376#Footnote1\">Conclusiones del Abogado General (AG) Sr. Szpunar<\/a>, previas a la sentencia y que merecen ser reconocidas, al menos, como un valiente intento de resolver la cuesti\u00f3n de forma directa y clara.<\/p>\n<p>Procesalmente el asunto se inicia con la <strong>demanda planteada por una empresa holandesa<\/strong> (G-Star Raw) contra otra portuguesa (Cofemel) por la <strong>copia de prendas de vestir<\/strong> (particularmente un conocido dise\u00f1o de pantalones vaqueros de G-Star). G- Star alegaba que sus dise\u00f1os constitu\u00edan creaciones intelectuales originales y, en este sentido, obras de dise\u00f1o protegidas por derechos de autor.<\/p>\n<p>Llegado el pleito al Tribunal Supremo de Portugal, <strong>\u00e9ste plante\u00f3 dos cuestiones prejudiciales al TJUE<\/strong> (Asunto C-683\/17, Caso Cofemel)\u00a0 que el Abogado General (AG) trata de forma unitaria bajo el interrogante de: <em>\u00bfel art\u00edculo 2, letra a), de la Directiva 2001\/29, tal y como ha sido interpretado por el Tribunal de Justicia, se opone a que los dibujos y modelos industriales tan solo queden protegidos por el Derecho de autor si presentan un car\u00e1cter art\u00edstico incrementado, por encima de lo que se exige normalmente a otras categor\u00edas de obras?<\/em><\/p>\n<p>Dicho de otro modo <strong>\u00bfse debe o puede exigir una suerte de \u201coriginalidad reforzada\u201d o \u201caltura creativa\u201d para considerar que un dise\u00f1o industrial es una \u201cobra\u201d de propiedad intelectual?<\/strong><\/p>\n<p>El AG hace un repaso del marco legal (internacional, de la Uni\u00f3n y estatal-portugu\u00e9s) y de la jurisprudencia del TJUE relativa al concepto de \u201cobra\u201d <strong>y acaba concluyendo en sentido negativo<\/strong> de modo que, a su entender, las disposiciones de la <a href=\"https:\/\/eur-lex.europa.eu\/legal-content\/ES\/TXT\/HTML\/?uri=CELEX:32001L0029&amp;from=ES\"><strong>Directiva 2001\/29<\/strong><\/a> (del Parlamento Europeo y del Consejo, de 22 de mayo de 2001, relativa a la armonizaci\u00f3n de determinados aspectos de los derechos de autor y derechos afines a los derechos de autor en la sociedad de la informaci\u00f3n), tal y como ha sido interpretada por el TJUE, <strong>no permiten que los dise\u00f1os industriales solo queden protegidos por la Propiedad Intelectual (Derecho de autor) si presentan un car\u00e1cter art\u00edstico incrementado, por encima de lo que se exige normalmente a otras categor\u00edas de obras<\/strong>.<\/p>\n<p>En opini\u00f3n del AG, a efectos del reconocimiento de una creaci\u00f3n como \u201cobra de Propiedad Intelectual\u201d <strong>el concepto de originalidad es \u00fanico<\/strong>, <strong>y no cabe exigir una originalidad distinta\/mayor para las obras de <em>artes aplicadas <\/em>(dise\u00f1o industrial)<\/strong> aunque \u00e9stas puedan beneficiarse de la protecci\u00f3n espec\u00edfica (nacional o de la UE) para el Dise\u00f1o Industrial.<\/p>\n<p>Veremos c\u00f3mo acaba resolviendo el caso el TJUE, pero el inter\u00e9s de estas conclusiones del AG Szpunar no acaba aqu\u00ed pues, tras manifestarse de forma tan contundente (y por ello necesaria para la seguridad jur\u00eddica) sobre esta cuesti\u00f3n, a\u00f1ade, a partir del p\u00e1rrafo 50 y a modo de particular <em>obiter dicta<\/em>, unas interesantes \u201c<em>Observaciones finales sobre la protecci\u00f3n de los dibujos y modelos por el Derecho de autor\u201d.<\/em><\/p>\n<p>Efectivamente, en la parte final de sus conclusiones, el AG se refiere a lo que \u00e9l mismo llama: <em>\u201clas <strong>preocupaciones<\/strong> expresadas tanto por los Gobiernos que han presentado observaciones en el presente asunto como por algunos representantes de la doctrina <strong>por lo que se refiere a las consecuencias nefastas de una protecci\u00f3n excesiva de los dibujos y modelos por el Derecho de autor<\/strong>\u201d<\/em>.<\/p>\n<p>Las consideraciones que incluye a continuaci\u00f3n desbordan el <em>formato <\/em>de este <em>post<\/em>, aparte de que por su claridad bien har\u00edamos en simplemente reproducirlas, y se refieren al distinto enfoque con el que debe enjuiciarse una infracci\u00f3n de la normativa sobre Dise\u00f1o Industrial (presidida por los conceptos de <em>impresi\u00f3n general <\/em>en el <em>usuario informado<\/em>) de la infracci\u00f3n de Propiedad Intelectual (en la que deber\u00e1 existir, seg\u00fan el AG, una <em>\u201creproducci\u00f3n de elementos originales\u201d<\/em>). Recomendamos su lectura.<\/p>\n<p>En definitiva, y siguiendo la tesis del AG Szpunar, <strong>a los dise\u00f1os no cabe exigirles una originalidad distinta de las dem\u00e1s creaciones para ser considerar una \u201cobra\u201d de propiedad intelectual<\/strong>, lo cual no obsta que <em>\u201cAnte una solicitud de protecci\u00f3n de un dise\u00f1o por el derecho de autor, el juez deber\u00e1 tener en cuenta estos elementos a fin de distinguir lo que puede estar comprendido en la protecci\u00f3n sui generis de los dise\u00f1os de lo que est\u00e1 amparado por la protecci\u00f3n que confiere el derecho de autor, y evitar de este modo la confusi\u00f3n entre estos dos reg\u00edmenes de protecci\u00f3n.\u201d<\/em><\/p>\n<p>No sabemos si en la futura sentencia del TJUE tambi\u00e9n se incluir\u00e1n este tipo de consideraciones acerca, en definitiva, del distinto alcance de protecci\u00f3n o el distinto enjuiciamiento en caso de infracci\u00f3n entre la normativa espec\u00edfica de protecci\u00f3n del Dise\u00f1o Industrial (sea la <a href=\"https:\/\/www.boe.es\/eli\/es\/l\/2003\/07\/07\/20\/con\">Ley espa\u00f1ola<\/a> o el <a href=\"https:\/\/euipo.europa.eu\/tunnel-web\/secure\/webdav\/guest\/document_library\/contentPdfs\/law_and_practice\/cdr_legal_basis\/62002_cv_es.pdf\">Reglamento UE<\/a>) y la Propiedad Intelectual, pero no cabe duda de que las reflexiones del AG Szpunar ayudan a clarificar esta espinosa cuesti\u00f3n.<\/p>\n<p>&nbsp;<\/p>\n","protected":false},"excerpt":{"rendered":"<p>&nbsp; Hace un tiempo, y bajo el t\u00edtulo de \u00bfC\u00f3mo proteger tu dise\u00f1o?, abordamos en nuestro blog la siempre procelosa cuesti\u00f3n de la acumulaci\u00f3n de protecciones en el \u00e1mbito del dise\u00f1o industrial o las \u201cartes aplicadas\u201d (en terminolog\u00eda cl\u00e1sica de Derecho de Autor). Con anterioridad ya nos hab\u00edamos planteado \u00bfCu\u00e1l es la originalidad exigible a [&hellip;]<\/p>\n","protected":false},"author":9,"featured_media":0,"comment_status":"closed","ping_status":"open","sticky":false,"template":"","format":"standard","meta":{"footnotes":""},"categories":[103],"tags":[112,115,123,160,178,213,291,293,362,371,372,62,406],"class_list":["post-25921","post","type-post","status-publish","format-standard","hentry","category-sin-categoria","tag-alcance-de-proteccion-diseno","tag-altura-creativa","tag-artes-aplicadas","tag-conclusiones-abogado-general","tag-cuestion-prejudicial","tag-diseno","tag-ley-del-diseno","tag-ley-propiedad-intelectual","tag-obra-de-propiedad-intelectual","tag-originalidad","tag-originalidad-reforzada","tag-propiedad-intelectual-ca","tag-proteccion-acumulada"],"yoast_head":"<!-- This site is optimized with the Yoast SEO plugin v25.9 - https:\/\/yoast.com\/wordpress\/plugins\/seo\/ -->\n<title>\u00a1Originalidad s\u00f3lo hay una! (Conclusiones AG Caso Cofemel) - Avocats du RMA<\/title>\n<meta name=\"robots\" content=\"index, follow, max-snippet:-1, max-image-preview:large, max-video-preview:-1\" \/>\n<link rel=\"canonical\" href=\"https:\/\/rma.legal\/fr\/originalidad-solo-hay-una-conclusiones-ag-caso-cofemel\/\" \/>\n<meta property=\"og:locale\" content=\"fr_FR\" \/>\n<meta property=\"og:type\" content=\"article\" \/>\n<meta property=\"og:title\" content=\"\u00a1Originalidad s\u00f3lo hay una! (Conclusiones AG Caso Cofemel) - Avocats du RMA\" \/>\n<meta property=\"og:description\" content=\"&nbsp; Hace un tiempo, y bajo el t\u00edtulo de \u00bfC\u00f3mo proteger tu dise\u00f1o?, abordamos en nuestro blog la siempre procelosa cuesti\u00f3n de la acumulaci\u00f3n de protecciones en el \u00e1mbito del dise\u00f1o industrial o las \u201cartes aplicadas\u201d (en terminolog\u00eda cl\u00e1sica de Derecho de Autor). Con anterioridad ya nos hab\u00edamos planteado \u00bfCu\u00e1l es la originalidad exigible a [&hellip;]\" \/>\n<meta property=\"og:url\" content=\"https:\/\/rma.legal\/fr\/originalidad-solo-hay-una-conclusiones-ag-caso-cofemel\/\" \/>\n<meta property=\"og:site_name\" content=\"Avocats du RMA\" \/>\n<meta property=\"article:published_time\" content=\"2019-05-28T10:12:23+00:00\" \/>\n<meta property=\"article:modified_time\" content=\"2025-04-15T10:21:58+00:00\" \/>\n<meta property=\"og:image\" content=\"http:\/\/rma.legal\/wp-content\/uploads\/2019\/05\/ORIGINAL.jpg\" \/>\n<meta name=\"author\" content=\"Jordi Roman\u00ed Lluch\" \/>\n<meta name=\"twitter:card\" content=\"summary_large_image\" \/>\n<meta name=\"twitter:label1\" content=\"\u00c9crit par\" \/>\n\t<meta name=\"twitter:data1\" content=\"Jordi Roman\u00ed Lluch\" \/>\n\t<meta name=\"twitter:label2\" content=\"Dur\u00e9e de lecture estim\u00e9e\" \/>\n\t<meta name=\"twitter:data2\" content=\"6 minutes\" \/>\n<script type=\"application\/ld+json\" class=\"yoast-schema-graph\">{\"@context\":\"https:\/\/schema.org\",\"@graph\":[{\"@type\":\"Article\",\"@id\":\"https:\/\/rma.legal\/fr\/originalidad-solo-hay-una-conclusiones-ag-caso-cofemel\/#article\",\"isPartOf\":{\"@id\":\"https:\/\/rma.legal\/fr\/originalidad-solo-hay-una-conclusiones-ag-caso-cofemel\/\"},\"author\":{\"name\":\"Jordi Roman\u00ed Lluch\",\"@id\":\"https:\/\/rma.legal\/fr\/#\/schema\/person\/b820ae237ba4d5a3f543d0527443965e\"},\"headline\":\"\u00a1Originalidad s\u00f3lo hay una! (Conclusiones AG Caso Cofemel)\",\"datePublished\":\"2019-05-28T10:12:23+00:00\",\"dateModified\":\"2025-04-15T10:21:58+00:00\",\"mainEntityOfPage\":{\"@id\":\"https:\/\/rma.legal\/fr\/originalidad-solo-hay-una-conclusiones-ag-caso-cofemel\/\"},\"wordCount\":1143,\"publisher\":{\"@id\":\"https:\/\/rma.legal\/fr\/#organization\"},\"image\":{\"@id\":\"https:\/\/rma.legal\/fr\/originalidad-solo-hay-una-conclusiones-ag-caso-cofemel\/#primaryimage\"},\"thumbnailUrl\":\"http:\/\/rma.legal\/wp-content\/uploads\/2019\/05\/ORIGINAL.jpg\",\"keywords\":[\"alcance de protecci\u00f3n dise\u00f1o\",\"altura creativa\",\"artes aplicadas\",\"conclusiones abogado general\",\"cuesti\u00f3n prejudicial\",\"dise\u00f1o\",\"ley del dise\u00f1o\",\"ley propiedad intelectual\",\"obra de propiedad intelectual\",\"originalidad\",\"originalidad reforzada\",\"propiedad intelectual\",\"protecci\u00f3n acumulada\"],\"articleSection\":[\"Sin categor\u00eda\"],\"inLanguage\":\"fr-FR\"},{\"@type\":\"WebPage\",\"@id\":\"https:\/\/rma.legal\/fr\/originalidad-solo-hay-una-conclusiones-ag-caso-cofemel\/\",\"url\":\"https:\/\/rma.legal\/fr\/originalidad-solo-hay-una-conclusiones-ag-caso-cofemel\/\",\"name\":\"\u00a1Originalidad s\u00f3lo hay una! (Conclusiones AG Caso Cofemel) - Avocats du RMA\",\"isPartOf\":{\"@id\":\"https:\/\/rma.legal\/fr\/#website\"},\"primaryImageOfPage\":{\"@id\":\"https:\/\/rma.legal\/fr\/originalidad-solo-hay-una-conclusiones-ag-caso-cofemel\/#primaryimage\"},\"image\":{\"@id\":\"https:\/\/rma.legal\/fr\/originalidad-solo-hay-una-conclusiones-ag-caso-cofemel\/#primaryimage\"},\"thumbnailUrl\":\"http:\/\/rma.legal\/wp-content\/uploads\/2019\/05\/ORIGINAL.jpg\",\"datePublished\":\"2019-05-28T10:12:23+00:00\",\"dateModified\":\"2025-04-15T10:21:58+00:00\",\"breadcrumb\":{\"@id\":\"https:\/\/rma.legal\/fr\/originalidad-solo-hay-una-conclusiones-ag-caso-cofemel\/#breadcrumb\"},\"inLanguage\":\"fr-FR\",\"potentialAction\":[{\"@type\":\"ReadAction\",\"target\":[\"https:\/\/rma.legal\/fr\/originalidad-solo-hay-una-conclusiones-ag-caso-cofemel\/\"]}]},{\"@type\":\"ImageObject\",\"inLanguage\":\"fr-FR\",\"@id\":\"https:\/\/rma.legal\/fr\/originalidad-solo-hay-una-conclusiones-ag-caso-cofemel\/#primaryimage\",\"url\":\"http:\/\/rma.legal\/wp-content\/uploads\/2019\/05\/ORIGINAL.jpg\",\"contentUrl\":\"http:\/\/rma.legal\/wp-content\/uploads\/2019\/05\/ORIGINAL.jpg\"},{\"@type\":\"BreadcrumbList\",\"@id\":\"https:\/\/rma.legal\/fr\/originalidad-solo-hay-una-conclusiones-ag-caso-cofemel\/#breadcrumb\",\"itemListElement\":[{\"@type\":\"ListItem\",\"position\":1,\"name\":\"Portada\",\"item\":\"https:\/\/rma.legal\/fr\/\"},{\"@type\":\"ListItem\",\"position\":2,\"name\":\"\u00a1Originalidad s\u00f3lo hay una! (Conclusiones AG Caso Cofemel)\"}]},{\"@type\":\"WebSite\",\"@id\":\"https:\/\/rma.legal\/fr\/#website\",\"url\":\"https:\/\/rma.legal\/fr\/\",\"name\":\"Avocats du RMA\",\"description\":\"RMA Legal Abogados\",\"publisher\":{\"@id\":\"https:\/\/rma.legal\/fr\/#organization\"},\"potentialAction\":[{\"@type\":\"SearchAction\",\"target\":{\"@type\":\"EntryPoint\",\"urlTemplate\":\"https:\/\/rma.legal\/fr\/?s={search_term_string}\"},\"query-input\":{\"@type\":\"PropertyValueSpecification\",\"valueRequired\":true,\"valueName\":\"search_term_string\"}}],\"inLanguage\":\"fr-FR\"},{\"@type\":\"Organization\",\"@id\":\"https:\/\/rma.legal\/fr\/#organization\",\"name\":\"Avocats du RMA\",\"url\":\"https:\/\/rma.legal\/fr\/\",\"logo\":{\"@type\":\"ImageObject\",\"inLanguage\":\"fr-FR\",\"@id\":\"https:\/\/rma.legal\/fr\/#\/schema\/logo\/image\/\",\"url\":\"https:\/\/rma.legal\/wp-content\/uploads\/2025\/02\/Logo-rma-legal-invertido-footer-c-1.png\",\"contentUrl\":\"https:\/\/rma.legal\/wp-content\/uploads\/2025\/02\/Logo-rma-legal-invertido-footer-c-1.png\",\"width\":300,\"height\":125,\"caption\":\"Avocats du RMA\"},\"image\":{\"@id\":\"https:\/\/rma.legal\/fr\/#\/schema\/logo\/image\/\"}},{\"@type\":\"Person\",\"@id\":\"https:\/\/rma.legal\/fr\/#\/schema\/person\/b820ae237ba4d5a3f543d0527443965e\",\"name\":\"Jordi Roman\u00ed Lluch\",\"image\":{\"@type\":\"ImageObject\",\"inLanguage\":\"fr-FR\",\"@id\":\"https:\/\/rma.legal\/fr\/#\/schema\/person\/image\/\",\"url\":\"https:\/\/secure.gravatar.com\/avatar\/2177d68cd02d097656dde75c3bdef729ef37c5d797f2cf3fb3c2184c46b2d8ac?s=96&d=mm&r=g\",\"contentUrl\":\"https:\/\/secure.gravatar.com\/avatar\/2177d68cd02d097656dde75c3bdef729ef37c5d797f2cf3fb3c2184c46b2d8ac?s=96&d=mm&r=g\",\"caption\":\"Jordi Roman\u00ed Lluch\"},\"url\":\"https:\/\/rma.legal\/fr\/author\/jordi-romani-lluch\/\"}]}<\/script>\n<!-- \/ Yoast SEO plugin. -->","yoast_head_json":{"title":"\u00a1Originalidad s\u00f3lo hay una! (Conclusiones AG Caso Cofemel) - Avocats du RMA","robots":{"index":"index","follow":"follow","max-snippet":"max-snippet:-1","max-image-preview":"max-image-preview:large","max-video-preview":"max-video-preview:-1"},"canonical":"https:\/\/rma.legal\/fr\/originalidad-solo-hay-una-conclusiones-ag-caso-cofemel\/","og_locale":"fr_FR","og_type":"article","og_title":"\u00a1Originalidad s\u00f3lo hay una! (Conclusiones AG Caso Cofemel) - Avocats du RMA","og_description":"&nbsp; Hace un tiempo, y bajo el t\u00edtulo de \u00bfC\u00f3mo proteger tu dise\u00f1o?, abordamos en nuestro blog la siempre procelosa cuesti\u00f3n de la acumulaci\u00f3n de protecciones en el \u00e1mbito del dise\u00f1o industrial o las \u201cartes aplicadas\u201d (en terminolog\u00eda cl\u00e1sica de Derecho de Autor). Con anterioridad ya nos hab\u00edamos planteado \u00bfCu\u00e1l es la originalidad exigible a [&hellip;]","og_url":"https:\/\/rma.legal\/fr\/originalidad-solo-hay-una-conclusiones-ag-caso-cofemel\/","og_site_name":"Avocats du RMA","article_published_time":"2019-05-28T10:12:23+00:00","article_modified_time":"2025-04-15T10:21:58+00:00","og_image":[{"url":"http:\/\/rma.legal\/wp-content\/uploads\/2019\/05\/ORIGINAL.jpg","type":"","width":"","height":""}],"author":"Jordi Roman\u00ed Lluch","twitter_card":"summary_large_image","twitter_misc":{"\u00c9crit par":"Jordi Roman\u00ed Lluch","Dur\u00e9e de lecture estim\u00e9e":"6 minutes"},"schema":{"@context":"https:\/\/schema.org","@graph":[{"@type":"Article","@id":"https:\/\/rma.legal\/fr\/originalidad-solo-hay-una-conclusiones-ag-caso-cofemel\/#article","isPartOf":{"@id":"https:\/\/rma.legal\/fr\/originalidad-solo-hay-una-conclusiones-ag-caso-cofemel\/"},"author":{"name":"Jordi Roman\u00ed Lluch","@id":"https:\/\/rma.legal\/fr\/#\/schema\/person\/b820ae237ba4d5a3f543d0527443965e"},"headline":"\u00a1Originalidad s\u00f3lo hay una! (Conclusiones AG Caso Cofemel)","datePublished":"2019-05-28T10:12:23+00:00","dateModified":"2025-04-15T10:21:58+00:00","mainEntityOfPage":{"@id":"https:\/\/rma.legal\/fr\/originalidad-solo-hay-una-conclusiones-ag-caso-cofemel\/"},"wordCount":1143,"publisher":{"@id":"https:\/\/rma.legal\/fr\/#organization"},"image":{"@id":"https:\/\/rma.legal\/fr\/originalidad-solo-hay-una-conclusiones-ag-caso-cofemel\/#primaryimage"},"thumbnailUrl":"http:\/\/rma.legal\/wp-content\/uploads\/2019\/05\/ORIGINAL.jpg","keywords":["alcance de protecci\u00f3n dise\u00f1o","altura creativa","artes aplicadas","conclusiones abogado general","cuesti\u00f3n prejudicial","dise\u00f1o","ley del dise\u00f1o","ley propiedad intelectual","obra de propiedad intelectual","originalidad","originalidad reforzada","propiedad intelectual","protecci\u00f3n acumulada"],"articleSection":["Sin categor\u00eda"],"inLanguage":"fr-FR"},{"@type":"WebPage","@id":"https:\/\/rma.legal\/fr\/originalidad-solo-hay-una-conclusiones-ag-caso-cofemel\/","url":"https:\/\/rma.legal\/fr\/originalidad-solo-hay-una-conclusiones-ag-caso-cofemel\/","name":"\u00a1Originalidad s\u00f3lo hay una! (Conclusiones AG Caso Cofemel) - Avocats du RMA","isPartOf":{"@id":"https:\/\/rma.legal\/fr\/#website"},"primaryImageOfPage":{"@id":"https:\/\/rma.legal\/fr\/originalidad-solo-hay-una-conclusiones-ag-caso-cofemel\/#primaryimage"},"image":{"@id":"https:\/\/rma.legal\/fr\/originalidad-solo-hay-una-conclusiones-ag-caso-cofemel\/#primaryimage"},"thumbnailUrl":"http:\/\/rma.legal\/wp-content\/uploads\/2019\/05\/ORIGINAL.jpg","datePublished":"2019-05-28T10:12:23+00:00","dateModified":"2025-04-15T10:21:58+00:00","breadcrumb":{"@id":"https:\/\/rma.legal\/fr\/originalidad-solo-hay-una-conclusiones-ag-caso-cofemel\/#breadcrumb"},"inLanguage":"fr-FR","potentialAction":[{"@type":"ReadAction","target":["https:\/\/rma.legal\/fr\/originalidad-solo-hay-una-conclusiones-ag-caso-cofemel\/"]}]},{"@type":"ImageObject","inLanguage":"fr-FR","@id":"https:\/\/rma.legal\/fr\/originalidad-solo-hay-una-conclusiones-ag-caso-cofemel\/#primaryimage","url":"http:\/\/rma.legal\/wp-content\/uploads\/2019\/05\/ORIGINAL.jpg","contentUrl":"http:\/\/rma.legal\/wp-content\/uploads\/2019\/05\/ORIGINAL.jpg"},{"@type":"BreadcrumbList","@id":"https:\/\/rma.legal\/fr\/originalidad-solo-hay-una-conclusiones-ag-caso-cofemel\/#breadcrumb","itemListElement":[{"@type":"ListItem","position":1,"name":"Portada","item":"https:\/\/rma.legal\/fr\/"},{"@type":"ListItem","position":2,"name":"\u00a1Originalidad s\u00f3lo hay una! (Conclusiones AG Caso Cofemel)"}]},{"@type":"WebSite","@id":"https:\/\/rma.legal\/fr\/#website","url":"https:\/\/rma.legal\/fr\/","name":"Avocats du RMA","description":"RMA Legal Abogados","publisher":{"@id":"https:\/\/rma.legal\/fr\/#organization"},"potentialAction":[{"@type":"SearchAction","target":{"@type":"EntryPoint","urlTemplate":"https:\/\/rma.legal\/fr\/?s={search_term_string}"},"query-input":{"@type":"PropertyValueSpecification","valueRequired":true,"valueName":"search_term_string"}}],"inLanguage":"fr-FR"},{"@type":"Organization","@id":"https:\/\/rma.legal\/fr\/#organization","name":"Avocats du RMA","url":"https:\/\/rma.legal\/fr\/","logo":{"@type":"ImageObject","inLanguage":"fr-FR","@id":"https:\/\/rma.legal\/fr\/#\/schema\/logo\/image\/","url":"https:\/\/rma.legal\/wp-content\/uploads\/2025\/02\/Logo-rma-legal-invertido-footer-c-1.png","contentUrl":"https:\/\/rma.legal\/wp-content\/uploads\/2025\/02\/Logo-rma-legal-invertido-footer-c-1.png","width":300,"height":125,"caption":"Avocats du RMA"},"image":{"@id":"https:\/\/rma.legal\/fr\/#\/schema\/logo\/image\/"}},{"@type":"Person","@id":"https:\/\/rma.legal\/fr\/#\/schema\/person\/b820ae237ba4d5a3f543d0527443965e","name":"Jordi Roman\u00ed Lluch","image":{"@type":"ImageObject","inLanguage":"fr-FR","@id":"https:\/\/rma.legal\/fr\/#\/schema\/person\/image\/","url":"https:\/\/secure.gravatar.com\/avatar\/2177d68cd02d097656dde75c3bdef729ef37c5d797f2cf3fb3c2184c46b2d8ac?s=96&d=mm&r=g","contentUrl":"https:\/\/secure.gravatar.com\/avatar\/2177d68cd02d097656dde75c3bdef729ef37c5d797f2cf3fb3c2184c46b2d8ac?s=96&d=mm&r=g","caption":"Jordi Roman\u00ed Lluch"},"url":"https:\/\/rma.legal\/fr\/author\/jordi-romani-lluch\/"}]}},"_links":{"self":[{"href":"https:\/\/rma.legal\/fr\/wp-json\/wp\/v2\/posts\/25921","targetHints":{"allow":["GET"]}}],"collection":[{"href":"https:\/\/rma.legal\/fr\/wp-json\/wp\/v2\/posts"}],"about":[{"href":"https:\/\/rma.legal\/fr\/wp-json\/wp\/v2\/types\/post"}],"author":[{"embeddable":true,"href":"https:\/\/rma.legal\/fr\/wp-json\/wp\/v2\/users\/9"}],"replies":[{"embeddable":true,"href":"https:\/\/rma.legal\/fr\/wp-json\/wp\/v2\/comments?post=25921"}],"version-history":[{"count":2,"href":"https:\/\/rma.legal\/fr\/wp-json\/wp\/v2\/posts\/25921\/revisions"}],"predecessor-version":[{"id":30433,"href":"https:\/\/rma.legal\/fr\/wp-json\/wp\/v2\/posts\/25921\/revisions\/30433"}],"wp:attachment":[{"href":"https:\/\/rma.legal\/fr\/wp-json\/wp\/v2\/media?parent=25921"}],"wp:term":[{"taxonomy":"category","embeddable":true,"href":"https:\/\/rma.legal\/fr\/wp-json\/wp\/v2\/categories?post=25921"},{"taxonomy":"post_tag","embeddable":true,"href":"https:\/\/rma.legal\/fr\/wp-json\/wp\/v2\/tags?post=25921"}],"curies":[{"name":"wp","href":"https:\/\/api.w.org\/{rel}","templated":true}]}}