{"id":25857,"date":"2019-02-20T13:46:37","date_gmt":"2019-02-20T13:46:37","guid":{"rendered":"http:\/\/rma.legal\/?p=25857"},"modified":"2025-04-15T09:24:17","modified_gmt":"2025-04-15T09:24:17","slug":"cual-es-el-verdadero-alcance-de-proteccion-de-las-denominaciones-de-origen-ii","status":"publish","type":"post","link":"https:\/\/rma.legal\/fr\/cual-es-el-verdadero-alcance-de-proteccion-de-las-denominaciones-de-origen-ii\/","title":{"rendered":"\u00bfCu\u00e1l es el verdadero alcance de protecci\u00f3n de las denominaciones de origen? (II)"},"content":{"rendered":"<p><img decoding=\"async\" class=\"alignnone  wp-image-25860 aligncenter\" src=\"http:\/\/rma.legal\/wp-content\/uploads\/2019\/02\/glen-1-229x300.jpg\" alt=\"glen\" width=\"153\" height=\"200\" srcset=\"https:\/\/rma.legal\/wp-content\/uploads\/2019\/02\/glen-1-229x300.jpg 229w, https:\/\/rma.legal\/wp-content\/uploads\/2019\/02\/glen-1.jpg 267w\" sizes=\"(max-width: 153px) 100vw, 153px\" \/><\/p>\n<p>Hace unos meses dedicamos un <a href=\"http:\/\/rma.legal\/es\/2018\/04\/19\/cual-es-el-verdadero-alcance-de-proteccion-de-las-denominaciones-de-origen\/\">post de nuestro blog<\/a> a analizar <strong>el alcance de protecci\u00f3n de las Denominaciones de Origen Protegidas\/Indicaciones Geogr\u00e1ficas Protegidas en la actualidad<\/strong>, y entre otros supuestos, coment\u00e1bamos las conclusiones del Abogado General de la UE de fecha 22 de febrero de 2018 en el asunto C-44\/17, <strong>sobre el uso del t\u00e9rmino \u201cGlen\u201d aplicado a un whisky alem\u00e1n<\/strong> y discutido por parte de la Indicaci\u00f3n Geogr\u00e1fica Protegida (IGP) \u201cScotch Whisky\u201d. \u201cGlen\u201d, record\u00e1bamos, es una palabra de origen ga\u00e9lico que significa \u00abvalle estrecho\u00bb, siendo pr\u00e1ctica habitual que las destiler\u00edas de \u201cScotch Whisky\u201d indiquen el nombre del \u201cglen\u201d en que se ubican (de ah\u00ed tambi\u00e9n la multitud de marcas de Whisky integradas por dicho vocablo).<\/p>\n<p>Pues bien, poco despu\u00e9s, 7 de junio de 2018, el Tribunal de Justicia de la UE dict\u00f3 <a href=\"http:\/\/curia.europa.eu\/juris\/document\/document.jsf;jsessionid=9ea7d0f130da9afe20e7c2b6481f9a0ead7faf74bb49.e34KaxiLc3eQc40LaxqMbN4Pb3qNe0?text=&amp;docid=202636&amp;pageIndex=0&amp;doclang=ES&amp;mode=lst&amp;dir=&amp;occ=first&amp;part=1&amp;cid=736221\">sentencia<\/a> resolviendo la cuesti\u00f3n prejudicial planteada, en la que, siguiendo en su casi totalidad lo previamente se\u00f1alado por el Abogado General en aquellas conclusiones, dispon\u00eda que:<\/p>\n<p>1)\u00a0\u00a0\u00a0\u00a0\u00a0 El art\u00edculo 16, letra a), del <a href=\"https:\/\/wipolex.wipo.int\/es\/text\/473904\">Reglamento (CE) n\u00ba 110\/2008<\/a> relativo a la protecci\u00f3n de las indicaciones geogr\u00e1ficas de bebidas espirituosas, debe interpretarse en el sentido de que para considerar que existe un \u00ab<strong>uso comercial indirecto<\/strong>\u00bb de una indicaci\u00f3n geogr\u00e1fica registrada, es preciso que el elemento controvertido <strong>se utilice en una forma id\u00e9ntica a dicha indicaci\u00f3n o similar desde el punto de vista fon\u00e9tico o visual.<\/strong> En consecuencia, no basta con que dicho elemento pueda suscitar en el p\u00fablico al que se dirige alg\u00fan tipo de asociaci\u00f3n con la referida indicaci\u00f3n o con el \u00e1rea geogr\u00e1fica a que se refiere.<\/p>\n<p>2)\u00a0\u00a0\u00a0\u00a0\u00a0 <strong>El art\u00edculo 16, letra b) <\/strong>debe interpretarse en el sentido de que, para considerar que existe una <strong>\u00abevocaci\u00f3n\u00bb<\/strong> de una IGP registrada, se debe apreciar si la visi\u00f3n de la denominaci\u00f3n controvertida lleva al consumidor europeo medio, normalmente informado y razonablemente atento y perspicaz, <strong>a pensar directamente, como imagen de referencia, en la mercanc\u00eda que se beneficia de <\/strong>la IGP. De no existir, en primer t\u00e9rmino, similitud fon\u00e9tica o visual entre la denominaci\u00f3n controvertida y la indicaci\u00f3n geogr\u00e1fica protegida ni, en segundo t\u00e9rmino, una incorporaci\u00f3n parcial de dicha indicaci\u00f3n en la denominaci\u00f3n, el \u00f3rgano jurisdiccional deber\u00e1 tener en cuenta, en su caso, la proximidad conceptual entre la referida denominaci\u00f3n y dicha indicaci\u00f3n. Adem\u00e1s, contin\u00faa el Tribunal, para considerar que existe tal \u00abevocaci\u00f3n\u00bb no es preciso tener en cuenta el contexto que rodea al elemento controvertido ni, en particular, el hecho de que este vaya acompa\u00f1ado de una precisi\u00f3n acerca del verdadero origen del producto de que se trate.<\/p>\n<p>3)\u00a0\u00a0\u00a0\u00a0\u00a0 <strong>El art\u00edculo 16, letra c) <\/strong>debe interpretarse en el sentido de que para considerar que existe una \u00ab<strong>indicaci\u00f3n falsa o enga\u00f1osa<\/strong>\u00bb, <strong>no es preciso tener en cuenta el contexto en el que se utiliza el elemento controvertido<\/strong>, recordando que \u201c<em>si pudiera autorizarse el uso de una indicaci\u00f3n falsa o enga\u00f1osa debido a la informaci\u00f3n suplementaria que la acompa\u00f1a y que se refiere, en particular, al verdadero origen del producto de que se trate, esta disposici\u00f3n perder\u00eda su efecto \u00fatil<\/em>.\u201d<\/p>\n<p>Ahora y para cerrar el c\u00edrculo, hemos conocido que el Tribunal de Hamburgo que remiti\u00f3 en su d\u00eda la referida cuesti\u00f3n prejudicial, acaba de pronunciarse sobre el fondo del asunto (en una sentencia todav\u00eda susceptible de ser apelada), dando la raz\u00f3n a la\u00a0Scotch Whisky Association (SWA) . Concluye el Tribunal <a href=\"http:\/\/www.landesrecht-hamburg.de\/jportal\/portal\/page\/bsharprod.psml?showdoccase=1&amp;doc.id=JURE190002222&amp;st=ent\">en su sentencia<\/a> que <strong>el uso del mencionado t\u00e9rmino \u201cGlen\u201d en un whisky producido en Alemania es una indicaci\u00f3n enga\u00f1osa que puede llevar al consumidor a dudar acerca de cu\u00e1l es su origen<\/strong> (y ello con independencia de que en el propio producto se indique claramente que se ha producido en Alemania, o de que aquel vocablo se acompa\u00f1e adem\u00e1s del signo \u201cBuchenbach\u201d), por cuanto entiende que para el consumidor medio europeo, razonablemente bien informado, atento y perspicaz, la presencia de aquel t\u00e9rmino le lleva indefectiblemente a pensar en el whisky escoc\u00e9s. De forma que <strong>entiende concurrente la aplicaci\u00f3n al caso del<\/strong> <strong>art. 16.c) del Reglamento<\/strong> pero no as\u00ed ni el apartado a), pues considera l\u00f3gicamente que \u201cGlen\u201d no se parece ni fon\u00e9tica ni visualmente a la misma IGP ni se asocia suficientemente con ella, ni el apartado b) del propio precepto, considerando adem\u00e1s que tampoco evoca directamente la IGP al no concurrir la necesaria semejanza conceptual que permitir\u00eda sostenerla.<\/p>\n<p>Se compartan o no estas conclusiones, la realidad es\u00a0que, de momento, <strong>no podr\u00e1 haber un whisky \u201cglen\u201d alem\u00e1n<\/strong>,\u00a0y la SWA ha mostrado <a href=\"http:\/\/www.scotch-whisky.org.uk\/news-publications\/news\/swa-comments-on-glen-buchenbach-case\/#.XG1X_6JKgkI\">p\u00fablicamente su satisfacci\u00f3n<\/a> con la sentencia.<\/p>\n<p>En definitiva y si bien habr\u00e1 que estar siempre al caso concreto y a las circunstancias concurrentes, podemos muy bien afirmar que <strong>la protecci\u00f3n de las DOP\/IPG goza de muy buena salud<\/strong> y\u00a0con un alcance nada desde\u00f1able.<\/p>\n<p>To be continued\u2026<\/p>\n<p>&nbsp;<\/p>\n","protected":false},"excerpt":{"rendered":"<p>Hace unos meses dedicamos un post de nuestro blog a analizar el alcance de protecci\u00f3n de las Denominaciones de Origen Protegidas\/Indicaciones Geogr\u00e1ficas Protegidas en la actualidad, y entre otros supuestos, coment\u00e1bamos las conclusiones del Abogado General de la UE de fecha 22 de febrero de 2018 en el asunto C-44\/17, sobre el uso del t\u00e9rmino [&hellip;]<\/p>\n","protected":false},"author":3,"featured_media":0,"comment_status":"closed","ping_status":"open","sticky":false,"template":"","format":"standard","meta":{"footnotes":""},"categories":[103],"tags":[111,187,234,249,263,266,483],"class_list":["post-25857","post","type-post","status-publish","format-standard","hentry","category-sin-categoria","tag-alcance-de-proteccion","tag-denominacion-de-origen","tag-evocacion","tag-glen","tag-indicacion-falsa-o-enganosa","tag-indicacion-geografica-protegida","tag-uso-comercial-indirecto-de-indicacion-geografica"],"yoast_head":"<!-- This site is optimized with the Yoast SEO plugin v25.9 - https:\/\/yoast.com\/wordpress\/plugins\/seo\/ -->\n<title>\u00bfCu\u00e1l es el verdadero alcance de protecci\u00f3n de las denominaciones de origen? (II) - Avocats du RMA<\/title>\n<meta name=\"robots\" content=\"index, follow, max-snippet:-1, max-image-preview:large, max-video-preview:-1\" \/>\n<link rel=\"canonical\" href=\"https:\/\/rma.legal\/fr\/cual-es-el-verdadero-alcance-de-proteccion-de-las-denominaciones-de-origen-ii\/\" \/>\n<meta property=\"og:locale\" content=\"fr_FR\" \/>\n<meta property=\"og:type\" content=\"article\" \/>\n<meta property=\"og:title\" content=\"\u00bfCu\u00e1l es el verdadero alcance de protecci\u00f3n de las denominaciones de origen? (II) - Avocats du RMA\" \/>\n<meta property=\"og:description\" content=\"Hace unos meses dedicamos un post de nuestro blog a analizar el alcance de protecci\u00f3n de las Denominaciones de Origen Protegidas\/Indicaciones Geogr\u00e1ficas Protegidas en la actualidad, y entre otros supuestos, coment\u00e1bamos las conclusiones del Abogado General de la UE de fecha 22 de febrero de 2018 en el asunto C-44\/17, sobre el uso del t\u00e9rmino [&hellip;]\" \/>\n<meta property=\"og:url\" content=\"https:\/\/rma.legal\/fr\/cual-es-el-verdadero-alcance-de-proteccion-de-las-denominaciones-de-origen-ii\/\" \/>\n<meta property=\"og:site_name\" content=\"Avocats du RMA\" \/>\n<meta property=\"article:published_time\" content=\"2019-02-20T13:46:37+00:00\" \/>\n<meta property=\"article:modified_time\" content=\"2025-04-15T09:24:17+00:00\" \/>\n<meta property=\"og:image\" content=\"http:\/\/rma.legal\/wp-content\/uploads\/2019\/02\/glen-1-229x300.jpg\" \/>\n<meta name=\"author\" content=\"Anton\u00ed Roman\u00ed\" \/>\n<meta name=\"twitter:card\" content=\"summary_large_image\" \/>\n<meta name=\"twitter:label1\" content=\"\u00c9crit par\" \/>\n\t<meta name=\"twitter:data1\" content=\"Anton\u00ed Roman\u00ed\" \/>\n\t<meta name=\"twitter:label2\" content=\"Dur\u00e9e de lecture estim\u00e9e\" \/>\n\t<meta name=\"twitter:data2\" content=\"4 minutes\" \/>\n<script type=\"application\/ld+json\" class=\"yoast-schema-graph\">{\"@context\":\"https:\/\/schema.org\",\"@graph\":[{\"@type\":\"Article\",\"@id\":\"https:\/\/rma.legal\/fr\/cual-es-el-verdadero-alcance-de-proteccion-de-las-denominaciones-de-origen-ii\/#article\",\"isPartOf\":{\"@id\":\"https:\/\/rma.legal\/fr\/cual-es-el-verdadero-alcance-de-proteccion-de-las-denominaciones-de-origen-ii\/\"},\"author\":{\"name\":\"Anton\u00ed Roman\u00ed\",\"@id\":\"https:\/\/rma.legal\/fr\/#\/schema\/person\/b63c3bc485a4ceb80b0f23d3247c6ac3\"},\"headline\":\"\u00bfCu\u00e1l es el verdadero alcance de protecci\u00f3n de las denominaciones de origen? (II)\",\"datePublished\":\"2019-02-20T13:46:37+00:00\",\"dateModified\":\"2025-04-15T09:24:17+00:00\",\"mainEntityOfPage\":{\"@id\":\"https:\/\/rma.legal\/fr\/cual-es-el-verdadero-alcance-de-proteccion-de-las-denominaciones-de-origen-ii\/\"},\"wordCount\":869,\"publisher\":{\"@id\":\"https:\/\/rma.legal\/fr\/#organization\"},\"image\":{\"@id\":\"https:\/\/rma.legal\/fr\/cual-es-el-verdadero-alcance-de-proteccion-de-las-denominaciones-de-origen-ii\/#primaryimage\"},\"thumbnailUrl\":\"http:\/\/rma.legal\/wp-content\/uploads\/2019\/02\/glen-1-229x300.jpg\",\"keywords\":[\"alcance de protecci\u00f3n\",\"denominacion de origen\",\"evocaci\u00f3n\",\"glen\",\"indicaci\u00f3n falsa o enga\u00f1osa\",\"indicaci\u00f3n geogr\u00e1fica protegida\",\"uso comercial indirecto de indicaci\u00f3n geogr\u00e1fica\"],\"articleSection\":[\"Sin categor\u00eda\"],\"inLanguage\":\"fr-FR\"},{\"@type\":\"WebPage\",\"@id\":\"https:\/\/rma.legal\/fr\/cual-es-el-verdadero-alcance-de-proteccion-de-las-denominaciones-de-origen-ii\/\",\"url\":\"https:\/\/rma.legal\/fr\/cual-es-el-verdadero-alcance-de-proteccion-de-las-denominaciones-de-origen-ii\/\",\"name\":\"\u00bfCu\u00e1l es el verdadero alcance de protecci\u00f3n de las denominaciones de origen? (II) - Avocats du RMA\",\"isPartOf\":{\"@id\":\"https:\/\/rma.legal\/fr\/#website\"},\"primaryImageOfPage\":{\"@id\":\"https:\/\/rma.legal\/fr\/cual-es-el-verdadero-alcance-de-proteccion-de-las-denominaciones-de-origen-ii\/#primaryimage\"},\"image\":{\"@id\":\"https:\/\/rma.legal\/fr\/cual-es-el-verdadero-alcance-de-proteccion-de-las-denominaciones-de-origen-ii\/#primaryimage\"},\"thumbnailUrl\":\"http:\/\/rma.legal\/wp-content\/uploads\/2019\/02\/glen-1-229x300.jpg\",\"datePublished\":\"2019-02-20T13:46:37+00:00\",\"dateModified\":\"2025-04-15T09:24:17+00:00\",\"breadcrumb\":{\"@id\":\"https:\/\/rma.legal\/fr\/cual-es-el-verdadero-alcance-de-proteccion-de-las-denominaciones-de-origen-ii\/#breadcrumb\"},\"inLanguage\":\"fr-FR\",\"potentialAction\":[{\"@type\":\"ReadAction\",\"target\":[\"https:\/\/rma.legal\/fr\/cual-es-el-verdadero-alcance-de-proteccion-de-las-denominaciones-de-origen-ii\/\"]}]},{\"@type\":\"ImageObject\",\"inLanguage\":\"fr-FR\",\"@id\":\"https:\/\/rma.legal\/fr\/cual-es-el-verdadero-alcance-de-proteccion-de-las-denominaciones-de-origen-ii\/#primaryimage\",\"url\":\"http:\/\/rma.legal\/wp-content\/uploads\/2019\/02\/glen-1-229x300.jpg\",\"contentUrl\":\"http:\/\/rma.legal\/wp-content\/uploads\/2019\/02\/glen-1-229x300.jpg\"},{\"@type\":\"BreadcrumbList\",\"@id\":\"https:\/\/rma.legal\/fr\/cual-es-el-verdadero-alcance-de-proteccion-de-las-denominaciones-de-origen-ii\/#breadcrumb\",\"itemListElement\":[{\"@type\":\"ListItem\",\"position\":1,\"name\":\"Portada\",\"item\":\"https:\/\/rma.legal\/fr\/\"},{\"@type\":\"ListItem\",\"position\":2,\"name\":\"\u00bfCu\u00e1l es el verdadero alcance de protecci\u00f3n de las denominaciones de origen? (II)\"}]},{\"@type\":\"WebSite\",\"@id\":\"https:\/\/rma.legal\/fr\/#website\",\"url\":\"https:\/\/rma.legal\/fr\/\",\"name\":\"Avocats du RMA\",\"description\":\"RMA Legal Abogados\",\"publisher\":{\"@id\":\"https:\/\/rma.legal\/fr\/#organization\"},\"potentialAction\":[{\"@type\":\"SearchAction\",\"target\":{\"@type\":\"EntryPoint\",\"urlTemplate\":\"https:\/\/rma.legal\/fr\/?s={search_term_string}\"},\"query-input\":{\"@type\":\"PropertyValueSpecification\",\"valueRequired\":true,\"valueName\":\"search_term_string\"}}],\"inLanguage\":\"fr-FR\"},{\"@type\":\"Organization\",\"@id\":\"https:\/\/rma.legal\/fr\/#organization\",\"name\":\"Avocats du RMA\",\"url\":\"https:\/\/rma.legal\/fr\/\",\"logo\":{\"@type\":\"ImageObject\",\"inLanguage\":\"fr-FR\",\"@id\":\"https:\/\/rma.legal\/fr\/#\/schema\/logo\/image\/\",\"url\":\"https:\/\/rma.legal\/wp-content\/uploads\/2025\/02\/Logo-rma-legal-invertido-footer-c-1.png\",\"contentUrl\":\"https:\/\/rma.legal\/wp-content\/uploads\/2025\/02\/Logo-rma-legal-invertido-footer-c-1.png\",\"width\":300,\"height\":125,\"caption\":\"Avocats du RMA\"},\"image\":{\"@id\":\"https:\/\/rma.legal\/fr\/#\/schema\/logo\/image\/\"}},{\"@type\":\"Person\",\"@id\":\"https:\/\/rma.legal\/fr\/#\/schema\/person\/b63c3bc485a4ceb80b0f23d3247c6ac3\",\"name\":\"Anton\u00ed Roman\u00ed\",\"image\":{\"@type\":\"ImageObject\",\"inLanguage\":\"fr-FR\",\"@id\":\"https:\/\/rma.legal\/fr\/#\/schema\/person\/image\/\",\"url\":\"https:\/\/secure.gravatar.com\/avatar\/f934a14d345552e589afbf4971cccbf6e435fea0dbed264e7156edbc39bd634b?s=96&d=mm&r=g\",\"contentUrl\":\"https:\/\/secure.gravatar.com\/avatar\/f934a14d345552e589afbf4971cccbf6e435fea0dbed264e7156edbc39bd634b?s=96&d=mm&r=g\",\"caption\":\"Anton\u00ed Roman\u00ed\"},\"url\":\"https:\/\/rma.legal\/fr\/author\/romani-martinez\/\"}]}<\/script>\n<!-- \/ Yoast SEO plugin. -->","yoast_head_json":{"title":"\u00bfCu\u00e1l es el verdadero alcance de protecci\u00f3n de las denominaciones de origen? (II) - Avocats du RMA","robots":{"index":"index","follow":"follow","max-snippet":"max-snippet:-1","max-image-preview":"max-image-preview:large","max-video-preview":"max-video-preview:-1"},"canonical":"https:\/\/rma.legal\/fr\/cual-es-el-verdadero-alcance-de-proteccion-de-las-denominaciones-de-origen-ii\/","og_locale":"fr_FR","og_type":"article","og_title":"\u00bfCu\u00e1l es el verdadero alcance de protecci\u00f3n de las denominaciones de origen? (II) - Avocats du RMA","og_description":"Hace unos meses dedicamos un post de nuestro blog a analizar el alcance de protecci\u00f3n de las Denominaciones de Origen Protegidas\/Indicaciones Geogr\u00e1ficas Protegidas en la actualidad, y entre otros supuestos, coment\u00e1bamos las conclusiones del Abogado General de la UE de fecha 22 de febrero de 2018 en el asunto C-44\/17, sobre el uso del t\u00e9rmino [&hellip;]","og_url":"https:\/\/rma.legal\/fr\/cual-es-el-verdadero-alcance-de-proteccion-de-las-denominaciones-de-origen-ii\/","og_site_name":"Avocats du RMA","article_published_time":"2019-02-20T13:46:37+00:00","article_modified_time":"2025-04-15T09:24:17+00:00","og_image":[{"url":"http:\/\/rma.legal\/wp-content\/uploads\/2019\/02\/glen-1-229x300.jpg","type":"","width":"","height":""}],"author":"Anton\u00ed Roman\u00ed","twitter_card":"summary_large_image","twitter_misc":{"\u00c9crit par":"Anton\u00ed Roman\u00ed","Dur\u00e9e de lecture estim\u00e9e":"4 minutes"},"schema":{"@context":"https:\/\/schema.org","@graph":[{"@type":"Article","@id":"https:\/\/rma.legal\/fr\/cual-es-el-verdadero-alcance-de-proteccion-de-las-denominaciones-de-origen-ii\/#article","isPartOf":{"@id":"https:\/\/rma.legal\/fr\/cual-es-el-verdadero-alcance-de-proteccion-de-las-denominaciones-de-origen-ii\/"},"author":{"name":"Anton\u00ed Roman\u00ed","@id":"https:\/\/rma.legal\/fr\/#\/schema\/person\/b63c3bc485a4ceb80b0f23d3247c6ac3"},"headline":"\u00bfCu\u00e1l es el verdadero alcance de protecci\u00f3n de las denominaciones de origen? (II)","datePublished":"2019-02-20T13:46:37+00:00","dateModified":"2025-04-15T09:24:17+00:00","mainEntityOfPage":{"@id":"https:\/\/rma.legal\/fr\/cual-es-el-verdadero-alcance-de-proteccion-de-las-denominaciones-de-origen-ii\/"},"wordCount":869,"publisher":{"@id":"https:\/\/rma.legal\/fr\/#organization"},"image":{"@id":"https:\/\/rma.legal\/fr\/cual-es-el-verdadero-alcance-de-proteccion-de-las-denominaciones-de-origen-ii\/#primaryimage"},"thumbnailUrl":"http:\/\/rma.legal\/wp-content\/uploads\/2019\/02\/glen-1-229x300.jpg","keywords":["alcance de protecci\u00f3n","denominacion de origen","evocaci\u00f3n","glen","indicaci\u00f3n falsa o enga\u00f1osa","indicaci\u00f3n geogr\u00e1fica protegida","uso comercial indirecto de indicaci\u00f3n geogr\u00e1fica"],"articleSection":["Sin categor\u00eda"],"inLanguage":"fr-FR"},{"@type":"WebPage","@id":"https:\/\/rma.legal\/fr\/cual-es-el-verdadero-alcance-de-proteccion-de-las-denominaciones-de-origen-ii\/","url":"https:\/\/rma.legal\/fr\/cual-es-el-verdadero-alcance-de-proteccion-de-las-denominaciones-de-origen-ii\/","name":"\u00bfCu\u00e1l es el verdadero alcance de protecci\u00f3n de las denominaciones de origen? (II) - Avocats du RMA","isPartOf":{"@id":"https:\/\/rma.legal\/fr\/#website"},"primaryImageOfPage":{"@id":"https:\/\/rma.legal\/fr\/cual-es-el-verdadero-alcance-de-proteccion-de-las-denominaciones-de-origen-ii\/#primaryimage"},"image":{"@id":"https:\/\/rma.legal\/fr\/cual-es-el-verdadero-alcance-de-proteccion-de-las-denominaciones-de-origen-ii\/#primaryimage"},"thumbnailUrl":"http:\/\/rma.legal\/wp-content\/uploads\/2019\/02\/glen-1-229x300.jpg","datePublished":"2019-02-20T13:46:37+00:00","dateModified":"2025-04-15T09:24:17+00:00","breadcrumb":{"@id":"https:\/\/rma.legal\/fr\/cual-es-el-verdadero-alcance-de-proteccion-de-las-denominaciones-de-origen-ii\/#breadcrumb"},"inLanguage":"fr-FR","potentialAction":[{"@type":"ReadAction","target":["https:\/\/rma.legal\/fr\/cual-es-el-verdadero-alcance-de-proteccion-de-las-denominaciones-de-origen-ii\/"]}]},{"@type":"ImageObject","inLanguage":"fr-FR","@id":"https:\/\/rma.legal\/fr\/cual-es-el-verdadero-alcance-de-proteccion-de-las-denominaciones-de-origen-ii\/#primaryimage","url":"http:\/\/rma.legal\/wp-content\/uploads\/2019\/02\/glen-1-229x300.jpg","contentUrl":"http:\/\/rma.legal\/wp-content\/uploads\/2019\/02\/glen-1-229x300.jpg"},{"@type":"BreadcrumbList","@id":"https:\/\/rma.legal\/fr\/cual-es-el-verdadero-alcance-de-proteccion-de-las-denominaciones-de-origen-ii\/#breadcrumb","itemListElement":[{"@type":"ListItem","position":1,"name":"Portada","item":"https:\/\/rma.legal\/fr\/"},{"@type":"ListItem","position":2,"name":"\u00bfCu\u00e1l es el verdadero alcance de protecci\u00f3n de las denominaciones de origen? (II)"}]},{"@type":"WebSite","@id":"https:\/\/rma.legal\/fr\/#website","url":"https:\/\/rma.legal\/fr\/","name":"Avocats du RMA","description":"RMA Legal Abogados","publisher":{"@id":"https:\/\/rma.legal\/fr\/#organization"},"potentialAction":[{"@type":"SearchAction","target":{"@type":"EntryPoint","urlTemplate":"https:\/\/rma.legal\/fr\/?s={search_term_string}"},"query-input":{"@type":"PropertyValueSpecification","valueRequired":true,"valueName":"search_term_string"}}],"inLanguage":"fr-FR"},{"@type":"Organization","@id":"https:\/\/rma.legal\/fr\/#organization","name":"Avocats du RMA","url":"https:\/\/rma.legal\/fr\/","logo":{"@type":"ImageObject","inLanguage":"fr-FR","@id":"https:\/\/rma.legal\/fr\/#\/schema\/logo\/image\/","url":"https:\/\/rma.legal\/wp-content\/uploads\/2025\/02\/Logo-rma-legal-invertido-footer-c-1.png","contentUrl":"https:\/\/rma.legal\/wp-content\/uploads\/2025\/02\/Logo-rma-legal-invertido-footer-c-1.png","width":300,"height":125,"caption":"Avocats du RMA"},"image":{"@id":"https:\/\/rma.legal\/fr\/#\/schema\/logo\/image\/"}},{"@type":"Person","@id":"https:\/\/rma.legal\/fr\/#\/schema\/person\/b63c3bc485a4ceb80b0f23d3247c6ac3","name":"Anton\u00ed Roman\u00ed","image":{"@type":"ImageObject","inLanguage":"fr-FR","@id":"https:\/\/rma.legal\/fr\/#\/schema\/person\/image\/","url":"https:\/\/secure.gravatar.com\/avatar\/f934a14d345552e589afbf4971cccbf6e435fea0dbed264e7156edbc39bd634b?s=96&d=mm&r=g","contentUrl":"https:\/\/secure.gravatar.com\/avatar\/f934a14d345552e589afbf4971cccbf6e435fea0dbed264e7156edbc39bd634b?s=96&d=mm&r=g","caption":"Anton\u00ed Roman\u00ed"},"url":"https:\/\/rma.legal\/fr\/author\/romani-martinez\/"}]}},"_links":{"self":[{"href":"https:\/\/rma.legal\/fr\/wp-json\/wp\/v2\/posts\/25857","targetHints":{"allow":["GET"]}}],"collection":[{"href":"https:\/\/rma.legal\/fr\/wp-json\/wp\/v2\/posts"}],"about":[{"href":"https:\/\/rma.legal\/fr\/wp-json\/wp\/v2\/types\/post"}],"author":[{"embeddable":true,"href":"https:\/\/rma.legal\/fr\/wp-json\/wp\/v2\/users\/3"}],"replies":[{"embeddable":true,"href":"https:\/\/rma.legal\/fr\/wp-json\/wp\/v2\/comments?post=25857"}],"version-history":[{"count":2,"href":"https:\/\/rma.legal\/fr\/wp-json\/wp\/v2\/posts\/25857\/revisions"}],"predecessor-version":[{"id":30291,"href":"https:\/\/rma.legal\/fr\/wp-json\/wp\/v2\/posts\/25857\/revisions\/30291"}],"wp:attachment":[{"href":"https:\/\/rma.legal\/fr\/wp-json\/wp\/v2\/media?parent=25857"}],"wp:term":[{"taxonomy":"category","embeddable":true,"href":"https:\/\/rma.legal\/fr\/wp-json\/wp\/v2\/categories?post=25857"},{"taxonomy":"post_tag","embeddable":true,"href":"https:\/\/rma.legal\/fr\/wp-json\/wp\/v2\/tags?post=25857"}],"curies":[{"name":"wp","href":"https:\/\/api.w.org\/{rel}","templated":true}]}}