{"id":25840,"date":"2019-02-04T13:13:09","date_gmt":"2019-02-04T13:13:09","guid":{"rendered":"http:\/\/rma.legal\/?p=25840"},"modified":"2025-09-15T16:53:08","modified_gmt":"2025-09-15T16:53:08","slug":"mobile-world-congress-2019-ip-rights","status":"publish","type":"post","link":"https:\/\/rma.legal\/fr\/mobile-world-congress-2019-ip-rights\/","title":{"rendered":"MOBILE WORLD CONGRESS 2019 &#038; IP RIGHTS"},"content":{"rendered":"<p><img fetchpriority=\"high\" decoding=\"async\" class=\"alignnone size-medium wp-image-32023 aligncenter\" src=\"https:\/\/rma.legal\/wp-content\/uploads\/2024\/01\/rma-logo-hexagono-300x174.png\" alt=\"RMA Legal logo\" width=\"300\" height=\"174\" srcset=\"https:\/\/rma.legal\/wp-content\/uploads\/2024\/01\/rma-logo-hexagono-300x174.png 300w, https:\/\/rma.legal\/wp-content\/uploads\/2024\/01\/rma-logo-hexagono.png 440w\" sizes=\"(max-width: 300px) 100vw, 300px\" \/><\/p>\n<p><strong style=\"font-size: revert; color: initial;\">BARCELONA MOBILE WORLD CONGRESS. 25 to 28 February 2019<\/strong><\/p>\n<p>In <strong>three weeks<\/strong>, a new edition of this important event for the mobile communications industry will take place in Barcelona.<\/p>\n<p><strong>The Commercial Court Judges of Barcelona<\/strong>, with the collaboration, for the first year, of those of <strong>Alicante<\/strong> (competent for European Trademarks and Designs conflicts), have adopted again a <strong>Fast action Protocol <\/strong>containing measures to guarantee a fast and effective system of precautionary protection concerning IP rights, competition law, unfair competition, and unlawful advertising behaviours. Read more about the measures adopted by the protocol related to interim injunctions and protective letters: <a href=\"https:\/\/www.icab.cat\/files\/242-500256-DOCUMENTO\/PROTOCOLO%20MWC%202019.pdf\">MWC 2019 Protocol<\/a><\/p>\n<p><strong>Once again, we must congratulate the Courts <\/strong>for this magnificent initiative, which has been very effective since it was implemented four years ago, and for their continuous effort to improve it edition after edition.<\/p>\n<p><strong>Antoni Roman\u00ed<\/strong>, partner at RMA with a wide expertise in this type of cases, has been included again in the <strong>list of expert attorneys in the involved fields developed by the Barcelona Bar Association (ICAB<\/strong>), to attend any kind of action or conflict that could arise before or during these days. Should you require more information, please do not hesitate to contact us.<\/p>\n","protected":false},"excerpt":{"rendered":"<p>BARCELONA MOBILE WORLD CONGRESS. 25 to 28 February 2019 In three weeks, a new edition of this important event for the mobile communications industry will take place in Barcelona. The Commercial Court Judges of Barcelona, with the collaboration, for the first year, of those of Alicante (competent for European Trademarks and Designs conflicts), have adopted [&hellip;]<\/p>\n","protected":false},"author":5,"featured_media":0,"comment_status":"closed","ping_status":"open","sticky":false,"template":"","format":"standard","meta":{"footnotes":""},"categories":[502],"tags":[509,510,511,512,513,344,515,516],"class_list":["post-25840","post","type-post","status-publish","format-standard","hentry","category-sin-categoria-en","tag-commercial-courts","tag-expert-attorneys","tag-fast-action-protocol","tag-interim-injunctions","tag-ip-rights","tag-mobile-world-congress","tag-preventive-letters","tag-protocol"],"yoast_head":"<!-- This site is optimized with the Yoast SEO plugin v25.9 - https:\/\/yoast.com\/wordpress\/plugins\/seo\/ -->\n<title>MOBILE WORLD CONGRESS 2019 &amp; IP RIGHTS - Avocats du RMA<\/title>\n<meta name=\"robots\" content=\"index, follow, max-snippet:-1, max-image-preview:large, max-video-preview:-1\" \/>\n<link rel=\"canonical\" href=\"https:\/\/rma.legal\/fr\/mobile-world-congress-2019-ip-rights\/\" \/>\n<meta property=\"og:locale\" content=\"fr_FR\" \/>\n<meta property=\"og:type\" content=\"article\" \/>\n<meta property=\"og:title\" content=\"MOBILE WORLD CONGRESS 2019 &amp; IP RIGHTS - Avocats du RMA\" \/>\n<meta property=\"og:description\" content=\"BARCELONA MOBILE WORLD CONGRESS. 25 to 28 February 2019 In three weeks, a new edition of this important event for the mobile communications industry will take place in Barcelona. The Commercial Court Judges of Barcelona, with the collaboration, for the first year, of those of Alicante (competent for European Trademarks and Designs conflicts), have adopted [&hellip;]\" \/>\n<meta property=\"og:url\" content=\"https:\/\/rma.legal\/fr\/mobile-world-congress-2019-ip-rights\/\" \/>\n<meta property=\"og:site_name\" content=\"Avocats du RMA\" \/>\n<meta property=\"article:published_time\" content=\"2019-02-04T13:13:09+00:00\" \/>\n<meta property=\"article:modified_time\" content=\"2025-09-15T16:53:08+00:00\" \/>\n<meta property=\"og:image\" content=\"https:\/\/rma.legal\/wp-content\/uploads\/2024\/01\/rma-logo-hexagono.png\" \/>\n\t<meta property=\"og:image:width\" content=\"440\" \/>\n\t<meta property=\"og:image:height\" content=\"255\" \/>\n\t<meta property=\"og:image:type\" content=\"image\/png\" \/>\n<meta name=\"author\" content=\"RMA Legal\" \/>\n<meta name=\"twitter:card\" content=\"summary_large_image\" \/>\n<meta name=\"twitter:label1\" content=\"\u00c9crit par\" \/>\n\t<meta name=\"twitter:data1\" content=\"RMA Legal\" \/>\n\t<meta name=\"twitter:label2\" content=\"Dur\u00e9e de lecture estim\u00e9e\" \/>\n\t<meta name=\"twitter:data2\" content=\"2 minutes\" \/>\n<script type=\"application\/ld+json\" class=\"yoast-schema-graph\">{\"@context\":\"https:\/\/schema.org\",\"@graph\":[{\"@type\":\"Article\",\"@id\":\"https:\/\/rma.legal\/fr\/mobile-world-congress-2019-ip-rights\/#article\",\"isPartOf\":{\"@id\":\"https:\/\/rma.legal\/fr\/mobile-world-congress-2019-ip-rights\/\"},\"author\":{\"name\":\"RMA Legal\",\"@id\":\"https:\/\/rma.legal\/fr\/#\/schema\/person\/ce35cb0535f72f8fe561ca18c346286e\"},\"headline\":\"MOBILE WORLD CONGRESS 2019 &#038; IP RIGHTS\",\"datePublished\":\"2019-02-04T13:13:09+00:00\",\"dateModified\":\"2025-09-15T16:53:08+00:00\",\"mainEntityOfPage\":{\"@id\":\"https:\/\/rma.legal\/fr\/mobile-world-congress-2019-ip-rights\/\"},\"wordCount\":200,\"publisher\":{\"@id\":\"https:\/\/rma.legal\/fr\/#organization\"},\"image\":{\"@id\":\"https:\/\/rma.legal\/fr\/mobile-world-congress-2019-ip-rights\/#primaryimage\"},\"thumbnailUrl\":\"https:\/\/rma.legal\/wp-content\/uploads\/2024\/01\/rma-logo-hexagono-300x174.png\",\"keywords\":[\"commercial courts\",\"expert attorneys\",\"fast action protocol\",\"interim injunctions\",\"ip rights\",\"mobile world congress\",\"preventive letters\",\"protocol\"],\"articleSection\":[\"Sin categor\u00eda\"],\"inLanguage\":\"fr-FR\"},{\"@type\":\"WebPage\",\"@id\":\"https:\/\/rma.legal\/fr\/mobile-world-congress-2019-ip-rights\/\",\"url\":\"https:\/\/rma.legal\/fr\/mobile-world-congress-2019-ip-rights\/\",\"name\":\"MOBILE WORLD CONGRESS 2019 & IP RIGHTS - Avocats du RMA\",\"isPartOf\":{\"@id\":\"https:\/\/rma.legal\/fr\/#website\"},\"primaryImageOfPage\":{\"@id\":\"https:\/\/rma.legal\/fr\/mobile-world-congress-2019-ip-rights\/#primaryimage\"},\"image\":{\"@id\":\"https:\/\/rma.legal\/fr\/mobile-world-congress-2019-ip-rights\/#primaryimage\"},\"thumbnailUrl\":\"https:\/\/rma.legal\/wp-content\/uploads\/2024\/01\/rma-logo-hexagono-300x174.png\",\"datePublished\":\"2019-02-04T13:13:09+00:00\",\"dateModified\":\"2025-09-15T16:53:08+00:00\",\"breadcrumb\":{\"@id\":\"https:\/\/rma.legal\/fr\/mobile-world-congress-2019-ip-rights\/#breadcrumb\"},\"inLanguage\":\"fr-FR\",\"potentialAction\":[{\"@type\":\"ReadAction\",\"target\":[\"https:\/\/rma.legal\/fr\/mobile-world-congress-2019-ip-rights\/\"]}]},{\"@type\":\"ImageObject\",\"inLanguage\":\"fr-FR\",\"@id\":\"https:\/\/rma.legal\/fr\/mobile-world-congress-2019-ip-rights\/#primaryimage\",\"url\":\"https:\/\/rma.legal\/wp-content\/uploads\/2024\/01\/rma-logo-hexagono-300x174.png\",\"contentUrl\":\"https:\/\/rma.legal\/wp-content\/uploads\/2024\/01\/rma-logo-hexagono-300x174.png\"},{\"@type\":\"BreadcrumbList\",\"@id\":\"https:\/\/rma.legal\/fr\/mobile-world-congress-2019-ip-rights\/#breadcrumb\",\"itemListElement\":[{\"@type\":\"ListItem\",\"position\":1,\"name\":\"Portada\",\"item\":\"https:\/\/rma.legal\/fr\/\"},{\"@type\":\"ListItem\",\"position\":2,\"name\":\"MOBILE WORLD CONGRESS 2019 &#038; IP RIGHTS\"}]},{\"@type\":\"WebSite\",\"@id\":\"https:\/\/rma.legal\/fr\/#website\",\"url\":\"https:\/\/rma.legal\/fr\/\",\"name\":\"Avocats du RMA\",\"description\":\"RMA Legal Abogados\",\"publisher\":{\"@id\":\"https:\/\/rma.legal\/fr\/#organization\"},\"potentialAction\":[{\"@type\":\"SearchAction\",\"target\":{\"@type\":\"EntryPoint\",\"urlTemplate\":\"https:\/\/rma.legal\/fr\/?s={search_term_string}\"},\"query-input\":{\"@type\":\"PropertyValueSpecification\",\"valueRequired\":true,\"valueName\":\"search_term_string\"}}],\"inLanguage\":\"fr-FR\"},{\"@type\":\"Organization\",\"@id\":\"https:\/\/rma.legal\/fr\/#organization\",\"name\":\"Avocats du RMA\",\"url\":\"https:\/\/rma.legal\/fr\/\",\"logo\":{\"@type\":\"ImageObject\",\"inLanguage\":\"fr-FR\",\"@id\":\"https:\/\/rma.legal\/fr\/#\/schema\/logo\/image\/\",\"url\":\"https:\/\/rma.legal\/wp-content\/uploads\/2025\/02\/Logo-rma-legal-invertido-footer-c-1.png\",\"contentUrl\":\"https:\/\/rma.legal\/wp-content\/uploads\/2025\/02\/Logo-rma-legal-invertido-footer-c-1.png\",\"width\":300,\"height\":125,\"caption\":\"Avocats du RMA\"},\"image\":{\"@id\":\"https:\/\/rma.legal\/fr\/#\/schema\/logo\/image\/\"}},{\"@type\":\"Person\",\"@id\":\"https:\/\/rma.legal\/fr\/#\/schema\/person\/ce35cb0535f72f8fe561ca18c346286e\",\"name\":\"RMA Legal\",\"image\":{\"@type\":\"ImageObject\",\"inLanguage\":\"fr-FR\",\"@id\":\"https:\/\/rma.legal\/fr\/#\/schema\/person\/image\/\",\"url\":\"https:\/\/secure.gravatar.com\/avatar\/1d9ebe28cd6c660ba581ebb27a0e41208369aa1d73a770a3dcb6624bbcc2c69e?s=96&d=mm&r=g\",\"contentUrl\":\"https:\/\/secure.gravatar.com\/avatar\/1d9ebe28cd6c660ba581ebb27a0e41208369aa1d73a770a3dcb6624bbcc2c69e?s=96&d=mm&r=g\",\"caption\":\"RMA Legal\"},\"url\":\"https:\/\/rma.legal\/fr\/author\/rm-abogados\/\"}]}<\/script>\n<!-- \/ Yoast SEO plugin. -->","yoast_head_json":{"title":"MOBILE WORLD CONGRESS 2019 & IP RIGHTS - Avocats du RMA","robots":{"index":"index","follow":"follow","max-snippet":"max-snippet:-1","max-image-preview":"max-image-preview:large","max-video-preview":"max-video-preview:-1"},"canonical":"https:\/\/rma.legal\/fr\/mobile-world-congress-2019-ip-rights\/","og_locale":"fr_FR","og_type":"article","og_title":"MOBILE WORLD CONGRESS 2019 & IP RIGHTS - Avocats du RMA","og_description":"BARCELONA MOBILE WORLD CONGRESS. 25 to 28 February 2019 In three weeks, a new edition of this important event for the mobile communications industry will take place in Barcelona. The Commercial Court Judges of Barcelona, with the collaboration, for the first year, of those of Alicante (competent for European Trademarks and Designs conflicts), have adopted [&hellip;]","og_url":"https:\/\/rma.legal\/fr\/mobile-world-congress-2019-ip-rights\/","og_site_name":"Avocats du RMA","article_published_time":"2019-02-04T13:13:09+00:00","article_modified_time":"2025-09-15T16:53:08+00:00","og_image":[{"width":440,"height":255,"url":"https:\/\/rma.legal\/wp-content\/uploads\/2024\/01\/rma-logo-hexagono.png","type":"image\/png"}],"author":"RMA Legal","twitter_card":"summary_large_image","twitter_misc":{"\u00c9crit par":"RMA Legal","Dur\u00e9e de lecture estim\u00e9e":"2 minutes"},"schema":{"@context":"https:\/\/schema.org","@graph":[{"@type":"Article","@id":"https:\/\/rma.legal\/fr\/mobile-world-congress-2019-ip-rights\/#article","isPartOf":{"@id":"https:\/\/rma.legal\/fr\/mobile-world-congress-2019-ip-rights\/"},"author":{"name":"RMA Legal","@id":"https:\/\/rma.legal\/fr\/#\/schema\/person\/ce35cb0535f72f8fe561ca18c346286e"},"headline":"MOBILE WORLD CONGRESS 2019 &#038; IP RIGHTS","datePublished":"2019-02-04T13:13:09+00:00","dateModified":"2025-09-15T16:53:08+00:00","mainEntityOfPage":{"@id":"https:\/\/rma.legal\/fr\/mobile-world-congress-2019-ip-rights\/"},"wordCount":200,"publisher":{"@id":"https:\/\/rma.legal\/fr\/#organization"},"image":{"@id":"https:\/\/rma.legal\/fr\/mobile-world-congress-2019-ip-rights\/#primaryimage"},"thumbnailUrl":"https:\/\/rma.legal\/wp-content\/uploads\/2024\/01\/rma-logo-hexagono-300x174.png","keywords":["commercial courts","expert attorneys","fast action protocol","interim injunctions","ip rights","mobile world congress","preventive letters","protocol"],"articleSection":["Sin categor\u00eda"],"inLanguage":"fr-FR"},{"@type":"WebPage","@id":"https:\/\/rma.legal\/fr\/mobile-world-congress-2019-ip-rights\/","url":"https:\/\/rma.legal\/fr\/mobile-world-congress-2019-ip-rights\/","name":"MOBILE WORLD CONGRESS 2019 & IP RIGHTS - Avocats du RMA","isPartOf":{"@id":"https:\/\/rma.legal\/fr\/#website"},"primaryImageOfPage":{"@id":"https:\/\/rma.legal\/fr\/mobile-world-congress-2019-ip-rights\/#primaryimage"},"image":{"@id":"https:\/\/rma.legal\/fr\/mobile-world-congress-2019-ip-rights\/#primaryimage"},"thumbnailUrl":"https:\/\/rma.legal\/wp-content\/uploads\/2024\/01\/rma-logo-hexagono-300x174.png","datePublished":"2019-02-04T13:13:09+00:00","dateModified":"2025-09-15T16:53:08+00:00","breadcrumb":{"@id":"https:\/\/rma.legal\/fr\/mobile-world-congress-2019-ip-rights\/#breadcrumb"},"inLanguage":"fr-FR","potentialAction":[{"@type":"ReadAction","target":["https:\/\/rma.legal\/fr\/mobile-world-congress-2019-ip-rights\/"]}]},{"@type":"ImageObject","inLanguage":"fr-FR","@id":"https:\/\/rma.legal\/fr\/mobile-world-congress-2019-ip-rights\/#primaryimage","url":"https:\/\/rma.legal\/wp-content\/uploads\/2024\/01\/rma-logo-hexagono-300x174.png","contentUrl":"https:\/\/rma.legal\/wp-content\/uploads\/2024\/01\/rma-logo-hexagono-300x174.png"},{"@type":"BreadcrumbList","@id":"https:\/\/rma.legal\/fr\/mobile-world-congress-2019-ip-rights\/#breadcrumb","itemListElement":[{"@type":"ListItem","position":1,"name":"Portada","item":"https:\/\/rma.legal\/fr\/"},{"@type":"ListItem","position":2,"name":"MOBILE WORLD CONGRESS 2019 &#038; IP RIGHTS"}]},{"@type":"WebSite","@id":"https:\/\/rma.legal\/fr\/#website","url":"https:\/\/rma.legal\/fr\/","name":"Avocats du RMA","description":"RMA Legal Abogados","publisher":{"@id":"https:\/\/rma.legal\/fr\/#organization"},"potentialAction":[{"@type":"SearchAction","target":{"@type":"EntryPoint","urlTemplate":"https:\/\/rma.legal\/fr\/?s={search_term_string}"},"query-input":{"@type":"PropertyValueSpecification","valueRequired":true,"valueName":"search_term_string"}}],"inLanguage":"fr-FR"},{"@type":"Organization","@id":"https:\/\/rma.legal\/fr\/#organization","name":"Avocats du RMA","url":"https:\/\/rma.legal\/fr\/","logo":{"@type":"ImageObject","inLanguage":"fr-FR","@id":"https:\/\/rma.legal\/fr\/#\/schema\/logo\/image\/","url":"https:\/\/rma.legal\/wp-content\/uploads\/2025\/02\/Logo-rma-legal-invertido-footer-c-1.png","contentUrl":"https:\/\/rma.legal\/wp-content\/uploads\/2025\/02\/Logo-rma-legal-invertido-footer-c-1.png","width":300,"height":125,"caption":"Avocats du RMA"},"image":{"@id":"https:\/\/rma.legal\/fr\/#\/schema\/logo\/image\/"}},{"@type":"Person","@id":"https:\/\/rma.legal\/fr\/#\/schema\/person\/ce35cb0535f72f8fe561ca18c346286e","name":"RMA Legal","image":{"@type":"ImageObject","inLanguage":"fr-FR","@id":"https:\/\/rma.legal\/fr\/#\/schema\/person\/image\/","url":"https:\/\/secure.gravatar.com\/avatar\/1d9ebe28cd6c660ba581ebb27a0e41208369aa1d73a770a3dcb6624bbcc2c69e?s=96&d=mm&r=g","contentUrl":"https:\/\/secure.gravatar.com\/avatar\/1d9ebe28cd6c660ba581ebb27a0e41208369aa1d73a770a3dcb6624bbcc2c69e?s=96&d=mm&r=g","caption":"RMA Legal"},"url":"https:\/\/rma.legal\/fr\/author\/rm-abogados\/"}]}},"_links":{"self":[{"href":"https:\/\/rma.legal\/fr\/wp-json\/wp\/v2\/posts\/25840","targetHints":{"allow":["GET"]}}],"collection":[{"href":"https:\/\/rma.legal\/fr\/wp-json\/wp\/v2\/posts"}],"about":[{"href":"https:\/\/rma.legal\/fr\/wp-json\/wp\/v2\/types\/post"}],"author":[{"embeddable":true,"href":"https:\/\/rma.legal\/fr\/wp-json\/wp\/v2\/users\/5"}],"replies":[{"embeddable":true,"href":"https:\/\/rma.legal\/fr\/wp-json\/wp\/v2\/comments?post=25840"}],"version-history":[{"count":2,"href":"https:\/\/rma.legal\/fr\/wp-json\/wp\/v2\/posts\/25840\/revisions"}],"predecessor-version":[{"id":32077,"href":"https:\/\/rma.legal\/fr\/wp-json\/wp\/v2\/posts\/25840\/revisions\/32077"}],"wp:attachment":[{"href":"https:\/\/rma.legal\/fr\/wp-json\/wp\/v2\/media?parent=25840"}],"wp:term":[{"taxonomy":"category","embeddable":true,"href":"https:\/\/rma.legal\/fr\/wp-json\/wp\/v2\/categories?post=25840"},{"taxonomy":"post_tag","embeddable":true,"href":"https:\/\/rma.legal\/fr\/wp-json\/wp\/v2\/tags?post=25840"}],"curies":[{"name":"wp","href":"https:\/\/api.w.org\/{rel}","templated":true}]}}