{"id":25831,"date":"2019-02-04T13:02:16","date_gmt":"2019-02-04T13:02:16","guid":{"rendered":"http:\/\/rma.legal\/?p=25831"},"modified":"2025-09-15T16:53:36","modified_gmt":"2025-09-15T16:53:36","slug":"mobile-world-congress-2019-y-derechos-de-ip","status":"publish","type":"post","link":"https:\/\/rma.legal\/fr\/mobile-world-congress-2019-y-derechos-de-ip\/","title":{"rendered":"MOBILE WORLD CONGRESS 2019 y DERECHOS DE IP."},"content":{"rendered":"<p><img fetchpriority=\"high\" decoding=\"async\" class=\"alignnone size-medium wp-image-32023 aligncenter\" src=\"https:\/\/rma.legal\/wp-content\/uploads\/2024\/01\/rma-logo-hexagono-300x174.png\" alt=\"RMA Legal logo\" width=\"300\" height=\"174\" srcset=\"https:\/\/rma.legal\/wp-content\/uploads\/2024\/01\/rma-logo-hexagono-300x174.png 300w, https:\/\/rma.legal\/wp-content\/uploads\/2024\/01\/rma-logo-hexagono.png 440w\" sizes=\"(max-width: 300px) 100vw, 300px\" \/><\/p>\n<p><strong>BARCELONA MOBILE WORLD CONGRESS<\/strong><\/p>\n<p><strong>25 a 28 de febrero 2019<\/strong><\/p>\n<p>Dentro de <strong>tres semanas<\/strong>, una nueva edici\u00f3n de este importante evento para la industria de la comunicaci\u00f3n y telefon\u00eda m\u00f3vil tendr\u00e1 lugar en Barcelona.<\/p>\n<p><strong>Los Juzgados mercantiles de Barcelona<\/strong>, con la colaboraci\u00f3n, por primera vez en este a\u00f1o, de los de <strong>Alicante<\/strong> (competentes en materia de marcas y dise\u00f1os de la UE), han adoptado de nuevo un <strong>Protocolo de actuaci\u00f3n r\u00e1pida<\/strong> que contiene medidas para garantizar un sistema de protecci\u00f3n preventiva r\u00e1pido y efectivo en materia de <strong>derechos de IP, derecho de la competencia, competencia desleal y publicidad il\u00edcita<\/strong>. Para m\u00e1s informaci\u00f3n sobre las medidas adoptadas por el protocolo en relaci\u00f3n con la solicitud y adopci\u00f3n de medidas cautelares y escritos preventivos: <a href=\"https:\/\/www.icab.cat\/files\/242-500256-DOCUMENTO\/PROTOCOLO%20MWC%202019.pdf\">Protocolo MWC 2019<\/a><\/p>\n<p>Debemos <strong>felicitar de nuevo a los Tribunales<\/strong> por esta magn\u00edfica iniciativa, que se ha revelado muy eficaz desde que se implement\u00f3 hace cuatro a\u00f1os, y que cada edici\u00f3n tratan de perfeccionar.<\/p>\n<p><strong>Antoni Roman\u00ed,<\/strong> socio de RMA Roman\u00ed Mart\u00ednez Alner, con amplia experiencia en la materia, ha sido incluido de nuevo en la <strong>lista de abogados especialistas en IP desarrollada por el Ilustre Colegio de Abogados de Barcelona<\/strong>, para asistir en cualquier actuaci\u00f3n o conflicto que pueda surgir antes o durante dichos d\u00edas. Para m\u00e1s informaci\u00f3n, no duden en contactar con nosotros.<\/p>\n","protected":false},"excerpt":{"rendered":"<p>BARCELONA MOBILE WORLD CONGRESS 25 a 28 de febrero 2019 Dentro de tres semanas, una nueva edici\u00f3n de este importante evento para la industria de la comunicaci\u00f3n y telefon\u00eda m\u00f3vil tendr\u00e1 lugar en Barcelona. Los Juzgados mercantiles de Barcelona, con la colaboraci\u00f3n, por primera vez en este a\u00f1o, de los de Alicante (competentes en materia [&hellip;]<\/p>\n","protected":false},"author":5,"featured_media":0,"comment_status":"closed","ping_status":"open","sticky":false,"template":"","format":"standard","meta":{"footnotes":""},"categories":[103],"tags":[105,159,22,40,344,55,413,414,415,416,420],"class_list":["post-25831","post","type-post","status-publish","format-standard","hentry","category-sin-categoria","tag-abogados-especialistas-ip","tag-competencia-desleal","tag-disenos-ca","tag-marcas-ca","tag-mobile-world-congress","tag-patentes-ca","tag-protocolo","tag-protocolo-de-servicio-de-guardia-y-de-actuacion-rapida","tag-protocolo-derechos-ip","tag-protocolo-juzgados-mercantiles","tag-publicidad"],"yoast_head":"<!-- This site is optimized with the Yoast SEO plugin v25.9 - https:\/\/yoast.com\/wordpress\/plugins\/seo\/ -->\n<title>MOBILE WORLD CONGRESS 2019 y DERECHOS DE IP. - Avocats du RMA<\/title>\n<meta name=\"robots\" content=\"index, follow, max-snippet:-1, max-image-preview:large, max-video-preview:-1\" \/>\n<link rel=\"canonical\" href=\"https:\/\/rma.legal\/fr\/mobile-world-congress-2019-y-derechos-de-ip\/\" \/>\n<meta property=\"og:locale\" content=\"fr_FR\" \/>\n<meta property=\"og:type\" content=\"article\" \/>\n<meta property=\"og:title\" content=\"MOBILE WORLD CONGRESS 2019 y DERECHOS DE IP. - Avocats du RMA\" \/>\n<meta property=\"og:description\" content=\"BARCELONA MOBILE WORLD CONGRESS 25 a 28 de febrero 2019 Dentro de tres semanas, una nueva edici\u00f3n de este importante evento para la industria de la comunicaci\u00f3n y telefon\u00eda m\u00f3vil tendr\u00e1 lugar en Barcelona. Los Juzgados mercantiles de Barcelona, con la colaboraci\u00f3n, por primera vez en este a\u00f1o, de los de Alicante (competentes en materia [&hellip;]\" \/>\n<meta property=\"og:url\" content=\"https:\/\/rma.legal\/fr\/mobile-world-congress-2019-y-derechos-de-ip\/\" \/>\n<meta property=\"og:site_name\" content=\"Avocats du RMA\" \/>\n<meta property=\"article:published_time\" content=\"2019-02-04T13:02:16+00:00\" \/>\n<meta property=\"article:modified_time\" content=\"2025-09-15T16:53:36+00:00\" \/>\n<meta property=\"og:image\" content=\"https:\/\/rma.legal\/wp-content\/uploads\/2024\/01\/rma-logo-hexagono.png\" \/>\n\t<meta property=\"og:image:width\" content=\"440\" \/>\n\t<meta property=\"og:image:height\" content=\"255\" \/>\n\t<meta property=\"og:image:type\" content=\"image\/png\" \/>\n<meta name=\"author\" content=\"RMA Legal\" \/>\n<meta name=\"twitter:card\" content=\"summary_large_image\" \/>\n<meta name=\"twitter:label1\" content=\"\u00c9crit par\" \/>\n\t<meta name=\"twitter:data1\" content=\"RMA Legal\" \/>\n\t<meta name=\"twitter:label2\" content=\"Dur\u00e9e de lecture estim\u00e9e\" \/>\n\t<meta name=\"twitter:data2\" content=\"2 minutes\" \/>\n<script type=\"application\/ld+json\" class=\"yoast-schema-graph\">{\"@context\":\"https:\/\/schema.org\",\"@graph\":[{\"@type\":\"Article\",\"@id\":\"https:\/\/rma.legal\/fr\/mobile-world-congress-2019-y-derechos-de-ip\/#article\",\"isPartOf\":{\"@id\":\"https:\/\/rma.legal\/fr\/mobile-world-congress-2019-y-derechos-de-ip\/\"},\"author\":{\"name\":\"RMA Legal\",\"@id\":\"https:\/\/rma.legal\/fr\/#\/schema\/person\/ce35cb0535f72f8fe561ca18c346286e\"},\"headline\":\"MOBILE WORLD CONGRESS 2019 y DERECHOS DE IP.\",\"datePublished\":\"2019-02-04T13:02:16+00:00\",\"dateModified\":\"2025-09-15T16:53:36+00:00\",\"mainEntityOfPage\":{\"@id\":\"https:\/\/rma.legal\/fr\/mobile-world-congress-2019-y-derechos-de-ip\/\"},\"wordCount\":243,\"publisher\":{\"@id\":\"https:\/\/rma.legal\/fr\/#organization\"},\"image\":{\"@id\":\"https:\/\/rma.legal\/fr\/mobile-world-congress-2019-y-derechos-de-ip\/#primaryimage\"},\"thumbnailUrl\":\"https:\/\/rma.legal\/wp-content\/uploads\/2024\/01\/rma-logo-hexagono-300x174.png\",\"keywords\":[\"abogados especialistas ip\",\"competencia desleal\",\"dise\u00f1os\",\"marcas\",\"mobile world congress\",\"patentes\",\"protocolo\",\"protocolo de servicio de guardia y de actuaci\u00f3n rapida\",\"protocolo derechos ip\",\"protocolo juzgados mercantiles\",\"publicidad\"],\"articleSection\":[\"Sin categor\u00eda\"],\"inLanguage\":\"fr-FR\"},{\"@type\":\"WebPage\",\"@id\":\"https:\/\/rma.legal\/fr\/mobile-world-congress-2019-y-derechos-de-ip\/\",\"url\":\"https:\/\/rma.legal\/fr\/mobile-world-congress-2019-y-derechos-de-ip\/\",\"name\":\"MOBILE WORLD CONGRESS 2019 y DERECHOS DE IP. - Avocats du RMA\",\"isPartOf\":{\"@id\":\"https:\/\/rma.legal\/fr\/#website\"},\"primaryImageOfPage\":{\"@id\":\"https:\/\/rma.legal\/fr\/mobile-world-congress-2019-y-derechos-de-ip\/#primaryimage\"},\"image\":{\"@id\":\"https:\/\/rma.legal\/fr\/mobile-world-congress-2019-y-derechos-de-ip\/#primaryimage\"},\"thumbnailUrl\":\"https:\/\/rma.legal\/wp-content\/uploads\/2024\/01\/rma-logo-hexagono-300x174.png\",\"datePublished\":\"2019-02-04T13:02:16+00:00\",\"dateModified\":\"2025-09-15T16:53:36+00:00\",\"breadcrumb\":{\"@id\":\"https:\/\/rma.legal\/fr\/mobile-world-congress-2019-y-derechos-de-ip\/#breadcrumb\"},\"inLanguage\":\"fr-FR\",\"potentialAction\":[{\"@type\":\"ReadAction\",\"target\":[\"https:\/\/rma.legal\/fr\/mobile-world-congress-2019-y-derechos-de-ip\/\"]}]},{\"@type\":\"ImageObject\",\"inLanguage\":\"fr-FR\",\"@id\":\"https:\/\/rma.legal\/fr\/mobile-world-congress-2019-y-derechos-de-ip\/#primaryimage\",\"url\":\"https:\/\/rma.legal\/wp-content\/uploads\/2024\/01\/rma-logo-hexagono-300x174.png\",\"contentUrl\":\"https:\/\/rma.legal\/wp-content\/uploads\/2024\/01\/rma-logo-hexagono-300x174.png\"},{\"@type\":\"BreadcrumbList\",\"@id\":\"https:\/\/rma.legal\/fr\/mobile-world-congress-2019-y-derechos-de-ip\/#breadcrumb\",\"itemListElement\":[{\"@type\":\"ListItem\",\"position\":1,\"name\":\"Portada\",\"item\":\"https:\/\/rma.legal\/fr\/\"},{\"@type\":\"ListItem\",\"position\":2,\"name\":\"MOBILE WORLD CONGRESS 2019 y DERECHOS DE IP.\"}]},{\"@type\":\"WebSite\",\"@id\":\"https:\/\/rma.legal\/fr\/#website\",\"url\":\"https:\/\/rma.legal\/fr\/\",\"name\":\"Avocats du RMA\",\"description\":\"RMA Legal Abogados\",\"publisher\":{\"@id\":\"https:\/\/rma.legal\/fr\/#organization\"},\"potentialAction\":[{\"@type\":\"SearchAction\",\"target\":{\"@type\":\"EntryPoint\",\"urlTemplate\":\"https:\/\/rma.legal\/fr\/?s={search_term_string}\"},\"query-input\":{\"@type\":\"PropertyValueSpecification\",\"valueRequired\":true,\"valueName\":\"search_term_string\"}}],\"inLanguage\":\"fr-FR\"},{\"@type\":\"Organization\",\"@id\":\"https:\/\/rma.legal\/fr\/#organization\",\"name\":\"Avocats du RMA\",\"url\":\"https:\/\/rma.legal\/fr\/\",\"logo\":{\"@type\":\"ImageObject\",\"inLanguage\":\"fr-FR\",\"@id\":\"https:\/\/rma.legal\/fr\/#\/schema\/logo\/image\/\",\"url\":\"https:\/\/rma.legal\/wp-content\/uploads\/2025\/02\/Logo-rma-legal-invertido-footer-c-1.png\",\"contentUrl\":\"https:\/\/rma.legal\/wp-content\/uploads\/2025\/02\/Logo-rma-legal-invertido-footer-c-1.png\",\"width\":300,\"height\":125,\"caption\":\"Avocats du RMA\"},\"image\":{\"@id\":\"https:\/\/rma.legal\/fr\/#\/schema\/logo\/image\/\"}},{\"@type\":\"Person\",\"@id\":\"https:\/\/rma.legal\/fr\/#\/schema\/person\/ce35cb0535f72f8fe561ca18c346286e\",\"name\":\"RMA Legal\",\"image\":{\"@type\":\"ImageObject\",\"inLanguage\":\"fr-FR\",\"@id\":\"https:\/\/rma.legal\/fr\/#\/schema\/person\/image\/\",\"url\":\"https:\/\/secure.gravatar.com\/avatar\/1d9ebe28cd6c660ba581ebb27a0e41208369aa1d73a770a3dcb6624bbcc2c69e?s=96&d=mm&r=g\",\"contentUrl\":\"https:\/\/secure.gravatar.com\/avatar\/1d9ebe28cd6c660ba581ebb27a0e41208369aa1d73a770a3dcb6624bbcc2c69e?s=96&d=mm&r=g\",\"caption\":\"RMA Legal\"},\"url\":\"https:\/\/rma.legal\/fr\/author\/rm-abogados\/\"}]}<\/script>\n<!-- \/ Yoast SEO plugin. -->","yoast_head_json":{"title":"MOBILE WORLD CONGRESS 2019 y DERECHOS DE IP. - Avocats du RMA","robots":{"index":"index","follow":"follow","max-snippet":"max-snippet:-1","max-image-preview":"max-image-preview:large","max-video-preview":"max-video-preview:-1"},"canonical":"https:\/\/rma.legal\/fr\/mobile-world-congress-2019-y-derechos-de-ip\/","og_locale":"fr_FR","og_type":"article","og_title":"MOBILE WORLD CONGRESS 2019 y DERECHOS DE IP. - Avocats du RMA","og_description":"BARCELONA MOBILE WORLD CONGRESS 25 a 28 de febrero 2019 Dentro de tres semanas, una nueva edici\u00f3n de este importante evento para la industria de la comunicaci\u00f3n y telefon\u00eda m\u00f3vil tendr\u00e1 lugar en Barcelona. Los Juzgados mercantiles de Barcelona, con la colaboraci\u00f3n, por primera vez en este a\u00f1o, de los de Alicante (competentes en materia [&hellip;]","og_url":"https:\/\/rma.legal\/fr\/mobile-world-congress-2019-y-derechos-de-ip\/","og_site_name":"Avocats du RMA","article_published_time":"2019-02-04T13:02:16+00:00","article_modified_time":"2025-09-15T16:53:36+00:00","og_image":[{"width":440,"height":255,"url":"https:\/\/rma.legal\/wp-content\/uploads\/2024\/01\/rma-logo-hexagono.png","type":"image\/png"}],"author":"RMA Legal","twitter_card":"summary_large_image","twitter_misc":{"\u00c9crit par":"RMA Legal","Dur\u00e9e de lecture estim\u00e9e":"2 minutes"},"schema":{"@context":"https:\/\/schema.org","@graph":[{"@type":"Article","@id":"https:\/\/rma.legal\/fr\/mobile-world-congress-2019-y-derechos-de-ip\/#article","isPartOf":{"@id":"https:\/\/rma.legal\/fr\/mobile-world-congress-2019-y-derechos-de-ip\/"},"author":{"name":"RMA Legal","@id":"https:\/\/rma.legal\/fr\/#\/schema\/person\/ce35cb0535f72f8fe561ca18c346286e"},"headline":"MOBILE WORLD CONGRESS 2019 y DERECHOS DE IP.","datePublished":"2019-02-04T13:02:16+00:00","dateModified":"2025-09-15T16:53:36+00:00","mainEntityOfPage":{"@id":"https:\/\/rma.legal\/fr\/mobile-world-congress-2019-y-derechos-de-ip\/"},"wordCount":243,"publisher":{"@id":"https:\/\/rma.legal\/fr\/#organization"},"image":{"@id":"https:\/\/rma.legal\/fr\/mobile-world-congress-2019-y-derechos-de-ip\/#primaryimage"},"thumbnailUrl":"https:\/\/rma.legal\/wp-content\/uploads\/2024\/01\/rma-logo-hexagono-300x174.png","keywords":["abogados especialistas ip","competencia desleal","dise\u00f1os","marcas","mobile world congress","patentes","protocolo","protocolo de servicio de guardia y de actuaci\u00f3n rapida","protocolo derechos ip","protocolo juzgados mercantiles","publicidad"],"articleSection":["Sin categor\u00eda"],"inLanguage":"fr-FR"},{"@type":"WebPage","@id":"https:\/\/rma.legal\/fr\/mobile-world-congress-2019-y-derechos-de-ip\/","url":"https:\/\/rma.legal\/fr\/mobile-world-congress-2019-y-derechos-de-ip\/","name":"MOBILE WORLD CONGRESS 2019 y DERECHOS DE IP. - Avocats du RMA","isPartOf":{"@id":"https:\/\/rma.legal\/fr\/#website"},"primaryImageOfPage":{"@id":"https:\/\/rma.legal\/fr\/mobile-world-congress-2019-y-derechos-de-ip\/#primaryimage"},"image":{"@id":"https:\/\/rma.legal\/fr\/mobile-world-congress-2019-y-derechos-de-ip\/#primaryimage"},"thumbnailUrl":"https:\/\/rma.legal\/wp-content\/uploads\/2024\/01\/rma-logo-hexagono-300x174.png","datePublished":"2019-02-04T13:02:16+00:00","dateModified":"2025-09-15T16:53:36+00:00","breadcrumb":{"@id":"https:\/\/rma.legal\/fr\/mobile-world-congress-2019-y-derechos-de-ip\/#breadcrumb"},"inLanguage":"fr-FR","potentialAction":[{"@type":"ReadAction","target":["https:\/\/rma.legal\/fr\/mobile-world-congress-2019-y-derechos-de-ip\/"]}]},{"@type":"ImageObject","inLanguage":"fr-FR","@id":"https:\/\/rma.legal\/fr\/mobile-world-congress-2019-y-derechos-de-ip\/#primaryimage","url":"https:\/\/rma.legal\/wp-content\/uploads\/2024\/01\/rma-logo-hexagono-300x174.png","contentUrl":"https:\/\/rma.legal\/wp-content\/uploads\/2024\/01\/rma-logo-hexagono-300x174.png"},{"@type":"BreadcrumbList","@id":"https:\/\/rma.legal\/fr\/mobile-world-congress-2019-y-derechos-de-ip\/#breadcrumb","itemListElement":[{"@type":"ListItem","position":1,"name":"Portada","item":"https:\/\/rma.legal\/fr\/"},{"@type":"ListItem","position":2,"name":"MOBILE WORLD CONGRESS 2019 y DERECHOS DE IP."}]},{"@type":"WebSite","@id":"https:\/\/rma.legal\/fr\/#website","url":"https:\/\/rma.legal\/fr\/","name":"Avocats du RMA","description":"RMA Legal Abogados","publisher":{"@id":"https:\/\/rma.legal\/fr\/#organization"},"potentialAction":[{"@type":"SearchAction","target":{"@type":"EntryPoint","urlTemplate":"https:\/\/rma.legal\/fr\/?s={search_term_string}"},"query-input":{"@type":"PropertyValueSpecification","valueRequired":true,"valueName":"search_term_string"}}],"inLanguage":"fr-FR"},{"@type":"Organization","@id":"https:\/\/rma.legal\/fr\/#organization","name":"Avocats du RMA","url":"https:\/\/rma.legal\/fr\/","logo":{"@type":"ImageObject","inLanguage":"fr-FR","@id":"https:\/\/rma.legal\/fr\/#\/schema\/logo\/image\/","url":"https:\/\/rma.legal\/wp-content\/uploads\/2025\/02\/Logo-rma-legal-invertido-footer-c-1.png","contentUrl":"https:\/\/rma.legal\/wp-content\/uploads\/2025\/02\/Logo-rma-legal-invertido-footer-c-1.png","width":300,"height":125,"caption":"Avocats du RMA"},"image":{"@id":"https:\/\/rma.legal\/fr\/#\/schema\/logo\/image\/"}},{"@type":"Person","@id":"https:\/\/rma.legal\/fr\/#\/schema\/person\/ce35cb0535f72f8fe561ca18c346286e","name":"RMA Legal","image":{"@type":"ImageObject","inLanguage":"fr-FR","@id":"https:\/\/rma.legal\/fr\/#\/schema\/person\/image\/","url":"https:\/\/secure.gravatar.com\/avatar\/1d9ebe28cd6c660ba581ebb27a0e41208369aa1d73a770a3dcb6624bbcc2c69e?s=96&d=mm&r=g","contentUrl":"https:\/\/secure.gravatar.com\/avatar\/1d9ebe28cd6c660ba581ebb27a0e41208369aa1d73a770a3dcb6624bbcc2c69e?s=96&d=mm&r=g","caption":"RMA Legal"},"url":"https:\/\/rma.legal\/fr\/author\/rm-abogados\/"}]}},"_links":{"self":[{"href":"https:\/\/rma.legal\/fr\/wp-json\/wp\/v2\/posts\/25831","targetHints":{"allow":["GET"]}}],"collection":[{"href":"https:\/\/rma.legal\/fr\/wp-json\/wp\/v2\/posts"}],"about":[{"href":"https:\/\/rma.legal\/fr\/wp-json\/wp\/v2\/types\/post"}],"author":[{"embeddable":true,"href":"https:\/\/rma.legal\/fr\/wp-json\/wp\/v2\/users\/5"}],"replies":[{"embeddable":true,"href":"https:\/\/rma.legal\/fr\/wp-json\/wp\/v2\/comments?post=25831"}],"version-history":[{"count":2,"href":"https:\/\/rma.legal\/fr\/wp-json\/wp\/v2\/posts\/25831\/revisions"}],"predecessor-version":[{"id":32078,"href":"https:\/\/rma.legal\/fr\/wp-json\/wp\/v2\/posts\/25831\/revisions\/32078"}],"wp:attachment":[{"href":"https:\/\/rma.legal\/fr\/wp-json\/wp\/v2\/media?parent=25831"}],"wp:term":[{"taxonomy":"category","embeddable":true,"href":"https:\/\/rma.legal\/fr\/wp-json\/wp\/v2\/categories?post=25831"},{"taxonomy":"post_tag","embeddable":true,"href":"https:\/\/rma.legal\/fr\/wp-json\/wp\/v2\/tags?post=25831"}],"curies":[{"name":"wp","href":"https:\/\/api.w.org\/{rel}","templated":true}]}}