{"id":25815,"date":"2019-01-22T12:34:04","date_gmt":"2019-01-22T12:34:04","guid":{"rendered":"http:\/\/rma.legal\/?p=25815"},"modified":"2025-04-15T10:21:23","modified_gmt":"2025-04-15T10:21:23","slug":"proteccion-de-la-reputacion-respeto-a-la-intimidad-derecho-al-olvido-nuevas-herramientas-con-la-reciente-ley-de-proteccion-de-datos","status":"publish","type":"post","link":"https:\/\/rma.legal\/fr\/proteccion-de-la-reputacion-respeto-a-la-intimidad-derecho-al-olvido-nuevas-herramientas-con-la-reciente-ley-de-proteccion-de-datos\/","title":{"rendered":"\u00bfProtecci\u00f3n de la reputaci\u00f3n? \u00bfRespeto a la intimidad? \u00bfDerecho al olvido? Nuevas herramientas con la reciente ley de protecci\u00f3n de datos."},"content":{"rendered":"<p>&nbsp;<\/p>\n<p><img decoding=\"async\" class=\"alignnone  wp-image-25816 aligncenter\" src=\"http:\/\/rma.legal\/wp-content\/uploads\/2019\/01\/google-derecho-al-olvido-300x130.jpg\" alt=\"google derecho al olvido\" width=\"256\" height=\"111\" srcset=\"https:\/\/rma.legal\/wp-content\/uploads\/2019\/01\/google-derecho-al-olvido-300x130.jpg 300w, https:\/\/rma.legal\/wp-content\/uploads\/2019\/01\/google-derecho-al-olvido.jpg 525w\" sizes=\"(max-width: 256px) 100vw, 256px\" \/><\/p>\n<p>Recientemente se\u00a0ha promulgado la <strong>Ley Org\u00e1nica <\/strong>3\/2018, de 5 de diciembre,<strong> de Protecci\u00f3n de Datos Personales y garant\u00eda de los derechos digitales<\/strong><strong> (<\/strong><a href=\"https:\/\/www.boe.es\/buscar\/doc.php?id=BOE-A-2018-16673\">LOPDyDD<\/a><strong>) <\/strong>que, como su propio nombre indica, tiene un doble objeto: (i) adaptar nuestra legislaci\u00f3n a los \u00faltimos hitos normativos de la UE en el \u00e1mbito de la protecci\u00f3n de datos (en particular el conocido como <a href=\"https:\/\/eur-lex.europa.eu\/legal-content\/ES\/TXT\/HTML\/?uri=CELEX:32016R0679&amp;from=ES\">Reglamento General de Protecci\u00f3n de Datos<\/a>) y (ii) dar cumplimiento efectivo al viejo mandato del <a href=\"https:\/\/www.boe.es\/buscar\/act.php?id=BOE-A-1978-31229\">art. 18.4 de la Constituci\u00f3n<\/a> regulando lo que ahora ha venido a intitularse como <strong>\u201cderechos digitales\u201d<\/strong>.<\/p>\n<p>A ellos va dedicado el T\u00edtulo X de la Ley bajo la r\u00fabrica de <em>\u201cGarant\u00eda de los derechos digitales\u201d<\/em> (arts. 79 a 97), incluyendo un amplio elenco de derechos de entre los cuales ahora queremos referirnos muy someramente a los derechos de <strong>\u201crectificaci\u00f3n\u201d<\/strong> (art. 85),\u00a0 <strong>\u201cactualizaci\u00f3n\u201d<\/strong> (art. 86) y <strong>\u201colvido\u201d<\/strong> (arts. 93 y 94).<\/p>\n<p>Al respecto conviene empezar con una importante puntualizaci\u00f3n y es que la Agencia Espa\u00f1ola de Protecci\u00f3n de Datos (AEPD) no tendr\u00e1 competencia alguna en relaci\u00f3n a los dos primeros derechos (\u201crectificaci\u00f3n\u201d y \u201cactualizaci\u00f3n\u201d), mientras que s\u00ed la tendr\u00e1 en relaci\u00f3n al \u201cderecho al olvido\u201d.<\/p>\n<ul>\n<li><strong>Derecho de rectificaci\u00f3n en Internet (art. 85) y Derecho a la actualizaci\u00f3n de informaciones en medios de comunicaci\u00f3n digitales (art. 86).<\/strong><\/li>\n<\/ul>\n<p>El apartado 1 del art. 85 \u00a0se limita a reiterar algo tan obvio, pero tan importante de recordar, como que <em>\u201ctodos tienen derecho a la libertad de expresi\u00f3n en Internet\u201d<\/em>, siendo en su apartado 2 donde se establece la obligaci\u00f3n <strong>de los <em>responsables de redes sociales y servicios equivalentes <\/em><\/strong>de adoptar <em>protocolos adecuados<\/em> para poder ejercer el derecho de rectificaci\u00f3n al que se refiere la\u00a0 <a href=\"https:\/\/www.boe.es\/buscar\/act.php?id=BOE-A-1984-7248\">Ley Org\u00e1nica 2\/1984, de 26 de marzo, reguladora del derecho de rectificaci\u00f3n<\/a> frente a los contenidos difundidos por otros usuarios que <em>atenten contra el derecho al honor, la intimidad personal y familiar en Internet y el derecho a comunicar o recibir libremente informaci\u00f3n veraz.<\/em><\/p>\n<p>Se trata pues de posibilitar el ejercicio del cl\u00e1sico derecho de rectificaci\u00f3n <strong>en relaci\u00f3n con manifestaciones de otros usuarios de internet <\/strong>que puedan conllevar una vulneraci\u00f3n de los derechos fundamentales al honor\/intimidad y de informaci\u00f3n. Cuando as\u00ed resulte, y seg\u00fan el segundo p\u00e1rrafo del art. 85.2, se proceder\u00e1 a <em>la publicaci\u00f3n <\/em>(junto a la informaci\u00f3n original) <em>\u2026de un aviso aclaratorio que ponga de manifiesto que la noticia original no refleja la situaci\u00f3n actual del individuo. <\/em><\/p>\n<p>A priori, y a la espera de la casu\u00edstica que veamos aparecer en aplicaci\u00f3n de este precepto, importa destacar que, a diferencia de la regulaci\u00f3n \u201ccl\u00e1sica\u201d de la LO 2\/1984,\u00a0 la pretendida \u201crectificaci\u00f3n \u201c no se limita a las \u201cinformaciones\u201d, <strong>sino que tambi\u00e9n alcanzar\u00eda a las \u201copiniones\u201d<\/strong> de los dem\u00e1s usuarios de las <em>redes sociales y servicios equivalentes<\/em>, lo cual a su vez hace probable que alguno de esos operadores prefiera establecer \u201cfiltros de pre-moderaci\u00f3n\u201d para evitar una avalancha constante de peticiones de rectificaci\u00f3n. El fantasma de una eventual acci\u00f3n de censura previa por parte de estos operadores es algo que habr\u00e1 que evaluar en cuanto se pongan en marcha los <em>protocolos adecuados<\/em> a que se refiere la Ley. Por otra parte, el \u201cremedio\u201d\u00a0 expresamente previsto (esto es, la inclusi\u00f3n de un <em>aviso aclaratorio que ponga de manifiesto que la noticia original no refleja la situaci\u00f3n actual del individuo<\/em>) puede implicar una restricci\u00f3n impl\u00edcita para el ejercicio de este derecho de rectificaci\u00f3n al tratarse de la misma soluci\u00f3n establecida para el derecho de actualizaci\u00f3n regulado en el siguiente art\u00edculo 86.<\/p>\n<p>El art. 86 se dedica al llamado <em>\u201c<strong>Derecho a la actualizaci\u00f3n de informaciones en medios de comunicaci\u00f3n digitales\u201d<\/strong><\/em><strong>,<\/strong> y no obstante su diferente nomenclatura, este \u201cderecho de actualizaci\u00f3n\u201d s\u00ed <strong>resulta ser m\u00e1s equivalente al cl\u00e1sico derecho de rectificaci\u00f3n <\/strong>de la Ley Org\u00e1nica 2\/1984 pues en ambos casos se refieren a \u201c<em>informaci\u00f3n<\/em>\u201d (art. 1 LO 2\/1984) o \u201c<em>noticias<\/em>\u201d (art. 86 LOPDyDD) aparecidas en <em>\u201ccualquier medio de comunicaci\u00f3n\u201d<\/em> (LO 2\/1984) o en <em>\u201cmedios de comunicaci\u00f3n digitales\u201d<\/em> (LOPDyDD).<\/p>\n<p>En concreto se establece que \u201c<em>Toda persona tiene derecho a solicitar motivadamente de los medios de comunicaci\u00f3n digitales la inclusi\u00f3n de un aviso de actualizaci\u00f3n suficientemente visible junto a las noticias que le conciernan cuando la informaci\u00f3n contenida en la noticia original no refleje su situaci\u00f3n actual como consecuencia de circunstancias que hubieran tenido lugar despu\u00e9s de la publicaci\u00f3n, caus\u00e1ndole un perjuicio.\u201d <\/em>A\u00f1adiendo que <em>\u201cEn particular, proceder\u00e1 la inclusi\u00f3n de dicho aviso cuando las informaciones originales se refieran a actuaciones policiales o judiciales que se hayan visto afectadas en beneficio del interesado como consecuencia de decisiones judiciales posteriores. En este caso, el aviso har\u00e1 referencia a la decisi\u00f3n posterior.\u201d<\/em><\/p>\n<p>Curiosamente, y no obstante la clara analog\u00eda, el precepto no incluye ninguna referencia procedimental a la Ley Org\u00e1nica 2\/1984 como s\u00ed se hace en el anterior art. 85. Ello no obstante, entendemos que esa regulaci\u00f3n sigue siendo la subsidiariamente aplicable a efectos de procedimientos y plazos pues lo previsto en este art. 86 no parece ser m\u00e1s que un remedio espec\u00edfico a la norma general establecida en la vieja Ley Org\u00e1nica de 1984.<\/p>\n<p>&nbsp;<\/p>\n<ul>\n<li><strong>Derecho al olvido en b\u00fasquedas de internet (art. 93) y en redes sociales y servicios equivalentes (art. 94).<\/strong><\/li>\n<\/ul>\n<p>Estos dos art\u00edculos constituyen una de las principales aportaciones de la Ley al regular dos modalidades espec\u00edficas del <em>\u201cderecho de supresi\u00f3n\u201d<\/em> a que se refiere el art. 15 de la propia Ley Org\u00e1nica y el 17 del <a href=\"https:\/\/eur-lex.europa.eu\/legal-content\/ES\/TXT\/HTML\/?uri=CELEX:32016R0679&amp;from=ES\">RGDP<\/a>.<\/p>\n<p>El art. 93 se refiere a los <strong>motores de b\u00fasqueda<\/strong> (Google por ejemplo) y a la posibilidad de que cualquier persona solicite que se <em>\u201celiminen de las listas de resultados que se obtuvieran tras una b\u00fasqueda efectuada a partir de su nombre los enlaces publicados que contuvieran informaci\u00f3n<\/em> <em>\u2026. inadecuados, inexactos, no pertinentes, no actualizados o excesivos o hubieren devenido como tales por el transcurso del tiempo, teniendo en cuenta los fines para los que se recogieron o trataron, el tiempo transcurrido y la naturaleza e inter\u00e9s p\u00fablico de la informaci\u00f3n.\u201d<\/em><\/p>\n<p>Conforme se encarga de reiterar el apartado 2 del mismo precepto, este derecho (o sea, la eliminaci\u00f3n de los enlaces) <em>\u201cno impedir\u00e1 el acceso a la informaci\u00f3n publicada en el sitio web a trav\u00e9s de la utilizaci\u00f3n de otros criterios de b\u00fasqueda distintos del nombre de quien ejerciera el derecho\u201d<\/em>. Esto es, <strong>se conseguir\u00e1 la eliminaci\u00f3n de los enlaces<\/strong> en el motor de b\u00fasqueda (eg. Google) <strong>pero no la informaci\u00f3n contenida en, por ejemplo, el medio de comunicaci\u00f3n digital <\/strong>(eg. peri\u00f3dico digital) al que llegaba a trav\u00e9s del enlace en cuesti\u00f3n.<\/p>\n<p>El siguiente art\u00edculo 94 se refiere a los <strong>datos personales contenidos en las <em>redes sociales<\/em><\/strong><em> o servicios equivalentes <\/em>(sin que se incluyan los medios de comunicaci\u00f3n o informaci\u00f3n) y regula en qu\u00e9 circunstancias podr\u00e1\u00a0 pretenderse su supresi\u00f3n.<\/p>\n<p>En los apartados 1 y 3 se contemplan los supuestos en que la supresi\u00f3n de los datos solo requiere la solicitud del interesado, bien por haberlos facilitado \u00e9l mismo (93.1) o haberse facilitado, por \u00e9l o un tercero, durante su minor\u00eda de edad (93.3).<\/p>\n<p>A su vez, el apartado 2 se refiere a supuesto de datos facilitados por terceros a esas <em>redes sociales o servicios equivalentes <\/em>cuya supresi\u00f3n podr\u00e1 solicitarse si:<\/p>\n<p>(i) se dan las circunstancias ya descritas en el art. 93, esto es, cuando los datos <em>\u201cfuesen inadecuados, inexactos, no pertinentes, no actualizados o excesivos o hubieren devenido como tales por el transcurso del tiempo, teniendo en cuenta los fines para los que se recogieron o trataron, el tiempo transcurrido y la naturaleza e inter\u00e9s p\u00fablico de la informaci\u00f3n.\u201d, o <\/em><\/p>\n<p><em>(ii)\u201d cuando las circunstancias personales que en su caso invocase el afectado evidenciasen la prevalencia de sus derechos sobre el mantenimiento de los datos por el servicio.\u201d<\/em><\/p>\n<p>Parece evidente que la inconcreci\u00f3n y amplitud con que est\u00e1n redactados estos supuestos y la gran indeterminaci\u00f3n de buena parte de sus t\u00e9rminos conlleva una <strong>buena dosis de incertidumbre<\/strong> respecto de en qu\u00e9 circunstancias podr\u00e1 ejercitarse este derecho de supresi\u00f3n.<\/p>\n<p>En un intento de delimitar la cuesti\u00f3n, y en coherencia tambi\u00e9n con lo dispuesto en el art. 2.c) del <a href=\"https:\/\/eur-lex.europa.eu\/legal-content\/ES\/TXT\/HTML\/?uri=CELEX:32016R0679&amp;from=ES\">RGPD<\/a>, el apartado 2 del art. 94 acaba con la advertencia de que la supresi\u00f3n no podr\u00e1 pretenderse respecto de \u201c<em>los datos que hubiesen sido facilitados por personas f\u00edsicas en el ejercicio de actividades personales o dom\u00e9sticas\u201d, <\/em>esto es, <strong>se deja a salvo la cl\u00e1sica actividad de simple \u201cexposici\u00f3n personal\/familiar\/y de amistades\u201d en las redes sociales<\/strong> por lo que RRSS como Facebook e Instagram (al menos tal y como fueron inicialmente concebidas) podr\u00e1n ahorrarse una parte importante de la avalancha de peticiones de supresi\u00f3n que la norma podr\u00eda comportar.<\/p>\n<p>La regulaci\u00f3n de estos derechos seguro que es mejorable y solo su aplicaci\u00f3n pr\u00e1ctica nos ayudar\u00e1 a ver por d\u00f3nde debe empezar esa mejora, pero bienvenida sea la apuesta del legislador por abordar una cuesti\u00f3n ampliamente reclamada por la sociedad.<\/p>\n","protected":false},"excerpt":{"rendered":"<p>&nbsp; Recientemente se\u00a0ha promulgado la Ley Org\u00e1nica 3\/2018, de 5 de diciembre, de Protecci\u00f3n de Datos Personales y garant\u00eda de los derechos digitales (LOPDyDD) que, como su propio nombre indica, tiene un doble objeto: (i) adaptar nuestra legislaci\u00f3n a los \u00faltimos hitos normativos de la UE en el \u00e1mbito de la protecci\u00f3n de datos (en [&hellip;]<\/p>\n","protected":false},"author":9,"featured_media":0,"comment_status":"closed","ping_status":"open","sticky":false,"template":"","format":"standard","meta":{"footnotes":""},"categories":[103],"tags":[107,135,182,190,195,201,229,292,342,349,408,409,410,429,447],"class_list":["post-25815","post","type-post","status-publish","format-standard","hentry","category-sin-categoria","tag-actualizacion-de-informaciones","tag-aviso-de-actualizacion","tag-datos-personales","tag-derecho-al-olvido","tag-derecho-de-rectificacion","tag-derechos-digitales","tag-eliminacion-de-enlaces","tag-ley-organica-de-proteccion-de-datos-personales","tag-medios-de-comunicacion-digitales","tag-motores-de-busqueda","tag-proteccion-de-datos-personales","tag-proteccion-de-la-intimidad","tag-proteccion-de-la-reputacion","tag-redes-sociales","tag-reputacion"],"yoast_head":"<!-- This site is optimized with the Yoast SEO plugin v25.9 - https:\/\/yoast.com\/wordpress\/plugins\/seo\/ -->\n<title>\u00bfProtecci\u00f3n de la reputaci\u00f3n? \u00bfRespeto a la intimidad? \u00bfDerecho al olvido? Nuevas herramientas con la reciente ley de protecci\u00f3n de datos. - Avocats du RMA<\/title>\n<meta name=\"robots\" content=\"index, follow, max-snippet:-1, max-image-preview:large, max-video-preview:-1\" \/>\n<link rel=\"canonical\" href=\"https:\/\/rma.legal\/fr\/proteccion-de-la-reputacion-respeto-a-la-intimidad-derecho-al-olvido-nuevas-herramientas-con-la-reciente-ley-de-proteccion-de-datos\/\" \/>\n<meta property=\"og:locale\" content=\"fr_FR\" \/>\n<meta property=\"og:type\" content=\"article\" \/>\n<meta property=\"og:title\" content=\"\u00bfProtecci\u00f3n de la reputaci\u00f3n? \u00bfRespeto a la intimidad? \u00bfDerecho al olvido? Nuevas herramientas con la reciente ley de protecci\u00f3n de datos. - Avocats du RMA\" \/>\n<meta property=\"og:description\" content=\"&nbsp; Recientemente se\u00a0ha promulgado la Ley Org\u00e1nica 3\/2018, de 5 de diciembre, de Protecci\u00f3n de Datos Personales y garant\u00eda de los derechos digitales (LOPDyDD) que, como su propio nombre indica, tiene un doble objeto: (i) adaptar nuestra legislaci\u00f3n a los \u00faltimos hitos normativos de la UE en el \u00e1mbito de la protecci\u00f3n de datos (en [&hellip;]\" \/>\n<meta property=\"og:url\" content=\"https:\/\/rma.legal\/fr\/proteccion-de-la-reputacion-respeto-a-la-intimidad-derecho-al-olvido-nuevas-herramientas-con-la-reciente-ley-de-proteccion-de-datos\/\" \/>\n<meta property=\"og:site_name\" content=\"Avocats du RMA\" \/>\n<meta property=\"article:published_time\" content=\"2019-01-22T12:34:04+00:00\" \/>\n<meta property=\"article:modified_time\" content=\"2025-04-15T10:21:23+00:00\" \/>\n<meta property=\"og:image\" content=\"http:\/\/rma.legal\/wp-content\/uploads\/2019\/01\/google-derecho-al-olvido-300x130.jpg\" \/>\n<meta name=\"author\" content=\"Jordi Roman\u00ed Lluch\" \/>\n<meta name=\"twitter:card\" content=\"summary_large_image\" \/>\n<meta name=\"twitter:label1\" content=\"\u00c9crit par\" \/>\n\t<meta name=\"twitter:data1\" content=\"Jordi Roman\u00ed Lluch\" \/>\n\t<meta name=\"twitter:label2\" content=\"Dur\u00e9e de lecture estim\u00e9e\" \/>\n\t<meta name=\"twitter:data2\" content=\"8 minutes\" \/>\n<script type=\"application\/ld+json\" class=\"yoast-schema-graph\">{\"@context\":\"https:\/\/schema.org\",\"@graph\":[{\"@type\":\"Article\",\"@id\":\"https:\/\/rma.legal\/fr\/proteccion-de-la-reputacion-respeto-a-la-intimidad-derecho-al-olvido-nuevas-herramientas-con-la-reciente-ley-de-proteccion-de-datos\/#article\",\"isPartOf\":{\"@id\":\"https:\/\/rma.legal\/fr\/proteccion-de-la-reputacion-respeto-a-la-intimidad-derecho-al-olvido-nuevas-herramientas-con-la-reciente-ley-de-proteccion-de-datos\/\"},\"author\":{\"name\":\"Jordi Roman\u00ed Lluch\",\"@id\":\"https:\/\/rma.legal\/fr\/#\/schema\/person\/b820ae237ba4d5a3f543d0527443965e\"},\"headline\":\"\u00bfProtecci\u00f3n de la reputaci\u00f3n? \u00bfRespeto a la intimidad? \u00bfDerecho al olvido? Nuevas herramientas con la reciente ley de protecci\u00f3n de datos.\",\"datePublished\":\"2019-01-22T12:34:04+00:00\",\"dateModified\":\"2025-04-15T10:21:23+00:00\",\"mainEntityOfPage\":{\"@id\":\"https:\/\/rma.legal\/fr\/proteccion-de-la-reputacion-respeto-a-la-intimidad-derecho-al-olvido-nuevas-herramientas-con-la-reciente-ley-de-proteccion-de-datos\/\"},\"wordCount\":1571,\"publisher\":{\"@id\":\"https:\/\/rma.legal\/fr\/#organization\"},\"image\":{\"@id\":\"https:\/\/rma.legal\/fr\/proteccion-de-la-reputacion-respeto-a-la-intimidad-derecho-al-olvido-nuevas-herramientas-con-la-reciente-ley-de-proteccion-de-datos\/#primaryimage\"},\"thumbnailUrl\":\"http:\/\/rma.legal\/wp-content\/uploads\/2019\/01\/google-derecho-al-olvido-300x130.jpg\",\"keywords\":[\"actualizaci\u00f3n de informaciones\",\"aviso de actualizaci\u00f3n\",\"datos personales\",\"derecho al olvido\",\"derecho de rectificaci\u00f3n\",\"derechos digitales\",\"eliminaci\u00f3n de enlaces\",\"ley org\u00e1nica de protecci\u00f3n de datos personales\",\"medios de comunicaci\u00f3n digitales\",\"motores de b\u00fasqueda\",\"protecci\u00f3n de datos personales\",\"protecci\u00f3n de la intimidad\",\"protecci\u00f3n de la reputaci\u00f3n\",\"redes sociales\",\"reputaci\u00f3n\"],\"articleSection\":[\"Sin categor\u00eda\"],\"inLanguage\":\"fr-FR\"},{\"@type\":\"WebPage\",\"@id\":\"https:\/\/rma.legal\/fr\/proteccion-de-la-reputacion-respeto-a-la-intimidad-derecho-al-olvido-nuevas-herramientas-con-la-reciente-ley-de-proteccion-de-datos\/\",\"url\":\"https:\/\/rma.legal\/fr\/proteccion-de-la-reputacion-respeto-a-la-intimidad-derecho-al-olvido-nuevas-herramientas-con-la-reciente-ley-de-proteccion-de-datos\/\",\"name\":\"\u00bfProtecci\u00f3n de la reputaci\u00f3n? \u00bfRespeto a la intimidad? \u00bfDerecho al olvido? Nuevas herramientas con la reciente ley de protecci\u00f3n de datos. - Avocats du RMA\",\"isPartOf\":{\"@id\":\"https:\/\/rma.legal\/fr\/#website\"},\"primaryImageOfPage\":{\"@id\":\"https:\/\/rma.legal\/fr\/proteccion-de-la-reputacion-respeto-a-la-intimidad-derecho-al-olvido-nuevas-herramientas-con-la-reciente-ley-de-proteccion-de-datos\/#primaryimage\"},\"image\":{\"@id\":\"https:\/\/rma.legal\/fr\/proteccion-de-la-reputacion-respeto-a-la-intimidad-derecho-al-olvido-nuevas-herramientas-con-la-reciente-ley-de-proteccion-de-datos\/#primaryimage\"},\"thumbnailUrl\":\"http:\/\/rma.legal\/wp-content\/uploads\/2019\/01\/google-derecho-al-olvido-300x130.jpg\",\"datePublished\":\"2019-01-22T12:34:04+00:00\",\"dateModified\":\"2025-04-15T10:21:23+00:00\",\"breadcrumb\":{\"@id\":\"https:\/\/rma.legal\/fr\/proteccion-de-la-reputacion-respeto-a-la-intimidad-derecho-al-olvido-nuevas-herramientas-con-la-reciente-ley-de-proteccion-de-datos\/#breadcrumb\"},\"inLanguage\":\"fr-FR\",\"potentialAction\":[{\"@type\":\"ReadAction\",\"target\":[\"https:\/\/rma.legal\/fr\/proteccion-de-la-reputacion-respeto-a-la-intimidad-derecho-al-olvido-nuevas-herramientas-con-la-reciente-ley-de-proteccion-de-datos\/\"]}]},{\"@type\":\"ImageObject\",\"inLanguage\":\"fr-FR\",\"@id\":\"https:\/\/rma.legal\/fr\/proteccion-de-la-reputacion-respeto-a-la-intimidad-derecho-al-olvido-nuevas-herramientas-con-la-reciente-ley-de-proteccion-de-datos\/#primaryimage\",\"url\":\"http:\/\/rma.legal\/wp-content\/uploads\/2019\/01\/google-derecho-al-olvido-300x130.jpg\",\"contentUrl\":\"http:\/\/rma.legal\/wp-content\/uploads\/2019\/01\/google-derecho-al-olvido-300x130.jpg\"},{\"@type\":\"BreadcrumbList\",\"@id\":\"https:\/\/rma.legal\/fr\/proteccion-de-la-reputacion-respeto-a-la-intimidad-derecho-al-olvido-nuevas-herramientas-con-la-reciente-ley-de-proteccion-de-datos\/#breadcrumb\",\"itemListElement\":[{\"@type\":\"ListItem\",\"position\":1,\"name\":\"Portada\",\"item\":\"https:\/\/rma.legal\/fr\/\"},{\"@type\":\"ListItem\",\"position\":2,\"name\":\"\u00bfProtecci\u00f3n de la reputaci\u00f3n? \u00bfRespeto a la intimidad? \u00bfDerecho al olvido? Nuevas herramientas con la reciente ley de protecci\u00f3n de datos.\"}]},{\"@type\":\"WebSite\",\"@id\":\"https:\/\/rma.legal\/fr\/#website\",\"url\":\"https:\/\/rma.legal\/fr\/\",\"name\":\"Avocats du RMA\",\"description\":\"RMA Legal Abogados\",\"publisher\":{\"@id\":\"https:\/\/rma.legal\/fr\/#organization\"},\"potentialAction\":[{\"@type\":\"SearchAction\",\"target\":{\"@type\":\"EntryPoint\",\"urlTemplate\":\"https:\/\/rma.legal\/fr\/?s={search_term_string}\"},\"query-input\":{\"@type\":\"PropertyValueSpecification\",\"valueRequired\":true,\"valueName\":\"search_term_string\"}}],\"inLanguage\":\"fr-FR\"},{\"@type\":\"Organization\",\"@id\":\"https:\/\/rma.legal\/fr\/#organization\",\"name\":\"Avocats du RMA\",\"url\":\"https:\/\/rma.legal\/fr\/\",\"logo\":{\"@type\":\"ImageObject\",\"inLanguage\":\"fr-FR\",\"@id\":\"https:\/\/rma.legal\/fr\/#\/schema\/logo\/image\/\",\"url\":\"https:\/\/rma.legal\/wp-content\/uploads\/2025\/02\/Logo-rma-legal-invertido-footer-c-1.png\",\"contentUrl\":\"https:\/\/rma.legal\/wp-content\/uploads\/2025\/02\/Logo-rma-legal-invertido-footer-c-1.png\",\"width\":300,\"height\":125,\"caption\":\"Avocats du RMA\"},\"image\":{\"@id\":\"https:\/\/rma.legal\/fr\/#\/schema\/logo\/image\/\"}},{\"@type\":\"Person\",\"@id\":\"https:\/\/rma.legal\/fr\/#\/schema\/person\/b820ae237ba4d5a3f543d0527443965e\",\"name\":\"Jordi Roman\u00ed Lluch\",\"image\":{\"@type\":\"ImageObject\",\"inLanguage\":\"fr-FR\",\"@id\":\"https:\/\/rma.legal\/fr\/#\/schema\/person\/image\/\",\"url\":\"https:\/\/secure.gravatar.com\/avatar\/2177d68cd02d097656dde75c3bdef729ef37c5d797f2cf3fb3c2184c46b2d8ac?s=96&d=mm&r=g\",\"contentUrl\":\"https:\/\/secure.gravatar.com\/avatar\/2177d68cd02d097656dde75c3bdef729ef37c5d797f2cf3fb3c2184c46b2d8ac?s=96&d=mm&r=g\",\"caption\":\"Jordi Roman\u00ed Lluch\"},\"url\":\"https:\/\/rma.legal\/fr\/author\/jordi-romani-lluch\/\"}]}<\/script>\n<!-- \/ Yoast SEO plugin. -->","yoast_head_json":{"title":"\u00bfProtecci\u00f3n de la reputaci\u00f3n? \u00bfRespeto a la intimidad? \u00bfDerecho al olvido? Nuevas herramientas con la reciente ley de protecci\u00f3n de datos. - Avocats du RMA","robots":{"index":"index","follow":"follow","max-snippet":"max-snippet:-1","max-image-preview":"max-image-preview:large","max-video-preview":"max-video-preview:-1"},"canonical":"https:\/\/rma.legal\/fr\/proteccion-de-la-reputacion-respeto-a-la-intimidad-derecho-al-olvido-nuevas-herramientas-con-la-reciente-ley-de-proteccion-de-datos\/","og_locale":"fr_FR","og_type":"article","og_title":"\u00bfProtecci\u00f3n de la reputaci\u00f3n? \u00bfRespeto a la intimidad? \u00bfDerecho al olvido? Nuevas herramientas con la reciente ley de protecci\u00f3n de datos. - Avocats du RMA","og_description":"&nbsp; Recientemente se\u00a0ha promulgado la Ley Org\u00e1nica 3\/2018, de 5 de diciembre, de Protecci\u00f3n de Datos Personales y garant\u00eda de los derechos digitales (LOPDyDD) que, como su propio nombre indica, tiene un doble objeto: (i) adaptar nuestra legislaci\u00f3n a los \u00faltimos hitos normativos de la UE en el \u00e1mbito de la protecci\u00f3n de datos (en [&hellip;]","og_url":"https:\/\/rma.legal\/fr\/proteccion-de-la-reputacion-respeto-a-la-intimidad-derecho-al-olvido-nuevas-herramientas-con-la-reciente-ley-de-proteccion-de-datos\/","og_site_name":"Avocats du RMA","article_published_time":"2019-01-22T12:34:04+00:00","article_modified_time":"2025-04-15T10:21:23+00:00","og_image":[{"url":"http:\/\/rma.legal\/wp-content\/uploads\/2019\/01\/google-derecho-al-olvido-300x130.jpg","type":"","width":"","height":""}],"author":"Jordi Roman\u00ed Lluch","twitter_card":"summary_large_image","twitter_misc":{"\u00c9crit par":"Jordi Roman\u00ed Lluch","Dur\u00e9e de lecture estim\u00e9e":"8 minutes"},"schema":{"@context":"https:\/\/schema.org","@graph":[{"@type":"Article","@id":"https:\/\/rma.legal\/fr\/proteccion-de-la-reputacion-respeto-a-la-intimidad-derecho-al-olvido-nuevas-herramientas-con-la-reciente-ley-de-proteccion-de-datos\/#article","isPartOf":{"@id":"https:\/\/rma.legal\/fr\/proteccion-de-la-reputacion-respeto-a-la-intimidad-derecho-al-olvido-nuevas-herramientas-con-la-reciente-ley-de-proteccion-de-datos\/"},"author":{"name":"Jordi Roman\u00ed Lluch","@id":"https:\/\/rma.legal\/fr\/#\/schema\/person\/b820ae237ba4d5a3f543d0527443965e"},"headline":"\u00bfProtecci\u00f3n de la reputaci\u00f3n? \u00bfRespeto a la intimidad? \u00bfDerecho al olvido? Nuevas herramientas con la reciente ley de protecci\u00f3n de datos.","datePublished":"2019-01-22T12:34:04+00:00","dateModified":"2025-04-15T10:21:23+00:00","mainEntityOfPage":{"@id":"https:\/\/rma.legal\/fr\/proteccion-de-la-reputacion-respeto-a-la-intimidad-derecho-al-olvido-nuevas-herramientas-con-la-reciente-ley-de-proteccion-de-datos\/"},"wordCount":1571,"publisher":{"@id":"https:\/\/rma.legal\/fr\/#organization"},"image":{"@id":"https:\/\/rma.legal\/fr\/proteccion-de-la-reputacion-respeto-a-la-intimidad-derecho-al-olvido-nuevas-herramientas-con-la-reciente-ley-de-proteccion-de-datos\/#primaryimage"},"thumbnailUrl":"http:\/\/rma.legal\/wp-content\/uploads\/2019\/01\/google-derecho-al-olvido-300x130.jpg","keywords":["actualizaci\u00f3n de informaciones","aviso de actualizaci\u00f3n","datos personales","derecho al olvido","derecho de rectificaci\u00f3n","derechos digitales","eliminaci\u00f3n de enlaces","ley org\u00e1nica de protecci\u00f3n de datos personales","medios de comunicaci\u00f3n digitales","motores de b\u00fasqueda","protecci\u00f3n de datos personales","protecci\u00f3n de la intimidad","protecci\u00f3n de la reputaci\u00f3n","redes sociales","reputaci\u00f3n"],"articleSection":["Sin categor\u00eda"],"inLanguage":"fr-FR"},{"@type":"WebPage","@id":"https:\/\/rma.legal\/fr\/proteccion-de-la-reputacion-respeto-a-la-intimidad-derecho-al-olvido-nuevas-herramientas-con-la-reciente-ley-de-proteccion-de-datos\/","url":"https:\/\/rma.legal\/fr\/proteccion-de-la-reputacion-respeto-a-la-intimidad-derecho-al-olvido-nuevas-herramientas-con-la-reciente-ley-de-proteccion-de-datos\/","name":"\u00bfProtecci\u00f3n de la reputaci\u00f3n? \u00bfRespeto a la intimidad? \u00bfDerecho al olvido? Nuevas herramientas con la reciente ley de protecci\u00f3n de datos. - Avocats du RMA","isPartOf":{"@id":"https:\/\/rma.legal\/fr\/#website"},"primaryImageOfPage":{"@id":"https:\/\/rma.legal\/fr\/proteccion-de-la-reputacion-respeto-a-la-intimidad-derecho-al-olvido-nuevas-herramientas-con-la-reciente-ley-de-proteccion-de-datos\/#primaryimage"},"image":{"@id":"https:\/\/rma.legal\/fr\/proteccion-de-la-reputacion-respeto-a-la-intimidad-derecho-al-olvido-nuevas-herramientas-con-la-reciente-ley-de-proteccion-de-datos\/#primaryimage"},"thumbnailUrl":"http:\/\/rma.legal\/wp-content\/uploads\/2019\/01\/google-derecho-al-olvido-300x130.jpg","datePublished":"2019-01-22T12:34:04+00:00","dateModified":"2025-04-15T10:21:23+00:00","breadcrumb":{"@id":"https:\/\/rma.legal\/fr\/proteccion-de-la-reputacion-respeto-a-la-intimidad-derecho-al-olvido-nuevas-herramientas-con-la-reciente-ley-de-proteccion-de-datos\/#breadcrumb"},"inLanguage":"fr-FR","potentialAction":[{"@type":"ReadAction","target":["https:\/\/rma.legal\/fr\/proteccion-de-la-reputacion-respeto-a-la-intimidad-derecho-al-olvido-nuevas-herramientas-con-la-reciente-ley-de-proteccion-de-datos\/"]}]},{"@type":"ImageObject","inLanguage":"fr-FR","@id":"https:\/\/rma.legal\/fr\/proteccion-de-la-reputacion-respeto-a-la-intimidad-derecho-al-olvido-nuevas-herramientas-con-la-reciente-ley-de-proteccion-de-datos\/#primaryimage","url":"http:\/\/rma.legal\/wp-content\/uploads\/2019\/01\/google-derecho-al-olvido-300x130.jpg","contentUrl":"http:\/\/rma.legal\/wp-content\/uploads\/2019\/01\/google-derecho-al-olvido-300x130.jpg"},{"@type":"BreadcrumbList","@id":"https:\/\/rma.legal\/fr\/proteccion-de-la-reputacion-respeto-a-la-intimidad-derecho-al-olvido-nuevas-herramientas-con-la-reciente-ley-de-proteccion-de-datos\/#breadcrumb","itemListElement":[{"@type":"ListItem","position":1,"name":"Portada","item":"https:\/\/rma.legal\/fr\/"},{"@type":"ListItem","position":2,"name":"\u00bfProtecci\u00f3n de la reputaci\u00f3n? \u00bfRespeto a la intimidad? \u00bfDerecho al olvido? Nuevas herramientas con la reciente ley de protecci\u00f3n de datos."}]},{"@type":"WebSite","@id":"https:\/\/rma.legal\/fr\/#website","url":"https:\/\/rma.legal\/fr\/","name":"Avocats du RMA","description":"RMA Legal Abogados","publisher":{"@id":"https:\/\/rma.legal\/fr\/#organization"},"potentialAction":[{"@type":"SearchAction","target":{"@type":"EntryPoint","urlTemplate":"https:\/\/rma.legal\/fr\/?s={search_term_string}"},"query-input":{"@type":"PropertyValueSpecification","valueRequired":true,"valueName":"search_term_string"}}],"inLanguage":"fr-FR"},{"@type":"Organization","@id":"https:\/\/rma.legal\/fr\/#organization","name":"Avocats du RMA","url":"https:\/\/rma.legal\/fr\/","logo":{"@type":"ImageObject","inLanguage":"fr-FR","@id":"https:\/\/rma.legal\/fr\/#\/schema\/logo\/image\/","url":"https:\/\/rma.legal\/wp-content\/uploads\/2025\/02\/Logo-rma-legal-invertido-footer-c-1.png","contentUrl":"https:\/\/rma.legal\/wp-content\/uploads\/2025\/02\/Logo-rma-legal-invertido-footer-c-1.png","width":300,"height":125,"caption":"Avocats du RMA"},"image":{"@id":"https:\/\/rma.legal\/fr\/#\/schema\/logo\/image\/"}},{"@type":"Person","@id":"https:\/\/rma.legal\/fr\/#\/schema\/person\/b820ae237ba4d5a3f543d0527443965e","name":"Jordi Roman\u00ed Lluch","image":{"@type":"ImageObject","inLanguage":"fr-FR","@id":"https:\/\/rma.legal\/fr\/#\/schema\/person\/image\/","url":"https:\/\/secure.gravatar.com\/avatar\/2177d68cd02d097656dde75c3bdef729ef37c5d797f2cf3fb3c2184c46b2d8ac?s=96&d=mm&r=g","contentUrl":"https:\/\/secure.gravatar.com\/avatar\/2177d68cd02d097656dde75c3bdef729ef37c5d797f2cf3fb3c2184c46b2d8ac?s=96&d=mm&r=g","caption":"Jordi Roman\u00ed Lluch"},"url":"https:\/\/rma.legal\/fr\/author\/jordi-romani-lluch\/"}]}},"_links":{"self":[{"href":"https:\/\/rma.legal\/fr\/wp-json\/wp\/v2\/posts\/25815","targetHints":{"allow":["GET"]}}],"collection":[{"href":"https:\/\/rma.legal\/fr\/wp-json\/wp\/v2\/posts"}],"about":[{"href":"https:\/\/rma.legal\/fr\/wp-json\/wp\/v2\/types\/post"}],"author":[{"embeddable":true,"href":"https:\/\/rma.legal\/fr\/wp-json\/wp\/v2\/users\/9"}],"replies":[{"embeddable":true,"href":"https:\/\/rma.legal\/fr\/wp-json\/wp\/v2\/comments?post=25815"}],"version-history":[{"count":2,"href":"https:\/\/rma.legal\/fr\/wp-json\/wp\/v2\/posts\/25815\/revisions"}],"predecessor-version":[{"id":30432,"href":"https:\/\/rma.legal\/fr\/wp-json\/wp\/v2\/posts\/25815\/revisions\/30432"}],"wp:attachment":[{"href":"https:\/\/rma.legal\/fr\/wp-json\/wp\/v2\/media?parent=25815"}],"wp:term":[{"taxonomy":"category","embeddable":true,"href":"https:\/\/rma.legal\/fr\/wp-json\/wp\/v2\/categories?post=25815"},{"taxonomy":"post_tag","embeddable":true,"href":"https:\/\/rma.legal\/fr\/wp-json\/wp\/v2\/tags?post=25815"}],"curies":[{"name":"wp","href":"https:\/\/api.w.org\/{rel}","templated":true}]}}