{"id":25278,"date":"2018-04-12T14:44:43","date_gmt":"2018-04-12T14:44:43","guid":{"rendered":"http:\/\/rma.legal\/?p=25278"},"modified":"2025-04-15T10:31:35","modified_gmt":"2025-04-15T10:31:35","slug":"lo-ves-lo-ves-ya-no-lo-ves","status":"publish","type":"post","link":"https:\/\/rma.legal\/fr\/lo-ves-lo-ves-ya-no-lo-ves\/","title":{"rendered":"Lo ves, lo ves, ya no lo ves"},"content":{"rendered":"<p><strong>\u00a0<\/strong> <img decoding=\"async\" class=\"wp-image-25279 aligncenter\" src=\"http:\/\/rma.legal\/wp-content\/uploads\/2018\/04\/CROCS-300x226.jpg\" alt=\"CROCS\" width=\"212\" height=\"160\" srcset=\"https:\/\/rma.legal\/wp-content\/uploads\/2018\/04\/CROCS-300x226.jpg 300w, https:\/\/rma.legal\/wp-content\/uploads\/2018\/04\/CROCS.jpg 351w\" sizes=\"(max-width: 212px) 100vw, 212px\" \/><img decoding=\"async\" class=\"wp-image-25280 aligncenter\" src=\"http:\/\/rma.legal\/wp-content\/uploads\/2018\/04\/MAFIA-300x281.png\" alt=\"MAFIA\" width=\"190\" height=\"178\" srcset=\"https:\/\/rma.legal\/wp-content\/uploads\/2018\/04\/MAFIA-300x281.png 300w, https:\/\/rma.legal\/wp-content\/uploads\/2018\/04\/MAFIA.png 367w\" sizes=\"(max-width: 190px) 100vw, 190px\" \/><\/p>\n<p><strong>\u00a0<\/strong><\/p>\n<p>Durante el mes pasado hemos tenido conocimiento de dos sentencias relacionadas con derechos de propiedad industrial que han tenido una prol\u00edfica repercusi\u00f3n en medios de comunicaci\u00f3n no especializados. Nos estamos refiriendo a la sentencia de Tribunal General (Sala Novena) de 15 de Marzo de 2018 (<a href=\"http:\/\/curia.europa.eu\/juris\/document\/document.jsf?text=&amp;docid=200262&amp;pageIndex=0&amp;doclang=es&amp;mode=req&amp;dir=&amp;occ=first&amp;part=1&amp;cid=700486\">Asunto T\u20111\/17<\/a>) por la que se confirma la nulidad de la marca de la Uni\u00f3n Europea n\u00ba 005510921 \u201cLA MAFIA SE SIENTA A LA MESA\u201d y, por otro lado, a la sentencia del mismo Tribunal (Sala S\u00e9ptima) de 14 de marzo de 2018 (<a href=\"http:\/\/curia.europa.eu\/juris\/document\/document.jsf?text=&amp;docid=200246&amp;pageIndex=0&amp;doclang=EN&amp;mode=lst&amp;dir=&amp;occ=first&amp;part=1&amp;cid=122007\">Asunto T\u2011651\/16<\/a>) por la que se confirma la nulidad del dise\u00f1o comunitario n\u00ba 000257001-0001 que proteg\u00eda un conocido tipo de zuecos.<\/p>\n<p>Si bien las dos resoluciones tienen un fundamento y motivaci\u00f3n absolutamente diferente y sin ninguna relaci\u00f3n, las dos sentencias, adem\u00e1s de coincidir en un plazo temporal muy corto, tienen una serie de coincidencias de fondo de las que se puede sacar algunas conclusiones interesantes.<\/p>\n<p>En ambos casos nos encontramos con derechos de propiedad industrial que protegen productos y servicios ampliamente consolidados en el mercado. As\u00ed, la marca cuya anulaci\u00f3n se confirma identifica una cadena de restaurantes con una historia de m\u00e1s de 15 a\u00f1os y m\u00e1s de 40 restaurantes repartidos por Espa\u00f1a y que cuenta con registros, por ahora, v\u00e1lidos en Espa\u00f1a. Y, por su parte, el registro del dise\u00f1o comunitario se refiere a un calzado que, desde hace a\u00f1os, ha logrado un gran \u00e9xito comercial y cuyo titular, goza de otros registros a nivel de la Uni\u00f3n Europea.<\/p>\n<p>Adem\u00e1s, estas sentencias sin duda tendr\u00e1n un efecto en un doble plano:<\/p>\n<ul>\n<li>En la esfera del titular de los derechos anulados, que ve como al menos una parte de sus derechos de exclusiva se esfuman.<\/li>\n<li>En la esfera de sus competidores, para los que ciertas barreras pueden haber desaparecido o potenciado ciertos puntos d\u00e9biles<\/li>\n<\/ul>\n<p>Ello no obstante, y sin conocer ni mucho menos la situaci\u00f3n de los titulares registrales, nos atrevemos a decir que estos \u201cvarapalos\u201d judiciales no van a suponer el final de una actividad empresarial sino que obligar\u00e1 a sus titulares a adaptar su estrategia empresarial a esta nueva situaci\u00f3n.<\/p>\n<p>En un caso, se trata de una cadena de restaurantes franquiciados en los que la existencia de una marca que licenciar resulta esencial. Quiz\u00e1s esta resoluci\u00f3n puede condicionar decisiones de expansi\u00f3n internacional \u2026 Y respecto del calzado, el debilitamiento de un derecho de exclusiva sobre la forma en s\u00ed del zueco puede llevar, por ejemplo, a una potenciaci\u00f3n de la marca independiente del producto ampliando el tipo de calzados a los que se aplica la marca.<\/p>\n<p>Con esta reflexi\u00f3n, lo que queremos poner de manifiesto es que estos casos pueden ser un ejemplo de que los diferentes derechos de propiedad industrial no son el fin sino un instrumento de la actividad empresarial que permite a sus titulares incrementar su capacidad competitiva. Pero, como cualquier otra capacidad, habitualmente ni es eterna ni es invulnerable. Lo importante es conocerlos bien, ser conscientes de sus puntos d\u00e9biles y fortalezas y protegerlos, utilizarlos y defenderlos desde ese conocimiento. \u00a1\u00a1Ah!! Y siempre, tener preparada una alternativa. Al fin y al cabo, los derechos de propiedad industrial no son tan diferentes de otros instrumentos competitivos, \u00bfno?<\/p>\n<p>&nbsp;<\/p>\n<p>&nbsp;<\/p>\n<p>&nbsp;<\/p>\n<p>&nbsp;<\/p>\n","protected":false},"excerpt":{"rendered":"<p>\u00a0 \u00a0 Durante el mes pasado hemos tenido conocimiento de dos sentencias relacionadas con derechos de propiedad industrial que han tenido una prol\u00edfica repercusi\u00f3n en medios de comunicaci\u00f3n no especializados. Nos estamos refiriendo a la sentencia de Tribunal General (Sala Novena) de 15 de Marzo de 2018 (Asunto T\u20111\/17) por la que se confirma la [&hellip;]<\/p>\n","protected":false},"author":10,"featured_media":0,"comment_status":"closed","ping_status":"open","sticky":false,"template":"","format":"standard","meta":{"footnotes":""},"categories":[103],"tags":[199,22,278,40],"class_list":["post-25278","post","type-post","status-publish","format-standard","hentry","category-sin-categoria","tag-derechos-de-exclusiva","tag-disenos-ca","tag-instrumento-competitivo","tag-marcas-ca"],"yoast_head":"<!-- This site is optimized with the Yoast SEO plugin v25.9 - https:\/\/yoast.com\/wordpress\/plugins\/seo\/ -->\n<title>Lo ves, lo ves, ya no lo ves - Avocats du RMA<\/title>\n<meta name=\"robots\" content=\"index, follow, max-snippet:-1, max-image-preview:large, max-video-preview:-1\" \/>\n<link rel=\"canonical\" href=\"https:\/\/rma.legal\/fr\/lo-ves-lo-ves-ya-no-lo-ves\/\" \/>\n<meta property=\"og:locale\" content=\"fr_FR\" \/>\n<meta property=\"og:type\" content=\"article\" \/>\n<meta property=\"og:title\" content=\"Lo ves, lo ves, ya no lo ves - Avocats du RMA\" \/>\n<meta property=\"og:description\" content=\"\u00a0 \u00a0 Durante el mes pasado hemos tenido conocimiento de dos sentencias relacionadas con derechos de propiedad industrial que han tenido una prol\u00edfica repercusi\u00f3n en medios de comunicaci\u00f3n no especializados. Nos estamos refiriendo a la sentencia de Tribunal General (Sala Novena) de 15 de Marzo de 2018 (Asunto T\u20111\/17) por la que se confirma la [&hellip;]\" \/>\n<meta property=\"og:url\" content=\"https:\/\/rma.legal\/fr\/lo-ves-lo-ves-ya-no-lo-ves\/\" \/>\n<meta property=\"og:site_name\" content=\"Avocats du RMA\" \/>\n<meta property=\"article:published_time\" content=\"2018-04-12T14:44:43+00:00\" \/>\n<meta property=\"article:modified_time\" content=\"2025-04-15T10:31:35+00:00\" \/>\n<meta property=\"og:image\" content=\"http:\/\/rma.legal\/wp-content\/uploads\/2018\/04\/CROCS-300x226.jpg\" \/>\n<meta name=\"author\" content=\"Jose Mora\" \/>\n<meta name=\"twitter:card\" content=\"summary_large_image\" \/>\n<meta name=\"twitter:label1\" content=\"\u00c9crit par\" \/>\n\t<meta name=\"twitter:data1\" content=\"Jose Mora\" \/>\n\t<meta name=\"twitter:label2\" content=\"Dur\u00e9e de lecture estim\u00e9e\" \/>\n\t<meta name=\"twitter:data2\" content=\"3 minutes\" \/>\n<script type=\"application\/ld+json\" class=\"yoast-schema-graph\">{\"@context\":\"https:\/\/schema.org\",\"@graph\":[{\"@type\":\"Article\",\"@id\":\"https:\/\/rma.legal\/fr\/lo-ves-lo-ves-ya-no-lo-ves\/#article\",\"isPartOf\":{\"@id\":\"https:\/\/rma.legal\/fr\/lo-ves-lo-ves-ya-no-lo-ves\/\"},\"author\":{\"name\":\"Jose Mora\",\"@id\":\"https:\/\/rma.legal\/fr\/#\/schema\/person\/2217bc656ad38dc7e02df92e880ec411\"},\"headline\":\"Lo ves, lo ves, ya no lo ves\",\"datePublished\":\"2018-04-12T14:44:43+00:00\",\"dateModified\":\"2025-04-15T10:31:35+00:00\",\"mainEntityOfPage\":{\"@id\":\"https:\/\/rma.legal\/fr\/lo-ves-lo-ves-ya-no-lo-ves\/\"},\"wordCount\":565,\"publisher\":{\"@id\":\"https:\/\/rma.legal\/fr\/#organization\"},\"image\":{\"@id\":\"https:\/\/rma.legal\/fr\/lo-ves-lo-ves-ya-no-lo-ves\/#primaryimage\"},\"thumbnailUrl\":\"http:\/\/rma.legal\/wp-content\/uploads\/2018\/04\/CROCS-300x226.jpg\",\"keywords\":[\"derechos de exclusiva\",\"dise\u00f1os\",\"instrumento competitivo\",\"marcas\"],\"articleSection\":[\"Sin categor\u00eda\"],\"inLanguage\":\"fr-FR\"},{\"@type\":\"WebPage\",\"@id\":\"https:\/\/rma.legal\/fr\/lo-ves-lo-ves-ya-no-lo-ves\/\",\"url\":\"https:\/\/rma.legal\/fr\/lo-ves-lo-ves-ya-no-lo-ves\/\",\"name\":\"Lo ves, lo ves, ya no lo ves - Avocats du RMA\",\"isPartOf\":{\"@id\":\"https:\/\/rma.legal\/fr\/#website\"},\"primaryImageOfPage\":{\"@id\":\"https:\/\/rma.legal\/fr\/lo-ves-lo-ves-ya-no-lo-ves\/#primaryimage\"},\"image\":{\"@id\":\"https:\/\/rma.legal\/fr\/lo-ves-lo-ves-ya-no-lo-ves\/#primaryimage\"},\"thumbnailUrl\":\"http:\/\/rma.legal\/wp-content\/uploads\/2018\/04\/CROCS-300x226.jpg\",\"datePublished\":\"2018-04-12T14:44:43+00:00\",\"dateModified\":\"2025-04-15T10:31:35+00:00\",\"breadcrumb\":{\"@id\":\"https:\/\/rma.legal\/fr\/lo-ves-lo-ves-ya-no-lo-ves\/#breadcrumb\"},\"inLanguage\":\"fr-FR\",\"potentialAction\":[{\"@type\":\"ReadAction\",\"target\":[\"https:\/\/rma.legal\/fr\/lo-ves-lo-ves-ya-no-lo-ves\/\"]}]},{\"@type\":\"ImageObject\",\"inLanguage\":\"fr-FR\",\"@id\":\"https:\/\/rma.legal\/fr\/lo-ves-lo-ves-ya-no-lo-ves\/#primaryimage\",\"url\":\"http:\/\/rma.legal\/wp-content\/uploads\/2018\/04\/CROCS-300x226.jpg\",\"contentUrl\":\"http:\/\/rma.legal\/wp-content\/uploads\/2018\/04\/CROCS-300x226.jpg\"},{\"@type\":\"BreadcrumbList\",\"@id\":\"https:\/\/rma.legal\/fr\/lo-ves-lo-ves-ya-no-lo-ves\/#breadcrumb\",\"itemListElement\":[{\"@type\":\"ListItem\",\"position\":1,\"name\":\"Portada\",\"item\":\"https:\/\/rma.legal\/fr\/\"},{\"@type\":\"ListItem\",\"position\":2,\"name\":\"Lo ves, lo ves, ya no lo ves\"}]},{\"@type\":\"WebSite\",\"@id\":\"https:\/\/rma.legal\/fr\/#website\",\"url\":\"https:\/\/rma.legal\/fr\/\",\"name\":\"Avocats du RMA\",\"description\":\"RMA Legal Abogados\",\"publisher\":{\"@id\":\"https:\/\/rma.legal\/fr\/#organization\"},\"potentialAction\":[{\"@type\":\"SearchAction\",\"target\":{\"@type\":\"EntryPoint\",\"urlTemplate\":\"https:\/\/rma.legal\/fr\/?s={search_term_string}\"},\"query-input\":{\"@type\":\"PropertyValueSpecification\",\"valueRequired\":true,\"valueName\":\"search_term_string\"}}],\"inLanguage\":\"fr-FR\"},{\"@type\":\"Organization\",\"@id\":\"https:\/\/rma.legal\/fr\/#organization\",\"name\":\"Avocats du RMA\",\"url\":\"https:\/\/rma.legal\/fr\/\",\"logo\":{\"@type\":\"ImageObject\",\"inLanguage\":\"fr-FR\",\"@id\":\"https:\/\/rma.legal\/fr\/#\/schema\/logo\/image\/\",\"url\":\"https:\/\/rma.legal\/wp-content\/uploads\/2025\/02\/Logo-rma-legal-invertido-footer-c-1.png\",\"contentUrl\":\"https:\/\/rma.legal\/wp-content\/uploads\/2025\/02\/Logo-rma-legal-invertido-footer-c-1.png\",\"width\":300,\"height\":125,\"caption\":\"Avocats du RMA\"},\"image\":{\"@id\":\"https:\/\/rma.legal\/fr\/#\/schema\/logo\/image\/\"}},{\"@type\":\"Person\",\"@id\":\"https:\/\/rma.legal\/fr\/#\/schema\/person\/2217bc656ad38dc7e02df92e880ec411\",\"name\":\"Jose Mora\",\"image\":{\"@type\":\"ImageObject\",\"inLanguage\":\"fr-FR\",\"@id\":\"https:\/\/rma.legal\/fr\/#\/schema\/person\/image\/\",\"url\":\"https:\/\/secure.gravatar.com\/avatar\/ddce0375828650929956779177e55b3ec592db516b09cda0d59d5f7e393b0791?s=96&d=mm&r=g\",\"contentUrl\":\"https:\/\/secure.gravatar.com\/avatar\/ddce0375828650929956779177e55b3ec592db516b09cda0d59d5f7e393b0791?s=96&d=mm&r=g\",\"caption\":\"Jose Mora\"},\"url\":\"https:\/\/rma.legal\/fr\/author\/jose-mora\/\"}]}<\/script>\n<!-- \/ Yoast SEO plugin. -->","yoast_head_json":{"title":"Lo ves, lo ves, ya no lo ves - Avocats du RMA","robots":{"index":"index","follow":"follow","max-snippet":"max-snippet:-1","max-image-preview":"max-image-preview:large","max-video-preview":"max-video-preview:-1"},"canonical":"https:\/\/rma.legal\/fr\/lo-ves-lo-ves-ya-no-lo-ves\/","og_locale":"fr_FR","og_type":"article","og_title":"Lo ves, lo ves, ya no lo ves - Avocats du RMA","og_description":"\u00a0 \u00a0 Durante el mes pasado hemos tenido conocimiento de dos sentencias relacionadas con derechos de propiedad industrial que han tenido una prol\u00edfica repercusi\u00f3n en medios de comunicaci\u00f3n no especializados. Nos estamos refiriendo a la sentencia de Tribunal General (Sala Novena) de 15 de Marzo de 2018 (Asunto T\u20111\/17) por la que se confirma la [&hellip;]","og_url":"https:\/\/rma.legal\/fr\/lo-ves-lo-ves-ya-no-lo-ves\/","og_site_name":"Avocats du RMA","article_published_time":"2018-04-12T14:44:43+00:00","article_modified_time":"2025-04-15T10:31:35+00:00","og_image":[{"url":"http:\/\/rma.legal\/wp-content\/uploads\/2018\/04\/CROCS-300x226.jpg","type":"","width":"","height":""}],"author":"Jose Mora","twitter_card":"summary_large_image","twitter_misc":{"\u00c9crit par":"Jose Mora","Dur\u00e9e de lecture estim\u00e9e":"3 minutes"},"schema":{"@context":"https:\/\/schema.org","@graph":[{"@type":"Article","@id":"https:\/\/rma.legal\/fr\/lo-ves-lo-ves-ya-no-lo-ves\/#article","isPartOf":{"@id":"https:\/\/rma.legal\/fr\/lo-ves-lo-ves-ya-no-lo-ves\/"},"author":{"name":"Jose Mora","@id":"https:\/\/rma.legal\/fr\/#\/schema\/person\/2217bc656ad38dc7e02df92e880ec411"},"headline":"Lo ves, lo ves, ya no lo ves","datePublished":"2018-04-12T14:44:43+00:00","dateModified":"2025-04-15T10:31:35+00:00","mainEntityOfPage":{"@id":"https:\/\/rma.legal\/fr\/lo-ves-lo-ves-ya-no-lo-ves\/"},"wordCount":565,"publisher":{"@id":"https:\/\/rma.legal\/fr\/#organization"},"image":{"@id":"https:\/\/rma.legal\/fr\/lo-ves-lo-ves-ya-no-lo-ves\/#primaryimage"},"thumbnailUrl":"http:\/\/rma.legal\/wp-content\/uploads\/2018\/04\/CROCS-300x226.jpg","keywords":["derechos de exclusiva","dise\u00f1os","instrumento competitivo","marcas"],"articleSection":["Sin categor\u00eda"],"inLanguage":"fr-FR"},{"@type":"WebPage","@id":"https:\/\/rma.legal\/fr\/lo-ves-lo-ves-ya-no-lo-ves\/","url":"https:\/\/rma.legal\/fr\/lo-ves-lo-ves-ya-no-lo-ves\/","name":"Lo ves, lo ves, ya no lo ves - Avocats du RMA","isPartOf":{"@id":"https:\/\/rma.legal\/fr\/#website"},"primaryImageOfPage":{"@id":"https:\/\/rma.legal\/fr\/lo-ves-lo-ves-ya-no-lo-ves\/#primaryimage"},"image":{"@id":"https:\/\/rma.legal\/fr\/lo-ves-lo-ves-ya-no-lo-ves\/#primaryimage"},"thumbnailUrl":"http:\/\/rma.legal\/wp-content\/uploads\/2018\/04\/CROCS-300x226.jpg","datePublished":"2018-04-12T14:44:43+00:00","dateModified":"2025-04-15T10:31:35+00:00","breadcrumb":{"@id":"https:\/\/rma.legal\/fr\/lo-ves-lo-ves-ya-no-lo-ves\/#breadcrumb"},"inLanguage":"fr-FR","potentialAction":[{"@type":"ReadAction","target":["https:\/\/rma.legal\/fr\/lo-ves-lo-ves-ya-no-lo-ves\/"]}]},{"@type":"ImageObject","inLanguage":"fr-FR","@id":"https:\/\/rma.legal\/fr\/lo-ves-lo-ves-ya-no-lo-ves\/#primaryimage","url":"http:\/\/rma.legal\/wp-content\/uploads\/2018\/04\/CROCS-300x226.jpg","contentUrl":"http:\/\/rma.legal\/wp-content\/uploads\/2018\/04\/CROCS-300x226.jpg"},{"@type":"BreadcrumbList","@id":"https:\/\/rma.legal\/fr\/lo-ves-lo-ves-ya-no-lo-ves\/#breadcrumb","itemListElement":[{"@type":"ListItem","position":1,"name":"Portada","item":"https:\/\/rma.legal\/fr\/"},{"@type":"ListItem","position":2,"name":"Lo ves, lo ves, ya no lo ves"}]},{"@type":"WebSite","@id":"https:\/\/rma.legal\/fr\/#website","url":"https:\/\/rma.legal\/fr\/","name":"Avocats du RMA","description":"RMA Legal Abogados","publisher":{"@id":"https:\/\/rma.legal\/fr\/#organization"},"potentialAction":[{"@type":"SearchAction","target":{"@type":"EntryPoint","urlTemplate":"https:\/\/rma.legal\/fr\/?s={search_term_string}"},"query-input":{"@type":"PropertyValueSpecification","valueRequired":true,"valueName":"search_term_string"}}],"inLanguage":"fr-FR"},{"@type":"Organization","@id":"https:\/\/rma.legal\/fr\/#organization","name":"Avocats du RMA","url":"https:\/\/rma.legal\/fr\/","logo":{"@type":"ImageObject","inLanguage":"fr-FR","@id":"https:\/\/rma.legal\/fr\/#\/schema\/logo\/image\/","url":"https:\/\/rma.legal\/wp-content\/uploads\/2025\/02\/Logo-rma-legal-invertido-footer-c-1.png","contentUrl":"https:\/\/rma.legal\/wp-content\/uploads\/2025\/02\/Logo-rma-legal-invertido-footer-c-1.png","width":300,"height":125,"caption":"Avocats du RMA"},"image":{"@id":"https:\/\/rma.legal\/fr\/#\/schema\/logo\/image\/"}},{"@type":"Person","@id":"https:\/\/rma.legal\/fr\/#\/schema\/person\/2217bc656ad38dc7e02df92e880ec411","name":"Jose Mora","image":{"@type":"ImageObject","inLanguage":"fr-FR","@id":"https:\/\/rma.legal\/fr\/#\/schema\/person\/image\/","url":"https:\/\/secure.gravatar.com\/avatar\/ddce0375828650929956779177e55b3ec592db516b09cda0d59d5f7e393b0791?s=96&d=mm&r=g","contentUrl":"https:\/\/secure.gravatar.com\/avatar\/ddce0375828650929956779177e55b3ec592db516b09cda0d59d5f7e393b0791?s=96&d=mm&r=g","caption":"Jose Mora"},"url":"https:\/\/rma.legal\/fr\/author\/jose-mora\/"}]}},"_links":{"self":[{"href":"https:\/\/rma.legal\/fr\/wp-json\/wp\/v2\/posts\/25278","targetHints":{"allow":["GET"]}}],"collection":[{"href":"https:\/\/rma.legal\/fr\/wp-json\/wp\/v2\/posts"}],"about":[{"href":"https:\/\/rma.legal\/fr\/wp-json\/wp\/v2\/types\/post"}],"author":[{"embeddable":true,"href":"https:\/\/rma.legal\/fr\/wp-json\/wp\/v2\/users\/10"}],"replies":[{"embeddable":true,"href":"https:\/\/rma.legal\/fr\/wp-json\/wp\/v2\/comments?post=25278"}],"version-history":[{"count":2,"href":"https:\/\/rma.legal\/fr\/wp-json\/wp\/v2\/posts\/25278\/revisions"}],"predecessor-version":[{"id":30332,"href":"https:\/\/rma.legal\/fr\/wp-json\/wp\/v2\/posts\/25278\/revisions\/30332"}],"wp:attachment":[{"href":"https:\/\/rma.legal\/fr\/wp-json\/wp\/v2\/media?parent=25278"}],"wp:term":[{"taxonomy":"category","embeddable":true,"href":"https:\/\/rma.legal\/fr\/wp-json\/wp\/v2\/categories?post=25278"},{"taxonomy":"post_tag","embeddable":true,"href":"https:\/\/rma.legal\/fr\/wp-json\/wp\/v2\/tags?post=25278"}],"curies":[{"name":"wp","href":"https:\/\/api.w.org\/{rel}","templated":true}]}}