{"id":25218,"date":"2018-02-22T15:26:56","date_gmt":"2018-02-22T15:26:56","guid":{"rendered":"http:\/\/rma.legal\/?p=25218"},"modified":"2025-04-15T10:01:59","modified_gmt":"2025-04-15T10:01:59","slug":"la-suela-roja-de-louboutin-y-el-futuro-de-las-marcas-no-convencionales","status":"publish","type":"post","link":"https:\/\/rma.legal\/fr\/la-suela-roja-de-louboutin-y-el-futuro-de-las-marcas-no-convencionales\/","title":{"rendered":"La suela roja de Louboutin y el futuro de las marcas no convencionales"},"content":{"rendered":"<p>El registro de las marcas del reconocido dise\u00f1ador Christian Louboutin parece llamar tanto la atenci\u00f3n como la suela roja de sus famosos zapatos.<\/p>\n<p>Por lo menos las \u00faltimas Conclusiones del Abogado General Maciej Szpunar, de 6 de febrero de 2018, en el caso C-163\/16 seguido ante la Gran Sala del Tribunal de Justicia de la Uni\u00f3n Europea, han generado todo tipo de comentarios, tanto en foros jur\u00eddicos como en la prensa de moda y generalista, dividi\u00e9ndose entre una mayor\u00eda que lo entienden como un rev\u00e9s al registro de la marca, y aquellos que creen que abre una ventana de oportunidad a su favor.<\/p>\n<p>En relaci\u00f3n a la consulta planteada a la Gran C\u00e1mara del TJUE, <em>\u201c\u00bfSe limita el concepto de forma, en el sentido del art\u00edculo 3, apartado 1, letra e) inciso iii), de la Directiva [2008\/95] a las caracter\u00edsticas tridimensionales del producto tales como el contorno, la dimensi\u00f3n y el volumen (que han de expresarse en tres dimensiones), o tambi\u00e9n hace referencia dicha disposici\u00f3n a otras caracter\u00edsticas (no tridimensionales) del producto, como el color?<\/em>\u201d, el AG Szpunar extrae, de una forma resumida, las siguientes conclusiones:<\/p>\n<p>La marca de Benelux en disputa -consistente en el color rojo (Pantone 18 1663TP) aplicado a la suela de un zapato, seg\u00fan la representaci\u00f3n gr\u00e1fica facilitada en la solicitud- no es una simple marca de color que pretenda proteger una tonalidad de rojo de forma abstracta, sino un color aplicado a una forma muy concreta: la suela de un zapato de tac\u00f3n.<\/p>\n<p><img decoding=\"async\" class=\"wp-image-25219 aligncenter\" src=\"http:\/\/rma.legal\/wp-content\/uploads\/2018\/02\/louboutin.jpg\" alt=\"louboutin\" width=\"148\" height=\"167\" \/><\/p>\n<p>Esta calificaci\u00f3n de la marca, que como apreciaci\u00f3n f\u00e1ctica depender\u00eda del Tribunal holand\u00e9s remitente, es clave, ya que un signo constituido por \u2018la forma del producto y para el que se solicita la protecci\u00f3n para un color determinado en relaci\u00f3n a esa forma\u2019 tambi\u00e9n se ve afectado por el art\u00edculo 3.1.e.iii de la Directiva 2008\/95, que proh\u00edbe el registro de los signos constituidos exclusivamente por una forma que d\u00e9 un valor sustancial al producto. La cuesti\u00f3n no es balad\u00ed, porque esta prohibici\u00f3n espec\u00edfica, a diferencia de otras previstas en el mismo precepto de la Directiva, no admite salvedades por la distintividad que haya podido adquirir el signo en el mercado (<em>secondary meaning<\/em>).<\/p>\n<p>El motivo de esta prohibici\u00f3n de registro de marcas constituidas exclusivamente por una <em>forma que d\u00e9 un valor sustancial al producto<\/em> (un ejemplo muy claro de una forma con valor intr\u00ednseco propio que da valor sustancial al producto en que se aplica ser\u00eda la de coraz\u00f3n para las cajas de bombones que se regalan por San Valent\u00edn) es garantizar que estas formas que atraen al p\u00fablico no son monopolizadas por una empresa y sigan a disposici\u00f3n de los actores del mercado.<\/p>\n<p>La interpretaci\u00f3n del tipo de marca realizada por el Abogado General no se ver\u00eda afectada a\u00fan en el supuesto de que nos encontremos ante una \u2018marca de posici\u00f3n\u2019 (aquellas consistentes en la manera espec\u00edfica en que la marca se coloca o figura en el producto, seg\u00fan el Art\u00edculo 3.3.d. del Reglamento de Ejecuci\u00f3n UE 2017\/1431), ya que las marcas de posici\u00f3n tambi\u00e9n podr\u00edan consistir en la forma de un producto y por tanto podr\u00edan estar sujetas a la prohibici\u00f3n del art\u00edculo 3.1.e.iii.<\/p>\n<p>Szpunar concluye recordando que, a diferencia de lo que ocurre con otras prohibiciones de registro de la Directiva, como dec\u00edamos el impedimento del art\u00edculo 3.1.e.iii no puede salvarse por haber adquirido el signo en cuesti\u00f3n un car\u00e1cter distintivo tras un proceso de familiarizaci\u00f3n por parte del p\u00fablico interesado. No obstante, en lo que puede ser un elemento fundamental de la Opini\u00f3n, el Abogado General aclara que el an\u00e1lisis que debe realizarse para determinar si se aplica esta prohibici\u00f3n se refiere \u00fanicamente al valor <em>intr\u00ednseco<\/em> de la forma a la cual se aplica el color, y no a las caracter\u00edsticas vinculadas a la reputaci\u00f3n que la marca o su titular hayan podido adquirir en el mercado. En este caso concreto, si el TJUE tambi\u00e9n entiende que las marcas de color delimitadas por una forma entran dentro del \u00e1mbito de aplicaci\u00f3n del art\u00edculo 3.1.e.iii, corresponder\u00e1 al tribunal holand\u00e9s decidir si el color rojo en cuesti\u00f3n con forma de suela de zapato de tac\u00f3n da por s\u00ed mismo un valor sustancial al producto o no.<\/p>\n<p>Este an\u00e1lisis parece cerrar la puerta al registro de la famosa marca de la suela roja, aunque ha habido voces que lo han interpretado de otra manera, como el propio Christian Louboutin. En una nota de prensa el dise\u00f1ador explica que el color rojo aplicado a una suela de zapato no tiene un valor \u2018intr\u00ednseco\u2019, sino que el mismo \u00fanicamente se deriva de los esfuerzos de publicidad realizados y por la asociaci\u00f3n que como consecuencia el p\u00fablico hace con su empresa, hecho que har\u00eda compatible la validez de la marca con los criterios establecidos por el Abogado General.<\/p>\n<p>Dado que la Opini\u00f3n del Abogado General no es vinculante, la decisi\u00f3n \u00faltima del caso depende de la Gran Sala y de la aplicaci\u00f3n que de la sentencia haga el tribunal remitente, pero podr\u00edamos vernos en la situaci\u00f3n en que la famosa marca termine siendo declarada nula. Esto dar\u00eda pie a una diferencia entre los criterios aplicados en la Uni\u00f3n Europea y otras jurisdicciones donde la marca ha sido concedida, como India o los Estados Unidos, donde en el a\u00f1o 2012 Louboutin gan\u00f3 una reclamaci\u00f3n por infracci\u00f3n a Yves Saint-Laurent, consider\u00e1ndose previamente que la marca en cuesti\u00f3n era v\u00e1lida siempre y cuando dicho color contrastara con el resto del zapato.<\/p>\n<p>Por todo ello, ser\u00eda deseable que el TJUE estableciese criterios claros sobre la concesi\u00f3n de las marcas no convencionales, como la actualmente considerada, que vaya en la l\u00ednea de los objetivos de facilitar su registro perseguidos por el legislador europeo en la Directiva de Marcas de 2015.<\/p>\n<p>&nbsp;<\/p>\n","protected":false},"excerpt":{"rendered":"<p>El registro de las marcas del reconocido dise\u00f1ador Christian Louboutin parece llamar tanto la atenci\u00f3n como la suela roja de sus famosos zapatos. Por lo menos las \u00faltimas Conclusiones del Abogado General Maciej Szpunar, de 6 de febrero de 2018, en el caso C-163\/16 seguido ante la Gran Sala del Tribunal de Justicia de la [&hellip;]<\/p>\n","protected":false},"author":8,"featured_media":0,"comment_status":"closed","ping_status":"open","sticky":false,"template":"","format":"standard","meta":{"footnotes":""},"categories":[103],"tags":[213,303,308,40,43],"class_list":["post-25218","post","type-post","status-publish","format-standard","hentry","category-sin-categoria","tag-diseno","tag-louboutin","tag-marca-de-posicion","tag-marcas-ca","tag-marcas-no-convencionales-ca"],"yoast_head":"<!-- This site is optimized with the Yoast SEO plugin v25.9 - https:\/\/yoast.com\/wordpress\/plugins\/seo\/ -->\n<title>La suela roja de Louboutin y el futuro de las marcas no convencionales - Avocats du RMA<\/title>\n<meta name=\"robots\" content=\"index, follow, max-snippet:-1, max-image-preview:large, max-video-preview:-1\" \/>\n<link rel=\"canonical\" href=\"https:\/\/rma.legal\/fr\/la-suela-roja-de-louboutin-y-el-futuro-de-las-marcas-no-convencionales\/\" \/>\n<meta property=\"og:locale\" content=\"fr_FR\" \/>\n<meta property=\"og:type\" content=\"article\" \/>\n<meta property=\"og:title\" content=\"La suela roja de Louboutin y el futuro de las marcas no convencionales - Avocats du RMA\" \/>\n<meta property=\"og:description\" content=\"El registro de las marcas del reconocido dise\u00f1ador Christian Louboutin parece llamar tanto la atenci\u00f3n como la suela roja de sus famosos zapatos. Por lo menos las \u00faltimas Conclusiones del Abogado General Maciej Szpunar, de 6 de febrero de 2018, en el caso C-163\/16 seguido ante la Gran Sala del Tribunal de Justicia de la [&hellip;]\" \/>\n<meta property=\"og:url\" content=\"https:\/\/rma.legal\/fr\/la-suela-roja-de-louboutin-y-el-futuro-de-las-marcas-no-convencionales\/\" \/>\n<meta property=\"og:site_name\" content=\"Avocats du RMA\" \/>\n<meta property=\"article:published_time\" content=\"2018-02-22T15:26:56+00:00\" \/>\n<meta property=\"article:modified_time\" content=\"2025-04-15T10:01:59+00:00\" \/>\n<meta property=\"og:image\" content=\"http:\/\/rma.legal\/wp-content\/uploads\/2018\/02\/louboutin.jpg\" \/>\n<meta name=\"author\" content=\"Alberto Garc\u00eda L\u00f3pez\" \/>\n<meta name=\"twitter:card\" content=\"summary_large_image\" \/>\n<meta name=\"twitter:label1\" content=\"\u00c9crit par\" \/>\n\t<meta name=\"twitter:data1\" content=\"Alberto Garc\u00eda L\u00f3pez\" \/>\n\t<meta name=\"twitter:label2\" content=\"Dur\u00e9e de lecture estim\u00e9e\" \/>\n\t<meta name=\"twitter:data2\" content=\"5 minutes\" \/>\n<script type=\"application\/ld+json\" class=\"yoast-schema-graph\">{\"@context\":\"https:\/\/schema.org\",\"@graph\":[{\"@type\":\"Article\",\"@id\":\"https:\/\/rma.legal\/fr\/la-suela-roja-de-louboutin-y-el-futuro-de-las-marcas-no-convencionales\/#article\",\"isPartOf\":{\"@id\":\"https:\/\/rma.legal\/fr\/la-suela-roja-de-louboutin-y-el-futuro-de-las-marcas-no-convencionales\/\"},\"author\":{\"name\":\"Alberto Garc\u00eda L\u00f3pez\",\"@id\":\"https:\/\/rma.legal\/fr\/#\/schema\/person\/cfbc22ab1d27c2f3e18a06069864a93b\"},\"headline\":\"La suela roja de Louboutin y el futuro de las marcas no convencionales\",\"datePublished\":\"2018-02-22T15:26:56+00:00\",\"dateModified\":\"2025-04-15T10:01:59+00:00\",\"mainEntityOfPage\":{\"@id\":\"https:\/\/rma.legal\/fr\/la-suela-roja-de-louboutin-y-el-futuro-de-las-marcas-no-convencionales\/\"},\"wordCount\":1051,\"publisher\":{\"@id\":\"https:\/\/rma.legal\/fr\/#organization\"},\"image\":{\"@id\":\"https:\/\/rma.legal\/fr\/la-suela-roja-de-louboutin-y-el-futuro-de-las-marcas-no-convencionales\/#primaryimage\"},\"thumbnailUrl\":\"http:\/\/rma.legal\/wp-content\/uploads\/2018\/02\/louboutin.jpg\",\"keywords\":[\"dise\u00f1o\",\"Louboutin\",\"marca de posici\u00f3n\",\"marcas\",\"marcas no convencionales\"],\"articleSection\":[\"Sin categor\u00eda\"],\"inLanguage\":\"fr-FR\"},{\"@type\":\"WebPage\",\"@id\":\"https:\/\/rma.legal\/fr\/la-suela-roja-de-louboutin-y-el-futuro-de-las-marcas-no-convencionales\/\",\"url\":\"https:\/\/rma.legal\/fr\/la-suela-roja-de-louboutin-y-el-futuro-de-las-marcas-no-convencionales\/\",\"name\":\"La suela roja de Louboutin y el futuro de las marcas no convencionales - Avocats du RMA\",\"isPartOf\":{\"@id\":\"https:\/\/rma.legal\/fr\/#website\"},\"primaryImageOfPage\":{\"@id\":\"https:\/\/rma.legal\/fr\/la-suela-roja-de-louboutin-y-el-futuro-de-las-marcas-no-convencionales\/#primaryimage\"},\"image\":{\"@id\":\"https:\/\/rma.legal\/fr\/la-suela-roja-de-louboutin-y-el-futuro-de-las-marcas-no-convencionales\/#primaryimage\"},\"thumbnailUrl\":\"http:\/\/rma.legal\/wp-content\/uploads\/2018\/02\/louboutin.jpg\",\"datePublished\":\"2018-02-22T15:26:56+00:00\",\"dateModified\":\"2025-04-15T10:01:59+00:00\",\"breadcrumb\":{\"@id\":\"https:\/\/rma.legal\/fr\/la-suela-roja-de-louboutin-y-el-futuro-de-las-marcas-no-convencionales\/#breadcrumb\"},\"inLanguage\":\"fr-FR\",\"potentialAction\":[{\"@type\":\"ReadAction\",\"target\":[\"https:\/\/rma.legal\/fr\/la-suela-roja-de-louboutin-y-el-futuro-de-las-marcas-no-convencionales\/\"]}]},{\"@type\":\"ImageObject\",\"inLanguage\":\"fr-FR\",\"@id\":\"https:\/\/rma.legal\/fr\/la-suela-roja-de-louboutin-y-el-futuro-de-las-marcas-no-convencionales\/#primaryimage\",\"url\":\"http:\/\/rma.legal\/wp-content\/uploads\/2018\/02\/louboutin.jpg\",\"contentUrl\":\"http:\/\/rma.legal\/wp-content\/uploads\/2018\/02\/louboutin.jpg\"},{\"@type\":\"BreadcrumbList\",\"@id\":\"https:\/\/rma.legal\/fr\/la-suela-roja-de-louboutin-y-el-futuro-de-las-marcas-no-convencionales\/#breadcrumb\",\"itemListElement\":[{\"@type\":\"ListItem\",\"position\":1,\"name\":\"Portada\",\"item\":\"https:\/\/rma.legal\/fr\/\"},{\"@type\":\"ListItem\",\"position\":2,\"name\":\"La suela roja de Louboutin y el futuro de las marcas no convencionales\"}]},{\"@type\":\"WebSite\",\"@id\":\"https:\/\/rma.legal\/fr\/#website\",\"url\":\"https:\/\/rma.legal\/fr\/\",\"name\":\"Avocats du RMA\",\"description\":\"RMA Legal Abogados\",\"publisher\":{\"@id\":\"https:\/\/rma.legal\/fr\/#organization\"},\"potentialAction\":[{\"@type\":\"SearchAction\",\"target\":{\"@type\":\"EntryPoint\",\"urlTemplate\":\"https:\/\/rma.legal\/fr\/?s={search_term_string}\"},\"query-input\":{\"@type\":\"PropertyValueSpecification\",\"valueRequired\":true,\"valueName\":\"search_term_string\"}}],\"inLanguage\":\"fr-FR\"},{\"@type\":\"Organization\",\"@id\":\"https:\/\/rma.legal\/fr\/#organization\",\"name\":\"Avocats du RMA\",\"url\":\"https:\/\/rma.legal\/fr\/\",\"logo\":{\"@type\":\"ImageObject\",\"inLanguage\":\"fr-FR\",\"@id\":\"https:\/\/rma.legal\/fr\/#\/schema\/logo\/image\/\",\"url\":\"https:\/\/rma.legal\/wp-content\/uploads\/2025\/02\/Logo-rma-legal-invertido-footer-c-1.png\",\"contentUrl\":\"https:\/\/rma.legal\/wp-content\/uploads\/2025\/02\/Logo-rma-legal-invertido-footer-c-1.png\",\"width\":300,\"height\":125,\"caption\":\"Avocats du RMA\"},\"image\":{\"@id\":\"https:\/\/rma.legal\/fr\/#\/schema\/logo\/image\/\"}},{\"@type\":\"Person\",\"@id\":\"https:\/\/rma.legal\/fr\/#\/schema\/person\/cfbc22ab1d27c2f3e18a06069864a93b\",\"name\":\"Alberto Garc\u00eda L\u00f3pez\",\"image\":{\"@type\":\"ImageObject\",\"inLanguage\":\"fr-FR\",\"@id\":\"https:\/\/rma.legal\/fr\/#\/schema\/person\/image\/\",\"url\":\"https:\/\/secure.gravatar.com\/avatar\/9ebd5ce1ab6dc934a5b846cf1c00263dd355ad1659e0df14775b7003d6788212?s=96&d=mm&r=g\",\"contentUrl\":\"https:\/\/secure.gravatar.com\/avatar\/9ebd5ce1ab6dc934a5b846cf1c00263dd355ad1659e0df14775b7003d6788212?s=96&d=mm&r=g\",\"caption\":\"Alberto Garc\u00eda L\u00f3pez\"},\"url\":\"https:\/\/rma.legal\/fr\/author\/alberto-garcia-lopez\/\"}]}<\/script>\n<!-- \/ Yoast SEO plugin. -->","yoast_head_json":{"title":"La suela roja de Louboutin y el futuro de las marcas no convencionales - Avocats du RMA","robots":{"index":"index","follow":"follow","max-snippet":"max-snippet:-1","max-image-preview":"max-image-preview:large","max-video-preview":"max-video-preview:-1"},"canonical":"https:\/\/rma.legal\/fr\/la-suela-roja-de-louboutin-y-el-futuro-de-las-marcas-no-convencionales\/","og_locale":"fr_FR","og_type":"article","og_title":"La suela roja de Louboutin y el futuro de las marcas no convencionales - Avocats du RMA","og_description":"El registro de las marcas del reconocido dise\u00f1ador Christian Louboutin parece llamar tanto la atenci\u00f3n como la suela roja de sus famosos zapatos. Por lo menos las \u00faltimas Conclusiones del Abogado General Maciej Szpunar, de 6 de febrero de 2018, en el caso C-163\/16 seguido ante la Gran Sala del Tribunal de Justicia de la [&hellip;]","og_url":"https:\/\/rma.legal\/fr\/la-suela-roja-de-louboutin-y-el-futuro-de-las-marcas-no-convencionales\/","og_site_name":"Avocats du RMA","article_published_time":"2018-02-22T15:26:56+00:00","article_modified_time":"2025-04-15T10:01:59+00:00","og_image":[{"url":"http:\/\/rma.legal\/wp-content\/uploads\/2018\/02\/louboutin.jpg","type":"","width":"","height":""}],"author":"Alberto Garc\u00eda L\u00f3pez","twitter_card":"summary_large_image","twitter_misc":{"\u00c9crit par":"Alberto Garc\u00eda L\u00f3pez","Dur\u00e9e de lecture estim\u00e9e":"5 minutes"},"schema":{"@context":"https:\/\/schema.org","@graph":[{"@type":"Article","@id":"https:\/\/rma.legal\/fr\/la-suela-roja-de-louboutin-y-el-futuro-de-las-marcas-no-convencionales\/#article","isPartOf":{"@id":"https:\/\/rma.legal\/fr\/la-suela-roja-de-louboutin-y-el-futuro-de-las-marcas-no-convencionales\/"},"author":{"name":"Alberto Garc\u00eda L\u00f3pez","@id":"https:\/\/rma.legal\/fr\/#\/schema\/person\/cfbc22ab1d27c2f3e18a06069864a93b"},"headline":"La suela roja de Louboutin y el futuro de las marcas no convencionales","datePublished":"2018-02-22T15:26:56+00:00","dateModified":"2025-04-15T10:01:59+00:00","mainEntityOfPage":{"@id":"https:\/\/rma.legal\/fr\/la-suela-roja-de-louboutin-y-el-futuro-de-las-marcas-no-convencionales\/"},"wordCount":1051,"publisher":{"@id":"https:\/\/rma.legal\/fr\/#organization"},"image":{"@id":"https:\/\/rma.legal\/fr\/la-suela-roja-de-louboutin-y-el-futuro-de-las-marcas-no-convencionales\/#primaryimage"},"thumbnailUrl":"http:\/\/rma.legal\/wp-content\/uploads\/2018\/02\/louboutin.jpg","keywords":["dise\u00f1o","Louboutin","marca de posici\u00f3n","marcas","marcas no convencionales"],"articleSection":["Sin categor\u00eda"],"inLanguage":"fr-FR"},{"@type":"WebPage","@id":"https:\/\/rma.legal\/fr\/la-suela-roja-de-louboutin-y-el-futuro-de-las-marcas-no-convencionales\/","url":"https:\/\/rma.legal\/fr\/la-suela-roja-de-louboutin-y-el-futuro-de-las-marcas-no-convencionales\/","name":"La suela roja de Louboutin y el futuro de las marcas no convencionales - Avocats du RMA","isPartOf":{"@id":"https:\/\/rma.legal\/fr\/#website"},"primaryImageOfPage":{"@id":"https:\/\/rma.legal\/fr\/la-suela-roja-de-louboutin-y-el-futuro-de-las-marcas-no-convencionales\/#primaryimage"},"image":{"@id":"https:\/\/rma.legal\/fr\/la-suela-roja-de-louboutin-y-el-futuro-de-las-marcas-no-convencionales\/#primaryimage"},"thumbnailUrl":"http:\/\/rma.legal\/wp-content\/uploads\/2018\/02\/louboutin.jpg","datePublished":"2018-02-22T15:26:56+00:00","dateModified":"2025-04-15T10:01:59+00:00","breadcrumb":{"@id":"https:\/\/rma.legal\/fr\/la-suela-roja-de-louboutin-y-el-futuro-de-las-marcas-no-convencionales\/#breadcrumb"},"inLanguage":"fr-FR","potentialAction":[{"@type":"ReadAction","target":["https:\/\/rma.legal\/fr\/la-suela-roja-de-louboutin-y-el-futuro-de-las-marcas-no-convencionales\/"]}]},{"@type":"ImageObject","inLanguage":"fr-FR","@id":"https:\/\/rma.legal\/fr\/la-suela-roja-de-louboutin-y-el-futuro-de-las-marcas-no-convencionales\/#primaryimage","url":"http:\/\/rma.legal\/wp-content\/uploads\/2018\/02\/louboutin.jpg","contentUrl":"http:\/\/rma.legal\/wp-content\/uploads\/2018\/02\/louboutin.jpg"},{"@type":"BreadcrumbList","@id":"https:\/\/rma.legal\/fr\/la-suela-roja-de-louboutin-y-el-futuro-de-las-marcas-no-convencionales\/#breadcrumb","itemListElement":[{"@type":"ListItem","position":1,"name":"Portada","item":"https:\/\/rma.legal\/fr\/"},{"@type":"ListItem","position":2,"name":"La suela roja de Louboutin y el futuro de las marcas no convencionales"}]},{"@type":"WebSite","@id":"https:\/\/rma.legal\/fr\/#website","url":"https:\/\/rma.legal\/fr\/","name":"Avocats du RMA","description":"RMA Legal Abogados","publisher":{"@id":"https:\/\/rma.legal\/fr\/#organization"},"potentialAction":[{"@type":"SearchAction","target":{"@type":"EntryPoint","urlTemplate":"https:\/\/rma.legal\/fr\/?s={search_term_string}"},"query-input":{"@type":"PropertyValueSpecification","valueRequired":true,"valueName":"search_term_string"}}],"inLanguage":"fr-FR"},{"@type":"Organization","@id":"https:\/\/rma.legal\/fr\/#organization","name":"Avocats du RMA","url":"https:\/\/rma.legal\/fr\/","logo":{"@type":"ImageObject","inLanguage":"fr-FR","@id":"https:\/\/rma.legal\/fr\/#\/schema\/logo\/image\/","url":"https:\/\/rma.legal\/wp-content\/uploads\/2025\/02\/Logo-rma-legal-invertido-footer-c-1.png","contentUrl":"https:\/\/rma.legal\/wp-content\/uploads\/2025\/02\/Logo-rma-legal-invertido-footer-c-1.png","width":300,"height":125,"caption":"Avocats du RMA"},"image":{"@id":"https:\/\/rma.legal\/fr\/#\/schema\/logo\/image\/"}},{"@type":"Person","@id":"https:\/\/rma.legal\/fr\/#\/schema\/person\/cfbc22ab1d27c2f3e18a06069864a93b","name":"Alberto Garc\u00eda L\u00f3pez","image":{"@type":"ImageObject","inLanguage":"fr-FR","@id":"https:\/\/rma.legal\/fr\/#\/schema\/person\/image\/","url":"https:\/\/secure.gravatar.com\/avatar\/9ebd5ce1ab6dc934a5b846cf1c00263dd355ad1659e0df14775b7003d6788212?s=96&d=mm&r=g","contentUrl":"https:\/\/secure.gravatar.com\/avatar\/9ebd5ce1ab6dc934a5b846cf1c00263dd355ad1659e0df14775b7003d6788212?s=96&d=mm&r=g","caption":"Alberto Garc\u00eda L\u00f3pez"},"url":"https:\/\/rma.legal\/fr\/author\/alberto-garcia-lopez\/"}]}},"_links":{"self":[{"href":"https:\/\/rma.legal\/fr\/wp-json\/wp\/v2\/posts\/25218","targetHints":{"allow":["GET"]}}],"collection":[{"href":"https:\/\/rma.legal\/fr\/wp-json\/wp\/v2\/posts"}],"about":[{"href":"https:\/\/rma.legal\/fr\/wp-json\/wp\/v2\/types\/post"}],"author":[{"embeddable":true,"href":"https:\/\/rma.legal\/fr\/wp-json\/wp\/v2\/users\/8"}],"replies":[{"embeddable":true,"href":"https:\/\/rma.legal\/fr\/wp-json\/wp\/v2\/comments?post=25218"}],"version-history":[{"count":2,"href":"https:\/\/rma.legal\/fr\/wp-json\/wp\/v2\/posts\/25218\/revisions"}],"predecessor-version":[{"id":30329,"href":"https:\/\/rma.legal\/fr\/wp-json\/wp\/v2\/posts\/25218\/revisions\/30329"}],"wp:attachment":[{"href":"https:\/\/rma.legal\/fr\/wp-json\/wp\/v2\/media?parent=25218"}],"wp:term":[{"taxonomy":"category","embeddable":true,"href":"https:\/\/rma.legal\/fr\/wp-json\/wp\/v2\/categories?post=25218"},{"taxonomy":"post_tag","embeddable":true,"href":"https:\/\/rma.legal\/fr\/wp-json\/wp\/v2\/tags?post=25218"}],"curies":[{"name":"wp","href":"https:\/\/api.w.org\/{rel}","templated":true}]}}