{"id":25114,"date":"2018-01-24T16:53:23","date_gmt":"2018-01-24T16:53:23","guid":{"rendered":"http:\/\/rma.legal\/?p=25114"},"modified":"2025-04-15T09:05:20","modified_gmt":"2025-04-15T09:05:20","slug":"mobile-world-congress-2018-protective-letters-y-medidas-cautelares","status":"publish","type":"post","link":"https:\/\/rma.legal\/fr\/mobile-world-congress-2018-protective-letters-y-medidas-cautelares\/","title":{"rendered":"Mobile World Congress 2018. Protective letters y medidas cautelares"},"content":{"rendered":"<p>Del <strong>28 de febrero al 1 de marzo 2018<\/strong> se celebra en Barcelona la nueva edici\u00f3n del <strong>Mobile World Congress<\/strong>. Los Juzgados Mercantiles de la ciudad, por cuarto a\u00f1o consecutivo, anticip\u00e1ndose a la previsible entrada de asuntos relacionados con vulneraciones de derechos de propiedad industrial y especialmente patentes y dise\u00f1os, han dictado un <strong>Protocolo de servicio de guardia y de actuaci\u00f3n r\u00e1pida <\/strong>(<a href=\"http:\/\/www.oepm.es\/export\/sites\/oepm\/comun\/documentos_relacionados\/Noticias\/2017\/2017_12_18_Protocolo_MWC_2018.pdf\">http:\/\/www.oepm.es\/export\/sites\/oepm\/comun\/documentos_relacionados\/Noticias\/2017\/2017_12_18_Protocolo_MWC_2018.pdf<\/a>) con la triple finalidad de priorizar durante esos d\u00edas (y durante todo el mes de febrero) la tramitaci\u00f3n de medidas cautelares, evitar de ser posible la adopci\u00f3n de medidas cautelares sin audiencia a la otra parte, y garantizar la adopci\u00f3n de medidas efectivas para proteger aquellos derechos.<\/p>\n<p>Cobran de nuevo especial relevancia los llamados <strong>Escritos preventivos<\/strong>, recogidos formalmente por primera vez en la Ley 24\/2015 de Patentes, en vigor desde abril 2017, tendentes principalmente a evitar que se adopten medidas cautelares inaudita parte. Mediante la presentaci\u00f3n de tales escritos ante el Juzgado que se considere competente, quien prevea la solicitud en su contra de medidas cautelares inaudita parte podr\u00e1 adelantarse a ello y tratar de evitar su adopci\u00f3n sin ser o\u00eddo, justificando debidamente sus argumentos, y mostrando al mismo tiempo su disponibilidad para comparecer con inmediatez. Dicho escrito preventivo se comunicar\u00e1 al titular del derecho supuestamente infringido, y si finalmente \u00e9ste presenta la demanda de medidas cautelares inaudita parte, el Juzgado resolver\u00e1 con brevedad pero ya conociendo de antemano los argumentos de la parte perjudicada. El mismo Protocolo da las pautas al solicitante de las medidas para justificar en su demanda la \u201cespecial urgencia\u201d que debe concurrir para la adopci\u00f3n de unas tales medidas sin audiencia al demandado.<\/p>\n<p>Seg\u00fan el \u201c<em>Informe sobre el resultado del protocolo de servicio de guardia y de actuaci\u00f3n r\u00e1pida de los Juzgados mercantiles de Barcelona\u201d <\/em>sobre el MWC 2017<em>,<\/em>(<a href=\"https:\/\/www.oepm.es\/export\/sites\/oepm\/comun\/documentos_relacionados\/Noticias\/2017\/2017_12_18_Informe_resultado_protocolo_MWC_2017.pdf\">https:\/\/www.oepm.es\/export\/sites\/oepm\/comun\/documentos_relacionados\/Noticias\/2017\/2017_12_18_Informe_resultado_protocolo_MWC_2017.pdf<\/a>) durante la pasada edici\u00f3n del Congreso se presentaron 12 escritos preventivos relacionados con patentes, que se tramitaron y resolvieron antes de la celebraci\u00f3n del Congreso, y 7 demandas de medidas cautelares inaudita parte, estim\u00e1ndose 4, consolid\u00e1ndose la eficacia y eficiencia de esta iniciativa promovida por los Juzgados mercantiles de la ciudad para dar respuesta a estas incidencias en un evento de semejante magnitud y destacables intereses econ\u00f3micos.<\/p>\n<p>La previsi\u00f3n para esta pr\u00f3xima edici\u00f3n es de un incremento de la presentaci\u00f3n tanto de escritos preventivos como de medidas cautelares inaudita parte, habi\u00e9ndose considerado la introducci\u00f3n de mejoras que permitan una m\u00e1s r\u00e1pida comunicaci\u00f3n con letrados y procuradores con plenas garant\u00edas de defensa y seguridad jur\u00eddica.<\/p>\n<p>Si prev\u00e9 asistir al MWC y tiene cualquier duda sobre c\u00f3mo proteger eficazmente sus derechos o sobre c\u00f3mo defenderse ante una posible solicitud de medidas cautelares, puede contactar con nosotros. <strong>Antoni Roman\u00ed<\/strong>, abogado y socio del despacho, ha sido incluido en la lista de expertos confeccionada por el Colegio de Abogados de Barcelona, que ser\u00e1 entregada a los asistentes al inicio del Congreso, que estar\u00e1n disponibles para cualquier consulta o actuaci\u00f3n ante los Juzgados, y en general cualquier tr\u00e1mite relacionado con la aplicaci\u00f3n de este Protocolo.<\/p>\n<p>&nbsp;<\/p>\n","protected":false},"excerpt":{"rendered":"<p>Del 28 de febrero al 1 de marzo 2018 se celebra en Barcelona la nueva edici\u00f3n del Mobile World Congress. Los Juzgados Mercantiles de la ciudad, por cuarto a\u00f1o consecutivo, anticip\u00e1ndose a la previsible entrada de asuntos relacionados con vulneraciones de derechos de propiedad industrial y especialmente patentes y dise\u00f1os, han dictado un Protocolo de [&hellip;]<\/p>\n","protected":false},"author":5,"featured_media":0,"comment_status":"closed","ping_status":"open","sticky":false,"template":"","format":"standard","meta":{"footnotes":""},"categories":[103],"tags":[],"class_list":["post-25114","post","type-post","status-publish","format-standard","hentry","category-sin-categoria"],"yoast_head":"<!-- This site is optimized with the Yoast SEO plugin v25.9 - https:\/\/yoast.com\/wordpress\/plugins\/seo\/ -->\n<title>Mobile World Congress 2018. Protective letters y medidas cautelares - Avocats du RMA<\/title>\n<meta name=\"robots\" content=\"index, follow, max-snippet:-1, max-image-preview:large, max-video-preview:-1\" \/>\n<link rel=\"canonical\" href=\"https:\/\/rma.legal\/fr\/mobile-world-congress-2018-protective-letters-y-medidas-cautelares\/\" \/>\n<meta property=\"og:locale\" content=\"fr_FR\" \/>\n<meta property=\"og:type\" content=\"article\" \/>\n<meta property=\"og:title\" content=\"Mobile World Congress 2018. Protective letters y medidas cautelares - Avocats du RMA\" \/>\n<meta property=\"og:description\" content=\"Del 28 de febrero al 1 de marzo 2018 se celebra en Barcelona la nueva edici\u00f3n del Mobile World Congress. Los Juzgados Mercantiles de la ciudad, por cuarto a\u00f1o consecutivo, anticip\u00e1ndose a la previsible entrada de asuntos relacionados con vulneraciones de derechos de propiedad industrial y especialmente patentes y dise\u00f1os, han dictado un Protocolo de [&hellip;]\" \/>\n<meta property=\"og:url\" content=\"https:\/\/rma.legal\/fr\/mobile-world-congress-2018-protective-letters-y-medidas-cautelares\/\" \/>\n<meta property=\"og:site_name\" content=\"Avocats du RMA\" \/>\n<meta property=\"article:published_time\" content=\"2018-01-24T16:53:23+00:00\" \/>\n<meta property=\"article:modified_time\" content=\"2025-04-15T09:05:20+00:00\" \/>\n<meta name=\"author\" content=\"RMA Legal\" \/>\n<meta name=\"twitter:card\" content=\"summary_large_image\" \/>\n<meta name=\"twitter:label1\" content=\"\u00c9crit par\" \/>\n\t<meta name=\"twitter:data1\" content=\"RMA Legal\" \/>\n\t<meta name=\"twitter:label2\" content=\"Dur\u00e9e de lecture estim\u00e9e\" \/>\n\t<meta name=\"twitter:data2\" content=\"3 minutes\" \/>\n<script type=\"application\/ld+json\" class=\"yoast-schema-graph\">{\"@context\":\"https:\/\/schema.org\",\"@graph\":[{\"@type\":\"Article\",\"@id\":\"https:\/\/rma.legal\/fr\/mobile-world-congress-2018-protective-letters-y-medidas-cautelares\/#article\",\"isPartOf\":{\"@id\":\"https:\/\/rma.legal\/fr\/mobile-world-congress-2018-protective-letters-y-medidas-cautelares\/\"},\"author\":{\"name\":\"RMA Legal\",\"@id\":\"https:\/\/rma.legal\/fr\/#\/schema\/person\/ce35cb0535f72f8fe561ca18c346286e\"},\"headline\":\"Mobile World Congress 2018. Protective letters y medidas cautelares\",\"datePublished\":\"2018-01-24T16:53:23+00:00\",\"dateModified\":\"2025-04-15T09:05:20+00:00\",\"mainEntityOfPage\":{\"@id\":\"https:\/\/rma.legal\/fr\/mobile-world-congress-2018-protective-letters-y-medidas-cautelares\/\"},\"wordCount\":565,\"publisher\":{\"@id\":\"https:\/\/rma.legal\/fr\/#organization\"},\"articleSection\":[\"Sin categor\u00eda\"],\"inLanguage\":\"fr-FR\"},{\"@type\":\"WebPage\",\"@id\":\"https:\/\/rma.legal\/fr\/mobile-world-congress-2018-protective-letters-y-medidas-cautelares\/\",\"url\":\"https:\/\/rma.legal\/fr\/mobile-world-congress-2018-protective-letters-y-medidas-cautelares\/\",\"name\":\"Mobile World Congress 2018. Protective letters y medidas cautelares - Avocats du RMA\",\"isPartOf\":{\"@id\":\"https:\/\/rma.legal\/fr\/#website\"},\"datePublished\":\"2018-01-24T16:53:23+00:00\",\"dateModified\":\"2025-04-15T09:05:20+00:00\",\"breadcrumb\":{\"@id\":\"https:\/\/rma.legal\/fr\/mobile-world-congress-2018-protective-letters-y-medidas-cautelares\/#breadcrumb\"},\"inLanguage\":\"fr-FR\",\"potentialAction\":[{\"@type\":\"ReadAction\",\"target\":[\"https:\/\/rma.legal\/fr\/mobile-world-congress-2018-protective-letters-y-medidas-cautelares\/\"]}]},{\"@type\":\"BreadcrumbList\",\"@id\":\"https:\/\/rma.legal\/fr\/mobile-world-congress-2018-protective-letters-y-medidas-cautelares\/#breadcrumb\",\"itemListElement\":[{\"@type\":\"ListItem\",\"position\":1,\"name\":\"Portada\",\"item\":\"https:\/\/rma.legal\/fr\/\"},{\"@type\":\"ListItem\",\"position\":2,\"name\":\"Mobile World Congress 2018. Protective letters y medidas cautelares\"}]},{\"@type\":\"WebSite\",\"@id\":\"https:\/\/rma.legal\/fr\/#website\",\"url\":\"https:\/\/rma.legal\/fr\/\",\"name\":\"Avocats du RMA\",\"description\":\"RMA Legal Abogados\",\"publisher\":{\"@id\":\"https:\/\/rma.legal\/fr\/#organization\"},\"potentialAction\":[{\"@type\":\"SearchAction\",\"target\":{\"@type\":\"EntryPoint\",\"urlTemplate\":\"https:\/\/rma.legal\/fr\/?s={search_term_string}\"},\"query-input\":{\"@type\":\"PropertyValueSpecification\",\"valueRequired\":true,\"valueName\":\"search_term_string\"}}],\"inLanguage\":\"fr-FR\"},{\"@type\":\"Organization\",\"@id\":\"https:\/\/rma.legal\/fr\/#organization\",\"name\":\"Avocats du RMA\",\"url\":\"https:\/\/rma.legal\/fr\/\",\"logo\":{\"@type\":\"ImageObject\",\"inLanguage\":\"fr-FR\",\"@id\":\"https:\/\/rma.legal\/fr\/#\/schema\/logo\/image\/\",\"url\":\"https:\/\/rma.legal\/wp-content\/uploads\/2025\/02\/Logo-rma-legal-invertido-footer-c-1.png\",\"contentUrl\":\"https:\/\/rma.legal\/wp-content\/uploads\/2025\/02\/Logo-rma-legal-invertido-footer-c-1.png\",\"width\":300,\"height\":125,\"caption\":\"Avocats du RMA\"},\"image\":{\"@id\":\"https:\/\/rma.legal\/fr\/#\/schema\/logo\/image\/\"}},{\"@type\":\"Person\",\"@id\":\"https:\/\/rma.legal\/fr\/#\/schema\/person\/ce35cb0535f72f8fe561ca18c346286e\",\"name\":\"RMA Legal\",\"image\":{\"@type\":\"ImageObject\",\"inLanguage\":\"fr-FR\",\"@id\":\"https:\/\/rma.legal\/fr\/#\/schema\/person\/image\/\",\"url\":\"https:\/\/secure.gravatar.com\/avatar\/1d9ebe28cd6c660ba581ebb27a0e41208369aa1d73a770a3dcb6624bbcc2c69e?s=96&d=mm&r=g\",\"contentUrl\":\"https:\/\/secure.gravatar.com\/avatar\/1d9ebe28cd6c660ba581ebb27a0e41208369aa1d73a770a3dcb6624bbcc2c69e?s=96&d=mm&r=g\",\"caption\":\"RMA Legal\"},\"url\":\"https:\/\/rma.legal\/fr\/author\/rm-abogados\/\"}]}<\/script>\n<!-- \/ Yoast SEO plugin. -->","yoast_head_json":{"title":"Mobile World Congress 2018. Protective letters y medidas cautelares - Avocats du RMA","robots":{"index":"index","follow":"follow","max-snippet":"max-snippet:-1","max-image-preview":"max-image-preview:large","max-video-preview":"max-video-preview:-1"},"canonical":"https:\/\/rma.legal\/fr\/mobile-world-congress-2018-protective-letters-y-medidas-cautelares\/","og_locale":"fr_FR","og_type":"article","og_title":"Mobile World Congress 2018. Protective letters y medidas cautelares - Avocats du RMA","og_description":"Del 28 de febrero al 1 de marzo 2018 se celebra en Barcelona la nueva edici\u00f3n del Mobile World Congress. Los Juzgados Mercantiles de la ciudad, por cuarto a\u00f1o consecutivo, anticip\u00e1ndose a la previsible entrada de asuntos relacionados con vulneraciones de derechos de propiedad industrial y especialmente patentes y dise\u00f1os, han dictado un Protocolo de [&hellip;]","og_url":"https:\/\/rma.legal\/fr\/mobile-world-congress-2018-protective-letters-y-medidas-cautelares\/","og_site_name":"Avocats du RMA","article_published_time":"2018-01-24T16:53:23+00:00","article_modified_time":"2025-04-15T09:05:20+00:00","author":"RMA Legal","twitter_card":"summary_large_image","twitter_misc":{"\u00c9crit par":"RMA Legal","Dur\u00e9e de lecture estim\u00e9e":"3 minutes"},"schema":{"@context":"https:\/\/schema.org","@graph":[{"@type":"Article","@id":"https:\/\/rma.legal\/fr\/mobile-world-congress-2018-protective-letters-y-medidas-cautelares\/#article","isPartOf":{"@id":"https:\/\/rma.legal\/fr\/mobile-world-congress-2018-protective-letters-y-medidas-cautelares\/"},"author":{"name":"RMA Legal","@id":"https:\/\/rma.legal\/fr\/#\/schema\/person\/ce35cb0535f72f8fe561ca18c346286e"},"headline":"Mobile World Congress 2018. Protective letters y medidas cautelares","datePublished":"2018-01-24T16:53:23+00:00","dateModified":"2025-04-15T09:05:20+00:00","mainEntityOfPage":{"@id":"https:\/\/rma.legal\/fr\/mobile-world-congress-2018-protective-letters-y-medidas-cautelares\/"},"wordCount":565,"publisher":{"@id":"https:\/\/rma.legal\/fr\/#organization"},"articleSection":["Sin categor\u00eda"],"inLanguage":"fr-FR"},{"@type":"WebPage","@id":"https:\/\/rma.legal\/fr\/mobile-world-congress-2018-protective-letters-y-medidas-cautelares\/","url":"https:\/\/rma.legal\/fr\/mobile-world-congress-2018-protective-letters-y-medidas-cautelares\/","name":"Mobile World Congress 2018. Protective letters y medidas cautelares - Avocats du RMA","isPartOf":{"@id":"https:\/\/rma.legal\/fr\/#website"},"datePublished":"2018-01-24T16:53:23+00:00","dateModified":"2025-04-15T09:05:20+00:00","breadcrumb":{"@id":"https:\/\/rma.legal\/fr\/mobile-world-congress-2018-protective-letters-y-medidas-cautelares\/#breadcrumb"},"inLanguage":"fr-FR","potentialAction":[{"@type":"ReadAction","target":["https:\/\/rma.legal\/fr\/mobile-world-congress-2018-protective-letters-y-medidas-cautelares\/"]}]},{"@type":"BreadcrumbList","@id":"https:\/\/rma.legal\/fr\/mobile-world-congress-2018-protective-letters-y-medidas-cautelares\/#breadcrumb","itemListElement":[{"@type":"ListItem","position":1,"name":"Portada","item":"https:\/\/rma.legal\/fr\/"},{"@type":"ListItem","position":2,"name":"Mobile World Congress 2018. Protective letters y medidas cautelares"}]},{"@type":"WebSite","@id":"https:\/\/rma.legal\/fr\/#website","url":"https:\/\/rma.legal\/fr\/","name":"Avocats du RMA","description":"RMA Legal Abogados","publisher":{"@id":"https:\/\/rma.legal\/fr\/#organization"},"potentialAction":[{"@type":"SearchAction","target":{"@type":"EntryPoint","urlTemplate":"https:\/\/rma.legal\/fr\/?s={search_term_string}"},"query-input":{"@type":"PropertyValueSpecification","valueRequired":true,"valueName":"search_term_string"}}],"inLanguage":"fr-FR"},{"@type":"Organization","@id":"https:\/\/rma.legal\/fr\/#organization","name":"Avocats du RMA","url":"https:\/\/rma.legal\/fr\/","logo":{"@type":"ImageObject","inLanguage":"fr-FR","@id":"https:\/\/rma.legal\/fr\/#\/schema\/logo\/image\/","url":"https:\/\/rma.legal\/wp-content\/uploads\/2025\/02\/Logo-rma-legal-invertido-footer-c-1.png","contentUrl":"https:\/\/rma.legal\/wp-content\/uploads\/2025\/02\/Logo-rma-legal-invertido-footer-c-1.png","width":300,"height":125,"caption":"Avocats du RMA"},"image":{"@id":"https:\/\/rma.legal\/fr\/#\/schema\/logo\/image\/"}},{"@type":"Person","@id":"https:\/\/rma.legal\/fr\/#\/schema\/person\/ce35cb0535f72f8fe561ca18c346286e","name":"RMA Legal","image":{"@type":"ImageObject","inLanguage":"fr-FR","@id":"https:\/\/rma.legal\/fr\/#\/schema\/person\/image\/","url":"https:\/\/secure.gravatar.com\/avatar\/1d9ebe28cd6c660ba581ebb27a0e41208369aa1d73a770a3dcb6624bbcc2c69e?s=96&d=mm&r=g","contentUrl":"https:\/\/secure.gravatar.com\/avatar\/1d9ebe28cd6c660ba581ebb27a0e41208369aa1d73a770a3dcb6624bbcc2c69e?s=96&d=mm&r=g","caption":"RMA Legal"},"url":"https:\/\/rma.legal\/fr\/author\/rm-abogados\/"}]}},"_links":{"self":[{"href":"https:\/\/rma.legal\/fr\/wp-json\/wp\/v2\/posts\/25114","targetHints":{"allow":["GET"]}}],"collection":[{"href":"https:\/\/rma.legal\/fr\/wp-json\/wp\/v2\/posts"}],"about":[{"href":"https:\/\/rma.legal\/fr\/wp-json\/wp\/v2\/types\/post"}],"author":[{"embeddable":true,"href":"https:\/\/rma.legal\/fr\/wp-json\/wp\/v2\/users\/5"}],"replies":[{"embeddable":true,"href":"https:\/\/rma.legal\/fr\/wp-json\/wp\/v2\/comments?post=25114"}],"version-history":[{"count":2,"href":"https:\/\/rma.legal\/fr\/wp-json\/wp\/v2\/posts\/25114\/revisions"}],"predecessor-version":[{"id":30328,"href":"https:\/\/rma.legal\/fr\/wp-json\/wp\/v2\/posts\/25114\/revisions\/30328"}],"wp:attachment":[{"href":"https:\/\/rma.legal\/fr\/wp-json\/wp\/v2\/media?parent=25114"}],"wp:term":[{"taxonomy":"category","embeddable":true,"href":"https:\/\/rma.legal\/fr\/wp-json\/wp\/v2\/categories?post=25114"},{"taxonomy":"post_tag","embeddable":true,"href":"https:\/\/rma.legal\/fr\/wp-json\/wp\/v2\/tags?post=25114"}],"curies":[{"name":"wp","href":"https:\/\/api.w.org\/{rel}","templated":true}]}}