{"id":24829,"date":"2017-03-27T08:47:14","date_gmt":"2017-03-27T08:47:14","guid":{"rendered":"http:\/\/www.romani-martinez.com\/?p=24829"},"modified":"2025-09-15T17:00:39","modified_gmt":"2025-09-15T17:00:39","slug":"romani-martinez-abogados-en-inta","status":"publish","type":"post","link":"https:\/\/rma.legal\/fr\/romani-martinez-abogados-en-inta\/","title":{"rendered":"Roman\u00ed Mart\u00ednez Abogados en INTA"},"content":{"rendered":"<p>We are pleased to announce that Roman\u00ed Mart\u00ednez Abogados will be attending INTA 139 th edition (International Trademark Association), that will take place in Barcelona 20-24 of May. See you there!<\/p>\n<p>Estamos encantados de anunciar que Roman\u00ed Mart\u00ednez Abogados asistir\u00e1 a la 139 edici\u00f3n de INTA (International Trademark Association), que se celebrar\u00e1 en Barcelona los d\u00edas 20 a 24 de mayo 2017. \u00a1Nos vemos!<\/p>\n<p>Nous sommes ravis d&rsquo;annoncer que Roman\u00ed Mart\u00ednez Abogados assistera \u00e0 la 139\u00e8me \u00e9dition de l&rsquo;INTA (Internationl Trademark Association), qui se d\u00e9roulera \u00e0 Barcelone du 20 au 24 mai. \u00c0 bient\u00f4t!<\/p>\n<p>Estem encantats d&rsquo;anunciar que Roman\u00ed Mart\u00ednez Abogados assistir\u00e0 \u00e0 la 139 edici\u00f3 de la INTA (International Trademark Association), que es desenvolupar\u00e0 a Barcelona del 20 al 24 de maig. Ens veiem!<\/p>\n<p>http:\/\/www.inta.org\/2016annual\/pages\/home.aspx<\/p>\n","protected":false},"excerpt":{"rendered":"<p>We are pleased to announce that Roman\u00ed Mart\u00ednez Abogados will be attending INTA 139 th edition (International Trademark Association), that will take place in Barcelona 20-24 of May. See you there! Estamos encantados de anunciar que Roman\u00ed Mart\u00ednez Abogados asistir\u00e1 a la 139 edici\u00f3n de INTA (International Trademark Association), que se celebrar\u00e1 en Barcelona los [&hellip;]<\/p>\n","protected":false},"author":5,"featured_media":0,"comment_status":"closed","ping_status":"open","sticky":false,"template":"","format":"standard","meta":{"footnotes":""},"categories":[103],"tags":[],"class_list":["post-24829","post","type-post","status-publish","format-standard","hentry","category-sin-categoria"],"yoast_head":"<!-- This site is optimized with the Yoast SEO plugin v25.9 - https:\/\/yoast.com\/wordpress\/plugins\/seo\/ -->\n<title>Roman\u00ed Mart\u00ednez Abogados en INTA - Avocats du RMA<\/title>\n<meta name=\"robots\" content=\"index, follow, max-snippet:-1, max-image-preview:large, max-video-preview:-1\" \/>\n<link rel=\"canonical\" href=\"https:\/\/rma.legal\/fr\/romani-martinez-abogados-en-inta\/\" \/>\n<meta property=\"og:locale\" content=\"fr_FR\" \/>\n<meta property=\"og:type\" content=\"article\" \/>\n<meta property=\"og:title\" content=\"Roman\u00ed Mart\u00ednez Abogados en INTA - Avocats du RMA\" \/>\n<meta property=\"og:description\" content=\"We are pleased to announce that Roman\u00ed Mart\u00ednez Abogados will be attending INTA 139 th edition (International Trademark Association), that will take place in Barcelona 20-24 of May. See you there! Estamos encantados de anunciar que Roman\u00ed Mart\u00ednez Abogados asistir\u00e1 a la 139 edici\u00f3n de INTA (International Trademark Association), que se celebrar\u00e1 en Barcelona los [&hellip;]\" \/>\n<meta property=\"og:url\" content=\"https:\/\/rma.legal\/fr\/romani-martinez-abogados-en-inta\/\" \/>\n<meta property=\"og:site_name\" content=\"Avocats du RMA\" \/>\n<meta property=\"article:published_time\" content=\"2017-03-27T08:47:14+00:00\" \/>\n<meta property=\"article:modified_time\" content=\"2025-09-15T17:00:39+00:00\" \/>\n<meta name=\"author\" content=\"RMA Legal\" \/>\n<meta name=\"twitter:card\" content=\"summary_large_image\" \/>\n<meta name=\"twitter:label1\" content=\"\u00c9crit par\" \/>\n\t<meta name=\"twitter:data1\" content=\"RMA Legal\" \/>\n<script type=\"application\/ld+json\" class=\"yoast-schema-graph\">{\"@context\":\"https:\/\/schema.org\",\"@graph\":[{\"@type\":\"Article\",\"@id\":\"https:\/\/rma.legal\/fr\/romani-martinez-abogados-en-inta\/#article\",\"isPartOf\":{\"@id\":\"https:\/\/rma.legal\/fr\/romani-martinez-abogados-en-inta\/\"},\"author\":{\"name\":\"RMA Legal\",\"@id\":\"https:\/\/rma.legal\/fr\/#\/schema\/person\/ce35cb0535f72f8fe561ca18c346286e\"},\"headline\":\"Roman\u00ed Mart\u00ednez Abogados en INTA\",\"datePublished\":\"2017-03-27T08:47:14+00:00\",\"dateModified\":\"2025-09-15T17:00:39+00:00\",\"mainEntityOfPage\":{\"@id\":\"https:\/\/rma.legal\/fr\/romani-martinez-abogados-en-inta\/\"},\"wordCount\":136,\"publisher\":{\"@id\":\"https:\/\/rma.legal\/fr\/#organization\"},\"articleSection\":[\"Sin categor\u00eda\"],\"inLanguage\":\"fr-FR\"},{\"@type\":\"WebPage\",\"@id\":\"https:\/\/rma.legal\/fr\/romani-martinez-abogados-en-inta\/\",\"url\":\"https:\/\/rma.legal\/fr\/romani-martinez-abogados-en-inta\/\",\"name\":\"Roman\u00ed Mart\u00ednez Abogados en INTA - Avocats du RMA\",\"isPartOf\":{\"@id\":\"https:\/\/rma.legal\/fr\/#website\"},\"datePublished\":\"2017-03-27T08:47:14+00:00\",\"dateModified\":\"2025-09-15T17:00:39+00:00\",\"breadcrumb\":{\"@id\":\"https:\/\/rma.legal\/fr\/romani-martinez-abogados-en-inta\/#breadcrumb\"},\"inLanguage\":\"fr-FR\",\"potentialAction\":[{\"@type\":\"ReadAction\",\"target\":[\"https:\/\/rma.legal\/fr\/romani-martinez-abogados-en-inta\/\"]}]},{\"@type\":\"BreadcrumbList\",\"@id\":\"https:\/\/rma.legal\/fr\/romani-martinez-abogados-en-inta\/#breadcrumb\",\"itemListElement\":[{\"@type\":\"ListItem\",\"position\":1,\"name\":\"Portada\",\"item\":\"https:\/\/rma.legal\/fr\/\"},{\"@type\":\"ListItem\",\"position\":2,\"name\":\"Roman\u00ed Mart\u00ednez Abogados en INTA\"}]},{\"@type\":\"WebSite\",\"@id\":\"https:\/\/rma.legal\/fr\/#website\",\"url\":\"https:\/\/rma.legal\/fr\/\",\"name\":\"Avocats du RMA\",\"description\":\"RMA Legal Abogados\",\"publisher\":{\"@id\":\"https:\/\/rma.legal\/fr\/#organization\"},\"potentialAction\":[{\"@type\":\"SearchAction\",\"target\":{\"@type\":\"EntryPoint\",\"urlTemplate\":\"https:\/\/rma.legal\/fr\/?s={search_term_string}\"},\"query-input\":{\"@type\":\"PropertyValueSpecification\",\"valueRequired\":true,\"valueName\":\"search_term_string\"}}],\"inLanguage\":\"fr-FR\"},{\"@type\":\"Organization\",\"@id\":\"https:\/\/rma.legal\/fr\/#organization\",\"name\":\"Avocats du RMA\",\"url\":\"https:\/\/rma.legal\/fr\/\",\"logo\":{\"@type\":\"ImageObject\",\"inLanguage\":\"fr-FR\",\"@id\":\"https:\/\/rma.legal\/fr\/#\/schema\/logo\/image\/\",\"url\":\"https:\/\/rma.legal\/wp-content\/uploads\/2025\/02\/Logo-rma-legal-invertido-footer-c-1.png\",\"contentUrl\":\"https:\/\/rma.legal\/wp-content\/uploads\/2025\/02\/Logo-rma-legal-invertido-footer-c-1.png\",\"width\":300,\"height\":125,\"caption\":\"Avocats du RMA\"},\"image\":{\"@id\":\"https:\/\/rma.legal\/fr\/#\/schema\/logo\/image\/\"}},{\"@type\":\"Person\",\"@id\":\"https:\/\/rma.legal\/fr\/#\/schema\/person\/ce35cb0535f72f8fe561ca18c346286e\",\"name\":\"RMA Legal\",\"image\":{\"@type\":\"ImageObject\",\"inLanguage\":\"fr-FR\",\"@id\":\"https:\/\/rma.legal\/fr\/#\/schema\/person\/image\/\",\"url\":\"https:\/\/secure.gravatar.com\/avatar\/1d9ebe28cd6c660ba581ebb27a0e41208369aa1d73a770a3dcb6624bbcc2c69e?s=96&d=mm&r=g\",\"contentUrl\":\"https:\/\/secure.gravatar.com\/avatar\/1d9ebe28cd6c660ba581ebb27a0e41208369aa1d73a770a3dcb6624bbcc2c69e?s=96&d=mm&r=g\",\"caption\":\"RMA Legal\"},\"url\":\"https:\/\/rma.legal\/fr\/author\/rm-abogados\/\"}]}<\/script>\n<!-- \/ Yoast SEO plugin. -->","yoast_head_json":{"title":"Roman\u00ed Mart\u00ednez Abogados en INTA - Avocats du RMA","robots":{"index":"index","follow":"follow","max-snippet":"max-snippet:-1","max-image-preview":"max-image-preview:large","max-video-preview":"max-video-preview:-1"},"canonical":"https:\/\/rma.legal\/fr\/romani-martinez-abogados-en-inta\/","og_locale":"fr_FR","og_type":"article","og_title":"Roman\u00ed Mart\u00ednez Abogados en INTA - Avocats du RMA","og_description":"We are pleased to announce that Roman\u00ed Mart\u00ednez Abogados will be attending INTA 139 th edition (International Trademark Association), that will take place in Barcelona 20-24 of May. See you there! Estamos encantados de anunciar que Roman\u00ed Mart\u00ednez Abogados asistir\u00e1 a la 139 edici\u00f3n de INTA (International Trademark Association), que se celebrar\u00e1 en Barcelona los [&hellip;]","og_url":"https:\/\/rma.legal\/fr\/romani-martinez-abogados-en-inta\/","og_site_name":"Avocats du RMA","article_published_time":"2017-03-27T08:47:14+00:00","article_modified_time":"2025-09-15T17:00:39+00:00","author":"RMA Legal","twitter_card":"summary_large_image","twitter_misc":{"\u00c9crit par":"RMA Legal"},"schema":{"@context":"https:\/\/schema.org","@graph":[{"@type":"Article","@id":"https:\/\/rma.legal\/fr\/romani-martinez-abogados-en-inta\/#article","isPartOf":{"@id":"https:\/\/rma.legal\/fr\/romani-martinez-abogados-en-inta\/"},"author":{"name":"RMA Legal","@id":"https:\/\/rma.legal\/fr\/#\/schema\/person\/ce35cb0535f72f8fe561ca18c346286e"},"headline":"Roman\u00ed Mart\u00ednez Abogados en INTA","datePublished":"2017-03-27T08:47:14+00:00","dateModified":"2025-09-15T17:00:39+00:00","mainEntityOfPage":{"@id":"https:\/\/rma.legal\/fr\/romani-martinez-abogados-en-inta\/"},"wordCount":136,"publisher":{"@id":"https:\/\/rma.legal\/fr\/#organization"},"articleSection":["Sin categor\u00eda"],"inLanguage":"fr-FR"},{"@type":"WebPage","@id":"https:\/\/rma.legal\/fr\/romani-martinez-abogados-en-inta\/","url":"https:\/\/rma.legal\/fr\/romani-martinez-abogados-en-inta\/","name":"Roman\u00ed Mart\u00ednez Abogados en INTA - Avocats du RMA","isPartOf":{"@id":"https:\/\/rma.legal\/fr\/#website"},"datePublished":"2017-03-27T08:47:14+00:00","dateModified":"2025-09-15T17:00:39+00:00","breadcrumb":{"@id":"https:\/\/rma.legal\/fr\/romani-martinez-abogados-en-inta\/#breadcrumb"},"inLanguage":"fr-FR","potentialAction":[{"@type":"ReadAction","target":["https:\/\/rma.legal\/fr\/romani-martinez-abogados-en-inta\/"]}]},{"@type":"BreadcrumbList","@id":"https:\/\/rma.legal\/fr\/romani-martinez-abogados-en-inta\/#breadcrumb","itemListElement":[{"@type":"ListItem","position":1,"name":"Portada","item":"https:\/\/rma.legal\/fr\/"},{"@type":"ListItem","position":2,"name":"Roman\u00ed Mart\u00ednez Abogados en INTA"}]},{"@type":"WebSite","@id":"https:\/\/rma.legal\/fr\/#website","url":"https:\/\/rma.legal\/fr\/","name":"Avocats du RMA","description":"RMA Legal Abogados","publisher":{"@id":"https:\/\/rma.legal\/fr\/#organization"},"potentialAction":[{"@type":"SearchAction","target":{"@type":"EntryPoint","urlTemplate":"https:\/\/rma.legal\/fr\/?s={search_term_string}"},"query-input":{"@type":"PropertyValueSpecification","valueRequired":true,"valueName":"search_term_string"}}],"inLanguage":"fr-FR"},{"@type":"Organization","@id":"https:\/\/rma.legal\/fr\/#organization","name":"Avocats du RMA","url":"https:\/\/rma.legal\/fr\/","logo":{"@type":"ImageObject","inLanguage":"fr-FR","@id":"https:\/\/rma.legal\/fr\/#\/schema\/logo\/image\/","url":"https:\/\/rma.legal\/wp-content\/uploads\/2025\/02\/Logo-rma-legal-invertido-footer-c-1.png","contentUrl":"https:\/\/rma.legal\/wp-content\/uploads\/2025\/02\/Logo-rma-legal-invertido-footer-c-1.png","width":300,"height":125,"caption":"Avocats du RMA"},"image":{"@id":"https:\/\/rma.legal\/fr\/#\/schema\/logo\/image\/"}},{"@type":"Person","@id":"https:\/\/rma.legal\/fr\/#\/schema\/person\/ce35cb0535f72f8fe561ca18c346286e","name":"RMA Legal","image":{"@type":"ImageObject","inLanguage":"fr-FR","@id":"https:\/\/rma.legal\/fr\/#\/schema\/person\/image\/","url":"https:\/\/secure.gravatar.com\/avatar\/1d9ebe28cd6c660ba581ebb27a0e41208369aa1d73a770a3dcb6624bbcc2c69e?s=96&d=mm&r=g","contentUrl":"https:\/\/secure.gravatar.com\/avatar\/1d9ebe28cd6c660ba581ebb27a0e41208369aa1d73a770a3dcb6624bbcc2c69e?s=96&d=mm&r=g","caption":"RMA Legal"},"url":"https:\/\/rma.legal\/fr\/author\/rm-abogados\/"}]}},"_links":{"self":[{"href":"https:\/\/rma.legal\/fr\/wp-json\/wp\/v2\/posts\/24829","targetHints":{"allow":["GET"]}}],"collection":[{"href":"https:\/\/rma.legal\/fr\/wp-json\/wp\/v2\/posts"}],"about":[{"href":"https:\/\/rma.legal\/fr\/wp-json\/wp\/v2\/types\/post"}],"author":[{"embeddable":true,"href":"https:\/\/rma.legal\/fr\/wp-json\/wp\/v2\/users\/5"}],"replies":[{"embeddable":true,"href":"https:\/\/rma.legal\/fr\/wp-json\/wp\/v2\/comments?post=24829"}],"version-history":[{"count":2,"href":"https:\/\/rma.legal\/fr\/wp-json\/wp\/v2\/posts\/24829\/revisions"}],"predecessor-version":[{"id":32090,"href":"https:\/\/rma.legal\/fr\/wp-json\/wp\/v2\/posts\/24829\/revisions\/32090"}],"wp:attachment":[{"href":"https:\/\/rma.legal\/fr\/wp-json\/wp\/v2\/media?parent=24829"}],"wp:term":[{"taxonomy":"category","embeddable":true,"href":"https:\/\/rma.legal\/fr\/wp-json\/wp\/v2\/categories?post=24829"},{"taxonomy":"post_tag","embeddable":true,"href":"https:\/\/rma.legal\/fr\/wp-json\/wp\/v2\/tags?post=24829"}],"curies":[{"name":"wp","href":"https:\/\/api.w.org\/{rel}","templated":true}]}}