{"id":27094,"date":"2024-01-31T08:22:50","date_gmt":"2024-01-31T08:22:50","guid":{"rendered":"http:\/\/rma.legal\/?p=27094"},"modified":"2025-09-15T15:45:34","modified_gmt":"2025-09-15T15:45:34","slug":"usar-una-marca-ajena-cuando-es-licito-y-cuando-no-depende","status":"publish","type":"post","link":"https:\/\/rma.legal\/en\/usar-una-marca-ajena-cuando-es-licito-y-cuando-no-depende\/","title":{"rendered":"Usar una marca ajena. \u00bfCu\u00e1ndo es l\u00edcito y cu\u00e1ndo no? Depende&#8230;"},"content":{"rendered":"<p><img fetchpriority=\"high\" decoding=\"async\" class=\"alignnone size-medium wp-image-32023 aligncenter\" src=\"https:\/\/rma.legal\/wp-content\/uploads\/2024\/01\/rma-logo-hexagono-300x174.png\" alt=\"RMA Legal logo\" width=\"300\" height=\"174\" srcset=\"https:\/\/rma.legal\/wp-content\/uploads\/2024\/01\/rma-logo-hexagono-300x174.png 300w, https:\/\/rma.legal\/wp-content\/uploads\/2024\/01\/rma-logo-hexagono.png 440w\" sizes=\"(max-width: 300px) 100vw, 300px\" \/><\/p>\n<p>Una consulta recurrente, la de nuestro t\u00edtulo.<\/p>\n<p>Hace poco hemos conocido la <a href=\"https:\/\/curia.europa.eu\/juris\/document\/document.jsf?text=&amp;docid=281145&amp;pageIndex=0&amp;doclang=ES&amp;mode=req&amp;dir=&amp;occ=first&amp;part=1&amp;cid=1312811\" target=\"_blank\" rel=\"noopener\">sentencia del Tribunal de Justicia de la UE<\/a> resolviendo una cuesti\u00f3n prejudicial planteada por el Tribunal Supremo espa\u00f1ol en torno al <em>uso referencial de marca ajen<\/em>a.<\/p>\n<p>Se plante\u00f3 a ra\u00edz de una demanda presentada en 2010 por INDITEX, por infracci\u00f3n de su <strong>marca renombrada ZARA<\/strong>, contra la firma Buongiorno MyAlert, que prestaba servicios de informaci\u00f3n a trav\u00e9s de Internet y de telefon\u00eda m\u00f3vil. Esta compa\u00f1\u00eda ofrec\u00eda un sorteo para nuevos suscriptores con un premio en met\u00e1lico, anunciando que pod\u00edan gastarse en una tarjeta regalo de Zara, marca \u00e9sta que se reproduc\u00eda en web tanto en versi\u00f3n denominativa como formando parte de una supuesta tarjeta regalo. En definitiva, un uso como reclamo.<\/p>\n<p>INDITEX ha visto hasta la fecha desestimadas sus pretensiones en todas las instancias (principalmente por considerarse que no se ha infringido su marca renombrada) en un procedimiento complejo (cuyo an\u00e1lisis merecer\u00eda un post propio) donde la \u00faltima palabra la tendr\u00e1 ahora el Tribunal Supremo. La demandada siempre sostuvo, adem\u00e1s de la inexistencia de infracci\u00f3n, que hac\u00eda un uso referencial necesario de la marca Zara que no pod\u00eda impedirse (seg\u00fan art.37 Ley de Marcas, \u201climitaciones al derecho de marcas\u201d), lo que fue rechazado en primera instancia y no volvi\u00f3 a tratarse en las instancias superiores.<\/p>\n<p><strong>Y el caso podr\u00eda acabar dando un vuelco<\/strong>, a pesar de la complejidad t\u00e9cnica que presenta la tramitaci\u00f3n de una casaci\u00f3n (en este caso, planteada \u00fanicamente en torno al concepto de \u201cmarca renombrada\u201d del art. 34.2.c) LM), y que se acabe concluyendo que Buongiorno no pod\u00eda utilizar la marca Zara en ese contexto de reclamo para la captaci\u00f3n de nuevos suscriptores, por considerarse un uso no justificado e infractor de la marca de moda gallega<a href=\"#_ftn1\" name=\"_ftnref1\">[1]<\/a>.<\/p>\n<p>El caso Zara ha avivado el <strong>debate en torno al uso referencial de una marca ajena<\/strong> y si es posible o no, o en qu\u00e9 circunstancias, usarla de manera leg\u00edtima.<\/p>\n<p><strong>Este es el pretexto de nuestro post<\/strong>, si bien nos centraremos \u00fanicamente en el contexto de la Ley de marcas, siendo conscientes de que existen muchos otros \u00e1mbitos en que este debate se puede plantear (Google ads, publicidad comparativa, product placement en el audiovisual, la parodia, etc), que no descartamos abordar en otro estudio.<\/p>\n<ul>\n<li><span style=\"color: #a42400;\"><strong>Derecho de exclusiva. Usos infractores\u00a0<\/strong><\/span><\/li>\n<\/ul>\n<p>Como es sabido, <strong>el registro de una marca confiere un<\/strong> <strong>derecho exclusivo<\/strong>, otorgando a su titular la facultad de impedir a un tercero que use un signo id\u00e9ntico o similar para productos o servicios id\u00e9nticos o similares propios cuando se genere confusi\u00f3n en el mercado.<\/p>\n<p>Ser\u00eda esta la infracci\u00f3n marcaria t\u00edpica.<\/p>\n<p>Especial relevancia tiene pues el <strong>principio de especialidad<\/strong>, esto es, el derecho se proyecta sobre los concretos productos\/servicios para los que la marca est\u00e1 registrada.<\/p>\n<p>Si la marca en cuesti\u00f3n, adem\u00e1s, <strong>es renombrada<\/strong>, <strong>puede entonces superarse el principio de especialidad<\/strong> y su titular impedir a terceros su uso incluso cuando es para productos o servicios muy distintos, siempre que con el uso del signo realizado sin justa causa, \u201c<em>se obtenga una ventaja desleal del car\u00e1cter distintivo o del renombre de la marca o dicho uso sea perjudicial para dicho car\u00e1cter distintivo o dicho renombre\u201d<\/em><\/p>\n<p><strong>Pero este derecho de exclusiva no es absoluto<\/strong>. Existen determinados supuestos en que el titular no puede impedir determinados usos de su marca por parte de tercero.<\/p>\n<p>\u00bfCu\u00e1les son?<\/p>\n<ul>\n<li><span style=\"color: #a42400;\"><strong>Limitaciones al derecho de marcas. Usos l\u00edcitos<\/strong><\/span><\/li>\n<\/ul>\n<p>En la <a href=\"https:\/\/www.boe.es\/buscar\/act.php?id=BOE-A-2001-23093\" target=\"_blank\" rel=\"noopener\">Ley de Marcas<\/a> espa\u00f1ola (en id\u00e9ntico sentido, el <a href=\"https:\/\/eur-lex.europa.eu\/legal-content\/ES\/TXT\/HTML\/?uri=CELEX:32017R1001\" target=\"_blank\" rel=\"noopener\">Reglamento de la marca de la UE<\/a>) se prev\u00e9n <strong>3 supuestos de usos<\/strong> que podr\u00edan considerarse leg\u00edtimos y que el titular de la marca no podr\u00eda impedir (art. 37 LM).<\/p>\n<p><span style=\"color: #000000;\"><strong><em>a) El uso por parte de una persona f\u00edsica de su nombre y direcci\u00f3n <\/em><\/strong><\/span><\/p>\n<p>Por ejemplo, si un tercero tuviera la marca registrada MART\u00cdNEZ para servicios jur\u00eddicos, no podr\u00eda a priori impedir que la autora de este post usara su nombre y apellido en el ejercicio de su actividad profesional para identificar su persona, mientras se haga, como despu\u00e9s veremos, de forma leal.<\/p>\n<p><em>b) El uso <strong>de signos o indicaciones carentes de car\u00e1cter distintivo o relativos a la especie, a la calidad, a la cantidad, al destino, al valor, a la procedencia geogr\u00e1fica, a la \u00e9poca de producci\u00f3n del producto o de la prestaci\u00f3n del servicio o a otras caracter\u00edsticas del producto o servicio.<\/strong><\/em><\/p>\n<p>Se permitir\u00eda as\u00ed usar un signo coincidente con una marca ajena cuando se hace no como marca sino como <strong>una indicaci\u00f3n descriptiva de alguna caracter\u00edstica del producto propio. <\/strong>Esto se da habitualmente respecto de marcas que, si bien han sido concedidas, tienen un componente descriptivo bastante fuerte, y con ello un derecho de exclusiva m\u00e1s limitado.<\/p>\n<p>Por ejemplo (inventado), el titular de una marca \u201cfresh\u201d para calzado no podr\u00eda a priori impedir que un competidor usara la expresi\u00f3n \u201cfresh\u201d en la publicidad de sus zapatos de marca X para indicar que son frescos, o la sensaci\u00f3n de llevarlos. No se est\u00e1 utilizando propiamente la marca ajena sino un signo descriptivo de una caracter\u00edstica del producto, coincidente con una marca ajena.<\/p>\n<p><strong>c) <em>De la marca, a efectos de designar productos o servicios como correspondientes al titular de esa marca o de hacer referencia a los mismos, en particular cuando el uso de esa marca sea necesario para indicar el destino de un producto o de un servicio, en particular como accesorios o piezas de recambio.<\/em><\/strong><\/p>\n<p>Este apartado se estar\u00eda refiriendo <strong>a los usos referenciales de marcas ajenas<\/strong>, que en determinadas circunstancias tambi\u00e9n estar\u00edan permitidos.<\/p>\n<p>Y todo ello, acaba el art\u00edculo, siempre que cualquiera de esos usos <strong>sean conformes a las pr\u00e1cticas leales en materia industrial y comercial<\/strong>, recordando la jurisprudencia comunitaria<a href=\"#_ftn2\" name=\"_ftnref2\">[2]<\/a> que no lo ser\u00e1n cuando, por ejemplo:<\/p>\n<p><em>\u2013 puede inducir a pensar que existe un v\u00ednculo comercial entre el tercero y el titular de la marca;<\/em><\/p>\n<p><em>\u2013 afecta al valor de la marca al obtener indebidamente una ventaja de su car\u00e1cter distintivo o de su reputaci\u00f3n;<\/em><\/p>\n<p><em>\u2013 desacredita o denigra dicha marca,<\/em><\/p>\n<p><em>\u2013 el tercero presenta su producto como imitaci\u00f3n o r\u00e9plica del producto que lleva la marca ajena.<\/em><\/p>\n<p>No basta pues que concurran cualquiera de los presupuestos de los apartados a, b o c del art. 37 LM sino que en \u00faltima instancia <strong>deber\u00e1 ser un uso leal<\/strong>,\u00a0 a valorar en cada caso, seg\u00fan las circunstancias.<\/p>\n<p><strong>Por tanto limitaciones s\u00ed, pero en supuestos concretos y con la lealtad como bandera.<\/strong><\/p>\n<ul>\n<li><span style=\"color: #a42400;\"><strong>El uso referencial de marca ajena. Evoluci\u00f3n normativa y debate ante el TJUE.<\/strong><\/span><\/li>\n<\/ul>\n<p>Nos centramos ahora en el tercer supuesto, (aptdo c) art. 37 LM), que debe entenderse precisamente como eso, por una cita o referencia expl\u00edcita a una marca ajena, no para distinguir servicios y productos propios sino, a lo sumo, en su promoci\u00f3n u ofrecimiento.<\/p>\n<p>Para ser gr\u00e1ficos, es el caso del uso de la marca ZARA para referirse al bono regalo como reclamo para nuevos suscriptores que\u00a0motiva el presente post.<\/p>\n<p>Esta limitaci\u00f3n con el redactado actual del art. 37.1.c) LM (trasposici\u00f3n del art. 6.1.c) de la Directiva 2008\/95\/CE) entr\u00f3 en vigor el 14\/1\/19 (tras la trasposici\u00f3n de la nueva <a href=\"https:\/\/eur-lex.europa.eu\/legal-content\/ES\/TXT\/HTML\/?uri=CELEX:32015L2436\" target=\"_blank\" rel=\"noopener\">Directiva 2015\/2436<\/a> y en particular su art. 14.1c). Para m\u00e1s facilidad, insertamos el texto anterior y, de nuevo, el actual:<\/p>\n<p><em>\u201cUna marca no permitir\u00e1 a su titular prohibir a un tercero hacer uso en el tr\u00e1fico econ\u00f3mico:<\/em><\/p>\n<ol>\n<li><em>De la marca, <strong><u>a efectos de designar productos o servicios como correspondientes al titular de esa marca o de hacer referencia a los mismos, en particular<\/u><\/strong> cuando el uso de esa marca sea necesario para indicar el destino de un producto o de un servicio, en particular como accesorios o piezas de recambio.<\/em><\/li>\n<\/ol>\n<p>[Texto actual]<\/p>\n<ol>\n<li><em>De la marca, cuando sea necesaria para indicar el destino de un producto o de un servicio, en particular como accesorios o recambios<\/em><\/li>\n<\/ol>\n<p>[Texto anterior]<\/p>\n<p>La novedad es pues el a\u00f1adido subrayado que parece que abre el abanico de posibilidades en que se puede hacer un uso referencial de marca ajena<a href=\"#_ftn3\" name=\"_ftnref3\">[3]<\/a>.<\/p>\n<p>La limitaci\u00f3n referida a las piezas de recambio, en los que el uso de la marca ajena debe presentarse como necesario o justificado para indicar el destino del producto o servicio, que permitir\u00eda por ejemplo al fabricante de una impresora indicar en su publicidad que es compatible\u00a0con cartuchos de la marca X, no ofrece muchas dudas en su interpretaci\u00f3n.<\/p>\n<p>Pero la cuesti\u00f3n que plante\u00f3 el Tribunal Supremo en el caso Zara, donde la demandada aleg\u00f3 que hac\u00eda un uso referencial de la marca Zara l\u00edcito, es: el art. 37 LM (o mejor, la Directiva que lo inspira) \u00bfse ha modificado y actualmente es m\u00e1s permisivo, previendo nuevos usos l\u00edcitos? O no ha habido una modificaci\u00f3n sustancial y ya estaba contemplado antes?<\/p>\n<p>Pues bien, en resumen, el TJUE, ha considerado que el redactado anterior del art. 6.1.c) de la Directiva 2008\/95\/CE <strong>\u201c<\/strong>se refiere a un uso de la marca en el tr\u00e1fico econ\u00f3mico por un tercero, conforme a las pr\u00e1cticas leales en materia industrial o comercial, a efectos de designar productos o servicios como correspondientes al titular de esa marca o de hacer referencia a los mismos<strong> solamente <em>cuando tal uso de la marca sea necesario para indicar el destino de un producto comercializado o un servicio ofrecido por ese tercero\u201d<\/em><\/strong><\/p>\n<p>Por ello, debemos concluir que antes era m\u00e1s restrictivo, y m\u00e1s favorable al titular de la marca, que actualmente.<\/p>\n<p>Y esto puede acabar favoreciendo a Inditex pues a los hechos que se enjuician en el procedimiento de referencia les es de aplicaci\u00f3n aquel primer redactado, y como el propio Supremo manifest\u00f3 expresamente <a href=\"https:\/\/www.poderjudicial.es\/search\/AN\/openDocument\/e3c0fa8d326de4a4\/20220520\" target=\"_blank\" rel=\"noopener\">al plantear la cuesti\u00f3n prejudicial<\/a>, la conducta realizada por Buongiorno \u201c<em>podr\u00eda encajar mejor en la dicci\u00f3n actual<\/em>\u201d del precepto, esto es, que en el momento de los hechos, y con la ley aplicable entonces, su actuaci\u00f3n podr\u00eda no ser admisible. Pero para llegar ah\u00ed, se deber\u00e1n superar\u00a0varios pasos en el recurso de casaci\u00f3n\u2026<\/p>\n<p>Estaremos pendientes de la resoluci\u00f3n final, pues el Tribunal Supremo tiene la \u00faltima palabra.<\/p>\n<p>Pero a los efectos de este post, la realidad es que el actual art. 37.1.c) LM deja a priori abierta la posibilidad de usar referencialmente una marca ajena de forma l\u00edcita en m\u00e1s supuestos que antes, siempre y cuando, recordemos, resulte ser leal.<\/p>\n<ul>\n<li><span style=\"color: #a42400;\"><strong>Conclusi\u00f3n<\/strong><\/span><\/li>\n<\/ul>\n<p>En definitiva, no todo uso de marca ajena es ilegal, hay margen para la utilizaci\u00f3n leg\u00edtima, pero habr\u00e1 que atender al caso concreto y ver de qu\u00e9 forma la marca en cualquiera de sus funciones (distintiva, publicitaria, condensadora de renombre) puede resultar o no perjudicada y si ese uso es o no leal.<\/p>\n<p><span style=\"color: #000000;\">Rosa Mart\u00ednez Brines, enero 2024<\/span><\/p>\n<p><strong><span style=\"color: #a42400;\">www.rma.legal<\/span><\/strong><\/p>\n<p>&#8212;-<\/p>\n<p><a href=\"#_ftnref1\" name=\"_ftn1\">[1]<\/a> La cuesti\u00f3n prejudicial se ha planteado, en palabras del Tribunal Supremo, \u201c<em>para el caso en que, como consecuencia de prosperar el motivo de casaci\u00f3n, basado en la infracci\u00f3n del art. 34.2.c) LM, hubiera que entrar a revisar si concurr\u00eda el l\u00edmite a los efectos de la marca previsto en el art. 37.c) LM\u201d.<\/em><\/p>\n<p><a href=\"#_ftnref2\" name=\"_ftn2\">[2]<\/a> (STJUE de 7.1.2004 (C-100\/02 y 16.11.2004, C-245\/02) y STJUE 17\/3\/2005 caso Gillette (C-228\/03, EU:C:2005:177)<\/p>\n<p><a href=\"#_ftnref3\" name=\"_ftn3\">[3]<\/a> Viene al caso recordar el Considerando 27 de la Directiva 2015\/2436 referido precisamente a las limitaciones del derecho de marcas, que recuerda que \u201c<em>Los derechos exclusivos no deben facultar a su titular para prohibir el uso por terceros de signos o indicaciones usados lealmente\u201d y adem\u00e1s \u201cel titular no debe poder impedir el uso leal y honesto de la marca <strong>al objeto de designar productos o servicios, o referirse a ellos, como suyos.\u201c<\/strong><\/em><\/p>\n","protected":false},"excerpt":{"rendered":"<p>Parece que el fallo del TJUE sobre el caso Zara puede tener un impacto importante en la interpretaci\u00f3n del uso referencial de marcas ajenas. \u00bfTe interesa analizar c\u00f3mo esta decisi\u00f3n podr\u00eda afectar futuras estrategias de branding o litigios sobre marcas?<\/p>\n","protected":false},"author":7,"featured_media":32023,"comment_status":"closed","ping_status":"closed","sticky":false,"template":"","format":"standard","meta":{"footnotes":""},"categories":[103],"tags":[178,301,39,40,76,482,486,490],"class_list":["post-27094","post","type-post","status-publish","format-standard","has-post-thumbnail","hentry","category-sin-categoria","tag-cuestion-prejudicial","tag-limitaciones-al-derecho-de-marcas","tag-marca-renombrada-ca","tag-marcas-ca","tag-tjue","tag-tribunal-supremo","tag-uso-descriptivo-de-marca","tag-uso-referencial-de-marca-ajena"],"yoast_head":"<!-- This site is optimized with the Yoast SEO plugin v25.9 - https:\/\/yoast.com\/wordpress\/plugins\/seo\/ -->\n<title>Usar una marca ajena. \u00bfCu\u00e1ndo es l\u00edcito y cu\u00e1ndo no? Depende... - RMA Attorneys at Law<\/title>\n<meta name=\"robots\" content=\"index, follow, max-snippet:-1, max-image-preview:large, max-video-preview:-1\" \/>\n<link rel=\"canonical\" href=\"https:\/\/rma.legal\/en\/usar-una-marca-ajena-cuando-es-licito-y-cuando-no-depende\/\" \/>\n<meta property=\"og:locale\" content=\"en_US\" \/>\n<meta property=\"og:type\" content=\"article\" \/>\n<meta property=\"og:title\" content=\"Usar una marca ajena. \u00bfCu\u00e1ndo es l\u00edcito y cu\u00e1ndo no? Depende... - RMA Attorneys at Law\" \/>\n<meta property=\"og:description\" content=\"Parece que el fallo del TJUE sobre el caso Zara puede tener un impacto importante en la interpretaci\u00f3n del uso referencial de marcas ajenas. \u00bfTe interesa analizar c\u00f3mo esta decisi\u00f3n podr\u00eda afectar futuras estrategias de branding o litigios sobre marcas?\" \/>\n<meta property=\"og:url\" content=\"https:\/\/rma.legal\/en\/usar-una-marca-ajena-cuando-es-licito-y-cuando-no-depende\/\" \/>\n<meta property=\"og:site_name\" content=\"RMA Attorneys at Law\" \/>\n<meta property=\"article:published_time\" content=\"2024-01-31T08:22:50+00:00\" \/>\n<meta property=\"article:modified_time\" content=\"2025-09-15T15:45:34+00:00\" \/>\n<meta property=\"og:image\" content=\"https:\/\/rma.legal\/wp-content\/uploads\/2024\/01\/rma-logo-hexagono.png\" \/>\n\t<meta property=\"og:image:width\" content=\"440\" \/>\n\t<meta property=\"og:image:height\" content=\"255\" \/>\n\t<meta property=\"og:image:type\" content=\"image\/png\" \/>\n<meta name=\"author\" content=\"Rosa Martinez Brines\" \/>\n<meta name=\"twitter:card\" content=\"summary_large_image\" \/>\n<meta name=\"twitter:label1\" content=\"Written by\" \/>\n\t<meta name=\"twitter:data1\" content=\"Rosa Martinez Brines\" \/>\n\t<meta name=\"twitter:label2\" content=\"Est. reading time\" \/>\n\t<meta name=\"twitter:data2\" content=\"10 minutes\" \/>\n<script type=\"application\/ld+json\" class=\"yoast-schema-graph\">{\"@context\":\"https:\/\/schema.org\",\"@graph\":[{\"@type\":\"Article\",\"@id\":\"https:\/\/rma.legal\/en\/usar-una-marca-ajena-cuando-es-licito-y-cuando-no-depende\/#article\",\"isPartOf\":{\"@id\":\"https:\/\/rma.legal\/en\/usar-una-marca-ajena-cuando-es-licito-y-cuando-no-depende\/\"},\"author\":{\"name\":\"Rosa Martinez Brines\",\"@id\":\"https:\/\/rma.legal\/en\/#\/schema\/person\/a4e1a584fe52b11a745060a7e9555336\"},\"headline\":\"Usar una marca ajena. \u00bfCu\u00e1ndo es l\u00edcito y cu\u00e1ndo no? Depende&#8230;\",\"datePublished\":\"2024-01-31T08:22:50+00:00\",\"dateModified\":\"2025-09-15T15:45:34+00:00\",\"mainEntityOfPage\":{\"@id\":\"https:\/\/rma.legal\/en\/usar-una-marca-ajena-cuando-es-licito-y-cuando-no-depende\/\"},\"wordCount\":2012,\"publisher\":{\"@id\":\"https:\/\/rma.legal\/en\/#organization\"},\"image\":{\"@id\":\"https:\/\/rma.legal\/en\/usar-una-marca-ajena-cuando-es-licito-y-cuando-no-depende\/#primaryimage\"},\"thumbnailUrl\":\"https:\/\/rma.legal\/wp-content\/uploads\/2024\/01\/rma-logo-hexagono.png\",\"keywords\":[\"cuesti\u00f3n prejudicial\",\"limitaciones al derecho de marcas\",\"marca renombrada\",\"marcas\",\"tjue\",\"tribunal supremo\",\"uso descriptivo de marca\",\"uso referencial de marca ajena\"],\"articleSection\":[\"Sin categor\u00eda\"],\"inLanguage\":\"en-US\"},{\"@type\":\"WebPage\",\"@id\":\"https:\/\/rma.legal\/en\/usar-una-marca-ajena-cuando-es-licito-y-cuando-no-depende\/\",\"url\":\"https:\/\/rma.legal\/en\/usar-una-marca-ajena-cuando-es-licito-y-cuando-no-depende\/\",\"name\":\"Usar una marca ajena. \u00bfCu\u00e1ndo es l\u00edcito y cu\u00e1ndo no? Depende... - RMA Attorneys at Law\",\"isPartOf\":{\"@id\":\"https:\/\/rma.legal\/en\/#website\"},\"primaryImageOfPage\":{\"@id\":\"https:\/\/rma.legal\/en\/usar-una-marca-ajena-cuando-es-licito-y-cuando-no-depende\/#primaryimage\"},\"image\":{\"@id\":\"https:\/\/rma.legal\/en\/usar-una-marca-ajena-cuando-es-licito-y-cuando-no-depende\/#primaryimage\"},\"thumbnailUrl\":\"https:\/\/rma.legal\/wp-content\/uploads\/2024\/01\/rma-logo-hexagono.png\",\"datePublished\":\"2024-01-31T08:22:50+00:00\",\"dateModified\":\"2025-09-15T15:45:34+00:00\",\"breadcrumb\":{\"@id\":\"https:\/\/rma.legal\/en\/usar-una-marca-ajena-cuando-es-licito-y-cuando-no-depende\/#breadcrumb\"},\"inLanguage\":\"en-US\",\"potentialAction\":[{\"@type\":\"ReadAction\",\"target\":[\"https:\/\/rma.legal\/en\/usar-una-marca-ajena-cuando-es-licito-y-cuando-no-depende\/\"]}]},{\"@type\":\"ImageObject\",\"inLanguage\":\"en-US\",\"@id\":\"https:\/\/rma.legal\/en\/usar-una-marca-ajena-cuando-es-licito-y-cuando-no-depende\/#primaryimage\",\"url\":\"https:\/\/rma.legal\/wp-content\/uploads\/2024\/01\/rma-logo-hexagono.png\",\"contentUrl\":\"https:\/\/rma.legal\/wp-content\/uploads\/2024\/01\/rma-logo-hexagono.png\",\"width\":440,\"height\":255,\"caption\":\"Usar una marca ajena. \u00bfCu\u00e1ndo es l\u00edcito y cu\u00e1ndo no? Depende...\"},{\"@type\":\"BreadcrumbList\",\"@id\":\"https:\/\/rma.legal\/en\/usar-una-marca-ajena-cuando-es-licito-y-cuando-no-depende\/#breadcrumb\",\"itemListElement\":[{\"@type\":\"ListItem\",\"position\":1,\"name\":\"Portada\",\"item\":\"https:\/\/rma.legal\/en\/\"},{\"@type\":\"ListItem\",\"position\":2,\"name\":\"Usar una marca ajena. \u00bfCu\u00e1ndo es l\u00edcito y cu\u00e1ndo no? Depende&#8230;\"}]},{\"@type\":\"WebSite\",\"@id\":\"https:\/\/rma.legal\/en\/#website\",\"url\":\"https:\/\/rma.legal\/en\/\",\"name\":\"RMA Attorneys at Law\",\"description\":\"RMA Legal Attorneys\",\"publisher\":{\"@id\":\"https:\/\/rma.legal\/en\/#organization\"},\"potentialAction\":[{\"@type\":\"SearchAction\",\"target\":{\"@type\":\"EntryPoint\",\"urlTemplate\":\"https:\/\/rma.legal\/en\/?s={search_term_string}\"},\"query-input\":{\"@type\":\"PropertyValueSpecification\",\"valueRequired\":true,\"valueName\":\"search_term_string\"}}],\"inLanguage\":\"en-US\"},{\"@type\":\"Organization\",\"@id\":\"https:\/\/rma.legal\/en\/#organization\",\"name\":\"RMA Attorneys at Law\",\"url\":\"https:\/\/rma.legal\/en\/\",\"logo\":{\"@type\":\"ImageObject\",\"inLanguage\":\"en-US\",\"@id\":\"https:\/\/rma.legal\/en\/#\/schema\/logo\/image\/\",\"url\":\"https:\/\/rma.legal\/wp-content\/uploads\/2025\/02\/Logo-rma-legal-invertido-footer-c-1.png\",\"contentUrl\":\"https:\/\/rma.legal\/wp-content\/uploads\/2025\/02\/Logo-rma-legal-invertido-footer-c-1.png\",\"width\":300,\"height\":125,\"caption\":\"RMA Attorneys at Law\"},\"image\":{\"@id\":\"https:\/\/rma.legal\/en\/#\/schema\/logo\/image\/\"}},{\"@type\":\"Person\",\"@id\":\"https:\/\/rma.legal\/en\/#\/schema\/person\/a4e1a584fe52b11a745060a7e9555336\",\"name\":\"Rosa Martinez Brines\",\"image\":{\"@type\":\"ImageObject\",\"inLanguage\":\"en-US\",\"@id\":\"https:\/\/rma.legal\/en\/#\/schema\/person\/image\/\",\"url\":\"https:\/\/secure.gravatar.com\/avatar\/49ea18deea83f04a80464587e6edea1a4988c405631c31d3a76b657cc4da1334?s=96&d=mm&r=g\",\"contentUrl\":\"https:\/\/secure.gravatar.com\/avatar\/49ea18deea83f04a80464587e6edea1a4988c405631c31d3a76b657cc4da1334?s=96&d=mm&r=g\",\"caption\":\"Rosa Martinez Brines\"},\"url\":\"https:\/\/rma.legal\/en\/author\/rosa-martinez-brines\/\"}]}<\/script>\n<!-- \/ Yoast SEO plugin. -->","yoast_head_json":{"title":"Usar una marca ajena. \u00bfCu\u00e1ndo es l\u00edcito y cu\u00e1ndo no? Depende... - RMA Attorneys at Law","robots":{"index":"index","follow":"follow","max-snippet":"max-snippet:-1","max-image-preview":"max-image-preview:large","max-video-preview":"max-video-preview:-1"},"canonical":"https:\/\/rma.legal\/en\/usar-una-marca-ajena-cuando-es-licito-y-cuando-no-depende\/","og_locale":"en_US","og_type":"article","og_title":"Usar una marca ajena. \u00bfCu\u00e1ndo es l\u00edcito y cu\u00e1ndo no? Depende... - RMA Attorneys at Law","og_description":"Parece que el fallo del TJUE sobre el caso Zara puede tener un impacto importante en la interpretaci\u00f3n del uso referencial de marcas ajenas. \u00bfTe interesa analizar c\u00f3mo esta decisi\u00f3n podr\u00eda afectar futuras estrategias de branding o litigios sobre marcas?","og_url":"https:\/\/rma.legal\/en\/usar-una-marca-ajena-cuando-es-licito-y-cuando-no-depende\/","og_site_name":"RMA Attorneys at Law","article_published_time":"2024-01-31T08:22:50+00:00","article_modified_time":"2025-09-15T15:45:34+00:00","og_image":[{"width":440,"height":255,"url":"https:\/\/rma.legal\/wp-content\/uploads\/2024\/01\/rma-logo-hexagono.png","type":"image\/png"}],"author":"Rosa Martinez Brines","twitter_card":"summary_large_image","twitter_misc":{"Written by":"Rosa Martinez Brines","Est. reading time":"10 minutes"},"schema":{"@context":"https:\/\/schema.org","@graph":[{"@type":"Article","@id":"https:\/\/rma.legal\/en\/usar-una-marca-ajena-cuando-es-licito-y-cuando-no-depende\/#article","isPartOf":{"@id":"https:\/\/rma.legal\/en\/usar-una-marca-ajena-cuando-es-licito-y-cuando-no-depende\/"},"author":{"name":"Rosa Martinez Brines","@id":"https:\/\/rma.legal\/en\/#\/schema\/person\/a4e1a584fe52b11a745060a7e9555336"},"headline":"Usar una marca ajena. \u00bfCu\u00e1ndo es l\u00edcito y cu\u00e1ndo no? Depende&#8230;","datePublished":"2024-01-31T08:22:50+00:00","dateModified":"2025-09-15T15:45:34+00:00","mainEntityOfPage":{"@id":"https:\/\/rma.legal\/en\/usar-una-marca-ajena-cuando-es-licito-y-cuando-no-depende\/"},"wordCount":2012,"publisher":{"@id":"https:\/\/rma.legal\/en\/#organization"},"image":{"@id":"https:\/\/rma.legal\/en\/usar-una-marca-ajena-cuando-es-licito-y-cuando-no-depende\/#primaryimage"},"thumbnailUrl":"https:\/\/rma.legal\/wp-content\/uploads\/2024\/01\/rma-logo-hexagono.png","keywords":["cuesti\u00f3n prejudicial","limitaciones al derecho de marcas","marca renombrada","marcas","tjue","tribunal supremo","uso descriptivo de marca","uso referencial de marca ajena"],"articleSection":["Sin categor\u00eda"],"inLanguage":"en-US"},{"@type":"WebPage","@id":"https:\/\/rma.legal\/en\/usar-una-marca-ajena-cuando-es-licito-y-cuando-no-depende\/","url":"https:\/\/rma.legal\/en\/usar-una-marca-ajena-cuando-es-licito-y-cuando-no-depende\/","name":"Usar una marca ajena. \u00bfCu\u00e1ndo es l\u00edcito y cu\u00e1ndo no? Depende... - RMA Attorneys at Law","isPartOf":{"@id":"https:\/\/rma.legal\/en\/#website"},"primaryImageOfPage":{"@id":"https:\/\/rma.legal\/en\/usar-una-marca-ajena-cuando-es-licito-y-cuando-no-depende\/#primaryimage"},"image":{"@id":"https:\/\/rma.legal\/en\/usar-una-marca-ajena-cuando-es-licito-y-cuando-no-depende\/#primaryimage"},"thumbnailUrl":"https:\/\/rma.legal\/wp-content\/uploads\/2024\/01\/rma-logo-hexagono.png","datePublished":"2024-01-31T08:22:50+00:00","dateModified":"2025-09-15T15:45:34+00:00","breadcrumb":{"@id":"https:\/\/rma.legal\/en\/usar-una-marca-ajena-cuando-es-licito-y-cuando-no-depende\/#breadcrumb"},"inLanguage":"en-US","potentialAction":[{"@type":"ReadAction","target":["https:\/\/rma.legal\/en\/usar-una-marca-ajena-cuando-es-licito-y-cuando-no-depende\/"]}]},{"@type":"ImageObject","inLanguage":"en-US","@id":"https:\/\/rma.legal\/en\/usar-una-marca-ajena-cuando-es-licito-y-cuando-no-depende\/#primaryimage","url":"https:\/\/rma.legal\/wp-content\/uploads\/2024\/01\/rma-logo-hexagono.png","contentUrl":"https:\/\/rma.legal\/wp-content\/uploads\/2024\/01\/rma-logo-hexagono.png","width":440,"height":255,"caption":"Usar una marca ajena. \u00bfCu\u00e1ndo es l\u00edcito y cu\u00e1ndo no? Depende..."},{"@type":"BreadcrumbList","@id":"https:\/\/rma.legal\/en\/usar-una-marca-ajena-cuando-es-licito-y-cuando-no-depende\/#breadcrumb","itemListElement":[{"@type":"ListItem","position":1,"name":"Portada","item":"https:\/\/rma.legal\/en\/"},{"@type":"ListItem","position":2,"name":"Usar una marca ajena. \u00bfCu\u00e1ndo es l\u00edcito y cu\u00e1ndo no? Depende&#8230;"}]},{"@type":"WebSite","@id":"https:\/\/rma.legal\/en\/#website","url":"https:\/\/rma.legal\/en\/","name":"RMA Attorneys at Law","description":"RMA Legal Attorneys","publisher":{"@id":"https:\/\/rma.legal\/en\/#organization"},"potentialAction":[{"@type":"SearchAction","target":{"@type":"EntryPoint","urlTemplate":"https:\/\/rma.legal\/en\/?s={search_term_string}"},"query-input":{"@type":"PropertyValueSpecification","valueRequired":true,"valueName":"search_term_string"}}],"inLanguage":"en-US"},{"@type":"Organization","@id":"https:\/\/rma.legal\/en\/#organization","name":"RMA Attorneys at Law","url":"https:\/\/rma.legal\/en\/","logo":{"@type":"ImageObject","inLanguage":"en-US","@id":"https:\/\/rma.legal\/en\/#\/schema\/logo\/image\/","url":"https:\/\/rma.legal\/wp-content\/uploads\/2025\/02\/Logo-rma-legal-invertido-footer-c-1.png","contentUrl":"https:\/\/rma.legal\/wp-content\/uploads\/2025\/02\/Logo-rma-legal-invertido-footer-c-1.png","width":300,"height":125,"caption":"RMA Attorneys at Law"},"image":{"@id":"https:\/\/rma.legal\/en\/#\/schema\/logo\/image\/"}},{"@type":"Person","@id":"https:\/\/rma.legal\/en\/#\/schema\/person\/a4e1a584fe52b11a745060a7e9555336","name":"Rosa Martinez Brines","image":{"@type":"ImageObject","inLanguage":"en-US","@id":"https:\/\/rma.legal\/en\/#\/schema\/person\/image\/","url":"https:\/\/secure.gravatar.com\/avatar\/49ea18deea83f04a80464587e6edea1a4988c405631c31d3a76b657cc4da1334?s=96&d=mm&r=g","contentUrl":"https:\/\/secure.gravatar.com\/avatar\/49ea18deea83f04a80464587e6edea1a4988c405631c31d3a76b657cc4da1334?s=96&d=mm&r=g","caption":"Rosa Martinez Brines"},"url":"https:\/\/rma.legal\/en\/author\/rosa-martinez-brines\/"}]}},"_links":{"self":[{"href":"https:\/\/rma.legal\/en\/wp-json\/wp\/v2\/posts\/27094","targetHints":{"allow":["GET"]}}],"collection":[{"href":"https:\/\/rma.legal\/en\/wp-json\/wp\/v2\/posts"}],"about":[{"href":"https:\/\/rma.legal\/en\/wp-json\/wp\/v2\/types\/post"}],"author":[{"embeddable":true,"href":"https:\/\/rma.legal\/en\/wp-json\/wp\/v2\/users\/7"}],"replies":[{"embeddable":true,"href":"https:\/\/rma.legal\/en\/wp-json\/wp\/v2\/comments?post=27094"}],"version-history":[{"count":5,"href":"https:\/\/rma.legal\/en\/wp-json\/wp\/v2\/posts\/27094\/revisions"}],"predecessor-version":[{"id":32027,"href":"https:\/\/rma.legal\/en\/wp-json\/wp\/v2\/posts\/27094\/revisions\/32027"}],"wp:featuredmedia":[{"embeddable":true,"href":"https:\/\/rma.legal\/en\/wp-json\/wp\/v2\/media\/32023"}],"wp:attachment":[{"href":"https:\/\/rma.legal\/en\/wp-json\/wp\/v2\/media?parent=27094"}],"wp:term":[{"taxonomy":"category","embeddable":true,"href":"https:\/\/rma.legal\/en\/wp-json\/wp\/v2\/categories?post=27094"},{"taxonomy":"post_tag","embeddable":true,"href":"https:\/\/rma.legal\/en\/wp-json\/wp\/v2\/tags?post=27094"}],"curies":[{"name":"wp","href":"https:\/\/api.w.org\/{rel}","templated":true}]}}