{"id":27017,"date":"2023-05-09T10:42:23","date_gmt":"2023-05-09T10:42:23","guid":{"rendered":"http:\/\/rma.legal\/?p=27017"},"modified":"2025-09-15T16:00:49","modified_gmt":"2025-09-15T16:00:49","slug":"las-pymes-frente-a-la-patente-unitaria-debo-preocuparme","status":"publish","type":"post","link":"https:\/\/rma.legal\/en\/las-pymes-frente-a-la-patente-unitaria-debo-preocuparme\/","title":{"rendered":"Las pymes frente a la patente unitaria: \u00bfDebo preocuparme?"},"content":{"rendered":"<p><img fetchpriority=\"high\" decoding=\"async\" class=\"alignnone size-medium wp-image-32023 aligncenter\" src=\"https:\/\/rma.legal\/wp-content\/uploads\/2024\/01\/rma-logo-hexagono-300x174.png\" alt=\"RMA Legal logo\" width=\"300\" height=\"174\" srcset=\"https:\/\/rma.legal\/wp-content\/uploads\/2024\/01\/rma-logo-hexagono-300x174.png 300w, https:\/\/rma.legal\/wp-content\/uploads\/2024\/01\/rma-logo-hexagono.png 440w\" sizes=\"(max-width: 300px) 100vw, 300px\" \/><\/p>\n<p><span style=\"color: initial; font-size: revert;\">En alguna ocasi\u00f3n nos hemos referido a las dificultades que, en materia de patentes, puede comportar la defensa de tales derechos frente a infracciones que ocurran en diferentes Estados por el hecho de tener que acudir a distintas jurisdicciones incluso cuando el infractor es el mismo.<\/span><\/p>\n<p>Pues bien, esto muy pronto va a cambiar con la entrada en vigor el pr\u00f3ximo 1 de junio de la llamada <strong>Patente Unitaria<\/strong> (o patente con efecto unitario) y la puesta en marcha del sistema jurisdiccional de dicha patente unitaria (Tribunal de Patente Unitaria).<\/p>\n<p>Se trata de un proyecto legislativo que ha venido cocin\u00e1ndose \u201ca fuego lento\u201d con diferente alcance y ambici\u00f3n a nivel europeo desde hace m\u00e1s de 30 a\u00f1os y que sin duda va a implicar un cambio radical en el \u00e1mbito de protecci\u00f3n y defensa de las patentes que se concedan por la Oficina Europea de Patentes.<\/p>\n<p>Aunque nuestro pa\u00eds no forma parte del mencionado sistema de patente unitaria, <strong>nuestras empresas, especialmente las PYMES, se ver\u00e1n implicadas si act\u00faan en el mercado de aquellos Estados que s\u00ed est\u00e1n en dicho sistema<\/strong>: pueden incurrir en la infracci\u00f3n de una patente de un tercero y tener que verse obligadas a litigar ante el mencionado Tribunal de Patente Unitaria y en una lengua distinta a la que le es propia, debiendo hacer frente a importantes costes, bien sea por indemnizaciones de da\u00f1os y perjuicios y condena en costas, pero tambi\u00e9n por honorarios de los profesionales que le asistan y defiendan, pues entre otras cosas los Abogados espa\u00f1oles no podremos intervenir en tales procesos.<\/p>\n<p>Adem\u00e1s <strong>el Tribunal de Patente Unitaria va a acabar conociendo de las acciones de infracci\u00f3n y\/o nulidad de las Patentes Europeas \u201ccl\u00e1sicas\u201d de nuestras PYMES<\/strong>, salvo que opten por, valga la redundancia, <strong>el \u201copt-out<\/strong>\u201d (o solicitar excluir sus patentes de la jurisdicci\u00f3n del nuevo Tribunal) , de forma que las mismas sigan sujetas al actual sistema de las validaciones nacionales y deber de acudir pa\u00eds por pa\u00eds tanto para los supuestos de infracci\u00f3n como de nulidad.<\/p>\n<p>Esto supone que n<strong>uestras PYMES deber\u00e1n analizar su cartera de patentes europeas<\/strong> y decidir en cada caso la estrategia que mejor pueda convenirles, por ejemplo, en funci\u00f3n de los mercados relevantes, de los pa\u00edses en que se dispone de protecci\u00f3n o d\u00f3nde radiquen sus principales competidores, as\u00ed como atendiendo a la importancia del invento y su fortaleza o dificultad previsible de que se anule.<\/p>\n<p>Para evitar sorpresas desagradables y en caso de querer decantarse por el \u201copt-out\u201d, d<strong>eber\u00e1n ejercitar su derecho con la m\u00e1xima celeridad posible y antes del 1 de junio<\/strong>, al objeto de no verse sorprendidos por una actuaci\u00f3n previa de alg\u00fan competidor que pueda instar bien una acci\u00f3n de nulidad o una acci\u00f3n de no infracci\u00f3n ante el Tribunal de Patente Unitaria que corresponda y elija. Conviene pues que se aprovechen del mencionado periodo de gracia o \u201csunrise period\u201d; y ello aun cuando se dispone de un plazo de 7 a\u00f1os en que ser\u00e1 posible ejercitar dicho \u201copt-out\u201d, que adem\u00e1s es susceptible de prorrogarse por un nuevo periodo de 7 a\u00f1os m\u00e1s.<\/p>\n<p>En cualquier caso, nos atrevemos a vaticinar que, salvo honrosas excepciones muy claras y concretas, en la mayor\u00eda de los casos de nuestras PYMES lo aconsejable ser\u00e1 acudir al \u201copt-out\u201d, por lo que resulta aconsejable evaluarlo con la m\u00e1xima celeridad.<\/p>\n<p>En definitiva y volviendo a la pregunta con la que ilustramos esta entrada, sin duda, debemos preocuparnos, o mejor, ocuparnos y acudir a los profesionales en la materia para poder tomar las decisiones m\u00e1s convenientes en cada caso, ya que es evidente que la Patente Unitaria ha venido para quedarse y es mejor convertirla en una \u00fatil herramienta en nuestra estrategia.<\/p>\n<p>Antoni Roman\u00ed, mayo 2023<\/p>\n<p><span style=\"color: #a42400;\"><strong>www.rma.legal<\/strong><\/span><\/p>\n","protected":false},"excerpt":{"rendered":"<p>En alguna ocasi\u00f3n nos hemos referido a las dificultades que, en materia de patentes, puede comportar la defensa de tales derechos frente a infracciones que ocurran en diferentes Estados por el hecho de tener que acudir a distintas jurisdicciones incluso cuando el infractor es el mismo. Pues bien, esto muy pronto va a cambiar con [&hellip;]<\/p>\n","protected":false},"author":3,"featured_media":32023,"comment_status":"closed","ping_status":"closed","sticky":false,"template":"","format":"standard","meta":{"footnotes":""},"categories":[103],"tags":[367,369,377,55,379,61,422,480],"class_list":["post-27017","post","type-post","status-publish","format-standard","has-post-thumbnail","hentry","category-sin-categoria","tag-oficina-europea-de-patentes","tag-opt-out","tag-patente-unitaria","tag-patentes-ca","tag-patentes-europeas","tag-propiedad-industrial-ca","tag-pymes","tag-tribunal-de-patente-unitaria"],"yoast_head":"<!-- This site is optimized with the Yoast SEO plugin v25.9 - https:\/\/yoast.com\/wordpress\/plugins\/seo\/ -->\n<title>Las pymes frente a la patente unitaria: \u00bfDebo preocuparme? - RMA Attorneys at Law<\/title>\n<meta name=\"robots\" content=\"index, follow, max-snippet:-1, max-image-preview:large, max-video-preview:-1\" \/>\n<link rel=\"canonical\" href=\"https:\/\/rma.legal\/en\/las-pymes-frente-a-la-patente-unitaria-debo-preocuparme\/\" \/>\n<meta property=\"og:locale\" content=\"en_US\" \/>\n<meta property=\"og:type\" content=\"article\" \/>\n<meta property=\"og:title\" content=\"Las pymes frente a la patente unitaria: \u00bfDebo preocuparme? - RMA Attorneys at Law\" \/>\n<meta property=\"og:description\" content=\"En alguna ocasi\u00f3n nos hemos referido a las dificultades que, en materia de patentes, puede comportar la defensa de tales derechos frente a infracciones que ocurran en diferentes Estados por el hecho de tener que acudir a distintas jurisdicciones incluso cuando el infractor es el mismo. Pues bien, esto muy pronto va a cambiar con [&hellip;]\" \/>\n<meta property=\"og:url\" content=\"https:\/\/rma.legal\/en\/las-pymes-frente-a-la-patente-unitaria-debo-preocuparme\/\" \/>\n<meta property=\"og:site_name\" content=\"RMA Attorneys at Law\" \/>\n<meta property=\"article:published_time\" content=\"2023-05-09T10:42:23+00:00\" \/>\n<meta property=\"article:modified_time\" content=\"2025-09-15T16:00:49+00:00\" \/>\n<meta property=\"og:image\" content=\"https:\/\/rma.legal\/wp-content\/uploads\/2024\/01\/rma-logo-hexagono.png\" \/>\n\t<meta property=\"og:image:width\" content=\"440\" \/>\n\t<meta property=\"og:image:height\" content=\"255\" \/>\n\t<meta property=\"og:image:type\" content=\"image\/png\" \/>\n<meta name=\"author\" content=\"Anton\u00ed Roman\u00ed\" \/>\n<meta name=\"twitter:card\" content=\"summary_large_image\" \/>\n<meta name=\"twitter:label1\" content=\"Written by\" \/>\n\t<meta name=\"twitter:data1\" content=\"Anton\u00ed Roman\u00ed\" \/>\n\t<meta name=\"twitter:label2\" content=\"Est. reading time\" \/>\n\t<meta name=\"twitter:data2\" content=\"4 minutes\" \/>\n<script type=\"application\/ld+json\" class=\"yoast-schema-graph\">{\"@context\":\"https:\/\/schema.org\",\"@graph\":[{\"@type\":\"Article\",\"@id\":\"https:\/\/rma.legal\/en\/las-pymes-frente-a-la-patente-unitaria-debo-preocuparme\/#article\",\"isPartOf\":{\"@id\":\"https:\/\/rma.legal\/en\/las-pymes-frente-a-la-patente-unitaria-debo-preocuparme\/\"},\"author\":{\"name\":\"Anton\u00ed Roman\u00ed\",\"@id\":\"https:\/\/rma.legal\/en\/#\/schema\/person\/b63c3bc485a4ceb80b0f23d3247c6ac3\"},\"headline\":\"Las pymes frente a la patente unitaria: \u00bfDebo preocuparme?\",\"datePublished\":\"2023-05-09T10:42:23+00:00\",\"dateModified\":\"2025-09-15T16:00:49+00:00\",\"mainEntityOfPage\":{\"@id\":\"https:\/\/rma.legal\/en\/las-pymes-frente-a-la-patente-unitaria-debo-preocuparme\/\"},\"wordCount\":662,\"publisher\":{\"@id\":\"https:\/\/rma.legal\/en\/#organization\"},\"image\":{\"@id\":\"https:\/\/rma.legal\/en\/las-pymes-frente-a-la-patente-unitaria-debo-preocuparme\/#primaryimage\"},\"thumbnailUrl\":\"https:\/\/rma.legal\/wp-content\/uploads\/2024\/01\/rma-logo-hexagono.png\",\"keywords\":[\"oficina europea de patentes\",\"opt-out\",\"patente unitaria\",\"patentes\",\"patentes europeas\",\"propiedad industrial\",\"pymes\",\"tribunal de patente unitaria\"],\"articleSection\":[\"Sin categor\u00eda\"],\"inLanguage\":\"en-US\"},{\"@type\":\"WebPage\",\"@id\":\"https:\/\/rma.legal\/en\/las-pymes-frente-a-la-patente-unitaria-debo-preocuparme\/\",\"url\":\"https:\/\/rma.legal\/en\/las-pymes-frente-a-la-patente-unitaria-debo-preocuparme\/\",\"name\":\"Las pymes frente a la patente unitaria: \u00bfDebo preocuparme? - RMA Attorneys at Law\",\"isPartOf\":{\"@id\":\"https:\/\/rma.legal\/en\/#website\"},\"primaryImageOfPage\":{\"@id\":\"https:\/\/rma.legal\/en\/las-pymes-frente-a-la-patente-unitaria-debo-preocuparme\/#primaryimage\"},\"image\":{\"@id\":\"https:\/\/rma.legal\/en\/las-pymes-frente-a-la-patente-unitaria-debo-preocuparme\/#primaryimage\"},\"thumbnailUrl\":\"https:\/\/rma.legal\/wp-content\/uploads\/2024\/01\/rma-logo-hexagono.png\",\"datePublished\":\"2023-05-09T10:42:23+00:00\",\"dateModified\":\"2025-09-15T16:00:49+00:00\",\"breadcrumb\":{\"@id\":\"https:\/\/rma.legal\/en\/las-pymes-frente-a-la-patente-unitaria-debo-preocuparme\/#breadcrumb\"},\"inLanguage\":\"en-US\",\"potentialAction\":[{\"@type\":\"ReadAction\",\"target\":[\"https:\/\/rma.legal\/en\/las-pymes-frente-a-la-patente-unitaria-debo-preocuparme\/\"]}]},{\"@type\":\"ImageObject\",\"inLanguage\":\"en-US\",\"@id\":\"https:\/\/rma.legal\/en\/las-pymes-frente-a-la-patente-unitaria-debo-preocuparme\/#primaryimage\",\"url\":\"https:\/\/rma.legal\/wp-content\/uploads\/2024\/01\/rma-logo-hexagono.png\",\"contentUrl\":\"https:\/\/rma.legal\/wp-content\/uploads\/2024\/01\/rma-logo-hexagono.png\",\"width\":440,\"height\":255,\"caption\":\"Usar una marca ajena. \u00bfCu\u00e1ndo es l\u00edcito y cu\u00e1ndo no? Depende...\"},{\"@type\":\"BreadcrumbList\",\"@id\":\"https:\/\/rma.legal\/en\/las-pymes-frente-a-la-patente-unitaria-debo-preocuparme\/#breadcrumb\",\"itemListElement\":[{\"@type\":\"ListItem\",\"position\":1,\"name\":\"Portada\",\"item\":\"https:\/\/rma.legal\/en\/\"},{\"@type\":\"ListItem\",\"position\":2,\"name\":\"Las pymes frente a la patente unitaria: \u00bfDebo preocuparme?\"}]},{\"@type\":\"WebSite\",\"@id\":\"https:\/\/rma.legal\/en\/#website\",\"url\":\"https:\/\/rma.legal\/en\/\",\"name\":\"RMA Attorneys at Law\",\"description\":\"RMA Legal Attorneys\",\"publisher\":{\"@id\":\"https:\/\/rma.legal\/en\/#organization\"},\"potentialAction\":[{\"@type\":\"SearchAction\",\"target\":{\"@type\":\"EntryPoint\",\"urlTemplate\":\"https:\/\/rma.legal\/en\/?s={search_term_string}\"},\"query-input\":{\"@type\":\"PropertyValueSpecification\",\"valueRequired\":true,\"valueName\":\"search_term_string\"}}],\"inLanguage\":\"en-US\"},{\"@type\":\"Organization\",\"@id\":\"https:\/\/rma.legal\/en\/#organization\",\"name\":\"RMA Attorneys at Law\",\"url\":\"https:\/\/rma.legal\/en\/\",\"logo\":{\"@type\":\"ImageObject\",\"inLanguage\":\"en-US\",\"@id\":\"https:\/\/rma.legal\/en\/#\/schema\/logo\/image\/\",\"url\":\"https:\/\/rma.legal\/wp-content\/uploads\/2025\/02\/Logo-rma-legal-invertido-footer-c-1.png\",\"contentUrl\":\"https:\/\/rma.legal\/wp-content\/uploads\/2025\/02\/Logo-rma-legal-invertido-footer-c-1.png\",\"width\":300,\"height\":125,\"caption\":\"RMA Attorneys at Law\"},\"image\":{\"@id\":\"https:\/\/rma.legal\/en\/#\/schema\/logo\/image\/\"}},{\"@type\":\"Person\",\"@id\":\"https:\/\/rma.legal\/en\/#\/schema\/person\/b63c3bc485a4ceb80b0f23d3247c6ac3\",\"name\":\"Anton\u00ed Roman\u00ed\",\"image\":{\"@type\":\"ImageObject\",\"inLanguage\":\"en-US\",\"@id\":\"https:\/\/rma.legal\/en\/#\/schema\/person\/image\/\",\"url\":\"https:\/\/secure.gravatar.com\/avatar\/f934a14d345552e589afbf4971cccbf6e435fea0dbed264e7156edbc39bd634b?s=96&d=mm&r=g\",\"contentUrl\":\"https:\/\/secure.gravatar.com\/avatar\/f934a14d345552e589afbf4971cccbf6e435fea0dbed264e7156edbc39bd634b?s=96&d=mm&r=g\",\"caption\":\"Anton\u00ed Roman\u00ed\"},\"url\":\"https:\/\/rma.legal\/en\/author\/romani-martinez\/\"}]}<\/script>\n<!-- \/ Yoast SEO plugin. -->","yoast_head_json":{"title":"Las pymes frente a la patente unitaria: \u00bfDebo preocuparme? - RMA Attorneys at Law","robots":{"index":"index","follow":"follow","max-snippet":"max-snippet:-1","max-image-preview":"max-image-preview:large","max-video-preview":"max-video-preview:-1"},"canonical":"https:\/\/rma.legal\/en\/las-pymes-frente-a-la-patente-unitaria-debo-preocuparme\/","og_locale":"en_US","og_type":"article","og_title":"Las pymes frente a la patente unitaria: \u00bfDebo preocuparme? - RMA Attorneys at Law","og_description":"En alguna ocasi\u00f3n nos hemos referido a las dificultades que, en materia de patentes, puede comportar la defensa de tales derechos frente a infracciones que ocurran en diferentes Estados por el hecho de tener que acudir a distintas jurisdicciones incluso cuando el infractor es el mismo. Pues bien, esto muy pronto va a cambiar con [&hellip;]","og_url":"https:\/\/rma.legal\/en\/las-pymes-frente-a-la-patente-unitaria-debo-preocuparme\/","og_site_name":"RMA Attorneys at Law","article_published_time":"2023-05-09T10:42:23+00:00","article_modified_time":"2025-09-15T16:00:49+00:00","og_image":[{"width":440,"height":255,"url":"https:\/\/rma.legal\/wp-content\/uploads\/2024\/01\/rma-logo-hexagono.png","type":"image\/png"}],"author":"Anton\u00ed Roman\u00ed","twitter_card":"summary_large_image","twitter_misc":{"Written by":"Anton\u00ed Roman\u00ed","Est. reading time":"4 minutes"},"schema":{"@context":"https:\/\/schema.org","@graph":[{"@type":"Article","@id":"https:\/\/rma.legal\/en\/las-pymes-frente-a-la-patente-unitaria-debo-preocuparme\/#article","isPartOf":{"@id":"https:\/\/rma.legal\/en\/las-pymes-frente-a-la-patente-unitaria-debo-preocuparme\/"},"author":{"name":"Anton\u00ed Roman\u00ed","@id":"https:\/\/rma.legal\/en\/#\/schema\/person\/b63c3bc485a4ceb80b0f23d3247c6ac3"},"headline":"Las pymes frente a la patente unitaria: \u00bfDebo preocuparme?","datePublished":"2023-05-09T10:42:23+00:00","dateModified":"2025-09-15T16:00:49+00:00","mainEntityOfPage":{"@id":"https:\/\/rma.legal\/en\/las-pymes-frente-a-la-patente-unitaria-debo-preocuparme\/"},"wordCount":662,"publisher":{"@id":"https:\/\/rma.legal\/en\/#organization"},"image":{"@id":"https:\/\/rma.legal\/en\/las-pymes-frente-a-la-patente-unitaria-debo-preocuparme\/#primaryimage"},"thumbnailUrl":"https:\/\/rma.legal\/wp-content\/uploads\/2024\/01\/rma-logo-hexagono.png","keywords":["oficina europea de patentes","opt-out","patente unitaria","patentes","patentes europeas","propiedad industrial","pymes","tribunal de patente unitaria"],"articleSection":["Sin categor\u00eda"],"inLanguage":"en-US"},{"@type":"WebPage","@id":"https:\/\/rma.legal\/en\/las-pymes-frente-a-la-patente-unitaria-debo-preocuparme\/","url":"https:\/\/rma.legal\/en\/las-pymes-frente-a-la-patente-unitaria-debo-preocuparme\/","name":"Las pymes frente a la patente unitaria: \u00bfDebo preocuparme? - RMA Attorneys at Law","isPartOf":{"@id":"https:\/\/rma.legal\/en\/#website"},"primaryImageOfPage":{"@id":"https:\/\/rma.legal\/en\/las-pymes-frente-a-la-patente-unitaria-debo-preocuparme\/#primaryimage"},"image":{"@id":"https:\/\/rma.legal\/en\/las-pymes-frente-a-la-patente-unitaria-debo-preocuparme\/#primaryimage"},"thumbnailUrl":"https:\/\/rma.legal\/wp-content\/uploads\/2024\/01\/rma-logo-hexagono.png","datePublished":"2023-05-09T10:42:23+00:00","dateModified":"2025-09-15T16:00:49+00:00","breadcrumb":{"@id":"https:\/\/rma.legal\/en\/las-pymes-frente-a-la-patente-unitaria-debo-preocuparme\/#breadcrumb"},"inLanguage":"en-US","potentialAction":[{"@type":"ReadAction","target":["https:\/\/rma.legal\/en\/las-pymes-frente-a-la-patente-unitaria-debo-preocuparme\/"]}]},{"@type":"ImageObject","inLanguage":"en-US","@id":"https:\/\/rma.legal\/en\/las-pymes-frente-a-la-patente-unitaria-debo-preocuparme\/#primaryimage","url":"https:\/\/rma.legal\/wp-content\/uploads\/2024\/01\/rma-logo-hexagono.png","contentUrl":"https:\/\/rma.legal\/wp-content\/uploads\/2024\/01\/rma-logo-hexagono.png","width":440,"height":255,"caption":"Usar una marca ajena. \u00bfCu\u00e1ndo es l\u00edcito y cu\u00e1ndo no? Depende..."},{"@type":"BreadcrumbList","@id":"https:\/\/rma.legal\/en\/las-pymes-frente-a-la-patente-unitaria-debo-preocuparme\/#breadcrumb","itemListElement":[{"@type":"ListItem","position":1,"name":"Portada","item":"https:\/\/rma.legal\/en\/"},{"@type":"ListItem","position":2,"name":"Las pymes frente a la patente unitaria: \u00bfDebo preocuparme?"}]},{"@type":"WebSite","@id":"https:\/\/rma.legal\/en\/#website","url":"https:\/\/rma.legal\/en\/","name":"RMA Attorneys at Law","description":"RMA Legal Attorneys","publisher":{"@id":"https:\/\/rma.legal\/en\/#organization"},"potentialAction":[{"@type":"SearchAction","target":{"@type":"EntryPoint","urlTemplate":"https:\/\/rma.legal\/en\/?s={search_term_string}"},"query-input":{"@type":"PropertyValueSpecification","valueRequired":true,"valueName":"search_term_string"}}],"inLanguage":"en-US"},{"@type":"Organization","@id":"https:\/\/rma.legal\/en\/#organization","name":"RMA Attorneys at Law","url":"https:\/\/rma.legal\/en\/","logo":{"@type":"ImageObject","inLanguage":"en-US","@id":"https:\/\/rma.legal\/en\/#\/schema\/logo\/image\/","url":"https:\/\/rma.legal\/wp-content\/uploads\/2025\/02\/Logo-rma-legal-invertido-footer-c-1.png","contentUrl":"https:\/\/rma.legal\/wp-content\/uploads\/2025\/02\/Logo-rma-legal-invertido-footer-c-1.png","width":300,"height":125,"caption":"RMA Attorneys at Law"},"image":{"@id":"https:\/\/rma.legal\/en\/#\/schema\/logo\/image\/"}},{"@type":"Person","@id":"https:\/\/rma.legal\/en\/#\/schema\/person\/b63c3bc485a4ceb80b0f23d3247c6ac3","name":"Anton\u00ed Roman\u00ed","image":{"@type":"ImageObject","inLanguage":"en-US","@id":"https:\/\/rma.legal\/en\/#\/schema\/person\/image\/","url":"https:\/\/secure.gravatar.com\/avatar\/f934a14d345552e589afbf4971cccbf6e435fea0dbed264e7156edbc39bd634b?s=96&d=mm&r=g","contentUrl":"https:\/\/secure.gravatar.com\/avatar\/f934a14d345552e589afbf4971cccbf6e435fea0dbed264e7156edbc39bd634b?s=96&d=mm&r=g","caption":"Anton\u00ed Roman\u00ed"},"url":"https:\/\/rma.legal\/en\/author\/romani-martinez\/"}]}},"_links":{"self":[{"href":"https:\/\/rma.legal\/en\/wp-json\/wp\/v2\/posts\/27017","targetHints":{"allow":["GET"]}}],"collection":[{"href":"https:\/\/rma.legal\/en\/wp-json\/wp\/v2\/posts"}],"about":[{"href":"https:\/\/rma.legal\/en\/wp-json\/wp\/v2\/types\/post"}],"author":[{"embeddable":true,"href":"https:\/\/rma.legal\/en\/wp-json\/wp\/v2\/users\/3"}],"replies":[{"embeddable":true,"href":"https:\/\/rma.legal\/en\/wp-json\/wp\/v2\/comments?post=27017"}],"version-history":[{"count":3,"href":"https:\/\/rma.legal\/en\/wp-json\/wp\/v2\/posts\/27017\/revisions"}],"predecessor-version":[{"id":32043,"href":"https:\/\/rma.legal\/en\/wp-json\/wp\/v2\/posts\/27017\/revisions\/32043"}],"wp:featuredmedia":[{"embeddable":true,"href":"https:\/\/rma.legal\/en\/wp-json\/wp\/v2\/media\/32023"}],"wp:attachment":[{"href":"https:\/\/rma.legal\/en\/wp-json\/wp\/v2\/media?parent=27017"}],"wp:term":[{"taxonomy":"category","embeddable":true,"href":"https:\/\/rma.legal\/en\/wp-json\/wp\/v2\/categories?post=27017"},{"taxonomy":"post_tag","embeddable":true,"href":"https:\/\/rma.legal\/en\/wp-json\/wp\/v2\/tags?post=27017"}],"curies":[{"name":"wp","href":"https:\/\/api.w.org\/{rel}","templated":true}]}}