{"id":27004,"date":"2023-02-23T17:07:58","date_gmt":"2023-02-23T17:07:58","guid":{"rendered":"http:\/\/rma.legal\/?p=27004"},"modified":"2025-04-15T08:49:33","modified_gmt":"2025-04-15T08:49:33","slug":"necesaria-interconexion-entre-los-derechos-de-propiedad-intelectual-y-el-derecho-a-proteger-nuestros-datos-personales-6","status":"publish","type":"post","link":"https:\/\/rma.legal\/en\/necesaria-interconexion-entre-los-derechos-de-propiedad-intelectual-y-el-derecho-a-proteger-nuestros-datos-personales-6\/","title":{"rendered":"Necesaria interconexi\u00f3n entre los derechos de propiedad intelectual y el derecho a proteger nuestros datos personales"},"content":{"rendered":"<p>&nbsp;<\/p>\n<p><img fetchpriority=\"high\" decoding=\"async\" class=\"size-medium wp-image-26997 aligncenter\" src=\"http:\/\/rma.legal\/wp-content\/uploads\/2023\/02\/iStock-994756364-300x192.jpg\" alt=\"Fusion concept of children. (Boy and girl are the same person)\" width=\"300\" height=\"192\" srcset=\"https:\/\/rma.legal\/wp-content\/uploads\/2023\/02\/iStock-994756364-300x192.jpg 300w, https:\/\/rma.legal\/wp-content\/uploads\/2023\/02\/iStock-994756364-1024x654.jpg 1024w, https:\/\/rma.legal\/wp-content\/uploads\/2023\/02\/iStock-994756364-768x491.jpg 768w, https:\/\/rma.legal\/wp-content\/uploads\/2023\/02\/iStock-994756364-1536x981.jpg 1536w, https:\/\/rma.legal\/wp-content\/uploads\/2023\/02\/iStock-994756364-2048x1309.jpg 2048w\" sizes=\"(max-width: 300px) 100vw, 300px\" \/><\/p>\n<p><strong><span style=\"color: #a42400;\">NECESARIA INTERCONEXI\u00d3N ENTRE LOS DERECHOS DE PROPIEDAD INTELECTUAL Y EL DERECHO A PROTEGER NUESTROS DATOS PERSONALES <\/span><\/strong><\/p>\n<p>As\u00ed es. Ambos derechos son <strong>fundamentales y est\u00e1n protegidos en nuestra Constituci\u00f3n<\/strong>.<\/p>\n<p><strong>Comparten el mismo origen: <\/strong>mientras que los derechos de propiedad intelectual protegen aquellas creaciones \u201coriginales\u201d expresadas por un ser humano, nuestra privacidad protege toda informaci\u00f3n que identifica a un ser humano y que \u00e9ste genera a lo largo de toda su vida.<\/p>\n<p>Son <strong>inherentes, por tanto, al ser humano, y es fundamental su protecci\u00f3n para proteger la dignidad y el normal desarrollo de la propia persona<\/strong>: Por un lado, cuando protegemos las creaciones originales de una persona, estamos incentivando a que \u00e9sta comparta sus frutos con el resto de la sociedad y as\u00ed lograr que todos podamos disfrutar de los mismos, evitando que plagiadores se apropien de almas ajenas. Por otro lado, protegiendo la privacidad de una persona, conseguimos salvaguardar su dignidad y el normal desarrollo como persona, evitando que se conviertan en un aut\u00f3mata sin alma.<\/p>\n<p>En los dos derechos podemos identificar tanto una <strong>faceta personal y otra econ\u00f3mica <\/strong>de determinadas facultades de estos derechos. <strong>Respecto a la faceta personal en relaci\u00f3n con la\u00a0propiedad intelectual,<\/strong> se reconocen una serie de <strong>derechos personales irrenunciables e inalienables<\/strong>, como el derecho a la autor\u00eda de la creaci\u00f3n propia o el de a la integridad de dicha creaci\u00f3n, sin que el titular originario de los mismos pueda cederlos y\/o renunciar a los mismos, como ocurr\u00eda en tiempos anteriores cuando una persona pod\u00eda enajenar su propia libertad. Igualmente ocurre con determinadas facultades de los datos personales, que no pueden ser tratados por terceros ajenos a la propia persona, aun teniendo el consentimiento de \u00e9sta, sin que se vea vulnerada la propia integridad y\/o la propia persona afectada.<\/p>\n<p><strong>Respecto a la faceta econ\u00f3mica de ambos derechos<\/strong>, si bien estamos acostumbrados a ver c\u00f3mo los derechos de explotaci\u00f3n de las creaciones intelectuales pueden ser dispuestos y explotados y generar la remuneraci\u00f3n correspondiente a sus leg\u00edtimos titulares, en el caso de los datos personales, a\u00fan estamos en pa\u00f1ales respecto a una correcta legislaci\u00f3n y tratamiento, e inmersos actualmente en un \u201ccapitalismo de vigilancia\u201d que explota la informaci\u00f3n personal sin autorizaci\u00f3n alguna en muchos casos, trat\u00e1ndonos como un mero producto.<\/p>\n<p>Ahora bien, la gran semejanza existente entre ambos derechos no es la raz\u00f3n principal que justifica la necesaria interconexi\u00f3n de \u00e9stos, sino que es crucial tal interconexi\u00f3n para el propio ser humano.<\/p>\n<p>Lo podemos ver claramente cuando regulamos el desarrollo tecnol\u00f3gico de nuestra sociedad, como por ejemplo en el <strong>proceso de aprendizaje de la Inteligencia Artificial (IA)<\/strong>, donde no solo es necesario que aprenda de la creatividad humana para que pueda aprender la IA a pintar como pintaba Rembrandt o componer como Beethoven, sino suministrar la informaci\u00f3n personal sobre el estado de \u00e1nimo de la persona cuando creaba. En este tipo de procesos ser\u00e1 fundamental anonimizar determinada informaci\u00f3n antes de d\u00e1rsela de comer a la m\u00e1quina.<\/p>\n<p><strong>Igualmente ocurre con las aplicaciones inform\u00e1ticas o las llamadas \u201capps\u201d<\/strong>, cuya existencia est\u00e1 \u00edntimamente ligada a la creatividad humana, pero para cuyo desarrollo es completamente necesario aprender del uso y comportamiento de las personas usuarias de las mismas. Para un correcto y \u00e9tico funcionamiento, es completamente necesario informar, ser transparentes y tratar a los usuarios como personas y no como productos, y pedir consentimiento antes de tratar su informaci\u00f3n, al igual que tratamos de evitar que se usen creaciones y tecnolog\u00edas ajenas sin contar con la autorizaci\u00f3n de sus creadores.<\/p>\n<p>Otro claro ejemplo lo tenemos en la <strong>industria del videojuego<\/strong>: si aceptamos que debemos contar con la autorizaci\u00f3n y colaboraci\u00f3n de todas las personas que participan en la creaci\u00f3n de una obra multimedia, igualmente tendr\u00edamos que contar con la autorizaci\u00f3n informada de los usuarios del videojuego, cuyos gustos, opiniones, y forma de jugar es de enorme valor para el \u00e9xito de esa obra multimedia.<\/p>\n<p>Estamos en un momento crucial de nuestro desarrollo, no ya tecnol\u00f3gico sino como personas. Debemos tomar conciencia de que cuando alguien comparte una creaci\u00f3n propia con la sociedad est\u00e1 mostrando un trozo de su alma. Es un acto personal\u00edsimo e \u00edntimo y as\u00ed debe ser respetado. Pues bien, la privacidad funciona exactamente igual. Si se viola la privacidad de alguien, estamos atacando su parte m\u00e1s \u00edntima y personal,\u00a0 y corremos el riesgo de su deshumanizaci\u00f3n irremediable.<\/p>\n<p>Por tanto, en la medida en que cuidemos los derechos de propiedad intelectual y los datos personales cuidaremos a las personas presentes y futuras.<\/p>\n<p>David Mu\u00f1oz de los Reyes, febrero 2023<\/p>\n<p><span style=\"color: #a42400;\"><strong>www.rma.legal<\/strong><\/span><\/p>\n","protected":false},"excerpt":{"rendered":"<p>&nbsp; NECESARIA INTERCONEXI\u00d3N ENTRE LOS DERECHOS DE PROPIEDAD INTELECTUAL Y EL DERECHO A PROTEGER NUESTROS DATOS PERSONALES As\u00ed es. Ambos derechos son fundamentales y est\u00e1n protegidos en nuestra Constituci\u00f3n. Comparten el mismo origen: mientras que los derechos de propiedad intelectual protegen aquellas creaciones \u201coriginales\u201d expresadas por un ser humano, nuestra privacidad protege toda informaci\u00f3n que [&hellip;]<\/p>\n","protected":false},"author":5,"featured_media":0,"comment_status":"closed","ping_status":"closed","sticky":false,"template":"","format":"standard","meta":{"footnotes":""},"categories":[103],"tags":[176,182,202,203,204,393,394,62],"class_list":["post-27004","post","type-post","status-publish","format-standard","hentry","category-sin-categoria","tag-creaciones-originales","tag-datos-personales","tag-derechos-fundamentales","tag-derechos-morales","tag-derechos-patrimoniales","tag-privacidad-es","tag-privacy","tag-propiedad-intelectual-ca"],"yoast_head":"<!-- This site is optimized with the Yoast SEO plugin v25.9 - https:\/\/yoast.com\/wordpress\/plugins\/seo\/ -->\n<title>Necesaria interconexi\u00f3n entre los derechos de propiedad intelectual y el derecho a proteger nuestros datos personales - RMA Attorneys at Law<\/title>\n<meta name=\"robots\" content=\"index, follow, max-snippet:-1, max-image-preview:large, max-video-preview:-1\" \/>\n<link rel=\"canonical\" href=\"https:\/\/rma.legal\/en\/necesaria-interconexion-entre-los-derechos-de-propiedad-intelectual-y-el-derecho-a-proteger-nuestros-datos-personales-6\/\" \/>\n<meta property=\"og:locale\" content=\"en_US\" \/>\n<meta property=\"og:type\" content=\"article\" \/>\n<meta property=\"og:title\" content=\"Necesaria interconexi\u00f3n entre los derechos de propiedad intelectual y el derecho a proteger nuestros datos personales - RMA Attorneys at Law\" \/>\n<meta property=\"og:description\" content=\"&nbsp; NECESARIA INTERCONEXI\u00d3N ENTRE LOS DERECHOS DE PROPIEDAD INTELECTUAL Y EL DERECHO A PROTEGER NUESTROS DATOS PERSONALES As\u00ed es. Ambos derechos son fundamentales y est\u00e1n protegidos en nuestra Constituci\u00f3n. Comparten el mismo origen: mientras que los derechos de propiedad intelectual protegen aquellas creaciones \u201coriginales\u201d expresadas por un ser humano, nuestra privacidad protege toda informaci\u00f3n que [&hellip;]\" \/>\n<meta property=\"og:url\" content=\"https:\/\/rma.legal\/en\/necesaria-interconexion-entre-los-derechos-de-propiedad-intelectual-y-el-derecho-a-proteger-nuestros-datos-personales-6\/\" \/>\n<meta property=\"og:site_name\" content=\"RMA Attorneys at Law\" \/>\n<meta property=\"article:published_time\" content=\"2023-02-23T17:07:58+00:00\" \/>\n<meta property=\"article:modified_time\" content=\"2025-04-15T08:49:33+00:00\" \/>\n<meta property=\"og:image\" content=\"http:\/\/rma.legal\/wp-content\/uploads\/2023\/02\/iStock-994756364-300x192.jpg\" \/>\n<meta name=\"author\" content=\"RMA Legal\" \/>\n<meta name=\"twitter:card\" content=\"summary_large_image\" \/>\n<meta name=\"twitter:label1\" content=\"Written by\" \/>\n\t<meta name=\"twitter:data1\" content=\"RMA Legal\" \/>\n\t<meta name=\"twitter:label2\" content=\"Est. reading time\" \/>\n\t<meta name=\"twitter:data2\" content=\"4 minutes\" \/>\n<script type=\"application\/ld+json\" class=\"yoast-schema-graph\">{\"@context\":\"https:\/\/schema.org\",\"@graph\":[{\"@type\":\"Article\",\"@id\":\"https:\/\/rma.legal\/en\/necesaria-interconexion-entre-los-derechos-de-propiedad-intelectual-y-el-derecho-a-proteger-nuestros-datos-personales-6\/#article\",\"isPartOf\":{\"@id\":\"https:\/\/rma.legal\/en\/necesaria-interconexion-entre-los-derechos-de-propiedad-intelectual-y-el-derecho-a-proteger-nuestros-datos-personales-6\/\"},\"author\":{\"name\":\"RMA Legal\",\"@id\":\"https:\/\/rma.legal\/en\/#\/schema\/person\/ce35cb0535f72f8fe561ca18c346286e\"},\"headline\":\"Necesaria interconexi\u00f3n entre los derechos de propiedad intelectual y el derecho a proteger nuestros datos personales\",\"datePublished\":\"2023-02-23T17:07:58+00:00\",\"dateModified\":\"2025-04-15T08:49:33+00:00\",\"mainEntityOfPage\":{\"@id\":\"https:\/\/rma.legal\/en\/necesaria-interconexion-entre-los-derechos-de-propiedad-intelectual-y-el-derecho-a-proteger-nuestros-datos-personales-6\/\"},\"wordCount\":817,\"publisher\":{\"@id\":\"https:\/\/rma.legal\/en\/#organization\"},\"image\":{\"@id\":\"https:\/\/rma.legal\/en\/necesaria-interconexion-entre-los-derechos-de-propiedad-intelectual-y-el-derecho-a-proteger-nuestros-datos-personales-6\/#primaryimage\"},\"thumbnailUrl\":\"http:\/\/rma.legal\/wp-content\/uploads\/2023\/02\/iStock-994756364-300x192.jpg\",\"keywords\":[\"creaciones originales\",\"datos personales\",\"derechos fundamentales\",\"derechos morales\",\"derechos patrimoniales\",\"privacidad\",\"privacy\",\"propiedad intelectual\"],\"articleSection\":[\"Sin categor\u00eda\"],\"inLanguage\":\"en-US\"},{\"@type\":\"WebPage\",\"@id\":\"https:\/\/rma.legal\/en\/necesaria-interconexion-entre-los-derechos-de-propiedad-intelectual-y-el-derecho-a-proteger-nuestros-datos-personales-6\/\",\"url\":\"https:\/\/rma.legal\/en\/necesaria-interconexion-entre-los-derechos-de-propiedad-intelectual-y-el-derecho-a-proteger-nuestros-datos-personales-6\/\",\"name\":\"Necesaria interconexi\u00f3n entre los derechos de propiedad intelectual y el derecho a proteger nuestros datos personales - RMA Attorneys at Law\",\"isPartOf\":{\"@id\":\"https:\/\/rma.legal\/en\/#website\"},\"primaryImageOfPage\":{\"@id\":\"https:\/\/rma.legal\/en\/necesaria-interconexion-entre-los-derechos-de-propiedad-intelectual-y-el-derecho-a-proteger-nuestros-datos-personales-6\/#primaryimage\"},\"image\":{\"@id\":\"https:\/\/rma.legal\/en\/necesaria-interconexion-entre-los-derechos-de-propiedad-intelectual-y-el-derecho-a-proteger-nuestros-datos-personales-6\/#primaryimage\"},\"thumbnailUrl\":\"http:\/\/rma.legal\/wp-content\/uploads\/2023\/02\/iStock-994756364-300x192.jpg\",\"datePublished\":\"2023-02-23T17:07:58+00:00\",\"dateModified\":\"2025-04-15T08:49:33+00:00\",\"breadcrumb\":{\"@id\":\"https:\/\/rma.legal\/en\/necesaria-interconexion-entre-los-derechos-de-propiedad-intelectual-y-el-derecho-a-proteger-nuestros-datos-personales-6\/#breadcrumb\"},\"inLanguage\":\"en-US\",\"potentialAction\":[{\"@type\":\"ReadAction\",\"target\":[\"https:\/\/rma.legal\/en\/necesaria-interconexion-entre-los-derechos-de-propiedad-intelectual-y-el-derecho-a-proteger-nuestros-datos-personales-6\/\"]}]},{\"@type\":\"ImageObject\",\"inLanguage\":\"en-US\",\"@id\":\"https:\/\/rma.legal\/en\/necesaria-interconexion-entre-los-derechos-de-propiedad-intelectual-y-el-derecho-a-proteger-nuestros-datos-personales-6\/#primaryimage\",\"url\":\"http:\/\/rma.legal\/wp-content\/uploads\/2023\/02\/iStock-994756364-300x192.jpg\",\"contentUrl\":\"http:\/\/rma.legal\/wp-content\/uploads\/2023\/02\/iStock-994756364-300x192.jpg\"},{\"@type\":\"BreadcrumbList\",\"@id\":\"https:\/\/rma.legal\/en\/necesaria-interconexion-entre-los-derechos-de-propiedad-intelectual-y-el-derecho-a-proteger-nuestros-datos-personales-6\/#breadcrumb\",\"itemListElement\":[{\"@type\":\"ListItem\",\"position\":1,\"name\":\"Portada\",\"item\":\"https:\/\/rma.legal\/en\/\"},{\"@type\":\"ListItem\",\"position\":2,\"name\":\"Necesaria interconexi\u00f3n entre los derechos de propiedad intelectual y el derecho a proteger nuestros datos personales\"}]},{\"@type\":\"WebSite\",\"@id\":\"https:\/\/rma.legal\/en\/#website\",\"url\":\"https:\/\/rma.legal\/en\/\",\"name\":\"RMA Attorneys at Law\",\"description\":\"RMA Legal Attorneys\",\"publisher\":{\"@id\":\"https:\/\/rma.legal\/en\/#organization\"},\"potentialAction\":[{\"@type\":\"SearchAction\",\"target\":{\"@type\":\"EntryPoint\",\"urlTemplate\":\"https:\/\/rma.legal\/en\/?s={search_term_string}\"},\"query-input\":{\"@type\":\"PropertyValueSpecification\",\"valueRequired\":true,\"valueName\":\"search_term_string\"}}],\"inLanguage\":\"en-US\"},{\"@type\":\"Organization\",\"@id\":\"https:\/\/rma.legal\/en\/#organization\",\"name\":\"RMA Attorneys at Law\",\"url\":\"https:\/\/rma.legal\/en\/\",\"logo\":{\"@type\":\"ImageObject\",\"inLanguage\":\"en-US\",\"@id\":\"https:\/\/rma.legal\/en\/#\/schema\/logo\/image\/\",\"url\":\"https:\/\/rma.legal\/wp-content\/uploads\/2025\/02\/Logo-rma-legal-invertido-footer-c-1.png\",\"contentUrl\":\"https:\/\/rma.legal\/wp-content\/uploads\/2025\/02\/Logo-rma-legal-invertido-footer-c-1.png\",\"width\":300,\"height\":125,\"caption\":\"RMA Attorneys at Law\"},\"image\":{\"@id\":\"https:\/\/rma.legal\/en\/#\/schema\/logo\/image\/\"}},{\"@type\":\"Person\",\"@id\":\"https:\/\/rma.legal\/en\/#\/schema\/person\/ce35cb0535f72f8fe561ca18c346286e\",\"name\":\"RMA Legal\",\"image\":{\"@type\":\"ImageObject\",\"inLanguage\":\"en-US\",\"@id\":\"https:\/\/rma.legal\/en\/#\/schema\/person\/image\/\",\"url\":\"https:\/\/secure.gravatar.com\/avatar\/1d9ebe28cd6c660ba581ebb27a0e41208369aa1d73a770a3dcb6624bbcc2c69e?s=96&d=mm&r=g\",\"contentUrl\":\"https:\/\/secure.gravatar.com\/avatar\/1d9ebe28cd6c660ba581ebb27a0e41208369aa1d73a770a3dcb6624bbcc2c69e?s=96&d=mm&r=g\",\"caption\":\"RMA Legal\"},\"url\":\"https:\/\/rma.legal\/en\/author\/rm-abogados\/\"}]}<\/script>\n<!-- \/ Yoast SEO plugin. -->","yoast_head_json":{"title":"Necesaria interconexi\u00f3n entre los derechos de propiedad intelectual y el derecho a proteger nuestros datos personales - RMA Attorneys at Law","robots":{"index":"index","follow":"follow","max-snippet":"max-snippet:-1","max-image-preview":"max-image-preview:large","max-video-preview":"max-video-preview:-1"},"canonical":"https:\/\/rma.legal\/en\/necesaria-interconexion-entre-los-derechos-de-propiedad-intelectual-y-el-derecho-a-proteger-nuestros-datos-personales-6\/","og_locale":"en_US","og_type":"article","og_title":"Necesaria interconexi\u00f3n entre los derechos de propiedad intelectual y el derecho a proteger nuestros datos personales - RMA Attorneys at Law","og_description":"&nbsp; NECESARIA INTERCONEXI\u00d3N ENTRE LOS DERECHOS DE PROPIEDAD INTELECTUAL Y EL DERECHO A PROTEGER NUESTROS DATOS PERSONALES As\u00ed es. Ambos derechos son fundamentales y est\u00e1n protegidos en nuestra Constituci\u00f3n. Comparten el mismo origen: mientras que los derechos de propiedad intelectual protegen aquellas creaciones \u201coriginales\u201d expresadas por un ser humano, nuestra privacidad protege toda informaci\u00f3n que [&hellip;]","og_url":"https:\/\/rma.legal\/en\/necesaria-interconexion-entre-los-derechos-de-propiedad-intelectual-y-el-derecho-a-proteger-nuestros-datos-personales-6\/","og_site_name":"RMA Attorneys at Law","article_published_time":"2023-02-23T17:07:58+00:00","article_modified_time":"2025-04-15T08:49:33+00:00","og_image":[{"url":"http:\/\/rma.legal\/wp-content\/uploads\/2023\/02\/iStock-994756364-300x192.jpg","type":"","width":"","height":""}],"author":"RMA Legal","twitter_card":"summary_large_image","twitter_misc":{"Written by":"RMA Legal","Est. reading time":"4 minutes"},"schema":{"@context":"https:\/\/schema.org","@graph":[{"@type":"Article","@id":"https:\/\/rma.legal\/en\/necesaria-interconexion-entre-los-derechos-de-propiedad-intelectual-y-el-derecho-a-proteger-nuestros-datos-personales-6\/#article","isPartOf":{"@id":"https:\/\/rma.legal\/en\/necesaria-interconexion-entre-los-derechos-de-propiedad-intelectual-y-el-derecho-a-proteger-nuestros-datos-personales-6\/"},"author":{"name":"RMA Legal","@id":"https:\/\/rma.legal\/en\/#\/schema\/person\/ce35cb0535f72f8fe561ca18c346286e"},"headline":"Necesaria interconexi\u00f3n entre los derechos de propiedad intelectual y el derecho a proteger nuestros datos personales","datePublished":"2023-02-23T17:07:58+00:00","dateModified":"2025-04-15T08:49:33+00:00","mainEntityOfPage":{"@id":"https:\/\/rma.legal\/en\/necesaria-interconexion-entre-los-derechos-de-propiedad-intelectual-y-el-derecho-a-proteger-nuestros-datos-personales-6\/"},"wordCount":817,"publisher":{"@id":"https:\/\/rma.legal\/en\/#organization"},"image":{"@id":"https:\/\/rma.legal\/en\/necesaria-interconexion-entre-los-derechos-de-propiedad-intelectual-y-el-derecho-a-proteger-nuestros-datos-personales-6\/#primaryimage"},"thumbnailUrl":"http:\/\/rma.legal\/wp-content\/uploads\/2023\/02\/iStock-994756364-300x192.jpg","keywords":["creaciones originales","datos personales","derechos fundamentales","derechos morales","derechos patrimoniales","privacidad","privacy","propiedad intelectual"],"articleSection":["Sin categor\u00eda"],"inLanguage":"en-US"},{"@type":"WebPage","@id":"https:\/\/rma.legal\/en\/necesaria-interconexion-entre-los-derechos-de-propiedad-intelectual-y-el-derecho-a-proteger-nuestros-datos-personales-6\/","url":"https:\/\/rma.legal\/en\/necesaria-interconexion-entre-los-derechos-de-propiedad-intelectual-y-el-derecho-a-proteger-nuestros-datos-personales-6\/","name":"Necesaria interconexi\u00f3n entre los derechos de propiedad intelectual y el derecho a proteger nuestros datos personales - RMA Attorneys at Law","isPartOf":{"@id":"https:\/\/rma.legal\/en\/#website"},"primaryImageOfPage":{"@id":"https:\/\/rma.legal\/en\/necesaria-interconexion-entre-los-derechos-de-propiedad-intelectual-y-el-derecho-a-proteger-nuestros-datos-personales-6\/#primaryimage"},"image":{"@id":"https:\/\/rma.legal\/en\/necesaria-interconexion-entre-los-derechos-de-propiedad-intelectual-y-el-derecho-a-proteger-nuestros-datos-personales-6\/#primaryimage"},"thumbnailUrl":"http:\/\/rma.legal\/wp-content\/uploads\/2023\/02\/iStock-994756364-300x192.jpg","datePublished":"2023-02-23T17:07:58+00:00","dateModified":"2025-04-15T08:49:33+00:00","breadcrumb":{"@id":"https:\/\/rma.legal\/en\/necesaria-interconexion-entre-los-derechos-de-propiedad-intelectual-y-el-derecho-a-proteger-nuestros-datos-personales-6\/#breadcrumb"},"inLanguage":"en-US","potentialAction":[{"@type":"ReadAction","target":["https:\/\/rma.legal\/en\/necesaria-interconexion-entre-los-derechos-de-propiedad-intelectual-y-el-derecho-a-proteger-nuestros-datos-personales-6\/"]}]},{"@type":"ImageObject","inLanguage":"en-US","@id":"https:\/\/rma.legal\/en\/necesaria-interconexion-entre-los-derechos-de-propiedad-intelectual-y-el-derecho-a-proteger-nuestros-datos-personales-6\/#primaryimage","url":"http:\/\/rma.legal\/wp-content\/uploads\/2023\/02\/iStock-994756364-300x192.jpg","contentUrl":"http:\/\/rma.legal\/wp-content\/uploads\/2023\/02\/iStock-994756364-300x192.jpg"},{"@type":"BreadcrumbList","@id":"https:\/\/rma.legal\/en\/necesaria-interconexion-entre-los-derechos-de-propiedad-intelectual-y-el-derecho-a-proteger-nuestros-datos-personales-6\/#breadcrumb","itemListElement":[{"@type":"ListItem","position":1,"name":"Portada","item":"https:\/\/rma.legal\/en\/"},{"@type":"ListItem","position":2,"name":"Necesaria interconexi\u00f3n entre los derechos de propiedad intelectual y el derecho a proteger nuestros datos personales"}]},{"@type":"WebSite","@id":"https:\/\/rma.legal\/en\/#website","url":"https:\/\/rma.legal\/en\/","name":"RMA Attorneys at Law","description":"RMA Legal Attorneys","publisher":{"@id":"https:\/\/rma.legal\/en\/#organization"},"potentialAction":[{"@type":"SearchAction","target":{"@type":"EntryPoint","urlTemplate":"https:\/\/rma.legal\/en\/?s={search_term_string}"},"query-input":{"@type":"PropertyValueSpecification","valueRequired":true,"valueName":"search_term_string"}}],"inLanguage":"en-US"},{"@type":"Organization","@id":"https:\/\/rma.legal\/en\/#organization","name":"RMA Attorneys at Law","url":"https:\/\/rma.legal\/en\/","logo":{"@type":"ImageObject","inLanguage":"en-US","@id":"https:\/\/rma.legal\/en\/#\/schema\/logo\/image\/","url":"https:\/\/rma.legal\/wp-content\/uploads\/2025\/02\/Logo-rma-legal-invertido-footer-c-1.png","contentUrl":"https:\/\/rma.legal\/wp-content\/uploads\/2025\/02\/Logo-rma-legal-invertido-footer-c-1.png","width":300,"height":125,"caption":"RMA Attorneys at Law"},"image":{"@id":"https:\/\/rma.legal\/en\/#\/schema\/logo\/image\/"}},{"@type":"Person","@id":"https:\/\/rma.legal\/en\/#\/schema\/person\/ce35cb0535f72f8fe561ca18c346286e","name":"RMA Legal","image":{"@type":"ImageObject","inLanguage":"en-US","@id":"https:\/\/rma.legal\/en\/#\/schema\/person\/image\/","url":"https:\/\/secure.gravatar.com\/avatar\/1d9ebe28cd6c660ba581ebb27a0e41208369aa1d73a770a3dcb6624bbcc2c69e?s=96&d=mm&r=g","contentUrl":"https:\/\/secure.gravatar.com\/avatar\/1d9ebe28cd6c660ba581ebb27a0e41208369aa1d73a770a3dcb6624bbcc2c69e?s=96&d=mm&r=g","caption":"RMA Legal"},"url":"https:\/\/rma.legal\/en\/author\/rm-abogados\/"}]}},"_links":{"self":[{"href":"https:\/\/rma.legal\/en\/wp-json\/wp\/v2\/posts\/27004","targetHints":{"allow":["GET"]}}],"collection":[{"href":"https:\/\/rma.legal\/en\/wp-json\/wp\/v2\/posts"}],"about":[{"href":"https:\/\/rma.legal\/en\/wp-json\/wp\/v2\/types\/post"}],"author":[{"embeddable":true,"href":"https:\/\/rma.legal\/en\/wp-json\/wp\/v2\/users\/5"}],"replies":[{"embeddable":true,"href":"https:\/\/rma.legal\/en\/wp-json\/wp\/v2\/comments?post=27004"}],"version-history":[{"count":2,"href":"https:\/\/rma.legal\/en\/wp-json\/wp\/v2\/posts\/27004\/revisions"}],"predecessor-version":[{"id":30302,"href":"https:\/\/rma.legal\/en\/wp-json\/wp\/v2\/posts\/27004\/revisions\/30302"}],"wp:attachment":[{"href":"https:\/\/rma.legal\/en\/wp-json\/wp\/v2\/media?parent=27004"}],"wp:term":[{"taxonomy":"category","embeddable":true,"href":"https:\/\/rma.legal\/en\/wp-json\/wp\/v2\/categories?post=27004"},{"taxonomy":"post_tag","embeddable":true,"href":"https:\/\/rma.legal\/en\/wp-json\/wp\/v2\/tags?post=27004"}],"curies":[{"name":"wp","href":"https:\/\/api.w.org\/{rel}","templated":true}]}}