{"id":26845,"date":"2022-12-29T12:41:44","date_gmt":"2022-12-29T12:41:44","guid":{"rendered":"http:\/\/rma.legal\/?p=26845"},"modified":"2025-09-15T16:01:41","modified_gmt":"2025-09-15T16:01:41","slug":"registrar-me-han-dicho-que-no-sirve-para-nada","status":"publish","type":"post","link":"https:\/\/rma.legal\/en\/registrar-me-han-dicho-que-no-sirve-para-nada\/","title":{"rendered":"\u00bfRegistrar? Me han dicho que no sirve para nada"},"content":{"rendered":"<p><img fetchpriority=\"high\" decoding=\"async\" class=\"alignnone size-medium wp-image-32023 aligncenter\" src=\"https:\/\/rma.legal\/wp-content\/uploads\/2024\/01\/rma-logo-hexagono-300x174.png\" alt=\"RMA Legal logo\" width=\"300\" height=\"174\" srcset=\"https:\/\/rma.legal\/wp-content\/uploads\/2024\/01\/rma-logo-hexagono-300x174.png 300w, https:\/\/rma.legal\/wp-content\/uploads\/2024\/01\/rma-logo-hexagono.png 440w\" sizes=\"(max-width: 300px) 100vw, 300px\" \/><\/p>\n<p><strong style=\"font-size: revert; color: initial;\"><span style=\"color: #a42400;\">&#8220;\u00bfRegistrar? Me han dicho que no sirve para nada&#8221;<\/span><\/strong><\/p>\n<p>Este fue el comentario de uno de los j\u00f3venes dise\u00f1adores que hace unos d\u00edas participaron en el\u00a0<a href=\"https:\/\/designmarket.barcelona\/gallery\/ca\" target=\"_blank\" rel=\"noopener\">Design Market<\/a> que organiza\u00a0cada Navidad el FAD en Barcelona, un maravilloso y bullicioso bazar de talento y creatividad desbordantes que recomiendo visitar, en una conversaci\u00f3n que mantuvimos sobre c\u00f3mo proteger sus creaciones. Habl\u00e1bamos, en ese caso, de dise\u00f1os, esto es, de <strong>innovaciones formales<\/strong>. \u201cNo sirve para nada\u201d, dicho esto con un punto de resignaci\u00f3n.<\/p>\n<p>Lamentablemente, este comentario, junto con lo caro o no que puede resultar, no son aislados, y me supo muy mal. Y me pregunto en qu\u00e9 momento los que nos dedicamos a esto no hemos sido capaces de contribuir a transmitir la importancia no ya de creer en uno mismo y su talento, sino de creer hasta tal extremo de ponerlo en valor e invertir en su debida protecci\u00f3n.<\/p>\n<p>Registrar no es un gasto; es una inversi\u00f3n, no nos cansaremos de decirlo.<\/p>\n<p>Registrar nunca es in\u00fatil; es la mejor manera de dar valor a la creatividad, entre otras ventajas.<\/p>\n<p>No hacerlo puede representar que todo el esfuerzo creador caiga en saco roto y no se pueda rentabilizar o lo que es peor, que pueda incluso volatilizarse, cediendo ante un tercero incluso con dise\u00f1o posterior.<\/p>\n<p><span style=\"color: #a42400;\"><strong>Hay que proteger siempre que se pueda<\/strong><\/span><\/p>\n<p>Y\u00a0hoy en d\u00eda hay que saber que existen <strong>distintas opciones<\/strong> a la medida de cada uno y en funci\u00f3n de sus necesidades o circunstancias, pues llegado el caso dicha protecci\u00f3n puede convertirse en una herramienta muy valiosa.<\/p>\n<p>Hablamos, por ejemplo:<\/p>\n<ul>\n<li>De conocer que la normativa de dise\u00f1os reconoce al autor una protecci\u00f3n de <strong>3 a\u00f1os desde su divulgaci\u00f3n<\/strong>, protegi\u00e9ndole frente a las copias, sin necesidad de registro y mientras ese dise\u00f1o sea \u201cnovedoso\u201d y \u201ctenga car\u00e1cter singular\u201d para un &#8220;usuario informado&#8221; respecto de lo ya divulgado anteriormente, que son los requisitos que la Ley exige a todo dise\u00f1o para merecer protecci\u00f3n.<\/li>\n<\/ul>\n<ul>\n<li>Que el autor de un dise\u00f1o tiene, desde la fecha de su divulgaci\u00f3n, <strong>un a\u00f1o de gracia<\/strong> para decidir si lo registra o no sin que esa divulgaci\u00f3n afecte a la validez del registro.<\/li>\n<\/ul>\n<ul>\n<li>Que el registro del dise\u00f1o ante la Oficina correspondiente (espa\u00f1ola o comunitaria) <strong>es casi autom\u00e1tico<\/strong>, y aunque en la pr\u00e1ctica se equipara m\u00e1s a un dep\u00f3sito sin garant\u00eda de validez (porque seguir\u00e1 debiendo ser novedoso y singular, lo que la Oficina no verifica) confiere protecci\u00f3n hasta 25 a\u00f1os mientras no se anule.<\/li>\n<\/ul>\n<ul>\n<li>Que si pese a todo no se ha registrado el dise\u00f1o, o ha vencido, o dicho dise\u00f1o no puede protegerse por cualquiera de las v\u00edas anteriores (o incluso estando registrado)\u00a0 podr\u00eda acudir tambi\u00e9n a la protecci\u00f3n al amparo de la <strong>Ley de Propiedad Intelectual<\/strong>, si la creaci\u00f3n pudiera considerarse original.<\/li>\n<\/ul>\n<ul>\n<li>Que existen plataformas online para depositar <strong>archivos digitales<\/strong> que en tres simples pasos permiten dejar constancia del proceso de creaci\u00f3n de una obra y de su autor, o de su divulgaci\u00f3n, que no conceden derechos pero son buenos principios de prueba frente a terceros. Tambi\u00e9n contamos con los <strong>dep\u00f3sitos notariales<\/strong>.<\/li>\n<\/ul>\n<ul>\n<li>Que en determinadas circunstancias, la <strong>Ley de Competencia desleal<\/strong> puede ser un aliado, pues proh\u00edbe los actos de imitaci\u00f3n desleales.<\/li>\n<\/ul>\n<p><span style=\"color: #a42400;\"><strong>\u00bfY por qu\u00e9 hemos de proteger debidamente nuestras creaciones?<\/strong><\/span><\/p>\n<ul>\n<li>Porque un registro de dise\u00f1o concede un <strong>derecho de exclusiva<\/strong>\u00a0(hasta 25 a\u00f1os) que permite impedir a terceros la comercializaci\u00f3n de un\u00a0dise\u00f1o id\u00e9ntico o con una impresi\u00f3n general similar.<\/li>\n<li>Porque es una forma de <strong>poner en valor<\/strong> todo nuestro esfuerzo creativo, que en muchas ocasiones representa un <strong>importante activo empresarial<\/strong><\/li>\n<li>Porque permite tramitar <strong>licencias y cesiones<\/strong>, y por tanto rentabilizarse.<\/li>\n<li>Porque da <strong>seguridad<\/strong>, incide en la <strong>imagen reputacional<\/strong> y permite <strong>posicionarnos desde un punto de vista competitivo<\/strong><\/li>\n<li>Porque <strong>disuade<\/strong> frente a terceros imitadores<\/li>\n<li>Porque si hemos de interponer una acci\u00f3n judicial frente a un tercero, tener un\u00a0registro\u00a0<strong>simplifica mucho el procedimiento<\/strong>, recayendo en el demandado la carga de probar que nuestro dise\u00f1o no es v\u00e1lido por carecer de novedad o de car\u00e1cter singular<\/li>\n<li>Porque si nos demandan y no tenemos protecci\u00f3n, no siempre ser\u00e1 sencillo demostrar que sobre aquella creaci\u00f3n nuestra tenemos alg\u00fan derecho, y la del contrario ninguno.<\/li>\n<\/ul>\n<p>Si a eso sumamos que existen ayudas en forma de subvenciones como el <strong>Fondo para Pymes \u00abIdeas Powered for business\u00bb de la Comisi\u00f3n Europea para las tasas de solicitud de marcas, dise\u00f1os y patentes, <\/strong>sencillas de tramitar y de obtener, registrar ya no puede descartarse tan categ\u00f3ricamente de antemano. Ya est\u00e1n trabajando en las <a href=\"https:\/\/euipo.europa.eu\/ohimportal\/es\/web\/guest\/online-services\/sme-fund\" target=\"_blank\" rel=\"noopener\">subvenciones para el 2023<\/a>.<\/p>\n<p>As\u00ed que no es cierto que registrar no sirva para nada. Sirve de mucho, de hecho,\u00a0muchas\u00a0veces\u00a0lo cambia\u00a0todo. No proteger puede resultar infinitamente m\u00e1s caro que no hacerlo. Y es una l\u00e1stima cuando eso sucede. Ante la duda, pregunta siempre.<\/p>\n<p>Rosa Mart\u00ednez Brines, diciembre 2022<\/p>\n<p><strong><span style=\"color: #a42400;\">RMA Roman\u00ed Mart\u00ednez Alner<\/span><\/strong><\/p>\n","protected":false},"excerpt":{"rendered":"<p>&#8220;\u00bfRegistrar? Me han dicho que no sirve para nada&#8221; Este fue el comentario de uno de los j\u00f3venes dise\u00f1adores que hace unos d\u00edas participaron en el\u00a0Design Market que organiza\u00a0cada Navidad el FAD en Barcelona, un maravilloso y bullicioso bazar de talento y creatividad desbordantes que recomiendo visitar, en una conversaci\u00f3n que mantuvimos sobre c\u00f3mo proteger [&hellip;]<\/p>\n","protected":false},"author":7,"featured_media":0,"comment_status":"closed","ping_status":"closed","sticky":false,"template":"","format":"standard","meta":{"footnotes":""},"categories":[501],"tags":[],"class_list":["post-26845","post","type-post","status-publish","format-standard","hentry","category-sin-categoria-ca"],"yoast_head":"<!-- This site is optimized with the Yoast SEO plugin v25.9 - https:\/\/yoast.com\/wordpress\/plugins\/seo\/ -->\n<title>\u00bfRegistrar? Me han dicho que no sirve para nada - RMA Attorneys at Law<\/title>\n<meta name=\"robots\" content=\"index, follow, max-snippet:-1, max-image-preview:large, max-video-preview:-1\" \/>\n<link rel=\"canonical\" href=\"https:\/\/rma.legal\/en\/registrar-me-han-dicho-que-no-sirve-para-nada\/\" \/>\n<meta property=\"og:locale\" content=\"en_US\" \/>\n<meta property=\"og:type\" content=\"article\" \/>\n<meta property=\"og:title\" content=\"\u00bfRegistrar? Me han dicho que no sirve para nada - RMA Attorneys at Law\" \/>\n<meta property=\"og:description\" content=\"&#8220;\u00bfRegistrar? Me han dicho que no sirve para nada&#8221; Este fue el comentario de uno de los j\u00f3venes dise\u00f1adores que hace unos d\u00edas participaron en el\u00a0Design Market que organiza\u00a0cada Navidad el FAD en Barcelona, un maravilloso y bullicioso bazar de talento y creatividad desbordantes que recomiendo visitar, en una conversaci\u00f3n que mantuvimos sobre c\u00f3mo proteger [&hellip;]\" \/>\n<meta property=\"og:url\" content=\"https:\/\/rma.legal\/en\/registrar-me-han-dicho-que-no-sirve-para-nada\/\" \/>\n<meta property=\"og:site_name\" content=\"RMA Attorneys at Law\" \/>\n<meta property=\"article:published_time\" content=\"2022-12-29T12:41:44+00:00\" \/>\n<meta property=\"article:modified_time\" content=\"2025-09-15T16:01:41+00:00\" \/>\n<meta property=\"og:image\" content=\"https:\/\/rma.legal\/wp-content\/uploads\/2024\/01\/rma-logo-hexagono.png\" \/>\n\t<meta property=\"og:image:width\" content=\"440\" \/>\n\t<meta property=\"og:image:height\" content=\"255\" \/>\n\t<meta property=\"og:image:type\" content=\"image\/png\" \/>\n<meta name=\"author\" content=\"Rosa Martinez Brines\" \/>\n<meta name=\"twitter:card\" content=\"summary_large_image\" \/>\n<meta name=\"twitter:label1\" content=\"Written by\" \/>\n\t<meta name=\"twitter:data1\" content=\"Rosa Martinez Brines\" \/>\n\t<meta name=\"twitter:label2\" content=\"Est. reading time\" \/>\n\t<meta name=\"twitter:data2\" content=\"4 minutes\" \/>\n<script type=\"application\/ld+json\" class=\"yoast-schema-graph\">{\"@context\":\"https:\/\/schema.org\",\"@graph\":[{\"@type\":\"Article\",\"@id\":\"https:\/\/rma.legal\/en\/registrar-me-han-dicho-que-no-sirve-para-nada\/#article\",\"isPartOf\":{\"@id\":\"https:\/\/rma.legal\/en\/registrar-me-han-dicho-que-no-sirve-para-nada\/\"},\"author\":{\"name\":\"Rosa Martinez Brines\",\"@id\":\"https:\/\/rma.legal\/en\/#\/schema\/person\/a4e1a584fe52b11a745060a7e9555336\"},\"headline\":\"\u00bfRegistrar? Me han dicho que no sirve para nada\",\"datePublished\":\"2022-12-29T12:41:44+00:00\",\"dateModified\":\"2025-09-15T16:01:41+00:00\",\"mainEntityOfPage\":{\"@id\":\"https:\/\/rma.legal\/en\/registrar-me-han-dicho-que-no-sirve-para-nada\/\"},\"wordCount\":874,\"publisher\":{\"@id\":\"https:\/\/rma.legal\/en\/#organization\"},\"image\":{\"@id\":\"https:\/\/rma.legal\/en\/registrar-me-han-dicho-que-no-sirve-para-nada\/#primaryimage\"},\"thumbnailUrl\":\"https:\/\/rma.legal\/wp-content\/uploads\/2024\/01\/rma-logo-hexagono-300x174.png\",\"articleSection\":[\"Sin categor\u00eda\"],\"inLanguage\":\"en-US\"},{\"@type\":\"WebPage\",\"@id\":\"https:\/\/rma.legal\/en\/registrar-me-han-dicho-que-no-sirve-para-nada\/\",\"url\":\"https:\/\/rma.legal\/en\/registrar-me-han-dicho-que-no-sirve-para-nada\/\",\"name\":\"\u00bfRegistrar? Me han dicho que no sirve para nada - RMA Attorneys at Law\",\"isPartOf\":{\"@id\":\"https:\/\/rma.legal\/en\/#website\"},\"primaryImageOfPage\":{\"@id\":\"https:\/\/rma.legal\/en\/registrar-me-han-dicho-que-no-sirve-para-nada\/#primaryimage\"},\"image\":{\"@id\":\"https:\/\/rma.legal\/en\/registrar-me-han-dicho-que-no-sirve-para-nada\/#primaryimage\"},\"thumbnailUrl\":\"https:\/\/rma.legal\/wp-content\/uploads\/2024\/01\/rma-logo-hexagono-300x174.png\",\"datePublished\":\"2022-12-29T12:41:44+00:00\",\"dateModified\":\"2025-09-15T16:01:41+00:00\",\"breadcrumb\":{\"@id\":\"https:\/\/rma.legal\/en\/registrar-me-han-dicho-que-no-sirve-para-nada\/#breadcrumb\"},\"inLanguage\":\"en-US\",\"potentialAction\":[{\"@type\":\"ReadAction\",\"target\":[\"https:\/\/rma.legal\/en\/registrar-me-han-dicho-que-no-sirve-para-nada\/\"]}]},{\"@type\":\"ImageObject\",\"inLanguage\":\"en-US\",\"@id\":\"https:\/\/rma.legal\/en\/registrar-me-han-dicho-que-no-sirve-para-nada\/#primaryimage\",\"url\":\"https:\/\/rma.legal\/wp-content\/uploads\/2024\/01\/rma-logo-hexagono-300x174.png\",\"contentUrl\":\"https:\/\/rma.legal\/wp-content\/uploads\/2024\/01\/rma-logo-hexagono-300x174.png\"},{\"@type\":\"BreadcrumbList\",\"@id\":\"https:\/\/rma.legal\/en\/registrar-me-han-dicho-que-no-sirve-para-nada\/#breadcrumb\",\"itemListElement\":[{\"@type\":\"ListItem\",\"position\":1,\"name\":\"Portada\",\"item\":\"https:\/\/rma.legal\/en\/\"},{\"@type\":\"ListItem\",\"position\":2,\"name\":\"\u00bfRegistrar? Me han dicho que no sirve para nada\"}]},{\"@type\":\"WebSite\",\"@id\":\"https:\/\/rma.legal\/en\/#website\",\"url\":\"https:\/\/rma.legal\/en\/\",\"name\":\"RMA Attorneys at Law\",\"description\":\"RMA Legal Attorneys\",\"publisher\":{\"@id\":\"https:\/\/rma.legal\/en\/#organization\"},\"potentialAction\":[{\"@type\":\"SearchAction\",\"target\":{\"@type\":\"EntryPoint\",\"urlTemplate\":\"https:\/\/rma.legal\/en\/?s={search_term_string}\"},\"query-input\":{\"@type\":\"PropertyValueSpecification\",\"valueRequired\":true,\"valueName\":\"search_term_string\"}}],\"inLanguage\":\"en-US\"},{\"@type\":\"Organization\",\"@id\":\"https:\/\/rma.legal\/en\/#organization\",\"name\":\"RMA Attorneys at Law\",\"url\":\"https:\/\/rma.legal\/en\/\",\"logo\":{\"@type\":\"ImageObject\",\"inLanguage\":\"en-US\",\"@id\":\"https:\/\/rma.legal\/en\/#\/schema\/logo\/image\/\",\"url\":\"https:\/\/rma.legal\/wp-content\/uploads\/2025\/02\/Logo-rma-legal-invertido-footer-c-1.png\",\"contentUrl\":\"https:\/\/rma.legal\/wp-content\/uploads\/2025\/02\/Logo-rma-legal-invertido-footer-c-1.png\",\"width\":300,\"height\":125,\"caption\":\"RMA Attorneys at Law\"},\"image\":{\"@id\":\"https:\/\/rma.legal\/en\/#\/schema\/logo\/image\/\"}},{\"@type\":\"Person\",\"@id\":\"https:\/\/rma.legal\/en\/#\/schema\/person\/a4e1a584fe52b11a745060a7e9555336\",\"name\":\"Rosa Martinez Brines\",\"image\":{\"@type\":\"ImageObject\",\"inLanguage\":\"en-US\",\"@id\":\"https:\/\/rma.legal\/en\/#\/schema\/person\/image\/\",\"url\":\"https:\/\/secure.gravatar.com\/avatar\/49ea18deea83f04a80464587e6edea1a4988c405631c31d3a76b657cc4da1334?s=96&d=mm&r=g\",\"contentUrl\":\"https:\/\/secure.gravatar.com\/avatar\/49ea18deea83f04a80464587e6edea1a4988c405631c31d3a76b657cc4da1334?s=96&d=mm&r=g\",\"caption\":\"Rosa Martinez Brines\"},\"url\":\"https:\/\/rma.legal\/en\/author\/rosa-martinez-brines\/\"}]}<\/script>\n<!-- \/ Yoast SEO plugin. -->","yoast_head_json":{"title":"\u00bfRegistrar? Me han dicho que no sirve para nada - RMA Attorneys at Law","robots":{"index":"index","follow":"follow","max-snippet":"max-snippet:-1","max-image-preview":"max-image-preview:large","max-video-preview":"max-video-preview:-1"},"canonical":"https:\/\/rma.legal\/en\/registrar-me-han-dicho-que-no-sirve-para-nada\/","og_locale":"en_US","og_type":"article","og_title":"\u00bfRegistrar? Me han dicho que no sirve para nada - RMA Attorneys at Law","og_description":"&#8220;\u00bfRegistrar? Me han dicho que no sirve para nada&#8221; Este fue el comentario de uno de los j\u00f3venes dise\u00f1adores que hace unos d\u00edas participaron en el\u00a0Design Market que organiza\u00a0cada Navidad el FAD en Barcelona, un maravilloso y bullicioso bazar de talento y creatividad desbordantes que recomiendo visitar, en una conversaci\u00f3n que mantuvimos sobre c\u00f3mo proteger [&hellip;]","og_url":"https:\/\/rma.legal\/en\/registrar-me-han-dicho-que-no-sirve-para-nada\/","og_site_name":"RMA Attorneys at Law","article_published_time":"2022-12-29T12:41:44+00:00","article_modified_time":"2025-09-15T16:01:41+00:00","og_image":[{"width":440,"height":255,"url":"https:\/\/rma.legal\/wp-content\/uploads\/2024\/01\/rma-logo-hexagono.png","type":"image\/png"}],"author":"Rosa Martinez Brines","twitter_card":"summary_large_image","twitter_misc":{"Written by":"Rosa Martinez Brines","Est. reading time":"4 minutes"},"schema":{"@context":"https:\/\/schema.org","@graph":[{"@type":"Article","@id":"https:\/\/rma.legal\/en\/registrar-me-han-dicho-que-no-sirve-para-nada\/#article","isPartOf":{"@id":"https:\/\/rma.legal\/en\/registrar-me-han-dicho-que-no-sirve-para-nada\/"},"author":{"name":"Rosa Martinez Brines","@id":"https:\/\/rma.legal\/en\/#\/schema\/person\/a4e1a584fe52b11a745060a7e9555336"},"headline":"\u00bfRegistrar? Me han dicho que no sirve para nada","datePublished":"2022-12-29T12:41:44+00:00","dateModified":"2025-09-15T16:01:41+00:00","mainEntityOfPage":{"@id":"https:\/\/rma.legal\/en\/registrar-me-han-dicho-que-no-sirve-para-nada\/"},"wordCount":874,"publisher":{"@id":"https:\/\/rma.legal\/en\/#organization"},"image":{"@id":"https:\/\/rma.legal\/en\/registrar-me-han-dicho-que-no-sirve-para-nada\/#primaryimage"},"thumbnailUrl":"https:\/\/rma.legal\/wp-content\/uploads\/2024\/01\/rma-logo-hexagono-300x174.png","articleSection":["Sin categor\u00eda"],"inLanguage":"en-US"},{"@type":"WebPage","@id":"https:\/\/rma.legal\/en\/registrar-me-han-dicho-que-no-sirve-para-nada\/","url":"https:\/\/rma.legal\/en\/registrar-me-han-dicho-que-no-sirve-para-nada\/","name":"\u00bfRegistrar? Me han dicho que no sirve para nada - RMA Attorneys at Law","isPartOf":{"@id":"https:\/\/rma.legal\/en\/#website"},"primaryImageOfPage":{"@id":"https:\/\/rma.legal\/en\/registrar-me-han-dicho-que-no-sirve-para-nada\/#primaryimage"},"image":{"@id":"https:\/\/rma.legal\/en\/registrar-me-han-dicho-que-no-sirve-para-nada\/#primaryimage"},"thumbnailUrl":"https:\/\/rma.legal\/wp-content\/uploads\/2024\/01\/rma-logo-hexagono-300x174.png","datePublished":"2022-12-29T12:41:44+00:00","dateModified":"2025-09-15T16:01:41+00:00","breadcrumb":{"@id":"https:\/\/rma.legal\/en\/registrar-me-han-dicho-que-no-sirve-para-nada\/#breadcrumb"},"inLanguage":"en-US","potentialAction":[{"@type":"ReadAction","target":["https:\/\/rma.legal\/en\/registrar-me-han-dicho-que-no-sirve-para-nada\/"]}]},{"@type":"ImageObject","inLanguage":"en-US","@id":"https:\/\/rma.legal\/en\/registrar-me-han-dicho-que-no-sirve-para-nada\/#primaryimage","url":"https:\/\/rma.legal\/wp-content\/uploads\/2024\/01\/rma-logo-hexagono-300x174.png","contentUrl":"https:\/\/rma.legal\/wp-content\/uploads\/2024\/01\/rma-logo-hexagono-300x174.png"},{"@type":"BreadcrumbList","@id":"https:\/\/rma.legal\/en\/registrar-me-han-dicho-que-no-sirve-para-nada\/#breadcrumb","itemListElement":[{"@type":"ListItem","position":1,"name":"Portada","item":"https:\/\/rma.legal\/en\/"},{"@type":"ListItem","position":2,"name":"\u00bfRegistrar? Me han dicho que no sirve para nada"}]},{"@type":"WebSite","@id":"https:\/\/rma.legal\/en\/#website","url":"https:\/\/rma.legal\/en\/","name":"RMA Attorneys at Law","description":"RMA Legal Attorneys","publisher":{"@id":"https:\/\/rma.legal\/en\/#organization"},"potentialAction":[{"@type":"SearchAction","target":{"@type":"EntryPoint","urlTemplate":"https:\/\/rma.legal\/en\/?s={search_term_string}"},"query-input":{"@type":"PropertyValueSpecification","valueRequired":true,"valueName":"search_term_string"}}],"inLanguage":"en-US"},{"@type":"Organization","@id":"https:\/\/rma.legal\/en\/#organization","name":"RMA Attorneys at Law","url":"https:\/\/rma.legal\/en\/","logo":{"@type":"ImageObject","inLanguage":"en-US","@id":"https:\/\/rma.legal\/en\/#\/schema\/logo\/image\/","url":"https:\/\/rma.legal\/wp-content\/uploads\/2025\/02\/Logo-rma-legal-invertido-footer-c-1.png","contentUrl":"https:\/\/rma.legal\/wp-content\/uploads\/2025\/02\/Logo-rma-legal-invertido-footer-c-1.png","width":300,"height":125,"caption":"RMA Attorneys at Law"},"image":{"@id":"https:\/\/rma.legal\/en\/#\/schema\/logo\/image\/"}},{"@type":"Person","@id":"https:\/\/rma.legal\/en\/#\/schema\/person\/a4e1a584fe52b11a745060a7e9555336","name":"Rosa Martinez Brines","image":{"@type":"ImageObject","inLanguage":"en-US","@id":"https:\/\/rma.legal\/en\/#\/schema\/person\/image\/","url":"https:\/\/secure.gravatar.com\/avatar\/49ea18deea83f04a80464587e6edea1a4988c405631c31d3a76b657cc4da1334?s=96&d=mm&r=g","contentUrl":"https:\/\/secure.gravatar.com\/avatar\/49ea18deea83f04a80464587e6edea1a4988c405631c31d3a76b657cc4da1334?s=96&d=mm&r=g","caption":"Rosa Martinez Brines"},"url":"https:\/\/rma.legal\/en\/author\/rosa-martinez-brines\/"}]}},"_links":{"self":[{"href":"https:\/\/rma.legal\/en\/wp-json\/wp\/v2\/posts\/26845","targetHints":{"allow":["GET"]}}],"collection":[{"href":"https:\/\/rma.legal\/en\/wp-json\/wp\/v2\/posts"}],"about":[{"href":"https:\/\/rma.legal\/en\/wp-json\/wp\/v2\/types\/post"}],"author":[{"embeddable":true,"href":"https:\/\/rma.legal\/en\/wp-json\/wp\/v2\/users\/7"}],"replies":[{"embeddable":true,"href":"https:\/\/rma.legal\/en\/wp-json\/wp\/v2\/comments?post=26845"}],"version-history":[{"count":3,"href":"https:\/\/rma.legal\/en\/wp-json\/wp\/v2\/posts\/26845\/revisions"}],"predecessor-version":[{"id":32044,"href":"https:\/\/rma.legal\/en\/wp-json\/wp\/v2\/posts\/26845\/revisions\/32044"}],"wp:attachment":[{"href":"https:\/\/rma.legal\/en\/wp-json\/wp\/v2\/media?parent=26845"}],"wp:term":[{"taxonomy":"category","embeddable":true,"href":"https:\/\/rma.legal\/en\/wp-json\/wp\/v2\/categories?post=26845"},{"taxonomy":"post_tag","embeddable":true,"href":"https:\/\/rma.legal\/en\/wp-json\/wp\/v2\/tags?post=26845"}],"curies":[{"name":"wp","href":"https:\/\/api.w.org\/{rel}","templated":true}]}}