{"id":26685,"date":"2022-04-29T09:46:38","date_gmt":"2022-04-29T09:46:38","guid":{"rendered":"http:\/\/rma.legal\/?p=26685"},"modified":"2025-09-15T16:20:03","modified_gmt":"2025-09-15T16:20:03","slug":"alcance-de-proteccion-de-las-denominaciones-de-origen-mas-madera","status":"publish","type":"post","link":"https:\/\/rma.legal\/en\/alcance-de-proteccion-de-las-denominaciones-de-origen-mas-madera\/","title":{"rendered":"Alcance de protecci\u00f3n de las Denominaciones de Origen. \u00a1M\u00e1s madera!"},"content":{"rendered":"<p><img decoding=\"async\" class=\"alignnone size-full wp-image-26686 aligncenter\" src=\"https:\/\/rma.legal\/wp-content\/uploads\/2022\/04\/doq-priorat-nou-logo-300.png\" alt=\"\" width=\"300\" height=\"93\" \/><\/p>\n<ul>\n<li><span style=\"color: #a42400;\"><strong>Protecci\u00f3n de las DOP: m\u00e1s alcance que las marcas<\/strong><\/span><\/li>\n<\/ul>\n<p>Hablar sobre las <strong>Denominaciones de Origen Protegidas (DOP)<\/strong> viene siendo bastante recurrente en nuestro blog (s\u00ed, nos encanta y adem\u00e1s est\u00e1, como se dice, de \u201crabiosa actualidad\u201d) y nos hemos venido haciendo eco de diferente jurisprudencia sobre la materia, b\u00e1sicamente del Tribunal de Justicia de la Uni\u00f3n Europea (TJUE), que ha servido para clarificar el verdadero y real alcance de protecci\u00f3n de este, a veces poco conocido, derecho de propiedad industrial.<\/p>\n<p>En este sentido, se constata que <strong>la protecci\u00f3n de las DOP va incluso m\u00e1s all\u00e1 de la que se otorga a las marcas<\/strong>, pues sobrepasa el concepto de \u201criesgo de confusi\u00f3n\u201d, determinante en \u00e9stas, al tener que atenderse a otros factores relevantes como la utilizaci\u00f3n directa o indirecta de la DO, su evocaci\u00f3n, si se est\u00e1 en presencia de una indicaci\u00f3n falsa o enga\u00f1osa o si se trata de cualquier otra pr\u00e1ctica que pueda inducir a error al consumidor acerca del verdadero origen del producto.<\/p>\n<ul>\n<li><span style=\"color: #a42400;\"><strong>Reciente sentencia sobre la DOQ Priorat\/Priorato: antecedentes<\/strong><\/span><\/li>\n<\/ul>\n<p>Pues bien, queremos referirnos a una reciente sentencia sobre un caso en el que hemos tenido el placer de asistir a la DO Priorat\/Priorato en calidad de parte demandante. Nos referimos a la <strong>Sentencia\u00a0de la Audiencia Provincial de Barcelona n\u00ba 526\/2022<\/strong>, de 22\/03\/2022, y de la que ha sido Ponente la Ilma. Magistrada. Sra. Marta Cervera Mart\u00ednez (aqu\u00ed:\u00a0<a href=\"http:\/\/rma.legal\/wp-content\/uploads\/2022\/04\/SAP-BCN-22-03-22-PRIORAT-PRIORATO-RAZAMONDE.pdf\" target=\"_blank\" rel=\"noopener\">SAP BCN 22-03-22 (PRIORAT &#8211; PRIORATO RAZAMONDE)<\/a>)<\/p>\n<p>Aun cuando dicha sentencia no es firme por haberse interpuesto frente a la misma recurso de casaci\u00f3n, consideramos de inter\u00e9s comentarla dada la importancia de sus conclusiones, que entendemos perfectamente acordes con la citada jurisprudencia del TJUE.<\/p>\n<p>Se trata de un conflicto que enfrenta al Consejo Regulador de la citada Denominaci\u00f3n de Origen Calificada Priorat\/Priorato frente a una bodega gallega adscrita en la DO Ribeiro que utiliza el signo PRIORATO DE RAZAMONDE tanto para distinguir unos concretos vinos, como asimismo denominaci\u00f3n social, nombre comercial y nombre de dominio.<\/p>\n<p><strong>Deb\u00eda pues dilucidarse si la inclusi\u00f3n del t\u00e9rmino PRIORATO (unido al localizador \u201cDE RAZAMONDE\u201d) pod\u00eda considerarse infractor de las disposiciones reguladoras de las DOP. <\/strong><\/p>\n<ul>\n<li><span style=\"color: #a42400;\"><strong>Infracci\u00f3n por uso comercial directo (en los vinos) e indirecto (en web y denominaci\u00f3n social)<\/strong><\/span><\/li>\n<\/ul>\n<p>Siguiendo nuestra tesis, la expresada sentencia concluye que concurre dicha infracci\u00f3n, si bien, y esto es lo relevante, lo hace tras proceder a un riguroso an\u00e1lisis de los preceptos legales aplicables, particularmente del art. 103 del <a href=\"https:\/\/www.boe.es\/doue\/2013\/347\/L00671-00854.pdf\" target=\"_blank\" rel=\"noopener\">Reglamento n\u00ba 1308\/2013\/UE<\/a> del Parlamento Europeo y del Consejo, y despu\u00e9s de examinar individualmente cada uno de los diferentes supuestos contemplados en dicho art\u00edculo.<\/p>\n<p>De esta forma considera que el supuesto de hecho objeto de discusi\u00f3n encajar\u00eda en el apartado 2, letra a), inciso i), del mencionado art. 103, por concurrir una clara <strong>utilizaci\u00f3n directa<\/strong> de la DOP, toda vez que <em>\u201cel signo utilizado por la demandada Priorato de Razamonde <strong>reproduce \u00edntegramente la denominaci\u00f3n de origen protegida<\/strong>, Priorato, por lo que entendemos que estamos ante un <strong>uso comercial directo de la DOP<\/strong> mediante la utilizaci\u00f3n de una denominaci\u00f3n id\u00e9ntica, desde el punto de vista visual y fon\u00e9tico respecto de productos comparables que no se ajustan al pliego de condiciones del nombre protegido\u201d<\/em>. No obstante, entiende que tambi\u00e9n puede sostenerse la <strong>utilizaci\u00f3n indirecta<\/strong> cuando la misma acontece no en los productos sino por ejemplo en la p\u00e1gina web, en la denominaci\u00f3n social o en el nombre de dominio asimismo usado por la bodega demandada.<\/p>\n<p>Afirma adem\u00e1s la sentencia que: <em>\u201ceste uso comercial directo e indirecto de la DOP conlleva que la proximidad sea tal que debamos hablar de <strong>aprovechamiento de la reputaci\u00f3n de la denominaci\u00f3n de origen<\/strong>\u201d, <\/em>por lo que tambi\u00e9n habr\u00eda infracci\u00f3n del art\u00edculo 103.2.a.ii) del Reglamento.<\/p>\n<p>Pero la sentencia comentada no se detiene aqu\u00ed y a\u00f1ade:<\/p>\n<p><em>La infracci\u00f3n conforme al art\u00edculo 103.2.a) del Reglamento excluye que podamos hablar del comportamiento infractor del art\u00edculo 103.2.b), <strong>infracci\u00f3n por evocaci\u00f3n<\/strong>, puesto que, como indica el TJUE en la Sentencia de 9 de septiembre de 2021, asunto C-783\/19, los comportamientos comprendidos en el \u00e1mbito de aplicaci\u00f3n del art\u00edculo 103, apartado 2, letra b), de dicho Reglamento no utilizan ni directa ni indirectamente la propia denominaci\u00f3n protegida, sino que la evocan de tal manera que el consumidor establece un v\u00ednculo suficiente de proximidad con esa denominaci\u00f3n.<\/em><\/p>\n<p><em>Tampoco resultar\u00eda de aplicaci\u00f3n el comportamiento infractor del art\u00edculo 103, apartado 2, letra c), cuya diferencias con los que le preceden se explican con claridad en la STJUE de 7 de junio de 2018, asunto C-44\/17, donde se precisa que ese apartado hace referencia a \u00abcualquier <strong>otra indicaci\u00f3n<\/strong>\u00bb, es decir, las informaciones facilitadas a los consumidores, que figuran en la designaci\u00f3n, presentaci\u00f3n o etiquetado del producto en cuesti\u00f3n, que, aunque no evoquen realmente la indicaci\u00f3n geogr\u00e1fica protegida, puedan considerarse \u00ab<strong>falsa[s] o enga\u00f1osa[s]<\/strong>\u00bb a la luz de los v\u00ednculos que el producto presenta con ella. Finalmente se excluye la infracci\u00f3n por la cl\u00e1usula de cierre prevista en el art\u00edculo 103, apartado 2, letra d), referida a <strong>cualquier otra pr\u00e1ctica que pueda inducir a error al consumidor acerca del verdadero origen del producto<\/strong>, puesto que no se ha denunciado una \u201cpr\u00e1ctica\u201d sino un uso comercial de la DOP.<\/em><\/p>\n<p><em>\u00a0<\/em><\/p>\n<ul>\n<li><span style=\"color: #a42400;\"><strong>Condena a cesar en el uso del signo \u201cPRIORATO\u201d.<\/strong><\/span><\/li>\n<\/ul>\n<p>Consecuencia de tales consideraciones es el total <strong>acogimiento de las pretensiones de la DO Priorat<\/strong>, entre las que cabe destacar la condena a la demandada:<\/p>\n<p>&#8211; a cesar en el uso del signo PRIORATO DE RAZAMONDE como marca, como nombre comercial o nombre de dominio, debiendo proceder a la modificaci\u00f3n de su denominaci\u00f3n social y eliminar el t\u00e9rmino PRIORATO,<\/p>\n<p>-a retirar del tr\u00e1fico econ\u00f3mico todas las botellas de vino que incorporen el mencionado signo (est\u00e9n en su poder o en el de sus proveedores o revendedores y a\u00fan no se hubiesen vendido al consumidor final).<\/p>\n<ul>\n<li><span style=\"color: #a42400;\"><strong>Irrelevancia de la marca \u201cde cobertura\u201d.<\/strong><\/span><\/li>\n<\/ul>\n<p>Cierra la sentencia su an\u00e1lisis se\u00f1alando que es indiferente que a la demandada le hubiera sido en su d\u00eda concedida por la EUIPO una Marca de la Uni\u00f3n Europea \u201cPRIORATO DE RAZAMONDE\u201d ya que si, por un lado, la misma incurre claramente en la \u00a0prohibici\u00f3n absoluta del art. 7.1.j) RMUE (por lo que deber\u00eda haberse rechazado de plano), por otro, al ser posterior al registro de la propia DOP, se tratar\u00eda de <strong>un claro registro de cobertura<\/strong> con nulos e inexistentes efectos frente a derechos prioritarios. Adem\u00e1s, en la oposici\u00f3n de la expresada Marca de la Uni\u00f3n Europea solamente se esgrimieron derechos marcarios prioritarios, pero no la propia DO.<\/p>\n<p>Celebramos pues constatar que nuestros Tribunales acogen, con certera t\u00e9cnica, la doctrina que al efecto ha venido estableci\u00e9ndose por el \u00a0TJUE en relaci\u00f3n al contenido y alcance de protecci\u00f3n de las Denominaciones de Origen Protegidas.<\/p>\n<p>Antoni Roman\u00ed, abril 2022<\/p>\n<p><strong><span style=\"color: #a42400;\">RMA Roman\u00ed Mart\u00ednez Alner<\/span><\/strong><\/p>\n","protected":false},"excerpt":{"rendered":"<p>Protecci\u00f3n de las DOP: m\u00e1s alcance que las marcas Hablar sobre las Denominaciones de Origen Protegidas (DOP) viene siendo bastante recurrente en nuestro blog (s\u00ed, nos encanta y adem\u00e1s est\u00e1, como se dice, de \u201crabiosa actualidad\u201d) y nos hemos venido haciendo eco de diferente jurisprudencia sobre la materia, b\u00e1sicamente del Tribunal de Justicia de la [&hellip;]<\/p>\n","protected":false},"author":3,"featured_media":0,"comment_status":"closed","ping_status":"closed","sticky":false,"template":"","format":"standard","meta":{"footnotes":""},"categories":[501],"tags":[13,27,31,40,58,59,76,77,81],"class_list":["post-26685","post","type-post","status-publish","format-standard","hentry","category-sin-categoria-ca","tag-denominaciones-de-origen-ca","tag-euipo-ca","tag-indicaciones-geograficas","tag-marcas-ca","tag-priorat","tag-priorato","tag-tjue","tag-tribunal-de-justicia-de-la-union-europea","tag-vinos"],"yoast_head":"<!-- This site is optimized with the Yoast SEO plugin v25.9 - https:\/\/yoast.com\/wordpress\/plugins\/seo\/ -->\n<title>Alcance de protecci\u00f3n de las Denominaciones de Origen. \u00a1M\u00e1s madera! - RMA Attorneys at Law<\/title>\n<meta name=\"robots\" content=\"index, follow, max-snippet:-1, max-image-preview:large, max-video-preview:-1\" \/>\n<link rel=\"canonical\" href=\"https:\/\/rma.legal\/en\/alcance-de-proteccion-de-las-denominaciones-de-origen-mas-madera\/\" \/>\n<meta property=\"og:locale\" content=\"en_US\" \/>\n<meta property=\"og:type\" content=\"article\" \/>\n<meta property=\"og:title\" content=\"Alcance de protecci\u00f3n de las Denominaciones de Origen. \u00a1M\u00e1s madera! - RMA Attorneys at Law\" \/>\n<meta property=\"og:description\" content=\"Protecci\u00f3n de las DOP: m\u00e1s alcance que las marcas Hablar sobre las Denominaciones de Origen Protegidas (DOP) viene siendo bastante recurrente en nuestro blog (s\u00ed, nos encanta y adem\u00e1s est\u00e1, como se dice, de \u201crabiosa actualidad\u201d) y nos hemos venido haciendo eco de diferente jurisprudencia sobre la materia, b\u00e1sicamente del Tribunal de Justicia de la [&hellip;]\" \/>\n<meta property=\"og:url\" content=\"https:\/\/rma.legal\/en\/alcance-de-proteccion-de-las-denominaciones-de-origen-mas-madera\/\" \/>\n<meta property=\"og:site_name\" content=\"RMA Attorneys at Law\" \/>\n<meta property=\"article:published_time\" content=\"2022-04-29T09:46:38+00:00\" \/>\n<meta property=\"article:modified_time\" content=\"2025-09-15T16:20:03+00:00\" \/>\n<meta property=\"og:image\" content=\"https:\/\/rma.legal\/wp-content\/uploads\/2022\/04\/doq-priorat-nou-logo-300.png\" \/>\n\t<meta property=\"og:image:width\" content=\"300\" \/>\n\t<meta property=\"og:image:height\" content=\"93\" \/>\n\t<meta property=\"og:image:type\" content=\"image\/png\" \/>\n<meta name=\"author\" content=\"Anton\u00ed Roman\u00ed\" \/>\n<meta name=\"twitter:card\" content=\"summary_large_image\" \/>\n<meta name=\"twitter:label1\" content=\"Written by\" \/>\n\t<meta name=\"twitter:data1\" content=\"Anton\u00ed Roman\u00ed\" \/>\n\t<meta name=\"twitter:label2\" content=\"Est. reading time\" \/>\n\t<meta name=\"twitter:data2\" content=\"6 minutes\" \/>\n<script type=\"application\/ld+json\" class=\"yoast-schema-graph\">{\"@context\":\"https:\/\/schema.org\",\"@graph\":[{\"@type\":\"Article\",\"@id\":\"https:\/\/rma.legal\/en\/alcance-de-proteccion-de-las-denominaciones-de-origen-mas-madera\/#article\",\"isPartOf\":{\"@id\":\"https:\/\/rma.legal\/en\/alcance-de-proteccion-de-las-denominaciones-de-origen-mas-madera\/\"},\"author\":{\"name\":\"Anton\u00ed Roman\u00ed\",\"@id\":\"https:\/\/rma.legal\/en\/#\/schema\/person\/b63c3bc485a4ceb80b0f23d3247c6ac3\"},\"headline\":\"Alcance de protecci\u00f3n de las Denominaciones de Origen. \u00a1M\u00e1s madera!\",\"datePublished\":\"2022-04-29T09:46:38+00:00\",\"dateModified\":\"2025-09-15T16:20:03+00:00\",\"mainEntityOfPage\":{\"@id\":\"https:\/\/rma.legal\/en\/alcance-de-proteccion-de-las-denominaciones-de-origen-mas-madera\/\"},\"wordCount\":1211,\"publisher\":{\"@id\":\"https:\/\/rma.legal\/en\/#organization\"},\"image\":{\"@id\":\"https:\/\/rma.legal\/en\/alcance-de-proteccion-de-las-denominaciones-de-origen-mas-madera\/#primaryimage\"},\"thumbnailUrl\":\"https:\/\/rma.legal\/wp-content\/uploads\/2022\/04\/doq-priorat-nou-logo-300.png\",\"keywords\":[\"denominaciones de origen\",\"EUIPO\",\"indicaciones geogr\u00e1ficas\",\"marcas\",\"priorat\",\"priorato\",\"tjue\",\"tribunal de justicia de la union europea\",\"vinos\"],\"articleSection\":[\"Sin categor\u00eda\"],\"inLanguage\":\"en-US\"},{\"@type\":\"WebPage\",\"@id\":\"https:\/\/rma.legal\/en\/alcance-de-proteccion-de-las-denominaciones-de-origen-mas-madera\/\",\"url\":\"https:\/\/rma.legal\/en\/alcance-de-proteccion-de-las-denominaciones-de-origen-mas-madera\/\",\"name\":\"Alcance de protecci\u00f3n de las Denominaciones de Origen. \u00a1M\u00e1s madera! - RMA Attorneys at Law\",\"isPartOf\":{\"@id\":\"https:\/\/rma.legal\/en\/#website\"},\"primaryImageOfPage\":{\"@id\":\"https:\/\/rma.legal\/en\/alcance-de-proteccion-de-las-denominaciones-de-origen-mas-madera\/#primaryimage\"},\"image\":{\"@id\":\"https:\/\/rma.legal\/en\/alcance-de-proteccion-de-las-denominaciones-de-origen-mas-madera\/#primaryimage\"},\"thumbnailUrl\":\"https:\/\/rma.legal\/wp-content\/uploads\/2022\/04\/doq-priorat-nou-logo-300.png\",\"datePublished\":\"2022-04-29T09:46:38+00:00\",\"dateModified\":\"2025-09-15T16:20:03+00:00\",\"breadcrumb\":{\"@id\":\"https:\/\/rma.legal\/en\/alcance-de-proteccion-de-las-denominaciones-de-origen-mas-madera\/#breadcrumb\"},\"inLanguage\":\"en-US\",\"potentialAction\":[{\"@type\":\"ReadAction\",\"target\":[\"https:\/\/rma.legal\/en\/alcance-de-proteccion-de-las-denominaciones-de-origen-mas-madera\/\"]}]},{\"@type\":\"ImageObject\",\"inLanguage\":\"en-US\",\"@id\":\"https:\/\/rma.legal\/en\/alcance-de-proteccion-de-las-denominaciones-de-origen-mas-madera\/#primaryimage\",\"url\":\"https:\/\/rma.legal\/wp-content\/uploads\/2022\/04\/doq-priorat-nou-logo-300.png\",\"contentUrl\":\"https:\/\/rma.legal\/wp-content\/uploads\/2022\/04\/doq-priorat-nou-logo-300.png\"},{\"@type\":\"BreadcrumbList\",\"@id\":\"https:\/\/rma.legal\/en\/alcance-de-proteccion-de-las-denominaciones-de-origen-mas-madera\/#breadcrumb\",\"itemListElement\":[{\"@type\":\"ListItem\",\"position\":1,\"name\":\"Portada\",\"item\":\"https:\/\/rma.legal\/en\/\"},{\"@type\":\"ListItem\",\"position\":2,\"name\":\"Alcance de protecci\u00f3n de las Denominaciones de Origen. \u00a1M\u00e1s madera!\"}]},{\"@type\":\"WebSite\",\"@id\":\"https:\/\/rma.legal\/en\/#website\",\"url\":\"https:\/\/rma.legal\/en\/\",\"name\":\"RMA Attorneys at Law\",\"description\":\"RMA Legal Attorneys\",\"publisher\":{\"@id\":\"https:\/\/rma.legal\/en\/#organization\"},\"potentialAction\":[{\"@type\":\"SearchAction\",\"target\":{\"@type\":\"EntryPoint\",\"urlTemplate\":\"https:\/\/rma.legal\/en\/?s={search_term_string}\"},\"query-input\":{\"@type\":\"PropertyValueSpecification\",\"valueRequired\":true,\"valueName\":\"search_term_string\"}}],\"inLanguage\":\"en-US\"},{\"@type\":\"Organization\",\"@id\":\"https:\/\/rma.legal\/en\/#organization\",\"name\":\"RMA Attorneys at Law\",\"url\":\"https:\/\/rma.legal\/en\/\",\"logo\":{\"@type\":\"ImageObject\",\"inLanguage\":\"en-US\",\"@id\":\"https:\/\/rma.legal\/en\/#\/schema\/logo\/image\/\",\"url\":\"https:\/\/rma.legal\/wp-content\/uploads\/2025\/02\/Logo-rma-legal-invertido-footer-c-1.png\",\"contentUrl\":\"https:\/\/rma.legal\/wp-content\/uploads\/2025\/02\/Logo-rma-legal-invertido-footer-c-1.png\",\"width\":300,\"height\":125,\"caption\":\"RMA Attorneys at Law\"},\"image\":{\"@id\":\"https:\/\/rma.legal\/en\/#\/schema\/logo\/image\/\"}},{\"@type\":\"Person\",\"@id\":\"https:\/\/rma.legal\/en\/#\/schema\/person\/b63c3bc485a4ceb80b0f23d3247c6ac3\",\"name\":\"Anton\u00ed Roman\u00ed\",\"image\":{\"@type\":\"ImageObject\",\"inLanguage\":\"en-US\",\"@id\":\"https:\/\/rma.legal\/en\/#\/schema\/person\/image\/\",\"url\":\"https:\/\/secure.gravatar.com\/avatar\/f934a14d345552e589afbf4971cccbf6e435fea0dbed264e7156edbc39bd634b?s=96&d=mm&r=g\",\"contentUrl\":\"https:\/\/secure.gravatar.com\/avatar\/f934a14d345552e589afbf4971cccbf6e435fea0dbed264e7156edbc39bd634b?s=96&d=mm&r=g\",\"caption\":\"Anton\u00ed Roman\u00ed\"},\"url\":\"https:\/\/rma.legal\/en\/author\/romani-martinez\/\"}]}<\/script>\n<!-- \/ Yoast SEO plugin. -->","yoast_head_json":{"title":"Alcance de protecci\u00f3n de las Denominaciones de Origen. \u00a1M\u00e1s madera! - RMA Attorneys at Law","robots":{"index":"index","follow":"follow","max-snippet":"max-snippet:-1","max-image-preview":"max-image-preview:large","max-video-preview":"max-video-preview:-1"},"canonical":"https:\/\/rma.legal\/en\/alcance-de-proteccion-de-las-denominaciones-de-origen-mas-madera\/","og_locale":"en_US","og_type":"article","og_title":"Alcance de protecci\u00f3n de las Denominaciones de Origen. \u00a1M\u00e1s madera! - RMA Attorneys at Law","og_description":"Protecci\u00f3n de las DOP: m\u00e1s alcance que las marcas Hablar sobre las Denominaciones de Origen Protegidas (DOP) viene siendo bastante recurrente en nuestro blog (s\u00ed, nos encanta y adem\u00e1s est\u00e1, como se dice, de \u201crabiosa actualidad\u201d) y nos hemos venido haciendo eco de diferente jurisprudencia sobre la materia, b\u00e1sicamente del Tribunal de Justicia de la [&hellip;]","og_url":"https:\/\/rma.legal\/en\/alcance-de-proteccion-de-las-denominaciones-de-origen-mas-madera\/","og_site_name":"RMA Attorneys at Law","article_published_time":"2022-04-29T09:46:38+00:00","article_modified_time":"2025-09-15T16:20:03+00:00","og_image":[{"width":300,"height":93,"url":"https:\/\/rma.legal\/wp-content\/uploads\/2022\/04\/doq-priorat-nou-logo-300.png","type":"image\/png"}],"author":"Anton\u00ed Roman\u00ed","twitter_card":"summary_large_image","twitter_misc":{"Written by":"Anton\u00ed Roman\u00ed","Est. reading time":"6 minutes"},"schema":{"@context":"https:\/\/schema.org","@graph":[{"@type":"Article","@id":"https:\/\/rma.legal\/en\/alcance-de-proteccion-de-las-denominaciones-de-origen-mas-madera\/#article","isPartOf":{"@id":"https:\/\/rma.legal\/en\/alcance-de-proteccion-de-las-denominaciones-de-origen-mas-madera\/"},"author":{"name":"Anton\u00ed Roman\u00ed","@id":"https:\/\/rma.legal\/en\/#\/schema\/person\/b63c3bc485a4ceb80b0f23d3247c6ac3"},"headline":"Alcance de protecci\u00f3n de las Denominaciones de Origen. \u00a1M\u00e1s madera!","datePublished":"2022-04-29T09:46:38+00:00","dateModified":"2025-09-15T16:20:03+00:00","mainEntityOfPage":{"@id":"https:\/\/rma.legal\/en\/alcance-de-proteccion-de-las-denominaciones-de-origen-mas-madera\/"},"wordCount":1211,"publisher":{"@id":"https:\/\/rma.legal\/en\/#organization"},"image":{"@id":"https:\/\/rma.legal\/en\/alcance-de-proteccion-de-las-denominaciones-de-origen-mas-madera\/#primaryimage"},"thumbnailUrl":"https:\/\/rma.legal\/wp-content\/uploads\/2022\/04\/doq-priorat-nou-logo-300.png","keywords":["denominaciones de origen","EUIPO","indicaciones geogr\u00e1ficas","marcas","priorat","priorato","tjue","tribunal de justicia de la union europea","vinos"],"articleSection":["Sin categor\u00eda"],"inLanguage":"en-US"},{"@type":"WebPage","@id":"https:\/\/rma.legal\/en\/alcance-de-proteccion-de-las-denominaciones-de-origen-mas-madera\/","url":"https:\/\/rma.legal\/en\/alcance-de-proteccion-de-las-denominaciones-de-origen-mas-madera\/","name":"Alcance de protecci\u00f3n de las Denominaciones de Origen. \u00a1M\u00e1s madera! - RMA Attorneys at Law","isPartOf":{"@id":"https:\/\/rma.legal\/en\/#website"},"primaryImageOfPage":{"@id":"https:\/\/rma.legal\/en\/alcance-de-proteccion-de-las-denominaciones-de-origen-mas-madera\/#primaryimage"},"image":{"@id":"https:\/\/rma.legal\/en\/alcance-de-proteccion-de-las-denominaciones-de-origen-mas-madera\/#primaryimage"},"thumbnailUrl":"https:\/\/rma.legal\/wp-content\/uploads\/2022\/04\/doq-priorat-nou-logo-300.png","datePublished":"2022-04-29T09:46:38+00:00","dateModified":"2025-09-15T16:20:03+00:00","breadcrumb":{"@id":"https:\/\/rma.legal\/en\/alcance-de-proteccion-de-las-denominaciones-de-origen-mas-madera\/#breadcrumb"},"inLanguage":"en-US","potentialAction":[{"@type":"ReadAction","target":["https:\/\/rma.legal\/en\/alcance-de-proteccion-de-las-denominaciones-de-origen-mas-madera\/"]}]},{"@type":"ImageObject","inLanguage":"en-US","@id":"https:\/\/rma.legal\/en\/alcance-de-proteccion-de-las-denominaciones-de-origen-mas-madera\/#primaryimage","url":"https:\/\/rma.legal\/wp-content\/uploads\/2022\/04\/doq-priorat-nou-logo-300.png","contentUrl":"https:\/\/rma.legal\/wp-content\/uploads\/2022\/04\/doq-priorat-nou-logo-300.png"},{"@type":"BreadcrumbList","@id":"https:\/\/rma.legal\/en\/alcance-de-proteccion-de-las-denominaciones-de-origen-mas-madera\/#breadcrumb","itemListElement":[{"@type":"ListItem","position":1,"name":"Portada","item":"https:\/\/rma.legal\/en\/"},{"@type":"ListItem","position":2,"name":"Alcance de protecci\u00f3n de las Denominaciones de Origen. \u00a1M\u00e1s madera!"}]},{"@type":"WebSite","@id":"https:\/\/rma.legal\/en\/#website","url":"https:\/\/rma.legal\/en\/","name":"RMA Attorneys at Law","description":"RMA Legal Attorneys","publisher":{"@id":"https:\/\/rma.legal\/en\/#organization"},"potentialAction":[{"@type":"SearchAction","target":{"@type":"EntryPoint","urlTemplate":"https:\/\/rma.legal\/en\/?s={search_term_string}"},"query-input":{"@type":"PropertyValueSpecification","valueRequired":true,"valueName":"search_term_string"}}],"inLanguage":"en-US"},{"@type":"Organization","@id":"https:\/\/rma.legal\/en\/#organization","name":"RMA Attorneys at Law","url":"https:\/\/rma.legal\/en\/","logo":{"@type":"ImageObject","inLanguage":"en-US","@id":"https:\/\/rma.legal\/en\/#\/schema\/logo\/image\/","url":"https:\/\/rma.legal\/wp-content\/uploads\/2025\/02\/Logo-rma-legal-invertido-footer-c-1.png","contentUrl":"https:\/\/rma.legal\/wp-content\/uploads\/2025\/02\/Logo-rma-legal-invertido-footer-c-1.png","width":300,"height":125,"caption":"RMA Attorneys at Law"},"image":{"@id":"https:\/\/rma.legal\/en\/#\/schema\/logo\/image\/"}},{"@type":"Person","@id":"https:\/\/rma.legal\/en\/#\/schema\/person\/b63c3bc485a4ceb80b0f23d3247c6ac3","name":"Anton\u00ed Roman\u00ed","image":{"@type":"ImageObject","inLanguage":"en-US","@id":"https:\/\/rma.legal\/en\/#\/schema\/person\/image\/","url":"https:\/\/secure.gravatar.com\/avatar\/f934a14d345552e589afbf4971cccbf6e435fea0dbed264e7156edbc39bd634b?s=96&d=mm&r=g","contentUrl":"https:\/\/secure.gravatar.com\/avatar\/f934a14d345552e589afbf4971cccbf6e435fea0dbed264e7156edbc39bd634b?s=96&d=mm&r=g","caption":"Anton\u00ed Roman\u00ed"},"url":"https:\/\/rma.legal\/en\/author\/romani-martinez\/"}]}},"_links":{"self":[{"href":"https:\/\/rma.legal\/en\/wp-json\/wp\/v2\/posts\/26685","targetHints":{"allow":["GET"]}}],"collection":[{"href":"https:\/\/rma.legal\/en\/wp-json\/wp\/v2\/posts"}],"about":[{"href":"https:\/\/rma.legal\/en\/wp-json\/wp\/v2\/types\/post"}],"author":[{"embeddable":true,"href":"https:\/\/rma.legal\/en\/wp-json\/wp\/v2\/users\/3"}],"replies":[{"embeddable":true,"href":"https:\/\/rma.legal\/en\/wp-json\/wp\/v2\/comments?post=26685"}],"version-history":[{"count":2,"href":"https:\/\/rma.legal\/en\/wp-json\/wp\/v2\/posts\/26685\/revisions"}],"predecessor-version":[{"id":32055,"href":"https:\/\/rma.legal\/en\/wp-json\/wp\/v2\/posts\/26685\/revisions\/32055"}],"wp:attachment":[{"href":"https:\/\/rma.legal\/en\/wp-json\/wp\/v2\/media?parent=26685"}],"wp:term":[{"taxonomy":"category","embeddable":true,"href":"https:\/\/rma.legal\/en\/wp-json\/wp\/v2\/categories?post=26685"},{"taxonomy":"post_tag","embeddable":true,"href":"https:\/\/rma.legal\/en\/wp-json\/wp\/v2\/tags?post=26685"}],"curies":[{"name":"wp","href":"https:\/\/api.w.org\/{rel}","templated":true}]}}