{"id":26674,"date":"2022-03-29T11:15:00","date_gmt":"2022-03-29T11:15:00","guid":{"rendered":"http:\/\/rma.legal\/?p=26674"},"modified":"2025-04-15T10:33:21","modified_gmt":"2025-04-15T10:33:21","slug":"copyright-is-in-the-air","status":"publish","type":"post","link":"https:\/\/rma.legal\/en\/copyright-is-in-the-air\/","title":{"rendered":"Copyright is in the air."},"content":{"rendered":"<p><span style=\"color: #a42400;\"><strong>Copyright is in the air<\/strong><\/span><\/p>\n<p>Durante las \u00faltimas semanas se han dado dos sucesos relacionados con <strong>los derechos de autor<\/strong>, aunque, curiosamente y hasta donde he podido ver y leer, en ninguna de las noticias que se hac\u00edan eco de ellos se mencionaban estos derechos. No s\u00e9 si es que los que nos dedicamos a esta materia vemos naves m\u00e1s all\u00e1 de Ori\u00f3n, no dejamos nunca de trabajar o cualquier otra explicaci\u00f3n que pudiera ser a\u00fan peor\u2026<\/p>\n<p>La <a href=\"https:\/\/www.tercerainformacion.es\/articulo\/cultura\/17\/02\/2022\/la-presion-social-logra-paralizar-la-destruccion-de-los-murales-de-artenbitrir-alicante-lart-no-se-toca\/\" target=\"_blank\">primera de las noticias<\/a> tiene que ver con la \u201cdesaparici\u00f3n\u201d de unos murales pintados durante la celebraci\u00f3n del <a href=\"https:\/\/artenbitrir.com\/\" target=\"_blank\">Artenbitrir<\/a> de Petrer, festival de arte en la calle celebrado anualmente en este municipio.<\/p>\n<p><img fetchpriority=\"high\" decoding=\"async\" class=\"alignnone  wp-image-26675 alignleft\" src=\"http:\/\/rma.legal\/wp-content\/uploads\/2022\/03\/mural-ruth-300x145.png\" alt=\"mural ruth\" width=\"348\" height=\"168\" srcset=\"https:\/\/rma.legal\/wp-content\/uploads\/2022\/03\/mural-ruth-300x145.png 300w, https:\/\/rma.legal\/wp-content\/uploads\/2022\/03\/mural-ruth.png 507w\" sizes=\"(max-width: 348px) 100vw, 348px\" \/><\/p>\n<p>&nbsp;<\/p>\n<p>&nbsp;<\/p>\n<p>&nbsp;<\/p>\n<p>&nbsp;<\/p>\n<p>&nbsp;<\/p>\n<p>Foto: Ruth<\/p>\n<p>Al parecer, en una reuni\u00f3n de la comunidad de propietarios se acord\u00f3 restaurar la fachada que conten\u00eda esta obra, lo que inclu\u00eda eliminar los murales mediante la \u201ct\u00e9cnica\u201d de pintar toda la pared de gris. <strong>Esta decisi\u00f3n dio lugar a un interesante debate p\u00fablico en torno al arte en la calle y el sentido colectivo y transformador de la cultura<\/strong>\u2026 <a href=\"https:\/\/www.valledeelda.com\/noticias\/cultura\/39852-los-tres-murales-de-artenbitrir-desapareceran-manana.html\" target=\"_blank\">que acab\u00f3 con la pared de gris<\/a>.<\/p>\n<p><img decoding=\"async\" class=\"alignnone size-medium wp-image-26676\" src=\"http:\/\/rma.legal\/wp-content\/uploads\/2022\/03\/mural-vecinos-300x180.png\" alt=\"mural vecinos\" width=\"300\" height=\"180\" srcset=\"https:\/\/rma.legal\/wp-content\/uploads\/2022\/03\/mural-vecinos-300x180.png 300w, https:\/\/rma.legal\/wp-content\/uploads\/2022\/03\/mural-vecinos.png 489w\" sizes=\"(max-width: 300px) 100vw, 300px\" \/><\/p>\n<p>Foto J.C.<\/p>\n<p><a href=\"https:\/\/www.lavanguardia.com\/cribeo\/cultura\/20220324\/8148782\/decora-sin-permiso-ermita-protegida-alcoy-jesus-cees-san-critobal.html\" target=\"_blank\">La segunda de las noticias<\/a> es la \u201cdecoraci\u00f3n inconsentida\u201d de una ermita ubicada en la sierra de Mariola en Alcoi por parte del pintor Jes\u00fas Cees. Seg\u00fan se ha informado, el pintor plante\u00f3 un proyecto al Ayuntamiento para pintar la ermita de San Crist\u00f3bal, la Administraci\u00f3n lo rechaz\u00f3 por tratarse de un Bien de Relevancia Local pero, seg\u00fan el pintor, la \u201cinspiraci\u00f3n fue m\u00e1s fuerte\u201d que la decisi\u00f3n administrativa y no pudo evitar reflejar su esp\u00edritu creativo en la ermita. Todo conduce a pensar que el pintor ser\u00e1 sancionado y su pintura eliminada.<\/p>\n<p><img decoding=\"async\" class=\"alignnone size-medium wp-image-26678\" src=\"http:\/\/rma.legal\/wp-content\/uploads\/2022\/03\/ermita-300x147.png\" alt=\"ermita\" width=\"300\" height=\"147\" srcset=\"https:\/\/rma.legal\/wp-content\/uploads\/2022\/03\/ermita-300x147.png 300w, https:\/\/rma.legal\/wp-content\/uploads\/2022\/03\/ermita.png 544w\" sizes=\"(max-width: 300px) 100vw, 300px\" \/><\/p>\n<p>&nbsp;<\/p>\n<p>No indicamos el autor o la autora de la fotograf\u00eda porque en el peri\u00f3dico donde hemos localizado la noticia \u00fanicamente se indica \u201cRRSS\u201d (entendemos origen en Redes Sociales), lo que dar\u00eda para otro post\u2026<\/p>\n<p>Pues bien, e<strong>n ambos casos nos encontramos con la incorporaci\u00f3n de una obra de propiedad intelectual (pintura) a soportes preexistentes, esto es, edificios.<\/strong><\/p>\n<p>Obviamente, la situaci\u00f3n en uno y otro caso es bien diferente ya que mientras el mural se entiende que fue realizado con consentimiento de la propiedad, que habr\u00eda prestado su fachada para la celebraci\u00f3n del festival, la pintura de la ermita es indiscutido que se hizo sin la autorizaci\u00f3n de su responsable. Ello hace que la posici\u00f3n de los autores o las autoras de las pinturas en ambas situaciones sea bien diferente.<\/p>\n<p><strong>Uno de los derechos morales reconocidos a los autores y las autoras es el del derecho a la integridad de la obra<\/strong> (<a href=\"https:\/\/noticias.juridicas.com\/base_datos\/Admin\/rdleg1-1996.l1t2.html#a14\" target=\"_blank\">art. 14 LPI<\/a>), que les permite exigir que \u00e9sta no se modifique , siendo un derecho irrenunciable e intransmisible. Esto significa que, por mucho que \u201cla propiedad del soporte\u201d haya cambiado de opini\u00f3n, desde el momento en que se crea la obra, aquella dejar\u00e1 de tener una disponibilidad absoluta sobre \u00e9sta, estando su voluntad de modificar \u201cel soporte\u201d supeditada al consentimiento de los autores o las autoras y al respeto a sus derechos.<\/p>\n<p>Puede parecer que es un supuesto muy frecuente, o al menos no debe serlo que llegue a un debate judicial. Sin embargo, hemos localizado una r<strong>eciente <a href=\"https:\/\/www.poderjudicial.es\/search\/AN\/openDocument\/587bf9fc594903d1\/20211222\" target=\"_blank\">sentencia<\/a> del Juzgado de lo Mercantil n\u00ba 3 de Valencia<\/strong>, dictada por el <strong>Magistrado Don Eduardo Pastor Mart\u00ednez<\/strong> el pasado 15 de octubre de 2021 en la que se debat\u00eda sobre el derecho de la propiedad de una escultura a modificarla sin la autorizaci\u00f3n del escultor, resolvi\u00e9ndose que la siguiente modificaci\u00f3n atentaba contra el derecho a la integridad de la obra:<\/p>\n<p><img loading=\"lazy\" decoding=\"async\" class=\"alignnone size-medium wp-image-26679\" src=\"http:\/\/rma.legal\/wp-content\/uploads\/2022\/03\/escultura-original-137x300.png\" alt=\"escultura original\" width=\"137\" height=\"300\" srcset=\"https:\/\/rma.legal\/wp-content\/uploads\/2022\/03\/escultura-original-137x300.png 137w, https:\/\/rma.legal\/wp-content\/uploads\/2022\/03\/escultura-original.png 165w\" sizes=\"(max-width: 137px) 100vw, 137px\" \/><img loading=\"lazy\" decoding=\"async\" class=\"alignnone size-medium wp-image-26677\" src=\"http:\/\/rma.legal\/wp-content\/uploads\/2022\/03\/esculturas-140x300.png\" alt=\"esculturas\" width=\"140\" height=\"300\" srcset=\"https:\/\/rma.legal\/wp-content\/uploads\/2022\/03\/esculturas-140x300.png 140w, https:\/\/rma.legal\/wp-content\/uploads\/2022\/03\/esculturas.png 169w\" sizes=\"(max-width: 140px) 100vw, 140px\" \/><\/p>\n<p>Como suele decirse, una imagen (o dos) vale(n) m\u00e1s que mil palabras \u2026<\/p>\n<p>En dicha sentencia, de manera bastante di\u00e1fana, se indica que <em>\u201c<strong>las obras art\u00edsticas tienen un due\u00f1o, en un sentido perfectamente dominical, pero antes de eso tambi\u00e9n tienen un autor. Y los derechos morales del autor conviven con los derechos dominicales que asisten al due\u00f1o de la obra, de manera que el due\u00f1o de la obra, pese a que nadie discuta su condici\u00f3n de due\u00f1o, no puede hacer con esa obra lo que se le antoje.\u201d<\/strong><\/em><\/p>\n<p>A la vista de esta regulaci\u00f3n se nos plantea la duda razonable de si los autores y autoras del mural de Petrer esgrimieron su derecho a la integridad de la obra frente a la voluntad \u201crestauradora\u201d de la propiedad del inmueble porque entendemos que, a\u00fan en el caso de que esta posibilidad se hubiera previsto contractualmente, parece claro que dicha cl\u00e1usula ser\u00eda nula dada la naturaleza irrenunciable e intransferible de este derecho. Entendemos que, si se hubiera hecho, la propiedad no podr\u00eda, o al menos deber\u00eda, haber decidido unilateralmente pintar el muro de gris.<\/p>\n<p>Esta \u201cpol\u00e9mica\u201d puede que no tarde en darse en otros lugares ya que es evidente que <strong>en los \u00faltimos a\u00f1os se est\u00e1n convirtiendo numerosos muros de edificios en lienzos donde diferentes artistas puedan desarrollar su creatividad y, al mismo tiempo, embellecer y alegrar las ciudades.<\/strong> As\u00ed que atentos a las actas de las reuniones de comunidades de propietarios\u2026<\/p>\n<p>En el caso de la ermita, como dec\u00edamos, el supuesto es diferente ya que a pesar de que Jes\u00fas Cees tendr\u00eda derecho a que no se modifique su obra, en la medida en que \u00e9sta se ha realizado sobre la ermita sin el debido consentimiento, el responsable de la ermita puede exigir que se eliminen las pinturas. Ser\u00eda un supuesto semejante al de las esculturas de la sentencia citada, la \u201csegunda versi\u00f3n\u201d tambi\u00e9n podr\u00eda ser considerada una obra art\u00edstica y tener su derecho a la integridad, pero en tanto \u00e9sta se ha realizado sin el consentimiento del autor de la primera escultura, deben prevalecer los derechos de \u00e9sta sobre los de aquella.<\/p>\n<p>Como ya os habr\u00e9is dado cuenta, <strong>desde el punto de vista del derecho de autor existe una diferencia:<\/strong> en el caso de la escultura quien demanda es el escultor, mientras parece claro que el autor de una ermita del siglo XIV no podr\u00e1 decir mucho en el 2022 \u2026 Sin embargo, esto no impide que al ser el derecho moral un derecho sin l\u00edmite temporal, la Administraci\u00f3n est\u00e9 legitimada para ejercer y defender el derecho a la integridad de la obra (<a href=\"https:\/\/noticias.juridicas.com\/base_datos\/Admin\/rdleg1-1996.l1t2.html#a16\" target=\"_blank\">art. 16 LPI<\/a>) aunque probablemente no necesite recurrir al derecho de autor para conseguir el mismo objetivo.<\/p>\n<p>Este razonamiento nos hace ver que tambi\u00e9n existe un derecho a la integridad de la obra en la ermita y que quiz\u00e1s este derecho moral podr\u00eda tenerse en cuenta m\u00e1s de lo que se hace \u2026 Eso o que, como os dec\u00eda, \u201c<strong>copyright is in the air and everywhere<\/strong>\u201d \u2026.<\/p>\n<p>Jose Mora, marzo 2002<\/p>\n<p><span style=\"color: #a42400;\"><strong>RMA Roman\u00ed Mart\u00ednez Alner<\/strong><\/span><\/p>\n","protected":false},"excerpt":{"rendered":"<p>Copyright is in the air Durante las \u00faltimas semanas se han dado dos sucesos relacionados con los derechos de autor, aunque, curiosamente y hasta donde he podido ver y leer, en ninguna de las noticias que se hac\u00edan eco de ellos se mencionaban estos derechos. No s\u00e9 si es que los que nos dedicamos a [&hellip;]<\/p>\n","protected":false},"author":10,"featured_media":0,"comment_status":"closed","ping_status":"closed","sticky":false,"template":"","format":"standard","meta":{"footnotes":""},"categories":[103],"tags":[14],"class_list":["post-26674","post","type-post","status-publish","format-standard","hentry","category-sin-categoria","tag-derecho-a-la-integridad-derechos-morales-derechos-de-autor-propiedad-intelectual-copyright"],"yoast_head":"<!-- This site is optimized with the Yoast SEO plugin v25.9 - https:\/\/yoast.com\/wordpress\/plugins\/seo\/ -->\n<title>Copyright is in the air. - RMA Attorneys at Law<\/title>\n<meta name=\"robots\" content=\"index, follow, max-snippet:-1, max-image-preview:large, max-video-preview:-1\" \/>\n<link rel=\"canonical\" href=\"https:\/\/rma.legal\/en\/copyright-is-in-the-air\/\" \/>\n<meta property=\"og:locale\" content=\"en_US\" \/>\n<meta property=\"og:type\" content=\"article\" \/>\n<meta property=\"og:title\" content=\"Copyright is in the air. - RMA Attorneys at Law\" \/>\n<meta property=\"og:description\" content=\"Copyright is in the air Durante las \u00faltimas semanas se han dado dos sucesos relacionados con los derechos de autor, aunque, curiosamente y hasta donde he podido ver y leer, en ninguna de las noticias que se hac\u00edan eco de ellos se mencionaban estos derechos. No s\u00e9 si es que los que nos dedicamos a [&hellip;]\" \/>\n<meta property=\"og:url\" content=\"https:\/\/rma.legal\/en\/copyright-is-in-the-air\/\" \/>\n<meta property=\"og:site_name\" content=\"RMA Attorneys at Law\" \/>\n<meta property=\"article:published_time\" content=\"2022-03-29T11:15:00+00:00\" \/>\n<meta property=\"article:modified_time\" content=\"2025-04-15T10:33:21+00:00\" \/>\n<meta property=\"og:image\" content=\"http:\/\/rma.legal\/wp-content\/uploads\/2022\/03\/mural-ruth-300x145.png\" \/>\n<meta name=\"author\" content=\"Jose Mora\" \/>\n<meta name=\"twitter:card\" content=\"summary_large_image\" \/>\n<meta name=\"twitter:label1\" content=\"Written by\" \/>\n\t<meta name=\"twitter:data1\" content=\"Jose Mora\" \/>\n\t<meta name=\"twitter:label2\" content=\"Est. reading time\" \/>\n\t<meta name=\"twitter:data2\" content=\"6 minutes\" \/>\n<script type=\"application\/ld+json\" class=\"yoast-schema-graph\">{\"@context\":\"https:\/\/schema.org\",\"@graph\":[{\"@type\":\"Article\",\"@id\":\"https:\/\/rma.legal\/en\/copyright-is-in-the-air\/#article\",\"isPartOf\":{\"@id\":\"https:\/\/rma.legal\/en\/copyright-is-in-the-air\/\"},\"author\":{\"name\":\"Jose Mora\",\"@id\":\"https:\/\/rma.legal\/en\/#\/schema\/person\/2217bc656ad38dc7e02df92e880ec411\"},\"headline\":\"Copyright is in the air.\",\"datePublished\":\"2022-03-29T11:15:00+00:00\",\"dateModified\":\"2025-04-15T10:33:21+00:00\",\"mainEntityOfPage\":{\"@id\":\"https:\/\/rma.legal\/en\/copyright-is-in-the-air\/\"},\"wordCount\":1167,\"publisher\":{\"@id\":\"https:\/\/rma.legal\/en\/#organization\"},\"image\":{\"@id\":\"https:\/\/rma.legal\/en\/copyright-is-in-the-air\/#primaryimage\"},\"thumbnailUrl\":\"http:\/\/rma.legal\/wp-content\/uploads\/2022\/03\/mural-ruth-300x145.png\",\"keywords\":[\"derecho a la integridad; derechos morales; derechos de autor; propiedad intelectual; copyright\"],\"articleSection\":[\"Sin categor\u00eda\"],\"inLanguage\":\"en-US\"},{\"@type\":\"WebPage\",\"@id\":\"https:\/\/rma.legal\/en\/copyright-is-in-the-air\/\",\"url\":\"https:\/\/rma.legal\/en\/copyright-is-in-the-air\/\",\"name\":\"Copyright is in the air. - RMA Attorneys at Law\",\"isPartOf\":{\"@id\":\"https:\/\/rma.legal\/en\/#website\"},\"primaryImageOfPage\":{\"@id\":\"https:\/\/rma.legal\/en\/copyright-is-in-the-air\/#primaryimage\"},\"image\":{\"@id\":\"https:\/\/rma.legal\/en\/copyright-is-in-the-air\/#primaryimage\"},\"thumbnailUrl\":\"http:\/\/rma.legal\/wp-content\/uploads\/2022\/03\/mural-ruth-300x145.png\",\"datePublished\":\"2022-03-29T11:15:00+00:00\",\"dateModified\":\"2025-04-15T10:33:21+00:00\",\"breadcrumb\":{\"@id\":\"https:\/\/rma.legal\/en\/copyright-is-in-the-air\/#breadcrumb\"},\"inLanguage\":\"en-US\",\"potentialAction\":[{\"@type\":\"ReadAction\",\"target\":[\"https:\/\/rma.legal\/en\/copyright-is-in-the-air\/\"]}]},{\"@type\":\"ImageObject\",\"inLanguage\":\"en-US\",\"@id\":\"https:\/\/rma.legal\/en\/copyright-is-in-the-air\/#primaryimage\",\"url\":\"http:\/\/rma.legal\/wp-content\/uploads\/2022\/03\/mural-ruth-300x145.png\",\"contentUrl\":\"http:\/\/rma.legal\/wp-content\/uploads\/2022\/03\/mural-ruth-300x145.png\"},{\"@type\":\"BreadcrumbList\",\"@id\":\"https:\/\/rma.legal\/en\/copyright-is-in-the-air\/#breadcrumb\",\"itemListElement\":[{\"@type\":\"ListItem\",\"position\":1,\"name\":\"Portada\",\"item\":\"https:\/\/rma.legal\/en\/\"},{\"@type\":\"ListItem\",\"position\":2,\"name\":\"Copyright is in the air.\"}]},{\"@type\":\"WebSite\",\"@id\":\"https:\/\/rma.legal\/en\/#website\",\"url\":\"https:\/\/rma.legal\/en\/\",\"name\":\"RMA Attorneys at Law\",\"description\":\"RMA Legal Attorneys\",\"publisher\":{\"@id\":\"https:\/\/rma.legal\/en\/#organization\"},\"potentialAction\":[{\"@type\":\"SearchAction\",\"target\":{\"@type\":\"EntryPoint\",\"urlTemplate\":\"https:\/\/rma.legal\/en\/?s={search_term_string}\"},\"query-input\":{\"@type\":\"PropertyValueSpecification\",\"valueRequired\":true,\"valueName\":\"search_term_string\"}}],\"inLanguage\":\"en-US\"},{\"@type\":\"Organization\",\"@id\":\"https:\/\/rma.legal\/en\/#organization\",\"name\":\"RMA Attorneys at Law\",\"url\":\"https:\/\/rma.legal\/en\/\",\"logo\":{\"@type\":\"ImageObject\",\"inLanguage\":\"en-US\",\"@id\":\"https:\/\/rma.legal\/en\/#\/schema\/logo\/image\/\",\"url\":\"https:\/\/rma.legal\/wp-content\/uploads\/2025\/02\/Logo-rma-legal-invertido-footer-c-1.png\",\"contentUrl\":\"https:\/\/rma.legal\/wp-content\/uploads\/2025\/02\/Logo-rma-legal-invertido-footer-c-1.png\",\"width\":300,\"height\":125,\"caption\":\"RMA Attorneys at Law\"},\"image\":{\"@id\":\"https:\/\/rma.legal\/en\/#\/schema\/logo\/image\/\"}},{\"@type\":\"Person\",\"@id\":\"https:\/\/rma.legal\/en\/#\/schema\/person\/2217bc656ad38dc7e02df92e880ec411\",\"name\":\"Jose Mora\",\"image\":{\"@type\":\"ImageObject\",\"inLanguage\":\"en-US\",\"@id\":\"https:\/\/rma.legal\/en\/#\/schema\/person\/image\/\",\"url\":\"https:\/\/secure.gravatar.com\/avatar\/ddce0375828650929956779177e55b3ec592db516b09cda0d59d5f7e393b0791?s=96&d=mm&r=g\",\"contentUrl\":\"https:\/\/secure.gravatar.com\/avatar\/ddce0375828650929956779177e55b3ec592db516b09cda0d59d5f7e393b0791?s=96&d=mm&r=g\",\"caption\":\"Jose Mora\"},\"url\":\"https:\/\/rma.legal\/en\/author\/jose-mora\/\"}]}<\/script>\n<!-- \/ Yoast SEO plugin. -->","yoast_head_json":{"title":"Copyright is in the air. - RMA Attorneys at Law","robots":{"index":"index","follow":"follow","max-snippet":"max-snippet:-1","max-image-preview":"max-image-preview:large","max-video-preview":"max-video-preview:-1"},"canonical":"https:\/\/rma.legal\/en\/copyright-is-in-the-air\/","og_locale":"en_US","og_type":"article","og_title":"Copyright is in the air. - RMA Attorneys at Law","og_description":"Copyright is in the air Durante las \u00faltimas semanas se han dado dos sucesos relacionados con los derechos de autor, aunque, curiosamente y hasta donde he podido ver y leer, en ninguna de las noticias que se hac\u00edan eco de ellos se mencionaban estos derechos. No s\u00e9 si es que los que nos dedicamos a [&hellip;]","og_url":"https:\/\/rma.legal\/en\/copyright-is-in-the-air\/","og_site_name":"RMA Attorneys at Law","article_published_time":"2022-03-29T11:15:00+00:00","article_modified_time":"2025-04-15T10:33:21+00:00","og_image":[{"url":"http:\/\/rma.legal\/wp-content\/uploads\/2022\/03\/mural-ruth-300x145.png","type":"","width":"","height":""}],"author":"Jose Mora","twitter_card":"summary_large_image","twitter_misc":{"Written by":"Jose Mora","Est. reading time":"6 minutes"},"schema":{"@context":"https:\/\/schema.org","@graph":[{"@type":"Article","@id":"https:\/\/rma.legal\/en\/copyright-is-in-the-air\/#article","isPartOf":{"@id":"https:\/\/rma.legal\/en\/copyright-is-in-the-air\/"},"author":{"name":"Jose Mora","@id":"https:\/\/rma.legal\/en\/#\/schema\/person\/2217bc656ad38dc7e02df92e880ec411"},"headline":"Copyright is in the air.","datePublished":"2022-03-29T11:15:00+00:00","dateModified":"2025-04-15T10:33:21+00:00","mainEntityOfPage":{"@id":"https:\/\/rma.legal\/en\/copyright-is-in-the-air\/"},"wordCount":1167,"publisher":{"@id":"https:\/\/rma.legal\/en\/#organization"},"image":{"@id":"https:\/\/rma.legal\/en\/copyright-is-in-the-air\/#primaryimage"},"thumbnailUrl":"http:\/\/rma.legal\/wp-content\/uploads\/2022\/03\/mural-ruth-300x145.png","keywords":["derecho a la integridad; derechos morales; derechos de autor; propiedad intelectual; copyright"],"articleSection":["Sin categor\u00eda"],"inLanguage":"en-US"},{"@type":"WebPage","@id":"https:\/\/rma.legal\/en\/copyright-is-in-the-air\/","url":"https:\/\/rma.legal\/en\/copyright-is-in-the-air\/","name":"Copyright is in the air. - RMA Attorneys at Law","isPartOf":{"@id":"https:\/\/rma.legal\/en\/#website"},"primaryImageOfPage":{"@id":"https:\/\/rma.legal\/en\/copyright-is-in-the-air\/#primaryimage"},"image":{"@id":"https:\/\/rma.legal\/en\/copyright-is-in-the-air\/#primaryimage"},"thumbnailUrl":"http:\/\/rma.legal\/wp-content\/uploads\/2022\/03\/mural-ruth-300x145.png","datePublished":"2022-03-29T11:15:00+00:00","dateModified":"2025-04-15T10:33:21+00:00","breadcrumb":{"@id":"https:\/\/rma.legal\/en\/copyright-is-in-the-air\/#breadcrumb"},"inLanguage":"en-US","potentialAction":[{"@type":"ReadAction","target":["https:\/\/rma.legal\/en\/copyright-is-in-the-air\/"]}]},{"@type":"ImageObject","inLanguage":"en-US","@id":"https:\/\/rma.legal\/en\/copyright-is-in-the-air\/#primaryimage","url":"http:\/\/rma.legal\/wp-content\/uploads\/2022\/03\/mural-ruth-300x145.png","contentUrl":"http:\/\/rma.legal\/wp-content\/uploads\/2022\/03\/mural-ruth-300x145.png"},{"@type":"BreadcrumbList","@id":"https:\/\/rma.legal\/en\/copyright-is-in-the-air\/#breadcrumb","itemListElement":[{"@type":"ListItem","position":1,"name":"Portada","item":"https:\/\/rma.legal\/en\/"},{"@type":"ListItem","position":2,"name":"Copyright is in the air."}]},{"@type":"WebSite","@id":"https:\/\/rma.legal\/en\/#website","url":"https:\/\/rma.legal\/en\/","name":"RMA Attorneys at Law","description":"RMA Legal Attorneys","publisher":{"@id":"https:\/\/rma.legal\/en\/#organization"},"potentialAction":[{"@type":"SearchAction","target":{"@type":"EntryPoint","urlTemplate":"https:\/\/rma.legal\/en\/?s={search_term_string}"},"query-input":{"@type":"PropertyValueSpecification","valueRequired":true,"valueName":"search_term_string"}}],"inLanguage":"en-US"},{"@type":"Organization","@id":"https:\/\/rma.legal\/en\/#organization","name":"RMA Attorneys at Law","url":"https:\/\/rma.legal\/en\/","logo":{"@type":"ImageObject","inLanguage":"en-US","@id":"https:\/\/rma.legal\/en\/#\/schema\/logo\/image\/","url":"https:\/\/rma.legal\/wp-content\/uploads\/2025\/02\/Logo-rma-legal-invertido-footer-c-1.png","contentUrl":"https:\/\/rma.legal\/wp-content\/uploads\/2025\/02\/Logo-rma-legal-invertido-footer-c-1.png","width":300,"height":125,"caption":"RMA Attorneys at Law"},"image":{"@id":"https:\/\/rma.legal\/en\/#\/schema\/logo\/image\/"}},{"@type":"Person","@id":"https:\/\/rma.legal\/en\/#\/schema\/person\/2217bc656ad38dc7e02df92e880ec411","name":"Jose Mora","image":{"@type":"ImageObject","inLanguage":"en-US","@id":"https:\/\/rma.legal\/en\/#\/schema\/person\/image\/","url":"https:\/\/secure.gravatar.com\/avatar\/ddce0375828650929956779177e55b3ec592db516b09cda0d59d5f7e393b0791?s=96&d=mm&r=g","contentUrl":"https:\/\/secure.gravatar.com\/avatar\/ddce0375828650929956779177e55b3ec592db516b09cda0d59d5f7e393b0791?s=96&d=mm&r=g","caption":"Jose Mora"},"url":"https:\/\/rma.legal\/en\/author\/jose-mora\/"}]}},"_links":{"self":[{"href":"https:\/\/rma.legal\/en\/wp-json\/wp\/v2\/posts\/26674","targetHints":{"allow":["GET"]}}],"collection":[{"href":"https:\/\/rma.legal\/en\/wp-json\/wp\/v2\/posts"}],"about":[{"href":"https:\/\/rma.legal\/en\/wp-json\/wp\/v2\/types\/post"}],"author":[{"embeddable":true,"href":"https:\/\/rma.legal\/en\/wp-json\/wp\/v2\/users\/10"}],"replies":[{"embeddable":true,"href":"https:\/\/rma.legal\/en\/wp-json\/wp\/v2\/comments?post=26674"}],"version-history":[{"count":2,"href":"https:\/\/rma.legal\/en\/wp-json\/wp\/v2\/posts\/26674\/revisions"}],"predecessor-version":[{"id":30312,"href":"https:\/\/rma.legal\/en\/wp-json\/wp\/v2\/posts\/26674\/revisions\/30312"}],"wp:attachment":[{"href":"https:\/\/rma.legal\/en\/wp-json\/wp\/v2\/media?parent=26674"}],"wp:term":[{"taxonomy":"category","embeddable":true,"href":"https:\/\/rma.legal\/en\/wp-json\/wp\/v2\/categories?post=26674"},{"taxonomy":"post_tag","embeddable":true,"href":"https:\/\/rma.legal\/en\/wp-json\/wp\/v2\/tags?post=26674"}],"curies":[{"name":"wp","href":"https:\/\/api.w.org\/{rel}","templated":true}]}}