{"id":26661,"date":"2022-02-23T14:05:58","date_gmt":"2022-02-23T14:05:58","guid":{"rendered":"http:\/\/rma.legal\/?p=26661"},"modified":"2025-04-15T10:23:56","modified_gmt":"2025-04-15T10:23:56","slug":"el-derecho-a-reparar-y-ip-startups-con-sentido-comun","status":"publish","type":"post","link":"https:\/\/rma.legal\/en\/el-derecho-a-reparar-y-ip-startups-con-sentido-comun\/","title":{"rendered":"El derecho a reparar y ip. Startups con sentido com\u00fan"},"content":{"rendered":"<p>&nbsp;<\/p>\n<p><img decoding=\"async\" class=\"alignnone size-full wp-image-26663 aligncenter\" src=\"http:\/\/rma.legal\/wp-content\/uploads\/2022\/02\/Imagen1-1.png\" alt=\"Imagen1\" width=\"121\" height=\"114\" \/><\/p>\n<p>Habitualmente asociamos la idea de <em>startup<\/em> o incluso de &#8220;emprendedur\u00eda&#8221; en general con proyectos que giran en torno a algo innovador o incluso necesariamente disruptivo, asumiendo tambi\u00e9n que merecen una protecci\u00f3n jur\u00eddica que preserve su desarrollo e implantaci\u00f3n. <strong>Sin embargo, a veces lo innovador (y tambi\u00e9n potencialmente disruptivo) es lo cl\u00e1sico, lo de siempre, las viejas costumbres, <\/strong>y en estos casos el derecho debe igualmente preservarlo, incluso frente a la protecci\u00f3n (quiz\u00e1s \u201csobreprotecci\u00f3n\u201d) que los derechos de exclusiva (Propiedad Industrial e Intelectual) procuran a determinadas industrias.<\/p>\n<p>Nos estamos refiriendo a la loable aparici\u00f3n de <strong>nuevos proyectos empresariales que giran en torno a algo tan simple y antiguo como la reparaci\u00f3n de aquellos productos que se estropeen<\/strong>, m\u00e1s all\u00e1 por tanto de la cultura de \u201cusar y tirar\u201d y del mero reciclaje de esos productos\/aparatos.<\/p>\n<p>Dejando de lado las razones sociol\u00f3gicas y econ\u00f3micas de tal fen\u00f3meno (que mucho escapan de este foro y las pretensiones de este <em>post<\/em>) resulta hasta curioso, y por ello sintom\u00e1tico, que desde la perspectiva jur\u00eddica hayamos tenido que construir un llamado <em>\u201c<strong>Derecho a Reparar<\/strong>\u201d<\/em>\u00a0con el fin de preservar algo tan aparentemente obvio y natural.<\/p>\n<p>Recientemente hemos sabido de un proyecto que est\u00e1 creciendo al amparo de la conocida incubadora\/aceleradora de empresas valenciana <a href=\"https:\/\/lanzadera.es\/\" target=\"_blank\">Lanzadera<\/a> y que consiste en una plataforma digital a modo de <em>marketplace<\/em> que conecta al usuario con talleres de reparaci\u00f3n de determinados dispositivos electr\u00f3nicos. Su nombre es <a href=\"https:\/\/adetia.com\" target=\"_blank\">ADETIA<\/a>, y su fundador\/CEO, Alejo Daud\u00ed, ha tenido la amabilidad de facilitarnos algunas estad\u00edsticas como que, a pesar de que en la UE se reciclan menos del 40% de los residuos electr\u00f3nicos (20% a nivel mundial), hasta un 77% de los ciudadanos de la Uni\u00f3n prefieren arreglar sus dispositivos a comprar uno nuevo.<\/p>\n<p>&nbsp;<\/p>\n<ul>\n<li><span style=\"color: #a42400;\"><strong>\u00bfAlgo que decir desde la Propiedad Industrial\/Intelectual?\u00a0<\/strong><\/span><\/li>\n<\/ul>\n<p>\u00bfY c\u00f3mo responde o debe responder el derecho ante esta realidad? \u00bf<strong>En qu\u00e9 medida la protecci\u00f3n de la propiedad intelectual\/industrial requiere ser reformulada (o, mejor dicho, delimitada) para no interferir en algo tan l\u00f3gico y aparentemente deseable?<\/strong><\/p>\n<p>Hace ya dos a\u00f1os nos pregunt\u00e1bamos sobre la <a href=\"http:\/\/rma.legal\/ca\/2020\/03\/03\/cultura-de-la-reparacion-vs-obsolescencia-programada-por-que-no-una-excepcion-general-de-reparacion-2\/\" target=\"_blank\"><strong>conveniencia de introducir una \u201cexcepci\u00f3n general de reparaci\u00f3n\u201d<\/strong><\/a> predicable (con los debidos <em>\u201cmutatis mutandi\u201d<\/em>) a todos los derechos de exclusiva (PI).<\/p>\n<p>Record\u00e1bamos all\u00ed que:<\/p>\n<p>\u201c<em>En nuestro derecho la \u00fanica excepci\u00f3n que de forma expl\u00edcita se refiere a esta tensi\u00f3n (entre el\u00a0 llamado \u201cderecho a reparar\u201d y los derechos de PI), es la denominada <strong>\u201ccl\u00e1usula de reparaci\u00f3n\u201d<\/strong> prevista en las disposiciones transitorias incluidas en el art. 14 de la\u00a0<\/em><a href=\"https:\/\/eur-lex.europa.eu\/legal-content\/ES\/TXT\/HTML\/?uri=CELEX:31998L0071&amp;from=ES\" target=\"_blank\"><em>Directiva 98\/71\/CE<\/em><\/a><em>\u00a0sobre dibujos y modelos, el art. 110 del\u00a0<\/em><a href=\"https:\/\/euipo.europa.eu\/tunnel-web\/secure\/webdav\/guest\/document_library\/contentPdfs\/law_and_practice\/cdr_legal_basis\/62002_cv_es.pdf\" target=\"_blank\"><em>Reglamento 6\/2002\u00a0<\/em><\/a><em>y la disposici\u00f3n transitoria tercera de nuestra\u00a0<\/em><a href=\"https:\/\/www.boe.es\/buscar\/doc.php?id=BOE-A-2003-13615\" target=\"_blank\"><em>Ley de 20\/2003 de Dise\u00f1o Industrial<\/em><\/a><em>, seg\u00fan la cual\u00a0<strong>el titular del dise\u00f1o no podr\u00e1 impedir su uso\/explotaci\u00f3n por terceros cuando se refiera a componentes de un producto complejo que se utiliza para devolverle su apariencia inicial,\u00a0esto es, para repararlo.<\/strong><\/em><\/p>\n<p><em>La existencia de este l\u00edmite o excepci\u00f3n al derecho de dise\u00f1o no parece que sea algo evidente como ilustra el hecho de que no est\u00e9 previsto para otros derechos de PI y que, incluso en el caso del dise\u00f1o, no est\u00e9 reconocido en todos los pa\u00edses de la UE.\u00a0 La propia antig\u00fcedad de esa disposici\u00f3n transitoria, incluida en la Directiva de 1998 tras un largo tira y afloja, demuestra que es un debate que sigue abierto no obstante el tiempo transcurrido. (\u2026)<\/em>\u201d<\/p>\n<p>E intentando contestar a la pregunta de si ser\u00eda aconsejable el establecimiento de una excepci\u00f3n general a los derechos de PI que promueva y proteja el derecho a reparar, conclu\u00edamos que, a priori y asumiendo la necesidad de una cuidadosa reflexi\u00f3n pol\u00edtico-jur\u00eddica,<\/p>\n<p><strong>\u201c<em>En este contexto<\/em><\/strong><em>, con tanta multiplicidad de perspectivas, es donde siempre <strong>resultan especialmente \u00fatiles instituciones jur\u00eddicas flexibles, como la doctrina norteamericana del \u201cfair use\u201d en el \u00e1mbito de la propiedad intelectual<\/strong> que, mutatis mutandi, podr\u00eda servir para satisfacer esta nueva necesidad social y pol\u00edtica<\/em>.\u201d<\/p>\n<p>&nbsp;<\/p>\n<ul>\n<li><span style=\"color: #a42400;\"><b>Nuevos impulsos al &#8220;derecho a reparar&#8221;<\/b><\/span><\/li>\n<\/ul>\n<p>Volviendo a la actualidad, en el marco de la UE merece mencionarse que en noviembre de 2020 <strong>el Parlamento Europeo aprob\u00f3 una resoluci\u00f3n titulada <\/strong><a href=\"https:\/\/www.europarl.europa.eu\/doceo\/document\/A-9-2020-0209_ES.html\" target=\"_blank\"><strong><em>\u00abHacia un mercado \u00fanico m\u00e1s sostenible para las empresas y los consumidores\u00bb<\/em><\/strong><\/a> en el que se instaba a la Comisi\u00f3n a proponer medidas \u201c\u2026<em>que mejoren la durabilidad de los productos, incluida su vida \u00fatil estimada, su reutilizabilidad, actualizabilidad, reparabilidad y reciclabilidad.\u201d\u00a0\u00a0 <\/em>Y de forma espec\u00edfica se inclu\u00eda un apartado de \u201c<em>Estrategia de reparaci\u00f3n\u201d <\/em>en el que\u00a0<em>\u201cSolicita a la Comisi\u00f3n que establezca un <strong>\u00abderecho de reparaci\u00f3n\u00bb<\/strong> de los consumidores con el fin de que las reparaciones sean sistem\u00e1ticas, rentables y atractivas, tengan en cuenta las caracter\u00edsticas espec\u00edficas de las diferentes categor\u00edas de productos, en consonancia con las medidas ya adoptadas para varios aparatos dom\u00e9sticos en virtud de la Directiva sobre dise\u00f1o ecol\u00f3gico: (\u2026)\u201d. <\/em>A continuaci\u00f3n el informe rese\u00f1aba una serie de medidas entre las que, sin embargo, no se menciona la cuesti\u00f3n que aqu\u00ed nos ocupa, esto es: la necesidad de armonizar esta pol\u00edtica con la regulaci\u00f3n de los derechos de PI.<\/p>\n<p>Normativamente hablando, y con anterioridad a dicha resoluci\u00f3n del Parlamento Europeo, uno de los primeros pasos fue la llamada <strong><a href=\"https:\/\/eur-lex.europa.eu\/LexUriServ\/LexUriServ.do?uri=OJ:L:2009:285:0010:0035:ES:PDF\" target=\"_blank\">Directiva de Ecodise\u00f1o<\/a><\/strong> (Directiva 2009\/125\/EC) que fij\u00f3 unos requisitos ecol\u00f3gicos obligatorios para determinados productos.<\/p>\n<p>Otro hito relevante fue la <strong>Directiva UE 2019\/771, de 20 de mayo de 2019<\/strong>, que afecta a numerosos aspectos de los contratos de compraventa de bienes, y que, en lo que aqu\u00ed interesa, ha sido traspuesta al ordenamiento espa\u00f1ol mediante el <a href=\"https:\/\/www.boe.es\/buscar\/act.php?id=BOE-A-2021-6872&amp;p=20211222&amp;tn=1#ad-6\" target=\"_blank\">RD Ley 7\/2021, de 27 de abril<\/a> que en su \u00faltimo T\u00edtulo (VIII) modifica la <a href=\"https:\/\/www.boe.es\/buscar\/act.php?id=BOE-A-2007-20555\" target=\"_blank\">Ley General para la Defensa de los Consumidores y Usuarios<\/a> para, por ejemplo y con efectos desde el pasado 1 de enero 2022, obligar a la existencia de un adecuado servicio t\u00e9cnico, as\u00ed como de repuestos durante un plazo m\u00ednimo de 10 a\u00f1os a partir de la fecha en que el bien deje de fabricarse, o la prohibici\u00f3n de incrementar los precios de los repuestos al aplicarlos en las reparaciones. Otras medidas, ya implantadas en otros pa\u00edses, tienen que ver con un sistema de etiquetado que ayude a los consumidores a conocer f\u00e1cilmente c\u00f3mo de reparable es el producto que est\u00e1 comprando.<\/p>\n<p><strong>Se avanza pues en la consolidaci\u00f3n jur\u00eddica del \u201cderecho a reparar\u201d<\/strong> pero, igual que hac\u00edamos hace dos a\u00f1os, creemos que <strong>sigue sin abordarse la imprescindible armonizaci\u00f3n de ese derecho (a reparar) con los derechos de propiedad industrial e intelectual (PI).<\/strong><\/p>\n<p>&nbsp;<\/p>\n<ul>\n<li><span style=\"color: #a42400;\"><strong>Titulares de derechos de PI vs usuarios y la industria de la reparaci\u00f3n. \u00bfEncaje?<\/strong><\/span><\/li>\n<\/ul>\n<p>Igual que en su d\u00eda se asumi\u00f3 que los derechos de PI eran (pod\u00edan ser) un impedimento a la libre circulaci\u00f3n de mercanc\u00edas, ampli\u00e1ndose instituciones como el agotamiento transfronterizo (para el Espacio Econ\u00f3mico Europeo) de los derechos de PI, <strong>algo parecido habr\u00eda que hacer para asegurar la plena efectividad del derecho a reparar, redefiniendo los l\u00edmites de los derechos de PI para asegurar que su alcance (y, en particular, el modo en que son ejercidos por algunos titulares) no interfiera y limite ese derecho a reparar.<\/strong><\/p>\n<p>A priori esta \u201carmonizaci\u00f3n\u201d entre los derechos de los titulares de PI y los (simples) usuarios deber\u00eda ser m\u00e1s sencilla dado que no son \u201ccompetidores\u201d; sin embargo, detr\u00e1s del \u201cderecho a reparar\u201d no hay solo usuarios\/consumidores, sino tambi\u00e9n una \u201cindustria de la reparaci\u00f3n\u201d y de la fabricaci\u00f3n de componentes que podr\u00eda enarbolar la bandera del derecho de reparaci\u00f3n para defender unos intereses que, estos s\u00ed, pueden no ser tan f\u00e1cilmente \u201carmonizables\u201d con los de los titulares de PI.<\/p>\n<p><strong>No parece que exista a priori una soluci\u00f3n un\u00edvoca<\/strong>, ni para todos los sectores, ni para todos los territorios, ni para (o en relaci\u00f3n con) todos los derechos de PI, de ah\u00ed que, asumiendo que nos estamos repitiendo, quiz\u00e1s deban explorarse instituciones suficientemente flexibles como el \u201cfair use\u201d para poderse adaptar a esa multiplicidad de situaciones. Como simple muestra de la situaci\u00f3n del debate en Estados Unidos cabe citar la opini\u00f3n de un organismo llamado <a href=\"https:\/\/publicknowledge.org\/its-time-for-congress-to-ensure-the-right-to-repair-heres-how\/\" target=\"_blank\">Public Knowledge<\/a> que refiri\u00e9ndose a dos casos de \u201cfair repair\u201d de 2018 y 2019 apunta la forma en que ello deber\u00eda ser abordado por el legislativo, tambi\u00e9n en el \u00e1mbito de los derechos de PI y aunque se limite al supuesto de la \u201cauto-reparaci\u00f3n\u201d.<\/p>\n<p>Jordi Roman\u00ed, febrero 2022<\/p>\n<p><span style=\"color: #a42400;\"><strong>RMA Roman\u00ed Mart\u00ednez Alner<\/strong><\/span><\/p>\n<p>&nbsp;<\/p>\n","protected":false},"excerpt":{"rendered":"<p>&nbsp; Habitualmente asociamos la idea de startup o incluso de &#8220;emprendedur\u00eda&#8221; en general con proyectos que giran en torno a algo innovador o incluso necesariamente disruptivo, asumiendo tambi\u00e9n que merecen una protecci\u00f3n jur\u00eddica que preserve su desarrollo e implantaci\u00f3n. Sin embargo, a veces lo innovador (y tambi\u00e9n potencialmente disruptivo) es lo cl\u00e1sico, lo de siempre, [&hellip;]<\/p>\n","protected":false},"author":9,"featured_media":0,"comment_status":"closed","ping_status":"closed","sticky":false,"template":"","format":"standard","meta":{"footnotes":""},"categories":[501],"tags":[5,9,11,12,15,18,21,22,26,28,29,40,56,57,61,62,64,74,75],"class_list":["post-26661","post","type-post","status-publish","format-standard","hentry","category-sin-categoria-ca","tag-apariencia-inicial","tag-clausula-de-reparacion-ca","tag-componente-de-un-producto-complejo","tag-consumidores-y-usuarios","tag-derecho-a-reparar","tag-derecho-de-reparacion","tag-diseno-industrial","tag-disenos-ca","tag-emprendeduria","tag-excepcion-general-de-reparacion","tag-fair-use-ca","tag-marcas-ca","tag-piezas-de-recambio-ca","tag-piezas-de-repuesto","tag-propiedad-industrial-ca","tag-propiedad-intelectual-ca","tag-public-knowledge","tag-sostenibilidad","tag-startup"],"yoast_head":"<!-- This site is optimized with the Yoast SEO plugin v25.9 - https:\/\/yoast.com\/wordpress\/plugins\/seo\/ -->\n<title>El derecho a reparar y ip. Startups con sentido com\u00fan - RMA Attorneys at Law<\/title>\n<meta name=\"robots\" content=\"index, follow, max-snippet:-1, max-image-preview:large, max-video-preview:-1\" \/>\n<link rel=\"canonical\" href=\"https:\/\/rma.legal\/en\/el-derecho-a-reparar-y-ip-startups-con-sentido-comun\/\" \/>\n<meta property=\"og:locale\" content=\"en_US\" \/>\n<meta property=\"og:type\" content=\"article\" \/>\n<meta property=\"og:title\" content=\"El derecho a reparar y ip. Startups con sentido com\u00fan - RMA Attorneys at Law\" \/>\n<meta property=\"og:description\" content=\"&nbsp; Habitualmente asociamos la idea de startup o incluso de &#8220;emprendedur\u00eda&#8221; en general con proyectos que giran en torno a algo innovador o incluso necesariamente disruptivo, asumiendo tambi\u00e9n que merecen una protecci\u00f3n jur\u00eddica que preserve su desarrollo e implantaci\u00f3n. Sin embargo, a veces lo innovador (y tambi\u00e9n potencialmente disruptivo) es lo cl\u00e1sico, lo de siempre, [&hellip;]\" \/>\n<meta property=\"og:url\" content=\"https:\/\/rma.legal\/en\/el-derecho-a-reparar-y-ip-startups-con-sentido-comun\/\" \/>\n<meta property=\"og:site_name\" content=\"RMA Attorneys at Law\" \/>\n<meta property=\"article:published_time\" content=\"2022-02-23T14:05:58+00:00\" \/>\n<meta property=\"article:modified_time\" content=\"2025-04-15T10:23:56+00:00\" \/>\n<meta property=\"og:image\" content=\"http:\/\/rma.legal\/wp-content\/uploads\/2022\/02\/Imagen1-1.png\" \/>\n<meta name=\"author\" content=\"Jordi Roman\u00ed Lluch\" \/>\n<meta name=\"twitter:card\" content=\"summary_large_image\" \/>\n<meta name=\"twitter:label1\" content=\"Written by\" \/>\n\t<meta name=\"twitter:data1\" content=\"Jordi Roman\u00ed Lluch\" \/>\n\t<meta name=\"twitter:label2\" content=\"Est. reading time\" \/>\n\t<meta name=\"twitter:data2\" content=\"7 minutes\" \/>\n<script type=\"application\/ld+json\" class=\"yoast-schema-graph\">{\"@context\":\"https:\/\/schema.org\",\"@graph\":[{\"@type\":\"Article\",\"@id\":\"https:\/\/rma.legal\/en\/el-derecho-a-reparar-y-ip-startups-con-sentido-comun\/#article\",\"isPartOf\":{\"@id\":\"https:\/\/rma.legal\/en\/el-derecho-a-reparar-y-ip-startups-con-sentido-comun\/\"},\"author\":{\"name\":\"Jordi Roman\u00ed Lluch\",\"@id\":\"https:\/\/rma.legal\/en\/#\/schema\/person\/b820ae237ba4d5a3f543d0527443965e\"},\"headline\":\"El derecho a reparar y ip. Startups con sentido com\u00fan\",\"datePublished\":\"2022-02-23T14:05:58+00:00\",\"dateModified\":\"2025-04-15T10:23:56+00:00\",\"mainEntityOfPage\":{\"@id\":\"https:\/\/rma.legal\/en\/el-derecho-a-reparar-y-ip-startups-con-sentido-comun\/\"},\"wordCount\":1478,\"publisher\":{\"@id\":\"https:\/\/rma.legal\/en\/#organization\"},\"image\":{\"@id\":\"https:\/\/rma.legal\/en\/el-derecho-a-reparar-y-ip-startups-con-sentido-comun\/#primaryimage\"},\"thumbnailUrl\":\"http:\/\/rma.legal\/wp-content\/uploads\/2022\/02\/Imagen1-1.png\",\"keywords\":[\"apariencia inicial\",\"cl\u00e1usula de reparaci\u00f3n\",\"componente de un producto complejo\",\"consumidores y usuarios\",\"derecho a reparar\",\"derecho de reparaci\u00f3n\",\"dise\u00f1o industrial\",\"dise\u00f1os\",\"emprendedur\u00eda\",\"excepci\u00f3n general de reparaci\u00f3n\",\"fair use\",\"marcas\",\"piezas de recambio\",\"piezas de repuesto\",\"propiedad industrial\",\"propiedad intelectual\",\"public knowledge\",\"sostenibilidad\",\"startup\"],\"articleSection\":[\"Sin categor\u00eda\"],\"inLanguage\":\"en-US\"},{\"@type\":\"WebPage\",\"@id\":\"https:\/\/rma.legal\/en\/el-derecho-a-reparar-y-ip-startups-con-sentido-comun\/\",\"url\":\"https:\/\/rma.legal\/en\/el-derecho-a-reparar-y-ip-startups-con-sentido-comun\/\",\"name\":\"El derecho a reparar y ip. Startups con sentido com\u00fan - RMA Attorneys at Law\",\"isPartOf\":{\"@id\":\"https:\/\/rma.legal\/en\/#website\"},\"primaryImageOfPage\":{\"@id\":\"https:\/\/rma.legal\/en\/el-derecho-a-reparar-y-ip-startups-con-sentido-comun\/#primaryimage\"},\"image\":{\"@id\":\"https:\/\/rma.legal\/en\/el-derecho-a-reparar-y-ip-startups-con-sentido-comun\/#primaryimage\"},\"thumbnailUrl\":\"http:\/\/rma.legal\/wp-content\/uploads\/2022\/02\/Imagen1-1.png\",\"datePublished\":\"2022-02-23T14:05:58+00:00\",\"dateModified\":\"2025-04-15T10:23:56+00:00\",\"breadcrumb\":{\"@id\":\"https:\/\/rma.legal\/en\/el-derecho-a-reparar-y-ip-startups-con-sentido-comun\/#breadcrumb\"},\"inLanguage\":\"en-US\",\"potentialAction\":[{\"@type\":\"ReadAction\",\"target\":[\"https:\/\/rma.legal\/en\/el-derecho-a-reparar-y-ip-startups-con-sentido-comun\/\"]}]},{\"@type\":\"ImageObject\",\"inLanguage\":\"en-US\",\"@id\":\"https:\/\/rma.legal\/en\/el-derecho-a-reparar-y-ip-startups-con-sentido-comun\/#primaryimage\",\"url\":\"http:\/\/rma.legal\/wp-content\/uploads\/2022\/02\/Imagen1-1.png\",\"contentUrl\":\"http:\/\/rma.legal\/wp-content\/uploads\/2022\/02\/Imagen1-1.png\"},{\"@type\":\"BreadcrumbList\",\"@id\":\"https:\/\/rma.legal\/en\/el-derecho-a-reparar-y-ip-startups-con-sentido-comun\/#breadcrumb\",\"itemListElement\":[{\"@type\":\"ListItem\",\"position\":1,\"name\":\"Portada\",\"item\":\"https:\/\/rma.legal\/en\/\"},{\"@type\":\"ListItem\",\"position\":2,\"name\":\"El derecho a reparar y ip. Startups con sentido com\u00fan\"}]},{\"@type\":\"WebSite\",\"@id\":\"https:\/\/rma.legal\/en\/#website\",\"url\":\"https:\/\/rma.legal\/en\/\",\"name\":\"RMA Attorneys at Law\",\"description\":\"RMA Legal Attorneys\",\"publisher\":{\"@id\":\"https:\/\/rma.legal\/en\/#organization\"},\"potentialAction\":[{\"@type\":\"SearchAction\",\"target\":{\"@type\":\"EntryPoint\",\"urlTemplate\":\"https:\/\/rma.legal\/en\/?s={search_term_string}\"},\"query-input\":{\"@type\":\"PropertyValueSpecification\",\"valueRequired\":true,\"valueName\":\"search_term_string\"}}],\"inLanguage\":\"en-US\"},{\"@type\":\"Organization\",\"@id\":\"https:\/\/rma.legal\/en\/#organization\",\"name\":\"RMA Attorneys at Law\",\"url\":\"https:\/\/rma.legal\/en\/\",\"logo\":{\"@type\":\"ImageObject\",\"inLanguage\":\"en-US\",\"@id\":\"https:\/\/rma.legal\/en\/#\/schema\/logo\/image\/\",\"url\":\"https:\/\/rma.legal\/wp-content\/uploads\/2025\/02\/Logo-rma-legal-invertido-footer-c-1.png\",\"contentUrl\":\"https:\/\/rma.legal\/wp-content\/uploads\/2025\/02\/Logo-rma-legal-invertido-footer-c-1.png\",\"width\":300,\"height\":125,\"caption\":\"RMA Attorneys at Law\"},\"image\":{\"@id\":\"https:\/\/rma.legal\/en\/#\/schema\/logo\/image\/\"}},{\"@type\":\"Person\",\"@id\":\"https:\/\/rma.legal\/en\/#\/schema\/person\/b820ae237ba4d5a3f543d0527443965e\",\"name\":\"Jordi Roman\u00ed Lluch\",\"image\":{\"@type\":\"ImageObject\",\"inLanguage\":\"en-US\",\"@id\":\"https:\/\/rma.legal\/en\/#\/schema\/person\/image\/\",\"url\":\"https:\/\/secure.gravatar.com\/avatar\/2177d68cd02d097656dde75c3bdef729ef37c5d797f2cf3fb3c2184c46b2d8ac?s=96&d=mm&r=g\",\"contentUrl\":\"https:\/\/secure.gravatar.com\/avatar\/2177d68cd02d097656dde75c3bdef729ef37c5d797f2cf3fb3c2184c46b2d8ac?s=96&d=mm&r=g\",\"caption\":\"Jordi Roman\u00ed Lluch\"},\"url\":\"https:\/\/rma.legal\/en\/author\/jordi-romani-lluch\/\"}]}<\/script>\n<!-- \/ Yoast SEO plugin. -->","yoast_head_json":{"title":"El derecho a reparar y ip. Startups con sentido com\u00fan - RMA Attorneys at Law","robots":{"index":"index","follow":"follow","max-snippet":"max-snippet:-1","max-image-preview":"max-image-preview:large","max-video-preview":"max-video-preview:-1"},"canonical":"https:\/\/rma.legal\/en\/el-derecho-a-reparar-y-ip-startups-con-sentido-comun\/","og_locale":"en_US","og_type":"article","og_title":"El derecho a reparar y ip. Startups con sentido com\u00fan - RMA Attorneys at Law","og_description":"&nbsp; Habitualmente asociamos la idea de startup o incluso de &#8220;emprendedur\u00eda&#8221; en general con proyectos que giran en torno a algo innovador o incluso necesariamente disruptivo, asumiendo tambi\u00e9n que merecen una protecci\u00f3n jur\u00eddica que preserve su desarrollo e implantaci\u00f3n. Sin embargo, a veces lo innovador (y tambi\u00e9n potencialmente disruptivo) es lo cl\u00e1sico, lo de siempre, [&hellip;]","og_url":"https:\/\/rma.legal\/en\/el-derecho-a-reparar-y-ip-startups-con-sentido-comun\/","og_site_name":"RMA Attorneys at Law","article_published_time":"2022-02-23T14:05:58+00:00","article_modified_time":"2025-04-15T10:23:56+00:00","og_image":[{"url":"http:\/\/rma.legal\/wp-content\/uploads\/2022\/02\/Imagen1-1.png","type":"","width":"","height":""}],"author":"Jordi Roman\u00ed Lluch","twitter_card":"summary_large_image","twitter_misc":{"Written by":"Jordi Roman\u00ed Lluch","Est. reading time":"7 minutes"},"schema":{"@context":"https:\/\/schema.org","@graph":[{"@type":"Article","@id":"https:\/\/rma.legal\/en\/el-derecho-a-reparar-y-ip-startups-con-sentido-comun\/#article","isPartOf":{"@id":"https:\/\/rma.legal\/en\/el-derecho-a-reparar-y-ip-startups-con-sentido-comun\/"},"author":{"name":"Jordi Roman\u00ed Lluch","@id":"https:\/\/rma.legal\/en\/#\/schema\/person\/b820ae237ba4d5a3f543d0527443965e"},"headline":"El derecho a reparar y ip. Startups con sentido com\u00fan","datePublished":"2022-02-23T14:05:58+00:00","dateModified":"2025-04-15T10:23:56+00:00","mainEntityOfPage":{"@id":"https:\/\/rma.legal\/en\/el-derecho-a-reparar-y-ip-startups-con-sentido-comun\/"},"wordCount":1478,"publisher":{"@id":"https:\/\/rma.legal\/en\/#organization"},"image":{"@id":"https:\/\/rma.legal\/en\/el-derecho-a-reparar-y-ip-startups-con-sentido-comun\/#primaryimage"},"thumbnailUrl":"http:\/\/rma.legal\/wp-content\/uploads\/2022\/02\/Imagen1-1.png","keywords":["apariencia inicial","cl\u00e1usula de reparaci\u00f3n","componente de un producto complejo","consumidores y usuarios","derecho a reparar","derecho de reparaci\u00f3n","dise\u00f1o industrial","dise\u00f1os","emprendedur\u00eda","excepci\u00f3n general de reparaci\u00f3n","fair use","marcas","piezas de recambio","piezas de repuesto","propiedad industrial","propiedad intelectual","public knowledge","sostenibilidad","startup"],"articleSection":["Sin categor\u00eda"],"inLanguage":"en-US"},{"@type":"WebPage","@id":"https:\/\/rma.legal\/en\/el-derecho-a-reparar-y-ip-startups-con-sentido-comun\/","url":"https:\/\/rma.legal\/en\/el-derecho-a-reparar-y-ip-startups-con-sentido-comun\/","name":"El derecho a reparar y ip. Startups con sentido com\u00fan - RMA Attorneys at Law","isPartOf":{"@id":"https:\/\/rma.legal\/en\/#website"},"primaryImageOfPage":{"@id":"https:\/\/rma.legal\/en\/el-derecho-a-reparar-y-ip-startups-con-sentido-comun\/#primaryimage"},"image":{"@id":"https:\/\/rma.legal\/en\/el-derecho-a-reparar-y-ip-startups-con-sentido-comun\/#primaryimage"},"thumbnailUrl":"http:\/\/rma.legal\/wp-content\/uploads\/2022\/02\/Imagen1-1.png","datePublished":"2022-02-23T14:05:58+00:00","dateModified":"2025-04-15T10:23:56+00:00","breadcrumb":{"@id":"https:\/\/rma.legal\/en\/el-derecho-a-reparar-y-ip-startups-con-sentido-comun\/#breadcrumb"},"inLanguage":"en-US","potentialAction":[{"@type":"ReadAction","target":["https:\/\/rma.legal\/en\/el-derecho-a-reparar-y-ip-startups-con-sentido-comun\/"]}]},{"@type":"ImageObject","inLanguage":"en-US","@id":"https:\/\/rma.legal\/en\/el-derecho-a-reparar-y-ip-startups-con-sentido-comun\/#primaryimage","url":"http:\/\/rma.legal\/wp-content\/uploads\/2022\/02\/Imagen1-1.png","contentUrl":"http:\/\/rma.legal\/wp-content\/uploads\/2022\/02\/Imagen1-1.png"},{"@type":"BreadcrumbList","@id":"https:\/\/rma.legal\/en\/el-derecho-a-reparar-y-ip-startups-con-sentido-comun\/#breadcrumb","itemListElement":[{"@type":"ListItem","position":1,"name":"Portada","item":"https:\/\/rma.legal\/en\/"},{"@type":"ListItem","position":2,"name":"El derecho a reparar y ip. Startups con sentido com\u00fan"}]},{"@type":"WebSite","@id":"https:\/\/rma.legal\/en\/#website","url":"https:\/\/rma.legal\/en\/","name":"RMA Attorneys at Law","description":"RMA Legal Attorneys","publisher":{"@id":"https:\/\/rma.legal\/en\/#organization"},"potentialAction":[{"@type":"SearchAction","target":{"@type":"EntryPoint","urlTemplate":"https:\/\/rma.legal\/en\/?s={search_term_string}"},"query-input":{"@type":"PropertyValueSpecification","valueRequired":true,"valueName":"search_term_string"}}],"inLanguage":"en-US"},{"@type":"Organization","@id":"https:\/\/rma.legal\/en\/#organization","name":"RMA Attorneys at Law","url":"https:\/\/rma.legal\/en\/","logo":{"@type":"ImageObject","inLanguage":"en-US","@id":"https:\/\/rma.legal\/en\/#\/schema\/logo\/image\/","url":"https:\/\/rma.legal\/wp-content\/uploads\/2025\/02\/Logo-rma-legal-invertido-footer-c-1.png","contentUrl":"https:\/\/rma.legal\/wp-content\/uploads\/2025\/02\/Logo-rma-legal-invertido-footer-c-1.png","width":300,"height":125,"caption":"RMA Attorneys at Law"},"image":{"@id":"https:\/\/rma.legal\/en\/#\/schema\/logo\/image\/"}},{"@type":"Person","@id":"https:\/\/rma.legal\/en\/#\/schema\/person\/b820ae237ba4d5a3f543d0527443965e","name":"Jordi Roman\u00ed Lluch","image":{"@type":"ImageObject","inLanguage":"en-US","@id":"https:\/\/rma.legal\/en\/#\/schema\/person\/image\/","url":"https:\/\/secure.gravatar.com\/avatar\/2177d68cd02d097656dde75c3bdef729ef37c5d797f2cf3fb3c2184c46b2d8ac?s=96&d=mm&r=g","contentUrl":"https:\/\/secure.gravatar.com\/avatar\/2177d68cd02d097656dde75c3bdef729ef37c5d797f2cf3fb3c2184c46b2d8ac?s=96&d=mm&r=g","caption":"Jordi Roman\u00ed Lluch"},"url":"https:\/\/rma.legal\/en\/author\/jordi-romani-lluch\/"}]}},"_links":{"self":[{"href":"https:\/\/rma.legal\/en\/wp-json\/wp\/v2\/posts\/26661","targetHints":{"allow":["GET"]}}],"collection":[{"href":"https:\/\/rma.legal\/en\/wp-json\/wp\/v2\/posts"}],"about":[{"href":"https:\/\/rma.legal\/en\/wp-json\/wp\/v2\/types\/post"}],"author":[{"embeddable":true,"href":"https:\/\/rma.legal\/en\/wp-json\/wp\/v2\/users\/9"}],"replies":[{"embeddable":true,"href":"https:\/\/rma.legal\/en\/wp-json\/wp\/v2\/comments?post=26661"}],"version-history":[{"count":2,"href":"https:\/\/rma.legal\/en\/wp-json\/wp\/v2\/posts\/26661\/revisions"}],"predecessor-version":[{"id":30313,"href":"https:\/\/rma.legal\/en\/wp-json\/wp\/v2\/posts\/26661\/revisions\/30313"}],"wp:attachment":[{"href":"https:\/\/rma.legal\/en\/wp-json\/wp\/v2\/media?parent=26661"}],"wp:term":[{"taxonomy":"category","embeddable":true,"href":"https:\/\/rma.legal\/en\/wp-json\/wp\/v2\/categories?post=26661"},{"taxonomy":"post_tag","embeddable":true,"href":"https:\/\/rma.legal\/en\/wp-json\/wp\/v2\/tags?post=26661"}],"curies":[{"name":"wp","href":"https:\/\/api.w.org\/{rel}","templated":true}]}}