{"id":26465,"date":"2021-05-13T07:03:32","date_gmt":"2021-05-13T07:03:32","guid":{"rendered":"http:\/\/rma.legal\/?p=26465"},"modified":"2025-04-15T10:23:19","modified_gmt":"2025-04-15T10:23:19","slug":"disenos-multimedia-una-reflexion-con-ocasion-del-dia-mundial-de-la-propiedad-intelectual-e-industrial","status":"publish","type":"post","link":"https:\/\/rma.legal\/en\/disenos-multimedia-una-reflexion-con-ocasion-del-dia-mundial-de-la-propiedad-intelectual-e-industrial\/","title":{"rendered":"\u00bfDise\u00f1os multimedia? Una reflexi\u00f3n con ocasi\u00f3n del d\u00eda mundial de la propiedad intelectual (e industrial)"},"content":{"rendered":"<p>&nbsp;<\/p>\n<p><img fetchpriority=\"high\" decoding=\"async\" class=\" wp-image-26466 aligncenter\" src=\"http:\/\/rma.legal\/wp-content\/uploads\/2021\/04\/DISENO-MULTIMEDIA-1.png\" alt=\"DISE\u00d1O MULTIMEDIA 1\" width=\"272\" height=\"194\" \/><\/p>\n<p>&nbsp;<\/p>\n<ul>\n<li><span style=\"color: #a42400;\"><strong>D\u00eda Mundial de la Propiedad intelectual&#8230;e industrial<\/strong><\/span><\/li>\n<\/ul>\n<p>El d\u00eda 26 de abril, la OMPI (Organizaci\u00f3n Mundial de la Propiedad Intelectual) celebra el <a href=\"https:\/\/www.wipo.int\/ip-outreach\/es\/ipday\/\" target=\"_blank\"><strong>d\u00eda mundial de la propiedad intelectua<\/strong>l <\/a>\u00a0con el objetivo principal de \u201c<em>fomentar una mayor comprensi\u00f3n general de la propiedad intelectual (PI)\u201d <\/em>y como pretexto para concertar foros de reflexi\u00f3n en relaci\u00f3n con esta relevante parte de nuestro sistema jur\u00eddico y econ\u00f3mico.<\/p>\n<p><img decoding=\"async\" class=\"alignnone size-medium wp-image-26467 aligncenter\" src=\"http:\/\/rma.legal\/wp-content\/uploads\/2021\/04\/DISENOS-MULTIMEDIA-2-300x87.png\" alt=\"DISE\u00d1OS MULTIMEDIA 2\" width=\"300\" height=\"87\" srcset=\"https:\/\/rma.legal\/wp-content\/uploads\/2021\/04\/DISENOS-MULTIMEDIA-2-300x87.png 300w, https:\/\/rma.legal\/wp-content\/uploads\/2021\/04\/DISENOS-MULTIMEDIA-2.png 580w\" sizes=\"(max-width: 300px) 100vw, 300px\" \/><\/p>\n<p>El d\u00eda elegido conmemora la propia creaci\u00f3n de la <a href=\"https:\/\/www.wipo.int\/pressroom\/es\/articles\/2021\/article_0004.html\" target=\"_blank\">OMPI<\/a> como organismo de las Naciones Unidas con un determinante rol en el establecimiento de un <strong>marco jur\u00eddico internacional sobre los derechos de Propiedad Intelectual e Industrial,<\/strong> que ofrece adem\u00e1s relevantes servicios para la obtenci\u00f3n de tales derechos, as\u00ed como en la resoluci\u00f3n de controversias o programas de ayuda a pa\u00edses en desarrollo.<\/p>\n<p>La denominaci\u00f3n de la OMPI, Organizaci\u00f3n Mundial de la Propiedad Intelectual, es fruto de la nomenclatura anglosajona que con la expresi\u00f3n \u00a0\u201cIP\u201d o \u201c<em>Intellectual Property<\/em>\u201d no se refiere \u00fanicamente al anglosaj\u00f3n <em>\u201ccopyright\u201d<\/em> (nuestro Derecho de Autor o Propiedad Intelectual), sino tambi\u00e9n a las distintas modalidades de lo que nosotros denominamos propiedad industrial (marcas, dise\u00f1os, patentes, obtenciones vegetales, denominaciones de origen y hasta los secretos empresariales) por lo que a efectos terminol\u00f3gicos debemos entender la OMPI y la referida efem\u00e9rides como relativa a la Propiedad Intelectual e Industrial (PI&amp;I).<\/p>\n<ul>\n<li><span style=\"color: #a42400;\"><strong>Webinar &#8220;Dise\u00f1o de interfaces de apps, juegos, etc. \u00bfQu\u00e9 v\u00edas de protecci\u00f3n tenemos?&#8221;<\/strong><\/span><\/li>\n<\/ul>\n<p>La anterior precisi\u00f3n viene a cuento de la doble perspectiva (Prop. Intelectual e Industrial) con la que tambi\u00e9n se ha enfocado uno de los actos conmemorativos que al respecto ha organizado el Colegio de la Abogac\u00eda de Barcelona. \u00a0Se trata del webinar del pasado 26 de abril 2021 sobre <strong><a href=\"https:\/\/www.icab.cat\/es\/formacion\/cursos\/Diseno-interfaces-apps-juegos-etc.-Que-vias-de-proteccion-tenemos\/\" target=\"_blank\">\u201cDise\u00f1o de interfaces apps, juegos etc. \u00bfQu\u00e9 v\u00edas de protecci\u00f3n tenemos?\u201d<\/a> <\/strong>moderado y compartido con los compa\u00f1eros Carles Prat Masip y Vanesa Alarc\u00f3n Caparr\u00f3s.<\/p>\n<p>El objeto principal del webinar era evaluar las distintas posibilidades de protecci\u00f3n de las llamadas <strong>interfaces gr\u00e1ficas de usuario<\/strong>, conocidas tambi\u00e9n como <strong>GUI<\/strong> (del ingl\u00e9s <strong><em>\u201cgraphical user interface\u201d<\/em><\/strong>) y que pueden <a href=\"https:\/\/i.workana.com\/glosario\/que-es-la-interfaz-grafica-de-usuario-gui\/\" target=\"_blank\">definirse<\/a> como <em>\u201cel entorno visual de im\u00e1genes y objetos mediante el cual interact\u00faan una m\u00e1quina y un usuario\u201d<\/em>.<\/p>\n<p>Un ejemplo son los m\u00faltiples elementos gr\u00e1ficos (entre ellos los iconos) creados para que los usuarios podamos \u201ccomunicarnos\u201d mejor con nuestros diversos dispositivos:<\/p>\n<p><img decoding=\"async\" class=\"size-medium wp-image-26472 aligncenter\" src=\"http:\/\/rma.legal\/wp-content\/uploads\/2021\/04\/DISENOS-MULTIMEDIA-3.png\" alt=\"DISE\u00d1OS MULTIMEDIA 3\" width=\"230\" height=\"129\" \/><\/p>\n<p>Recopilando antecedentes para el webinar, en particular sobre las alternativas de protecci\u00f3n de los GUI\u2019s (interfaces gr\u00e1ficos) desde la perspectiva de la Propiedad Industrial, que incluyen tanto su eventual registro como <strong>marca<\/strong> como, muy especialmente, su protecci\u00f3n como <strong>dise\u00f1o industrial<\/strong> (especialmente previsto en la clase 14.04 de Locarno), pudimos constatar que mientras el sistema de marcas contempla, reconoce y facilita la protecci\u00f3n (registro) de marcas tridimensionales, marcas multimedia y hasta marcas-holograma, <strong>no parece que ello sea tan evidente (o f\u00e1cil) en el caso del sistema de protecci\u00f3n de los dise\u00f1os industriales.<\/strong><\/p>\n<ul>\n<li><span style=\"color: #a42400;\"><strong>\u00bfQu\u00e9 pasa con los dise\u00f1os que tengan movimiento? \u00bfPodemos registrar un dise\u00f1o multimedia?<\/strong><\/span><\/li>\n<\/ul>\n<p>Si tomamos como referencia la pr\u00e1ctica de la Oficina de la Propiedad Intelectual de la UE, <a href=\"https:\/\/euipo.europa.eu\/eSearch\/\">EUIPO<\/a> (que siempre constituye un referente al respecto) recogida en sus <a href=\"https:\/\/guidelines.euipo.europa.eu\/1922895\/1923283\/trade-mark-guidelines\/1-introduction\" target=\"_blank\">directrices<\/a>, observamos que mientras para las marcas no hay dudas y se contemplan expresamente las posibilidades apuntadas (marcas tridimensionales, marcas \u201cen movimiento\u201d o marcas multimedia), incluy\u00e9ndolas entre los <a href=\"https:\/\/euipo.europa.eu\/ohimportal\/es\/trade-marks-examples\" target=\"_blank\">ejemplos de lo que puede constituir (registrarse) como marca<\/a>, la cuesti\u00f3n no es tan clara ni expl\u00edcita respecto de los dise\u00f1os industriales (denominados a\u00fan como dibujos y modelos industriales en la terminolog\u00eda del derecho de la UE).<\/p>\n<p>Aqu\u00ed un ejemplo de marca multimedia (aqu\u00ed\u00a0<a href=\"https:\/\/euipo.europa.eu\/copla\/image\/UB2V7J5SX5HSOT2UA6C4K4UFFSBSWY2WJEO4Q43NOQJPBYJNH56IGMZ3EFOBAUXRUM3IKZVRQDAUG\" target=\"_blank\">Enlace<\/a>)<\/p>\n<p><img loading=\"lazy\" decoding=\"async\" class=\"size-full wp-image-26473 aligncenter\" src=\"http:\/\/rma.legal\/wp-content\/uploads\/2021\/04\/UOC.png\" alt=\"UOC\" width=\"169\" height=\"134\" \/><\/p>\n<p>En el caso de los <strong>dise\u00f1os (dibujos\/modelos) industriales<\/strong>, la <a href=\"https:\/\/guidelines.euipo.europa.eu\/1937335\/1929245\/designs-guidelines\/1-introduccion-----------------------1-introduccion\" target=\"_blank\">\u00faltima versi\u00f3n (de 1\/3\/2021) de las directrices de la EUIPO<\/a> se refiere a los <em>\u201cIconos, interfaces gr\u00e1ficas de usuario y similares\u201d<\/em> (apartado 4.1.3) <strong>pero no hay un reconocimiento expl\u00edcito respecto a la admisi\u00f3n general de los \u201cdise\u00f1os en movimiento\u201d o \u201cdise\u00f1os multimedia\u201d<\/strong>, ni tampoco se incluyen casos de este tipo entre sus <a href=\"https:\/\/euipo.europa.eu\/ohimportal\/es\/design-definition\">ejemplos<\/a>.<\/p>\n<p>\u00bfQuiere decir ello que no cabe, no es admisible, el registro de un dise\u00f1o de este tipo?<\/p>\n<p>Si atendemos de nuevo a lo previsto en las citadas <a href=\"https:\/\/guidelines.euipo.europa.eu\/1937335\/1928191\/designs-guidelines\/5-2-7-----------5-3-6-secuencias-de-instantaneas--dibujos-o-modelos-animados-\" target=\"_blank\">Directrices, en concreto en su apartado 5.3.6<\/a>, constatamos que s\u00ed resulta admisible la utilizaci\u00f3n de <em>\u201cSecuencias de instant\u00e1neas (dibujos o modelos animados)\u201d<\/em> como una <em>\u201cbreve secuencia de perspectivas \u2026 para mostrar un \u00fanico dibujo o modelo animado en diferentes momentos espec\u00edficos, en una progresi\u00f3n claramente comprensible.\u201d<\/em><\/p>\n<p>A continuaci\u00f3n, <strong>las propias directrices incluyen los dos siguientes ejemplos:<\/strong><\/p>\n<p><em>&#8211; un icono animado (dibujo o modelo que consta de una secuencia)<\/em><\/p>\n<p><img loading=\"lazy\" decoding=\"async\" class=\"size-medium wp-image-26471 aligncenter\" src=\"http:\/\/rma.legal\/wp-content\/uploads\/2021\/04\/DISENO-MULTIMEDIA-4-300x70.png\" alt=\"DISE\u00d1O MULTIMEDIA 4\" width=\"300\" height=\"70\" srcset=\"https:\/\/rma.legal\/wp-content\/uploads\/2021\/04\/DISENO-MULTIMEDIA-4-300x70.png 300w, https:\/\/rma.legal\/wp-content\/uploads\/2021\/04\/DISENO-MULTIMEDIA-4.png 532w\" sizes=\"(max-width: 300px) 100vw, 300px\" \/><\/p>\n<p><em>&#8211; una interfaz gr\u00e1fica animada de usuario (dibujo de una interfaz)<\/em><em><br \/>\n<img loading=\"lazy\" decoding=\"async\" class=\"alignnone size-medium wp-image-26470 aligncenter\" src=\"http:\/\/rma.legal\/wp-content\/uploads\/2021\/04\/DISENO-MULTIMEDIA-5-300x61.png\" alt=\"DISE\u00d1O MULTIMEDIA 5\" width=\"300\" height=\"61\" srcset=\"https:\/\/rma.legal\/wp-content\/uploads\/2021\/04\/DISENO-MULTIMEDIA-5-300x61.png 300w, https:\/\/rma.legal\/wp-content\/uploads\/2021\/04\/DISENO-MULTIMEDIA-5.png 583w\" sizes=\"(max-width: 300px) 100vw, 300px\" \/><\/em><\/p>\n<p>A\u00f1adiendo la siguiente advertencia: \u201c\u2026<em>todas las perspectivas de un icono animado o una interfaz gr\u00e1fica de usuario deben estar visualmente relacionadas; esto significa que deben tener caracter\u00edsticas en com\u00fan. <strong>Es responsabilidad del solicitante ordenar las perspectivas de tal manera que se proporcione una clara percepci\u00f3n del movimiento o la progresi\u00f3n.<\/strong>\u201d<\/em><\/p>\n<p>Parece claro pues que, como es l\u00f3gico, <strong>resultan admisibles, en particular para el campo de los interfaces gr\u00e1ficos, los dise\u00f1os animados, aunque quiz\u00e1s ser\u00eda m\u00e1s sencillo si, como una simple \u201ctipolog\u00eda\u201d m\u00e1s, se admitieran los \u201cdise\u00f1os multimedia\u201d<\/strong>. Se tratar\u00eda de poder solicitar protecci\u00f3n sobre un tal dise\u00f1o animado o en movimiento mediante la inclusi\u00f3n de un archivo multimedia que permitiera percibir sin equ\u00edvocos las caracter\u00edsticas de un dise\u00f1o de este tipo.<\/p>\n<p>La EUIPO ya admite la utilizaci\u00f3n de un archivo \u201c3D din\u00e1mico\u201d para ilustrar as\u00ed, de forma din\u00e1mica, un concreto producto que, en realidad, no tiene movimiento pero que de este modo se puede visualizar en una \u201cpluri-perspectiva\u201d sin las limitaciones (de \u201cvistas\u201d) que imponen las oficinas de registro (incluida la EUIPO).<\/p>\n<p>Aqu\u00ed sigue un ejemplo de este tipo (enlace:<a href=\"https:\/\/euipo.europa.eu\/eSearch\/#details\/designs\/007835251-0001\">https:\/\/euipo.europa.eu\/eSearch\/#details\/designs\/007835251-0001<\/a>)<\/p>\n<p><img loading=\"lazy\" decoding=\"async\" class=\"size-medium wp-image-26469 aligncenter\" src=\"http:\/\/rma.legal\/wp-content\/uploads\/2021\/04\/DISENO-MULTIMEDIA-6-300x166.png\" alt=\"DISE\u00d1O MULTIMEDIA 6\" width=\"300\" height=\"166\" srcset=\"https:\/\/rma.legal\/wp-content\/uploads\/2021\/04\/DISENO-MULTIMEDIA-6-300x166.png 300w, https:\/\/rma.legal\/wp-content\/uploads\/2021\/04\/DISENO-MULTIMEDIA-6.png 706w\" sizes=\"(max-width: 300px) 100vw, 300px\" \/><\/p>\n<p>Del mismo modo, la utilizaci\u00f3n de una \u201csecuencia de im\u00e1genes fijas\u201d para representar un movimiento podr\u00eda sustituirse (como se hace con las marcas) por<strong> archivos multimedia<\/strong> que permitan mejor representar y percibir el objeto (dise\u00f1o animado) que se pretende proteger.<\/p>\n<p>Este ser\u00eda sin duda el caso de la t\u00edpica animaci\u00f3n inform\u00e1tica con la que se intenta ilustrar la carga\/desarrollo de un determinado proceso, los llamados <strong><em>\u201cpreloder gifs\u201d<\/em><\/strong> de los que pueden verse algunos ejemplos <a href=\"https:\/\/gifer.com\/en\/gifs\/loader\">aqu\u00ed<\/a> y <a href=\"https:\/\/www.behance.net\/gallery\/13765711\/GIF-Preloaders-(Free-Download)\">aqu\u00ed<\/a>.<\/p>\n<p><img loading=\"lazy\" decoding=\"async\" class=\"size-full wp-image-26468 aligncenter\" src=\"http:\/\/rma.legal\/wp-content\/uploads\/2021\/04\/DISENO-MULTIMEDIA-7.png\" alt=\"DISE\u00d1O MULTIMEDIA 7\" width=\"84\" height=\"75\" \/><\/p>\n<p>As\u00ed pues, la posibilidad de registrar dise\u00f1os en movimiento mediante archivos multimedia ser\u00eda nuestra modesta sugerencia de cara a la conmemoraci\u00f3n del pr\u00f3ximo D\u00eda Mundial de la Propiedad Intelectual (e Industrial).<\/p>\n<p>Jordi Roman\u00ed,\u00a0mayo 2021<\/p>\n<p><strong><span style=\"color: #a42400;\">RMA, Roman\u00ed Mart\u00ednez Alner<\/span><\/strong><\/p>\n","protected":false},"excerpt":{"rendered":"<p>&nbsp; &nbsp; D\u00eda Mundial de la Propiedad intelectual&#8230;e industrial El d\u00eda 26 de abril, la OMPI (Organizaci\u00f3n Mundial de la Propiedad Intelectual) celebra el d\u00eda mundial de la propiedad intelectual \u00a0con el objetivo principal de \u201cfomentar una mayor comprensi\u00f3n general de la propiedad intelectual (PI)\u201d y como pretexto para concertar foros de reflexi\u00f3n en relaci\u00f3n [&hellip;]<\/p>\n","protected":false},"author":9,"featured_media":0,"comment_status":"closed","ping_status":"closed","sticky":false,"template":"","format":"standard","meta":{"footnotes":""},"categories":[103],"tags":[208,216,218,221,27,250,254,280,311,368,497,500],"class_list":["post-26465","post","type-post","status-publish","format-standard","hentry","category-sin-categoria","tag-dia-mundial-de-la-propiedad-intelectual","tag-diseno-multimedia","tag-diseno-registrado","tag-disenos-animados","tag-euipo-ca","tag-graphical-user-interface","tag-gui","tag-interfaces","tag-marca-multimedia","tag-ompi","tag-wipo","tag-worldipday"],"yoast_head":"<!-- This site is optimized with the Yoast SEO plugin v25.9 - https:\/\/yoast.com\/wordpress\/plugins\/seo\/ -->\n<title>\u00bfDise\u00f1os multimedia? Una reflexi\u00f3n con ocasi\u00f3n del d\u00eda mundial de la propiedad intelectual (e industrial) - RMA Attorneys at Law<\/title>\n<meta name=\"robots\" content=\"index, follow, max-snippet:-1, max-image-preview:large, max-video-preview:-1\" \/>\n<link rel=\"canonical\" href=\"https:\/\/rma.legal\/en\/disenos-multimedia-una-reflexion-con-ocasion-del-dia-mundial-de-la-propiedad-intelectual-e-industrial\/\" \/>\n<meta property=\"og:locale\" content=\"en_US\" \/>\n<meta property=\"og:type\" content=\"article\" \/>\n<meta property=\"og:title\" content=\"\u00bfDise\u00f1os multimedia? Una reflexi\u00f3n con ocasi\u00f3n del d\u00eda mundial de la propiedad intelectual (e industrial) - RMA Attorneys at Law\" \/>\n<meta property=\"og:description\" content=\"&nbsp; &nbsp; D\u00eda Mundial de la Propiedad intelectual&#8230;e industrial El d\u00eda 26 de abril, la OMPI (Organizaci\u00f3n Mundial de la Propiedad Intelectual) celebra el d\u00eda mundial de la propiedad intelectual \u00a0con el objetivo principal de \u201cfomentar una mayor comprensi\u00f3n general de la propiedad intelectual (PI)\u201d y como pretexto para concertar foros de reflexi\u00f3n en relaci\u00f3n [&hellip;]\" \/>\n<meta property=\"og:url\" content=\"https:\/\/rma.legal\/en\/disenos-multimedia-una-reflexion-con-ocasion-del-dia-mundial-de-la-propiedad-intelectual-e-industrial\/\" \/>\n<meta property=\"og:site_name\" content=\"RMA Attorneys at Law\" \/>\n<meta property=\"article:published_time\" content=\"2021-05-13T07:03:32+00:00\" \/>\n<meta property=\"article:modified_time\" content=\"2025-04-15T10:23:19+00:00\" \/>\n<meta property=\"og:image\" content=\"http:\/\/rma.legal\/wp-content\/uploads\/2021\/04\/DISENO-MULTIMEDIA-1.png\" \/>\n<meta name=\"author\" content=\"Jordi Roman\u00ed Lluch\" \/>\n<meta name=\"twitter:card\" content=\"summary_large_image\" \/>\n<meta name=\"twitter:label1\" content=\"Written by\" \/>\n\t<meta name=\"twitter:data1\" content=\"Jordi Roman\u00ed Lluch\" \/>\n\t<meta name=\"twitter:label2\" content=\"Est. reading time\" \/>\n\t<meta name=\"twitter:data2\" content=\"6 minutes\" \/>\n<script type=\"application\/ld+json\" class=\"yoast-schema-graph\">{\"@context\":\"https:\/\/schema.org\",\"@graph\":[{\"@type\":\"Article\",\"@id\":\"https:\/\/rma.legal\/en\/disenos-multimedia-una-reflexion-con-ocasion-del-dia-mundial-de-la-propiedad-intelectual-e-industrial\/#article\",\"isPartOf\":{\"@id\":\"https:\/\/rma.legal\/en\/disenos-multimedia-una-reflexion-con-ocasion-del-dia-mundial-de-la-propiedad-intelectual-e-industrial\/\"},\"author\":{\"name\":\"Jordi Roman\u00ed Lluch\",\"@id\":\"https:\/\/rma.legal\/en\/#\/schema\/person\/b820ae237ba4d5a3f543d0527443965e\"},\"headline\":\"\u00bfDise\u00f1os multimedia? Una reflexi\u00f3n con ocasi\u00f3n del d\u00eda mundial de la propiedad intelectual (e industrial)\",\"datePublished\":\"2021-05-13T07:03:32+00:00\",\"dateModified\":\"2025-04-15T10:23:19+00:00\",\"mainEntityOfPage\":{\"@id\":\"https:\/\/rma.legal\/en\/disenos-multimedia-una-reflexion-con-ocasion-del-dia-mundial-de-la-propiedad-intelectual-e-industrial\/\"},\"wordCount\":1180,\"publisher\":{\"@id\":\"https:\/\/rma.legal\/en\/#organization\"},\"image\":{\"@id\":\"https:\/\/rma.legal\/en\/disenos-multimedia-una-reflexion-con-ocasion-del-dia-mundial-de-la-propiedad-intelectual-e-industrial\/#primaryimage\"},\"thumbnailUrl\":\"http:\/\/rma.legal\/wp-content\/uploads\/2021\/04\/DISENO-MULTIMEDIA-1.png\",\"keywords\":[\"dia mundial de la propiedad intelectual\",\"dise\u00f1o multimedia\",\"dise\u00f1o registrado\",\"dise\u00f1os animados\",\"EUIPO\",\"graphical user interface\",\"gui\",\"interfaces\",\"marca multimedia\",\"ompi\",\"wipo\",\"worldipday\"],\"articleSection\":[\"Sin categor\u00eda\"],\"inLanguage\":\"en-US\"},{\"@type\":\"WebPage\",\"@id\":\"https:\/\/rma.legal\/en\/disenos-multimedia-una-reflexion-con-ocasion-del-dia-mundial-de-la-propiedad-intelectual-e-industrial\/\",\"url\":\"https:\/\/rma.legal\/en\/disenos-multimedia-una-reflexion-con-ocasion-del-dia-mundial-de-la-propiedad-intelectual-e-industrial\/\",\"name\":\"\u00bfDise\u00f1os multimedia? Una reflexi\u00f3n con ocasi\u00f3n del d\u00eda mundial de la propiedad intelectual (e industrial) - RMA Attorneys at Law\",\"isPartOf\":{\"@id\":\"https:\/\/rma.legal\/en\/#website\"},\"primaryImageOfPage\":{\"@id\":\"https:\/\/rma.legal\/en\/disenos-multimedia-una-reflexion-con-ocasion-del-dia-mundial-de-la-propiedad-intelectual-e-industrial\/#primaryimage\"},\"image\":{\"@id\":\"https:\/\/rma.legal\/en\/disenos-multimedia-una-reflexion-con-ocasion-del-dia-mundial-de-la-propiedad-intelectual-e-industrial\/#primaryimage\"},\"thumbnailUrl\":\"http:\/\/rma.legal\/wp-content\/uploads\/2021\/04\/DISENO-MULTIMEDIA-1.png\",\"datePublished\":\"2021-05-13T07:03:32+00:00\",\"dateModified\":\"2025-04-15T10:23:19+00:00\",\"breadcrumb\":{\"@id\":\"https:\/\/rma.legal\/en\/disenos-multimedia-una-reflexion-con-ocasion-del-dia-mundial-de-la-propiedad-intelectual-e-industrial\/#breadcrumb\"},\"inLanguage\":\"en-US\",\"potentialAction\":[{\"@type\":\"ReadAction\",\"target\":[\"https:\/\/rma.legal\/en\/disenos-multimedia-una-reflexion-con-ocasion-del-dia-mundial-de-la-propiedad-intelectual-e-industrial\/\"]}]},{\"@type\":\"ImageObject\",\"inLanguage\":\"en-US\",\"@id\":\"https:\/\/rma.legal\/en\/disenos-multimedia-una-reflexion-con-ocasion-del-dia-mundial-de-la-propiedad-intelectual-e-industrial\/#primaryimage\",\"url\":\"http:\/\/rma.legal\/wp-content\/uploads\/2021\/04\/DISENO-MULTIMEDIA-1.png\",\"contentUrl\":\"http:\/\/rma.legal\/wp-content\/uploads\/2021\/04\/DISENO-MULTIMEDIA-1.png\"},{\"@type\":\"BreadcrumbList\",\"@id\":\"https:\/\/rma.legal\/en\/disenos-multimedia-una-reflexion-con-ocasion-del-dia-mundial-de-la-propiedad-intelectual-e-industrial\/#breadcrumb\",\"itemListElement\":[{\"@type\":\"ListItem\",\"position\":1,\"name\":\"Portada\",\"item\":\"https:\/\/rma.legal\/en\/\"},{\"@type\":\"ListItem\",\"position\":2,\"name\":\"\u00bfDise\u00f1os multimedia? Una reflexi\u00f3n con ocasi\u00f3n del d\u00eda mundial de la propiedad intelectual (e industrial)\"}]},{\"@type\":\"WebSite\",\"@id\":\"https:\/\/rma.legal\/en\/#website\",\"url\":\"https:\/\/rma.legal\/en\/\",\"name\":\"RMA Attorneys at Law\",\"description\":\"RMA Legal Attorneys\",\"publisher\":{\"@id\":\"https:\/\/rma.legal\/en\/#organization\"},\"potentialAction\":[{\"@type\":\"SearchAction\",\"target\":{\"@type\":\"EntryPoint\",\"urlTemplate\":\"https:\/\/rma.legal\/en\/?s={search_term_string}\"},\"query-input\":{\"@type\":\"PropertyValueSpecification\",\"valueRequired\":true,\"valueName\":\"search_term_string\"}}],\"inLanguage\":\"en-US\"},{\"@type\":\"Organization\",\"@id\":\"https:\/\/rma.legal\/en\/#organization\",\"name\":\"RMA Attorneys at Law\",\"url\":\"https:\/\/rma.legal\/en\/\",\"logo\":{\"@type\":\"ImageObject\",\"inLanguage\":\"en-US\",\"@id\":\"https:\/\/rma.legal\/en\/#\/schema\/logo\/image\/\",\"url\":\"https:\/\/rma.legal\/wp-content\/uploads\/2025\/02\/Logo-rma-legal-invertido-footer-c-1.png\",\"contentUrl\":\"https:\/\/rma.legal\/wp-content\/uploads\/2025\/02\/Logo-rma-legal-invertido-footer-c-1.png\",\"width\":300,\"height\":125,\"caption\":\"RMA Attorneys at Law\"},\"image\":{\"@id\":\"https:\/\/rma.legal\/en\/#\/schema\/logo\/image\/\"}},{\"@type\":\"Person\",\"@id\":\"https:\/\/rma.legal\/en\/#\/schema\/person\/b820ae237ba4d5a3f543d0527443965e\",\"name\":\"Jordi Roman\u00ed Lluch\",\"image\":{\"@type\":\"ImageObject\",\"inLanguage\":\"en-US\",\"@id\":\"https:\/\/rma.legal\/en\/#\/schema\/person\/image\/\",\"url\":\"https:\/\/secure.gravatar.com\/avatar\/2177d68cd02d097656dde75c3bdef729ef37c5d797f2cf3fb3c2184c46b2d8ac?s=96&d=mm&r=g\",\"contentUrl\":\"https:\/\/secure.gravatar.com\/avatar\/2177d68cd02d097656dde75c3bdef729ef37c5d797f2cf3fb3c2184c46b2d8ac?s=96&d=mm&r=g\",\"caption\":\"Jordi Roman\u00ed Lluch\"},\"url\":\"https:\/\/rma.legal\/en\/author\/jordi-romani-lluch\/\"}]}<\/script>\n<!-- \/ Yoast SEO plugin. -->","yoast_head_json":{"title":"\u00bfDise\u00f1os multimedia? Una reflexi\u00f3n con ocasi\u00f3n del d\u00eda mundial de la propiedad intelectual (e industrial) - RMA Attorneys at Law","robots":{"index":"index","follow":"follow","max-snippet":"max-snippet:-1","max-image-preview":"max-image-preview:large","max-video-preview":"max-video-preview:-1"},"canonical":"https:\/\/rma.legal\/en\/disenos-multimedia-una-reflexion-con-ocasion-del-dia-mundial-de-la-propiedad-intelectual-e-industrial\/","og_locale":"en_US","og_type":"article","og_title":"\u00bfDise\u00f1os multimedia? Una reflexi\u00f3n con ocasi\u00f3n del d\u00eda mundial de la propiedad intelectual (e industrial) - RMA Attorneys at Law","og_description":"&nbsp; &nbsp; D\u00eda Mundial de la Propiedad intelectual&#8230;e industrial El d\u00eda 26 de abril, la OMPI (Organizaci\u00f3n Mundial de la Propiedad Intelectual) celebra el d\u00eda mundial de la propiedad intelectual \u00a0con el objetivo principal de \u201cfomentar una mayor comprensi\u00f3n general de la propiedad intelectual (PI)\u201d y como pretexto para concertar foros de reflexi\u00f3n en relaci\u00f3n [&hellip;]","og_url":"https:\/\/rma.legal\/en\/disenos-multimedia-una-reflexion-con-ocasion-del-dia-mundial-de-la-propiedad-intelectual-e-industrial\/","og_site_name":"RMA Attorneys at Law","article_published_time":"2021-05-13T07:03:32+00:00","article_modified_time":"2025-04-15T10:23:19+00:00","og_image":[{"url":"http:\/\/rma.legal\/wp-content\/uploads\/2021\/04\/DISENO-MULTIMEDIA-1.png","type":"","width":"","height":""}],"author":"Jordi Roman\u00ed Lluch","twitter_card":"summary_large_image","twitter_misc":{"Written by":"Jordi Roman\u00ed Lluch","Est. reading time":"6 minutes"},"schema":{"@context":"https:\/\/schema.org","@graph":[{"@type":"Article","@id":"https:\/\/rma.legal\/en\/disenos-multimedia-una-reflexion-con-ocasion-del-dia-mundial-de-la-propiedad-intelectual-e-industrial\/#article","isPartOf":{"@id":"https:\/\/rma.legal\/en\/disenos-multimedia-una-reflexion-con-ocasion-del-dia-mundial-de-la-propiedad-intelectual-e-industrial\/"},"author":{"name":"Jordi Roman\u00ed Lluch","@id":"https:\/\/rma.legal\/en\/#\/schema\/person\/b820ae237ba4d5a3f543d0527443965e"},"headline":"\u00bfDise\u00f1os multimedia? Una reflexi\u00f3n con ocasi\u00f3n del d\u00eda mundial de la propiedad intelectual (e industrial)","datePublished":"2021-05-13T07:03:32+00:00","dateModified":"2025-04-15T10:23:19+00:00","mainEntityOfPage":{"@id":"https:\/\/rma.legal\/en\/disenos-multimedia-una-reflexion-con-ocasion-del-dia-mundial-de-la-propiedad-intelectual-e-industrial\/"},"wordCount":1180,"publisher":{"@id":"https:\/\/rma.legal\/en\/#organization"},"image":{"@id":"https:\/\/rma.legal\/en\/disenos-multimedia-una-reflexion-con-ocasion-del-dia-mundial-de-la-propiedad-intelectual-e-industrial\/#primaryimage"},"thumbnailUrl":"http:\/\/rma.legal\/wp-content\/uploads\/2021\/04\/DISENO-MULTIMEDIA-1.png","keywords":["dia mundial de la propiedad intelectual","dise\u00f1o multimedia","dise\u00f1o registrado","dise\u00f1os animados","EUIPO","graphical user interface","gui","interfaces","marca multimedia","ompi","wipo","worldipday"],"articleSection":["Sin categor\u00eda"],"inLanguage":"en-US"},{"@type":"WebPage","@id":"https:\/\/rma.legal\/en\/disenos-multimedia-una-reflexion-con-ocasion-del-dia-mundial-de-la-propiedad-intelectual-e-industrial\/","url":"https:\/\/rma.legal\/en\/disenos-multimedia-una-reflexion-con-ocasion-del-dia-mundial-de-la-propiedad-intelectual-e-industrial\/","name":"\u00bfDise\u00f1os multimedia? Una reflexi\u00f3n con ocasi\u00f3n del d\u00eda mundial de la propiedad intelectual (e industrial) - RMA Attorneys at Law","isPartOf":{"@id":"https:\/\/rma.legal\/en\/#website"},"primaryImageOfPage":{"@id":"https:\/\/rma.legal\/en\/disenos-multimedia-una-reflexion-con-ocasion-del-dia-mundial-de-la-propiedad-intelectual-e-industrial\/#primaryimage"},"image":{"@id":"https:\/\/rma.legal\/en\/disenos-multimedia-una-reflexion-con-ocasion-del-dia-mundial-de-la-propiedad-intelectual-e-industrial\/#primaryimage"},"thumbnailUrl":"http:\/\/rma.legal\/wp-content\/uploads\/2021\/04\/DISENO-MULTIMEDIA-1.png","datePublished":"2021-05-13T07:03:32+00:00","dateModified":"2025-04-15T10:23:19+00:00","breadcrumb":{"@id":"https:\/\/rma.legal\/en\/disenos-multimedia-una-reflexion-con-ocasion-del-dia-mundial-de-la-propiedad-intelectual-e-industrial\/#breadcrumb"},"inLanguage":"en-US","potentialAction":[{"@type":"ReadAction","target":["https:\/\/rma.legal\/en\/disenos-multimedia-una-reflexion-con-ocasion-del-dia-mundial-de-la-propiedad-intelectual-e-industrial\/"]}]},{"@type":"ImageObject","inLanguage":"en-US","@id":"https:\/\/rma.legal\/en\/disenos-multimedia-una-reflexion-con-ocasion-del-dia-mundial-de-la-propiedad-intelectual-e-industrial\/#primaryimage","url":"http:\/\/rma.legal\/wp-content\/uploads\/2021\/04\/DISENO-MULTIMEDIA-1.png","contentUrl":"http:\/\/rma.legal\/wp-content\/uploads\/2021\/04\/DISENO-MULTIMEDIA-1.png"},{"@type":"BreadcrumbList","@id":"https:\/\/rma.legal\/en\/disenos-multimedia-una-reflexion-con-ocasion-del-dia-mundial-de-la-propiedad-intelectual-e-industrial\/#breadcrumb","itemListElement":[{"@type":"ListItem","position":1,"name":"Portada","item":"https:\/\/rma.legal\/en\/"},{"@type":"ListItem","position":2,"name":"\u00bfDise\u00f1os multimedia? Una reflexi\u00f3n con ocasi\u00f3n del d\u00eda mundial de la propiedad intelectual (e industrial)"}]},{"@type":"WebSite","@id":"https:\/\/rma.legal\/en\/#website","url":"https:\/\/rma.legal\/en\/","name":"RMA Attorneys at Law","description":"RMA Legal Attorneys","publisher":{"@id":"https:\/\/rma.legal\/en\/#organization"},"potentialAction":[{"@type":"SearchAction","target":{"@type":"EntryPoint","urlTemplate":"https:\/\/rma.legal\/en\/?s={search_term_string}"},"query-input":{"@type":"PropertyValueSpecification","valueRequired":true,"valueName":"search_term_string"}}],"inLanguage":"en-US"},{"@type":"Organization","@id":"https:\/\/rma.legal\/en\/#organization","name":"RMA Attorneys at Law","url":"https:\/\/rma.legal\/en\/","logo":{"@type":"ImageObject","inLanguage":"en-US","@id":"https:\/\/rma.legal\/en\/#\/schema\/logo\/image\/","url":"https:\/\/rma.legal\/wp-content\/uploads\/2025\/02\/Logo-rma-legal-invertido-footer-c-1.png","contentUrl":"https:\/\/rma.legal\/wp-content\/uploads\/2025\/02\/Logo-rma-legal-invertido-footer-c-1.png","width":300,"height":125,"caption":"RMA Attorneys at Law"},"image":{"@id":"https:\/\/rma.legal\/en\/#\/schema\/logo\/image\/"}},{"@type":"Person","@id":"https:\/\/rma.legal\/en\/#\/schema\/person\/b820ae237ba4d5a3f543d0527443965e","name":"Jordi Roman\u00ed Lluch","image":{"@type":"ImageObject","inLanguage":"en-US","@id":"https:\/\/rma.legal\/en\/#\/schema\/person\/image\/","url":"https:\/\/secure.gravatar.com\/avatar\/2177d68cd02d097656dde75c3bdef729ef37c5d797f2cf3fb3c2184c46b2d8ac?s=96&d=mm&r=g","contentUrl":"https:\/\/secure.gravatar.com\/avatar\/2177d68cd02d097656dde75c3bdef729ef37c5d797f2cf3fb3c2184c46b2d8ac?s=96&d=mm&r=g","caption":"Jordi Roman\u00ed Lluch"},"url":"https:\/\/rma.legal\/en\/author\/jordi-romani-lluch\/"}]}},"_links":{"self":[{"href":"https:\/\/rma.legal\/en\/wp-json\/wp\/v2\/posts\/26465","targetHints":{"allow":["GET"]}}],"collection":[{"href":"https:\/\/rma.legal\/en\/wp-json\/wp\/v2\/posts"}],"about":[{"href":"https:\/\/rma.legal\/en\/wp-json\/wp\/v2\/types\/post"}],"author":[{"embeddable":true,"href":"https:\/\/rma.legal\/en\/wp-json\/wp\/v2\/users\/9"}],"replies":[{"embeddable":true,"href":"https:\/\/rma.legal\/en\/wp-json\/wp\/v2\/comments?post=26465"}],"version-history":[{"count":2,"href":"https:\/\/rma.legal\/en\/wp-json\/wp\/v2\/posts\/26465\/revisions"}],"predecessor-version":[{"id":30319,"href":"https:\/\/rma.legal\/en\/wp-json\/wp\/v2\/posts\/26465\/revisions\/30319"}],"wp:attachment":[{"href":"https:\/\/rma.legal\/en\/wp-json\/wp\/v2\/media?parent=26465"}],"wp:term":[{"taxonomy":"category","embeddable":true,"href":"https:\/\/rma.legal\/en\/wp-json\/wp\/v2\/categories?post=26465"},{"taxonomy":"post_tag","embeddable":true,"href":"https:\/\/rma.legal\/en\/wp-json\/wp\/v2\/tags?post=26465"}],"curies":[{"name":"wp","href":"https:\/\/api.w.org\/{rel}","templated":true}]}}