{"id":25946,"date":"2019-09-12T08:41:41","date_gmt":"2019-09-12T08:41:41","guid":{"rendered":"http:\/\/rma.legal\/?p=25946"},"modified":"2025-03-16T16:15:57","modified_gmt":"2025-03-16T16:15:57","slug":"valencia-el-diseno-es-un-estado-de-animo","status":"publish","type":"post","link":"https:\/\/rma.legal\/en\/valencia-el-diseno-es-un-estado-de-animo\/","title":{"rendered":"\u00a1VAL\u00c8NCIA! EL DISE\u00d1O ES UN ESTADO DE \u00c1NIMO"},"content":{"rendered":"<p><img fetchpriority=\"high\" decoding=\"async\" class=\"alignnone wp-image-25950 aligncenter\" src=\"http:\/\/rma.legal\/wp-content\/uploads\/2019\/09\/WDCValencia2022-PR-4-300x204.jpg\" alt=\"WDCValencia2022-PR (4)\" width=\"349\" height=\"237\" srcset=\"https:\/\/rma.legal\/wp-content\/uploads\/2019\/09\/WDCValencia2022-PR-4-300x204.jpg 300w, https:\/\/rma.legal\/wp-content\/uploads\/2019\/09\/WDCValencia2022-PR-4.jpg 656w\" sizes=\"(max-width: 349px) 100vw, 349px\" \/><br \/>\nHace apenas unos d\u00edas se ha conocido que Val\u00e8ncia ha sido designada <a href=\"https:\/\/wdo.org\/press-release\/valencia-named-world-design-capital-2022\/?fbclid=IwAR0Y6h7Sr_tj7l4LtbO3E4_Qke6XEAdqvk3C1TS5pzEWvJHrgi7yEbFcyjw\">capital mundial del dise\u00f1o para el a\u00f1o 2022<\/a>. Sin duda es un hecho relevante que debe agradecerse especialmente a <a href=\"http:\/\/designvalencia.eu\/index_val.html\">l\u2019Associaci\u00f3 Val\u00e8ncia Capital del Disseny<\/a>\u00a0 como promotora de la iniciativa y \u00a0a la que obviamente hemos de reconocer tanto el trabajo como el resultado, algo que no siempre va unido. Adem\u00e1s supone una continuaci\u00f3n inmejorable de la designaci\u00f3n de <a href=\"https:\/\/valenciaplaza.com\/valencia-sera-sede-de-los-european-design-awards-en-2020\">Val\u00e8ncia como sede de los European Design Awards 2020.<\/a><\/p>\n<p>Muchos han sido los comentarios y grande la repercusi\u00f3n medi\u00e1tica que ha tenido esta noticia pero hay un aspecto que desde un inicio hemos comprobado que se ha destacado desde la organizaci\u00f3n, que consideramos que es realmente importante pero que no sabemos si se ha percibido as\u00ed.Al menos la intenci\u00f3n que vislumbramos en la entidad promotora es que este evento sea no s\u00f3lo \u201cun gran acontecimiento m\u00e1s\u201d celebrado en esta ciudad pero que, quitando la euforia inicial, no deje ning\u00fan poso relevante, sino que se trate de una piedra de toque que influya en la evoluci\u00f3n econ\u00f3mica y social tanto de Val\u00e8ncia como de Alicante y Castell\u00f3n, con las que tambi\u00e9n comparte ese \u201camigo a veces invisible\u201d que es el dise\u00f1o.<\/p>\n<p>Esa pretensi\u00f3n inicial ha quedado plasmada en la propia composici\u00f3n de la organizaci\u00f3n promotora, en la que ha tenido un peso importante la iniciativa privada y que de base pone en valor la influencia que el dise\u00f1o puede tener en nuestras vidas y que no se limita a una mera satisfacci\u00f3n est\u00e9tica para una \u00e9lite.<\/p>\n<p>Y ese objetivo nuevamente se ha manifestado en la comunicaci\u00f3n realizada de la noticia por la propia organizaci\u00f3n. Tanto algunas de sus cabezas visibles (como Xavi Calvo y Pau Rausell) en sus numerosas intervenciones p\u00fablicas de estos d\u00edas como desde su web se ha querido destacar estos aspectos, se\u00f1alando que no \u201cestem gestant un event sino activant un proc\u00e9s\u201d. Evidentemente adem\u00e1s de expertos en dise\u00f1o lo son en comunicaci\u00f3n.<\/p>\n<p>Tambi\u00e9n parece haber influido esta \u201cvisi\u00f3n\u201d en la elecci\u00f3n, en la medida en que WTO ha subrayado que Val\u00e8ncia \u201chas become a leading example of a city\u2019s effective and strategic use of design on the development of public policy and its impact on industry\u201d.<\/p>\n<p>Nos alegramos pues tanto de la designaci\u00f3n de Val\u00e8ncia como del proyecto social y econ\u00f3mico que hay detr\u00e1s de ella. Ahora s\u00f3lo falta que tanto las administraciones p\u00fablicas (no s\u00f3lo las valencianas) como la sociedad civil realmente nos lo creamos y colaboremos y ayudemos a dar visibilidad a algo que ya exist\u00eda pero que, seguramente, no valor\u00e1bamos lo suficiente.<\/p>\n<p>Val\u00e8ncia, Castell\u00f3n y Alicante, no s\u00f3lo hist\u00f3ricamente sino en la actualidad, cuentan con un gran n\u00famero tanto de dise\u00f1adores como de empresas que tienen como una de sus principales ventajas competitivas el dise\u00f1o y que as\u00ed lo han demostrado a nivel internacional. Podr\u00edamos citar muchos (algunos que conocemos en primera persona por haber trabajado con ellos) pero mejor no hacerlo para no dejarnos a nadie ni personalizar\u2026.<\/p>\n<p>Y cuando hablamos de dise\u00f1o no s\u00f3lo nos referimos a cuestiones est\u00e9ticas, el dise\u00f1o va m\u00e1s all\u00e1 de la forma de un producto, el dise\u00f1o afecta a la est\u00e9tica de espacios, de edificios, de im\u00e1genes e incluye tambi\u00e9n el dise\u00f1o funcional.<\/p>\n<p>La potenciaci\u00f3n de ese dise\u00f1o y la concienciaci\u00f3n sobre su valor y repercusi\u00f3n social estamos seguros de que no s\u00f3lo econ\u00f3mica sino an\u00edmicamente pueden tener una gran relevancia para un ecosistema empresarial valenciano que est\u00e1 necesitado de activar y fomentar \u201cnuevas econom\u00edas\u201d. Y decimos an\u00edmicamente porque tambi\u00e9n somos fervientes creyentes en que un buen dise\u00f1o sin duda \u201calegra el alma\u201d y nos hace ver las cosas de otra manera, de una forma \u00a0m\u00e1s positiva. Simplemente contemplad vuestra reacci\u00f3n ante un espacio o un producto bien dise\u00f1ado, ver\u00e9is como la respuesta de vuestra retina (inicio de la cadena emocional) no falla.<\/p>\n<p>Por ello esperamos que esta designaci\u00f3n y su ejecuci\u00f3n sit\u00fae el dise\u00f1o en el lugar que se merece, especialmente entre los propios valencianos, y lo convierta en un verdadero estado de \u00e1nimo que nos ayude a todos a transformar en positivo nuestra sociedad.<\/p>\n<p>&nbsp;<\/p>\n","protected":false},"excerpt":{"rendered":"<p>Hace apenas unos d\u00edas se ha conocido que Val\u00e8ncia ha sido designada capital mundial del dise\u00f1o para el a\u00f1o 2022. Sin duda es un hecho relevante que debe agradecerse especialmente a l\u2019Associaci\u00f3 Val\u00e8ncia Capital del Disseny\u00a0 como promotora de la iniciativa y \u00a0a la que obviamente hemos de reconocer tanto el trabajo como el resultado, [&hellip;]<\/p>\n","protected":false},"author":5,"featured_media":0,"comment_status":"closed","ping_status":"open","sticky":false,"template":"","format":"standard","meta":{"footnotes":""},"categories":[103],"tags":[205,213,492,499],"class_list":["post-25946","post","type-post","status-publish","format-standard","hentry","category-sin-categoria","tag-design","tag-diseno","tag-valencia-capital-mundial-del-diseno","tag-world-design-capital"],"yoast_head":"<!-- This site is optimized with the Yoast SEO plugin v25.9 - https:\/\/yoast.com\/wordpress\/plugins\/seo\/ -->\n<title>\u00a1VAL\u00c8NCIA! EL DISE\u00d1O ES UN ESTADO DE \u00c1NIMO - RMA Attorneys at Law<\/title>\n<meta name=\"robots\" content=\"index, follow, max-snippet:-1, max-image-preview:large, max-video-preview:-1\" \/>\n<link rel=\"canonical\" href=\"https:\/\/rma.legal\/en\/valencia-el-diseno-es-un-estado-de-animo\/\" \/>\n<meta property=\"og:locale\" content=\"en_US\" \/>\n<meta property=\"og:type\" content=\"article\" \/>\n<meta property=\"og:title\" content=\"\u00a1VAL\u00c8NCIA! EL DISE\u00d1O ES UN ESTADO DE \u00c1NIMO - RMA Attorneys at Law\" \/>\n<meta property=\"og:description\" content=\"Hace apenas unos d\u00edas se ha conocido que Val\u00e8ncia ha sido designada capital mundial del dise\u00f1o para el a\u00f1o 2022. Sin duda es un hecho relevante que debe agradecerse especialmente a l\u2019Associaci\u00f3 Val\u00e8ncia Capital del Disseny\u00a0 como promotora de la iniciativa y \u00a0a la que obviamente hemos de reconocer tanto el trabajo como el resultado, [&hellip;]\" \/>\n<meta property=\"og:url\" content=\"https:\/\/rma.legal\/en\/valencia-el-diseno-es-un-estado-de-animo\/\" \/>\n<meta property=\"og:site_name\" content=\"RMA Attorneys at Law\" \/>\n<meta property=\"article:published_time\" content=\"2019-09-12T08:41:41+00:00\" \/>\n<meta property=\"article:modified_time\" content=\"2025-03-16T16:15:57+00:00\" \/>\n<meta property=\"og:image\" content=\"http:\/\/rma.legal\/wp-content\/uploads\/2019\/09\/WDCValencia2022-PR-4-300x204.jpg\" \/>\n<meta name=\"author\" content=\"RMA Legal\" \/>\n<meta name=\"twitter:card\" content=\"summary_large_image\" \/>\n<meta name=\"twitter:label1\" content=\"Written by\" \/>\n\t<meta name=\"twitter:data1\" content=\"RMA Legal\" \/>\n\t<meta name=\"twitter:label2\" content=\"Est. reading time\" \/>\n\t<meta name=\"twitter:data2\" content=\"4 minutes\" \/>\n<script type=\"application\/ld+json\" class=\"yoast-schema-graph\">{\"@context\":\"https:\/\/schema.org\",\"@graph\":[{\"@type\":\"Article\",\"@id\":\"https:\/\/rma.legal\/en\/valencia-el-diseno-es-un-estado-de-animo\/#article\",\"isPartOf\":{\"@id\":\"https:\/\/rma.legal\/en\/valencia-el-diseno-es-un-estado-de-animo\/\"},\"author\":{\"name\":\"RMA Legal\",\"@id\":\"https:\/\/rma.legal\/en\/#\/schema\/person\/ce35cb0535f72f8fe561ca18c346286e\"},\"headline\":\"\u00a1VAL\u00c8NCIA! EL DISE\u00d1O ES UN ESTADO DE \u00c1NIMO\",\"datePublished\":\"2019-09-12T08:41:41+00:00\",\"dateModified\":\"2025-03-16T16:15:57+00:00\",\"mainEntityOfPage\":{\"@id\":\"https:\/\/rma.legal\/en\/valencia-el-diseno-es-un-estado-de-animo\/\"},\"wordCount\":777,\"publisher\":{\"@id\":\"https:\/\/rma.legal\/en\/#organization\"},\"image\":{\"@id\":\"https:\/\/rma.legal\/en\/valencia-el-diseno-es-un-estado-de-animo\/#primaryimage\"},\"thumbnailUrl\":\"http:\/\/rma.legal\/wp-content\/uploads\/2019\/09\/WDCValencia2022-PR-4-300x204.jpg\",\"keywords\":[\"Design\",\"dise\u00f1o\",\"valencia capital mundial del dise\u00f1o\",\"world design capital\"],\"articleSection\":[\"Sin categor\u00eda\"],\"inLanguage\":\"en-US\"},{\"@type\":\"WebPage\",\"@id\":\"https:\/\/rma.legal\/en\/valencia-el-diseno-es-un-estado-de-animo\/\",\"url\":\"https:\/\/rma.legal\/en\/valencia-el-diseno-es-un-estado-de-animo\/\",\"name\":\"\u00a1VAL\u00c8NCIA! EL DISE\u00d1O ES UN ESTADO DE \u00c1NIMO - RMA Attorneys at Law\",\"isPartOf\":{\"@id\":\"https:\/\/rma.legal\/en\/#website\"},\"primaryImageOfPage\":{\"@id\":\"https:\/\/rma.legal\/en\/valencia-el-diseno-es-un-estado-de-animo\/#primaryimage\"},\"image\":{\"@id\":\"https:\/\/rma.legal\/en\/valencia-el-diseno-es-un-estado-de-animo\/#primaryimage\"},\"thumbnailUrl\":\"http:\/\/rma.legal\/wp-content\/uploads\/2019\/09\/WDCValencia2022-PR-4-300x204.jpg\",\"datePublished\":\"2019-09-12T08:41:41+00:00\",\"dateModified\":\"2025-03-16T16:15:57+00:00\",\"breadcrumb\":{\"@id\":\"https:\/\/rma.legal\/en\/valencia-el-diseno-es-un-estado-de-animo\/#breadcrumb\"},\"inLanguage\":\"en-US\",\"potentialAction\":[{\"@type\":\"ReadAction\",\"target\":[\"https:\/\/rma.legal\/en\/valencia-el-diseno-es-un-estado-de-animo\/\"]}]},{\"@type\":\"ImageObject\",\"inLanguage\":\"en-US\",\"@id\":\"https:\/\/rma.legal\/en\/valencia-el-diseno-es-un-estado-de-animo\/#primaryimage\",\"url\":\"http:\/\/rma.legal\/wp-content\/uploads\/2019\/09\/WDCValencia2022-PR-4-300x204.jpg\",\"contentUrl\":\"http:\/\/rma.legal\/wp-content\/uploads\/2019\/09\/WDCValencia2022-PR-4-300x204.jpg\"},{\"@type\":\"BreadcrumbList\",\"@id\":\"https:\/\/rma.legal\/en\/valencia-el-diseno-es-un-estado-de-animo\/#breadcrumb\",\"itemListElement\":[{\"@type\":\"ListItem\",\"position\":1,\"name\":\"Portada\",\"item\":\"https:\/\/rma.legal\/en\/\"},{\"@type\":\"ListItem\",\"position\":2,\"name\":\"\u00a1VAL\u00c8NCIA! EL DISE\u00d1O ES UN ESTADO DE \u00c1NIMO\"}]},{\"@type\":\"WebSite\",\"@id\":\"https:\/\/rma.legal\/en\/#website\",\"url\":\"https:\/\/rma.legal\/en\/\",\"name\":\"RMA Attorneys at Law\",\"description\":\"RMA Legal Attorneys\",\"publisher\":{\"@id\":\"https:\/\/rma.legal\/en\/#organization\"},\"potentialAction\":[{\"@type\":\"SearchAction\",\"target\":{\"@type\":\"EntryPoint\",\"urlTemplate\":\"https:\/\/rma.legal\/en\/?s={search_term_string}\"},\"query-input\":{\"@type\":\"PropertyValueSpecification\",\"valueRequired\":true,\"valueName\":\"search_term_string\"}}],\"inLanguage\":\"en-US\"},{\"@type\":\"Organization\",\"@id\":\"https:\/\/rma.legal\/en\/#organization\",\"name\":\"RMA Attorneys at Law\",\"url\":\"https:\/\/rma.legal\/en\/\",\"logo\":{\"@type\":\"ImageObject\",\"inLanguage\":\"en-US\",\"@id\":\"https:\/\/rma.legal\/en\/#\/schema\/logo\/image\/\",\"url\":\"https:\/\/rma.legal\/wp-content\/uploads\/2025\/02\/Logo-rma-legal-invertido-footer-c-1.png\",\"contentUrl\":\"https:\/\/rma.legal\/wp-content\/uploads\/2025\/02\/Logo-rma-legal-invertido-footer-c-1.png\",\"width\":300,\"height\":125,\"caption\":\"RMA Attorneys at Law\"},\"image\":{\"@id\":\"https:\/\/rma.legal\/en\/#\/schema\/logo\/image\/\"}},{\"@type\":\"Person\",\"@id\":\"https:\/\/rma.legal\/en\/#\/schema\/person\/ce35cb0535f72f8fe561ca18c346286e\",\"name\":\"RMA Legal\",\"image\":{\"@type\":\"ImageObject\",\"inLanguage\":\"en-US\",\"@id\":\"https:\/\/rma.legal\/en\/#\/schema\/person\/image\/\",\"url\":\"https:\/\/secure.gravatar.com\/avatar\/1d9ebe28cd6c660ba581ebb27a0e41208369aa1d73a770a3dcb6624bbcc2c69e?s=96&d=mm&r=g\",\"contentUrl\":\"https:\/\/secure.gravatar.com\/avatar\/1d9ebe28cd6c660ba581ebb27a0e41208369aa1d73a770a3dcb6624bbcc2c69e?s=96&d=mm&r=g\",\"caption\":\"RMA Legal\"},\"url\":\"https:\/\/rma.legal\/en\/author\/rm-abogados\/\"}]}<\/script>\n<!-- \/ Yoast SEO plugin. -->","yoast_head_json":{"title":"\u00a1VAL\u00c8NCIA! EL DISE\u00d1O ES UN ESTADO DE \u00c1NIMO - RMA Attorneys at Law","robots":{"index":"index","follow":"follow","max-snippet":"max-snippet:-1","max-image-preview":"max-image-preview:large","max-video-preview":"max-video-preview:-1"},"canonical":"https:\/\/rma.legal\/en\/valencia-el-diseno-es-un-estado-de-animo\/","og_locale":"en_US","og_type":"article","og_title":"\u00a1VAL\u00c8NCIA! EL DISE\u00d1O ES UN ESTADO DE \u00c1NIMO - RMA Attorneys at Law","og_description":"Hace apenas unos d\u00edas se ha conocido que Val\u00e8ncia ha sido designada capital mundial del dise\u00f1o para el a\u00f1o 2022. Sin duda es un hecho relevante que debe agradecerse especialmente a l\u2019Associaci\u00f3 Val\u00e8ncia Capital del Disseny\u00a0 como promotora de la iniciativa y \u00a0a la que obviamente hemos de reconocer tanto el trabajo como el resultado, [&hellip;]","og_url":"https:\/\/rma.legal\/en\/valencia-el-diseno-es-un-estado-de-animo\/","og_site_name":"RMA Attorneys at Law","article_published_time":"2019-09-12T08:41:41+00:00","article_modified_time":"2025-03-16T16:15:57+00:00","og_image":[{"url":"http:\/\/rma.legal\/wp-content\/uploads\/2019\/09\/WDCValencia2022-PR-4-300x204.jpg","type":"","width":"","height":""}],"author":"RMA Legal","twitter_card":"summary_large_image","twitter_misc":{"Written by":"RMA Legal","Est. reading time":"4 minutes"},"schema":{"@context":"https:\/\/schema.org","@graph":[{"@type":"Article","@id":"https:\/\/rma.legal\/en\/valencia-el-diseno-es-un-estado-de-animo\/#article","isPartOf":{"@id":"https:\/\/rma.legal\/en\/valencia-el-diseno-es-un-estado-de-animo\/"},"author":{"name":"RMA Legal","@id":"https:\/\/rma.legal\/en\/#\/schema\/person\/ce35cb0535f72f8fe561ca18c346286e"},"headline":"\u00a1VAL\u00c8NCIA! EL DISE\u00d1O ES UN ESTADO DE \u00c1NIMO","datePublished":"2019-09-12T08:41:41+00:00","dateModified":"2025-03-16T16:15:57+00:00","mainEntityOfPage":{"@id":"https:\/\/rma.legal\/en\/valencia-el-diseno-es-un-estado-de-animo\/"},"wordCount":777,"publisher":{"@id":"https:\/\/rma.legal\/en\/#organization"},"image":{"@id":"https:\/\/rma.legal\/en\/valencia-el-diseno-es-un-estado-de-animo\/#primaryimage"},"thumbnailUrl":"http:\/\/rma.legal\/wp-content\/uploads\/2019\/09\/WDCValencia2022-PR-4-300x204.jpg","keywords":["Design","dise\u00f1o","valencia capital mundial del dise\u00f1o","world design capital"],"articleSection":["Sin categor\u00eda"],"inLanguage":"en-US"},{"@type":"WebPage","@id":"https:\/\/rma.legal\/en\/valencia-el-diseno-es-un-estado-de-animo\/","url":"https:\/\/rma.legal\/en\/valencia-el-diseno-es-un-estado-de-animo\/","name":"\u00a1VAL\u00c8NCIA! EL DISE\u00d1O ES UN ESTADO DE \u00c1NIMO - RMA Attorneys at Law","isPartOf":{"@id":"https:\/\/rma.legal\/en\/#website"},"primaryImageOfPage":{"@id":"https:\/\/rma.legal\/en\/valencia-el-diseno-es-un-estado-de-animo\/#primaryimage"},"image":{"@id":"https:\/\/rma.legal\/en\/valencia-el-diseno-es-un-estado-de-animo\/#primaryimage"},"thumbnailUrl":"http:\/\/rma.legal\/wp-content\/uploads\/2019\/09\/WDCValencia2022-PR-4-300x204.jpg","datePublished":"2019-09-12T08:41:41+00:00","dateModified":"2025-03-16T16:15:57+00:00","breadcrumb":{"@id":"https:\/\/rma.legal\/en\/valencia-el-diseno-es-un-estado-de-animo\/#breadcrumb"},"inLanguage":"en-US","potentialAction":[{"@type":"ReadAction","target":["https:\/\/rma.legal\/en\/valencia-el-diseno-es-un-estado-de-animo\/"]}]},{"@type":"ImageObject","inLanguage":"en-US","@id":"https:\/\/rma.legal\/en\/valencia-el-diseno-es-un-estado-de-animo\/#primaryimage","url":"http:\/\/rma.legal\/wp-content\/uploads\/2019\/09\/WDCValencia2022-PR-4-300x204.jpg","contentUrl":"http:\/\/rma.legal\/wp-content\/uploads\/2019\/09\/WDCValencia2022-PR-4-300x204.jpg"},{"@type":"BreadcrumbList","@id":"https:\/\/rma.legal\/en\/valencia-el-diseno-es-un-estado-de-animo\/#breadcrumb","itemListElement":[{"@type":"ListItem","position":1,"name":"Portada","item":"https:\/\/rma.legal\/en\/"},{"@type":"ListItem","position":2,"name":"\u00a1VAL\u00c8NCIA! EL DISE\u00d1O ES UN ESTADO DE \u00c1NIMO"}]},{"@type":"WebSite","@id":"https:\/\/rma.legal\/en\/#website","url":"https:\/\/rma.legal\/en\/","name":"RMA Attorneys at Law","description":"RMA Legal Attorneys","publisher":{"@id":"https:\/\/rma.legal\/en\/#organization"},"potentialAction":[{"@type":"SearchAction","target":{"@type":"EntryPoint","urlTemplate":"https:\/\/rma.legal\/en\/?s={search_term_string}"},"query-input":{"@type":"PropertyValueSpecification","valueRequired":true,"valueName":"search_term_string"}}],"inLanguage":"en-US"},{"@type":"Organization","@id":"https:\/\/rma.legal\/en\/#organization","name":"RMA Attorneys at Law","url":"https:\/\/rma.legal\/en\/","logo":{"@type":"ImageObject","inLanguage":"en-US","@id":"https:\/\/rma.legal\/en\/#\/schema\/logo\/image\/","url":"https:\/\/rma.legal\/wp-content\/uploads\/2025\/02\/Logo-rma-legal-invertido-footer-c-1.png","contentUrl":"https:\/\/rma.legal\/wp-content\/uploads\/2025\/02\/Logo-rma-legal-invertido-footer-c-1.png","width":300,"height":125,"caption":"RMA Attorneys at Law"},"image":{"@id":"https:\/\/rma.legal\/en\/#\/schema\/logo\/image\/"}},{"@type":"Person","@id":"https:\/\/rma.legal\/en\/#\/schema\/person\/ce35cb0535f72f8fe561ca18c346286e","name":"RMA Legal","image":{"@type":"ImageObject","inLanguage":"en-US","@id":"https:\/\/rma.legal\/en\/#\/schema\/person\/image\/","url":"https:\/\/secure.gravatar.com\/avatar\/1d9ebe28cd6c660ba581ebb27a0e41208369aa1d73a770a3dcb6624bbcc2c69e?s=96&d=mm&r=g","contentUrl":"https:\/\/secure.gravatar.com\/avatar\/1d9ebe28cd6c660ba581ebb27a0e41208369aa1d73a770a3dcb6624bbcc2c69e?s=96&d=mm&r=g","caption":"RMA Legal"},"url":"https:\/\/rma.legal\/en\/author\/rm-abogados\/"}]}},"_links":{"self":[{"href":"https:\/\/rma.legal\/en\/wp-json\/wp\/v2\/posts\/25946","targetHints":{"allow":["GET"]}}],"collection":[{"href":"https:\/\/rma.legal\/en\/wp-json\/wp\/v2\/posts"}],"about":[{"href":"https:\/\/rma.legal\/en\/wp-json\/wp\/v2\/types\/post"}],"author":[{"embeddable":true,"href":"https:\/\/rma.legal\/en\/wp-json\/wp\/v2\/users\/5"}],"replies":[{"embeddable":true,"href":"https:\/\/rma.legal\/en\/wp-json\/wp\/v2\/comments?post=25946"}],"version-history":[{"count":1,"href":"https:\/\/rma.legal\/en\/wp-json\/wp\/v2\/posts\/25946\/revisions"}],"predecessor-version":[{"id":29530,"href":"https:\/\/rma.legal\/en\/wp-json\/wp\/v2\/posts\/25946\/revisions\/29530"}],"wp:attachment":[{"href":"https:\/\/rma.legal\/en\/wp-json\/wp\/v2\/media?parent=25946"}],"wp:term":[{"taxonomy":"category","embeddable":true,"href":"https:\/\/rma.legal\/en\/wp-json\/wp\/v2\/categories?post=25946"},{"taxonomy":"post_tag","embeddable":true,"href":"https:\/\/rma.legal\/en\/wp-json\/wp\/v2\/tags?post=25946"}],"curies":[{"name":"wp","href":"https:\/\/api.w.org\/{rel}","templated":true}]}}