{"id":25883,"date":"2019-04-11T09:54:44","date_gmt":"2019-04-11T09:54:44","guid":{"rendered":"http:\/\/rma.legal\/?p=25883"},"modified":"2025-09-15T16:52:24","modified_gmt":"2025-09-15T16:52:24","slug":"como-proteger-tu-diseno","status":"publish","type":"post","link":"https:\/\/rma.legal\/en\/como-proteger-tu-diseno\/","title":{"rendered":"\u00bfC\u00f3mo proteger tu dise\u00f1o?"},"content":{"rendered":"<p><img fetchpriority=\"high\" decoding=\"async\" class=\"alignnone size-medium wp-image-32023 aligncenter\" src=\"https:\/\/rma.legal\/wp-content\/uploads\/2024\/01\/rma-logo-hexagono-300x174.png\" alt=\"RMA Legal logo\" width=\"300\" height=\"174\" srcset=\"https:\/\/rma.legal\/wp-content\/uploads\/2024\/01\/rma-logo-hexagono-300x174.png 300w, https:\/\/rma.legal\/wp-content\/uploads\/2024\/01\/rma-logo-hexagono.png 440w\" sizes=\"(max-width: 300px) 100vw, 300px\" \/><\/p>\n<p><strong>LEY DEL DISE\u00d1O, PROPIEDAD INTELECTUAL, MARCAS\u2026 \u00bf<em>WHAT ELSE<\/em>?<\/strong><\/p>\n<p>El autor de un dise\u00f1o, sea cual sea el objeto en que recaiga (moda, mobiliario urbano, iluminaci\u00f3n, joyer\u00eda, etc\u2026) debe saber que existen <strong>distintas modalidades para su protecci\u00f3n<\/strong> y algunas recomendaciones a seguir para lograr que todo su esfuerzo creador no caiga en saco roto o sea aprovechado indebidamente por un tercero.<\/p>\n<p>De un lado, <strong>la normativa sobre Dise\u00f1o<\/strong> (<a href=\"https:\/\/www.boe.es\/buscar\/doc.php?id=BOE-A-2003-13615\">Ley 20\/2003 de Dise\u00f1o<\/a> y <a href=\"https:\/\/euipo.europa.eu\/tunnel-web\/secure\/webdav\/guest\/document_library\/contentPdfs\/law_and_practice\/cdr_legal_basis\/62002_cv_es.pdf\">Reglamento 6\/2002 sobre los dibujos y modelos comunitarios<\/a>) permite registrar aquellas <strong>creaciones formales<\/strong> que presenten <strong><em>novedad<\/em> <\/strong>y <strong><em>car\u00e1cter singular<\/em><\/strong> respecto de aquello que ya ha sido divulgado con anterioridad, teniendo en cuenta <strong><em>el grado de libertad del creador<\/em><\/strong>. Si un dise\u00f1o presenta a priori ambos caracteres, ser\u00e1 altamente recomendable proceder a su registro ante la Oficina Espa\u00f1ola de Patentes y Marcas (como dise\u00f1o nacional) o ante la EUIPO (como dise\u00f1o de la UE). Con ello se obtiene un derecho de exclusiva en Espa\u00f1a o en la UE durante un <strong>m\u00e1ximo de 25 a\u00f1os<\/strong> que permite prohibir a cualquier tercero la fabricaci\u00f3n o comercializaci\u00f3n de un dise\u00f1o <em>que no produzca una impresi\u00f3n general distinta para el usuario informado<\/em> respecto del protegido.<\/p>\n<p><img decoding=\"async\" class=\"alignnone wp-image-25884 \" src=\"http:\/\/rma.legal\/wp-content\/uploads\/2019\/04\/Lampara-Mila-103x300.jpg\" alt=\"L\u00e1mpara Mil\u00e1\" width=\"75\" height=\"218\" srcset=\"https:\/\/rma.legal\/wp-content\/uploads\/2019\/04\/Lampara-Mila-103x300.jpg 103w, https:\/\/rma.legal\/wp-content\/uploads\/2019\/04\/Lampara-Mila.jpg 171w\" sizes=\"(max-width: 75px) 100vw, 75px\" \/>\u00a0 \u00a0 \u00a0 \u00a0 \u00a0 \u00a0 \u00a0 \u00a0 \u00a0 \u00a0 \u00a0 \u00a0 \u00a0 \u00a0 \u00a0 \u00a0 \u00a0 \u00a0 \u00a0 \u00a0 \u00a0 \u00a0 \u00a0 \u00a0 \u00a0 \u00a0 \u00a0 \u00a0 \u00a0\u00a0<img decoding=\"async\" class=\"alignnone wp-image-25885\" src=\"http:\/\/rma.legal\/wp-content\/uploads\/2019\/04\/Camper-300x117.jpg\" alt=\"Camper\" width=\"187\" height=\"73\" srcset=\"https:\/\/rma.legal\/wp-content\/uploads\/2019\/04\/Camper-300x117.jpg 300w, https:\/\/rma.legal\/wp-content\/uploads\/2019\/04\/Camper.jpg 390w\" sizes=\"(max-width: 187px) 100vw, 187px\" \/><\/p>\n<p style=\"text-align: center;\">\u00a0Ejemplo de dise\u00f1os protegidos de Santa &amp; Cole (autor\u00eda de Miguel Mil\u00e1) y Camper.<\/p>\n<p>Es importante saber que l<strong>a propia divulgaci\u00f3n<\/strong> que el autor (o un tercero autorizado) pueda realizar de su dise\u00f1o en el mercado <strong>durante el a\u00f1o anterior a su solicitud de registro<\/strong> (por ejemplo, present\u00e1ndolo en una feria), no afectar\u00e1 a su validez (esto es, a su \u201cnovedad\u201d y su \u201ccar\u00e1cter singular\u201d), pero una divulgaci\u00f3n<strong> m\u00e1s all\u00e1 de ese a\u00f1o \u201cde gracia\u201d<\/strong> s\u00ed lo podr\u00eda invalidar, si un tercero lo detecta y demuestra que ha podido ser conocido <em>\u201cpor los c\u00edrculos especializados del sector\u201d<\/em>. <strong>Ignorar esto puede representar perder toda posibilidad de obtener protecci\u00f3n del dise\u00f1o para el que tanto tiempo y esfuerzo se ha invertido<\/strong>. Hay que asegurarse, pues, de considerar la posibilidad del registro antes de acabar ese a\u00f1o de gracia.<\/p>\n<p>La normativa sobre Dise\u00f1os tambi\u00e9n otorga protecci\u00f3n <strong>a los dise\u00f1os no registrados<\/strong>, si bien s\u00f3lo durante <strong>3 a\u00f1os<\/strong> desde su primera comercializaci\u00f3n, y frente a las copias. Est\u00e1 pensada para aquellos dise\u00f1os de vida ef\u00edmera (como los de la moda), cuyo registro sistem\u00e1tico puede adem\u00e1s representar un enorme coste econ\u00f3mico para su titular.<\/p>\n<p>De otro lado, <strong>si el dise\u00f1o es \u201c<em>original<\/em>\u201d y re\u00fane cierta \u201c<em>altura creativa<\/em><\/strong>\u201d, que corresponde al titular acreditar (o al menos argumentar) y a los Tribunales confirmar, cabr\u00e1 la posibilidad de que se le reconozca su condici\u00f3n de <strong>obra de propiedad intelectual<\/strong> protegida por la <a href=\"https:\/\/www.boe.es\/buscar\/act.php?id=BOE-A-1996-8930\"><strong>Ley de Propiedad intelectual<\/strong><\/a>. Se trata de una protecci\u00f3n independiente, acumulable y compatible con la prevista en la Ley del Dise\u00f1o con la diferencia de que el derecho reconocido al autor de una obra de propiedad intelectual nace <strong>por el s\u00f3lo hecho de la creaci\u00f3n<\/strong>, <strong>dura toda la vida del autor y<\/strong> <strong>70 a\u00f1os despu\u00e9s de su muerte<\/strong>. No obstante, el hecho de que no exista la necesidad de registro de las obras de propiedad intelectual puede ocasionar determinados problemas de prueba (de la autor\u00eda o de la fecha) a la hora de hacer valer tal derecho en una reclamaci\u00f3n judicial o extrajudicial.<\/p>\n<p>Por poner un ejemplo, nadie dudar\u00eda hoy en d\u00eda de la <strong>condici\u00f3n de obra de propiedad intelectual<\/strong> del exprimidor \u201cJuicy Salif\u201d de Philippe Starck para la firma Alessi, que se concibi\u00f3 como un dise\u00f1o y se ha convertido en objeto de deseo m\u00e1s all\u00e1 de su funcionalidad, exhibi\u00e9ndose incluso en el <a href=\"https:\/\/www.moma.org\/collection\/works\/1825?artist_id=8418&amp;locale=es&amp;page=1&amp;sov_referrer=artist\">MOMA de Nueva York<\/a>.<\/p>\n<p><img loading=\"lazy\" decoding=\"async\" class=\"wp-image-25886 aligncenter\" src=\"http:\/\/rma.legal\/wp-content\/uploads\/2019\/04\/Juicy-Salif-183x300.jpg\" alt=\"Juicy Salif\" width=\"130\" height=\"213\" srcset=\"https:\/\/rma.legal\/wp-content\/uploads\/2019\/04\/Juicy-Salif-183x300.jpg 183w, https:\/\/rma.legal\/wp-content\/uploads\/2019\/04\/Juicy-Salif.jpg 360w\" sizes=\"(max-width: 130px) 100vw, 130px\" \/><\/p>\n<p>Y por citar un caso de los Tribunales espa\u00f1oles, el referido a la silla \u201cTripp-Trapp\u201d de Peter Opsvik producida por la firma Stokke, que ha visto reconocida su condici\u00f3n de obra de propiedad intelectual (entre otras, Sentencia Audiencia Provincial de Madrid de 17\/11\/2004):<\/p>\n<p><img loading=\"lazy\" decoding=\"async\" class=\" wp-image-25887 aligncenter\" src=\"http:\/\/rma.legal\/wp-content\/uploads\/2019\/04\/Tripp-Trapp-263x300.jpg\" alt=\"Tripp Trapp\" width=\"151\" height=\"173\" srcset=\"https:\/\/rma.legal\/wp-content\/uploads\/2019\/04\/Tripp-Trapp-263x300.jpg 263w, https:\/\/rma.legal\/wp-content\/uploads\/2019\/04\/Tripp-Trapp.jpg 335w\" sizes=\"(max-width: 151px) 100vw, 151px\" \/><\/p>\n<p>Nuestra recomendaci\u00f3n para lograr una protecci\u00f3n m\u00e1s eficaz: <strong>dejar constancia de forma fehaciente de la autor\u00eda y de la fecha y proceso de creaci\u00f3n del dise\u00f1o<\/strong>, para lo que existen distintas v\u00edas: inscripci\u00f3n en el Registro de la Propiedad Intelectual, dep\u00f3sitos notariales o dep\u00f3sitos digitales mediante servicios espec\u00edficos (como el ofrecido por <a href=\"https:\/\/www.eevidence.com\/es\/\">e-Evidence<\/a>).<\/p>\n<p>Si el dise\u00f1o no est\u00e1 protegido o no es protegible ni como Dise\u00f1o (porque no se registr\u00f3 en su momento, o porque ya ha expirado su t\u00e9rmino de vigencia, o porque simplemente no es novedoso ni tiene car\u00e1cter singular), ni por la de Propiedad intelectual (porque no re\u00fane \u201caltura creativa\u201d), o lo que es lo mismo<strong>, si se carece de derechos de exclusiva sobre el mismo<\/strong>, la realidad es que no ser\u00e1 sencillo obtener protecci\u00f3n por cualquier otra v\u00eda. Cierto es que existe la <a href=\"https:\/\/www.boe.es\/buscar\/act.php?id=BOE-A-1991-628\"><strong>Ley de Competencia desleal 3\/1991<\/strong><\/a>, pero dicha Ley parte del principio de <strong>libre imitaci\u00f3n de prestaciones (art.11) <\/strong>y s\u00f3lo permite impedir aquellos actos de imitaci\u00f3n que supongan <strong><em>una asociaci\u00f3n indebida entre prestaciones<\/em><\/strong> o un <strong><em>aprovechamiento indebido de la reputaci\u00f3n o del esfuerzo ajenos<\/em><\/strong> (y destacamos el \u201cindebido\u201d). Pero son escas\u00edsimas las sentencias que en los \u00faltimos a\u00f1os han apreciado actos de imitaci\u00f3n desleales en general y menos a\u00fan en relaci\u00f3n con copias de dise\u00f1os, por la exigencia probatoria y por el rigor y car\u00e1cter restrictivo con que se acogen estos supuestos, como excepci\u00f3n al principio de libre competencia.<\/p>\n<p>Por ejemplo, hace poco hemos conocido la sentencia del <strong>Juzgado Mercantil 8 de Madrid<\/strong> de diciembre 2018 que ha rechazado que este modelo de zapatilla de Scalpers constituya una imitaci\u00f3n desleal respecto de las cl\u00e1sicas Adidas Stan Smith (sentencia que no ser\u00eda firme):<\/p>\n<p><img loading=\"lazy\" decoding=\"async\" class=\"alignnone wp-image-25894\" src=\"http:\/\/rma.legal\/wp-content\/uploads\/2019\/04\/stan-smith-1-210x300.jpg\" alt=\"stan smith 1\" width=\"148\" height=\"211\" srcset=\"https:\/\/rma.legal\/wp-content\/uploads\/2019\/04\/stan-smith-1-210x300.jpg 210w, https:\/\/rma.legal\/wp-content\/uploads\/2019\/04\/stan-smith-1.jpg 212w\" sizes=\"(max-width: 148px) 100vw, 148px\" \/>\u00a0 \u00a0 \u00a0 \u00a0 \u00a0 \u00a0 \u00a0 \u00a0 \u00a0 \u00a0 \u00a0 \u00a0 \u00a0 \u00a0 \u00a0 \u00a0 \u00a0 \u00a0<img loading=\"lazy\" decoding=\"async\" class=\"alignnone wp-image-25895\" src=\"http:\/\/rma.legal\/wp-content\/uploads\/2019\/04\/scalpers-1-148x300.png\" alt=\"scalpers 1\" width=\"105\" height=\"213\" srcset=\"https:\/\/rma.legal\/wp-content\/uploads\/2019\/04\/scalpers-1-148x300.png 148w, https:\/\/rma.legal\/wp-content\/uploads\/2019\/04\/scalpers-1.png 162w\" sizes=\"(max-width: 105px) 100vw, 105px\" \/><\/p>\n<p>Hemos dejado para el final la menci\u00f3n a la <a href=\"https:\/\/www.boe.es\/buscar\/act.php?id=BOE-A-2001-23093\">Ley de Marcas<\/a>, que aunque no es la v\u00eda propia para proteger una innovaci\u00f3n formal, <strong>permite en determinadas circunstancias proteger un dise\u00f1o <\/strong>por la v\u00eda de la marca gr\u00e1fica, de la tridimensional, o de la marca de posici\u00f3n (aquella que protege el signo en su posici\u00f3n en un concreto producto). Puede ser tentador recurrir a esta normativa por la <strong>protecci\u00f3n temporalmente ilimitada<\/strong> que concede el registro de una marca, y se abusa en la pr\u00e1ctica (generando quebraderos de cabeza a las Oficinas y a los Tribunales, con casos debatidos y gran repercusi\u00f3n, lo que merecer\u00eda un post propio), pero hay que saber que tiene distintos requisitos y finalidad. Lo que se valora aqu\u00ed ya no es la novedad y el car\u00e1cter singular (por tanto es irrelevante que se haya divulgado antes, sino la <strong>capacidad distintiva<\/strong>, esto es, que los consumidores sean capaces de reconocer en dicha forma <strong>un origen empresarial<\/strong>, lo que no ser\u00e1 tan evidente. Debe adem\u00e1s superar <strong>unas prohibiciones absolutas de registro<\/strong>, como aquellas que impiden precisamente registrar formas &#8220;<em>que dan un valor sustancial al producto<\/em>\u201d o <em>&#8220;impuestas por la naturaleza del producto&#8221;<\/em>. Deslindar por tanto marca de dise\u00f1o a veces no es sencillo.<\/p>\n<p>As\u00ed, la firma Havaianas ha obtenido el reconocimiento judicial de que esta graf\u00eda no se utiliza como mero elemento ornamental en calzado sino a t\u00edtulo de marca y que tiene plena capacidad distintiva de un origen empresarial:<\/p>\n<p><img loading=\"lazy\" decoding=\"async\" class=\" wp-image-25890 aligncenter\" src=\"http:\/\/rma.legal\/wp-content\/uploads\/2019\/04\/Havaianas-300x61.jpg\" alt=\"Havaianas\" width=\"265\" height=\"54\" srcset=\"https:\/\/rma.legal\/wp-content\/uploads\/2019\/04\/Havaianas-300x61.jpg 300w, https:\/\/rma.legal\/wp-content\/uploads\/2019\/04\/Havaianas.jpg 409w\" sizes=\"(max-width: 265px) 100vw, 265px\" \/><\/p>\n<p style=\"text-align: center;\">Marca UE n\u00ba 8170953<\/p>\n<p>Conviene en cualquier caso saber que si se logra finalmente registrar como marca lo que en realidad es y opera como un dise\u00f1o, puede ser dif\u00edcil hacerla valer frente a terceros que copien ese dise\u00f1o, pues la infracci\u00f3n marcaria se enjuicia con otros par\u00e1metros, como el del \u201c<em>riesgo de confusi\u00f3n<\/em>\u201d. Y como marca, estar\u00e1 sometida adem\u00e1s a la exigencia de uso \u201ca t\u00edtulo de marca\u201d so pena de invalidaci\u00f3n del registro, y ello no siempre ser\u00e1 tan evidente.<\/p>\n<p>Aun as\u00ed, existen casos de creaciones que nacieron probablemente como dise\u00f1os y con su uso se han erigido propiamente en marcas, y nadie duda de que su funci\u00f3n no es meramente ornamental o est\u00e9tica sino realmente la de distinguir el origen empresarial.<\/p>\n<p>Esa capacidad de ser marca (m\u00e1s all\u00e1 de su dise\u00f1o) se puede tener desde un principio, o bien como consecuencia de su uso en el mercado, o de su notoriedad, pero como se ve, no se puede descartar la protecci\u00f3n marcaria a determinadas formas que nacieron como dise\u00f1os, esto es, como puras innovaciones formales.<\/p>\n<p>Por ejemplo, \u00bfpuede neg\u00e1rsele aptitud distintiva, y por tanto, <strong>su capacidad de ser marca<\/strong>, a las siguientes formas?<\/p>\n<p><img loading=\"lazy\" decoding=\"async\" class=\"alignnone wp-image-25891 \" src=\"http:\/\/rma.legal\/wp-content\/uploads\/2019\/04\/Granini-208x300.jpg\" alt=\"Granini\" width=\"108\" height=\"156\" srcset=\"https:\/\/rma.legal\/wp-content\/uploads\/2019\/04\/Granini-208x300.jpg 208w, https:\/\/rma.legal\/wp-content\/uploads\/2019\/04\/Granini.jpg 214w\" sizes=\"(max-width: 108px) 100vw, 108px\" \/>\u00a0 \u00a0 \u00a0 \u00a0 \u00a0 \u00a0 \u00a0 \u00a0 \u00a0 \u00a0 \u00a0 \u00a0 \u00a0 \u00a0 \u00a0 \u00a0 \u00a0 \u00a0 \u00a0 \u00a0 \u00a0 \u00a0 \u00a0 \u00a0 <img loading=\"lazy\" decoding=\"async\" class=\"alignnone wp-image-25892\" src=\"http:\/\/rma.legal\/wp-content\/uploads\/2019\/04\/Toblerone-300x138.jpg\" alt=\"Toblerone\" width=\"137\" height=\"63\" srcset=\"https:\/\/rma.legal\/wp-content\/uploads\/2019\/04\/Toblerone-300x138.jpg 300w, https:\/\/rma.legal\/wp-content\/uploads\/2019\/04\/Toblerone.jpg 373w\" sizes=\"(max-width: 137px) 100vw, 137px\" \/>\u00a0 \u00a0 \u00a0 \u00a0 \u00a0 \u00a0 \u00a0 \u00a0 \u00a0 \u00a0 \u00a0 \u00a0 \u00a0 \u00a0 \u00a0 \u00a0 \u00a0 \u00a0 \u00a0 \u00a0 \u00a0\u00a0<img loading=\"lazy\" decoding=\"async\" class=\"alignnone  wp-image-25896\" src=\"http:\/\/rma.legal\/wp-content\/uploads\/2019\/04\/coca-cola-1-156x300.png\" alt=\"coca cola 1\" width=\"100\" height=\"192\" srcset=\"https:\/\/rma.legal\/wp-content\/uploads\/2019\/04\/coca-cola-1-156x300.png 156w, https:\/\/rma.legal\/wp-content\/uploads\/2019\/04\/coca-cola-1.png 173w\" sizes=\"(max-width: 100px) 100vw, 100px\" \/><\/p>\n<p>Marca UE Trid. n\u00ba\u00a0 394338\u00a0\u00a0\u00a0\u00a0\u00a0\u00a0\u00a0 \u00a0\u00a0\u00a0\u00a0\u00a0\u00a0\u00a0\u00a0\u00a0\u00a0\u00a0\u00a0\u00a0\u00a0\u00a0\u00a0\u00a0\u00a0\u00a0 Marca UE Trid. n\u00ba 31237\u00a0\u00a0\u00a0\u00a0\u00a0\u00a0\u00a0\u00a0 \u00a0\u00a0\u00a0\u00a0\u00a0\u00a0\u00a0\u00a0\u00a0\u00a0\u00a0\u00a0\u00a0\u00a0\u00a0 \u00a0\u00a0\u00a0\u00a0Marca UE Trid.n\u00ba2754067<\/p>\n<p><strong>Dise\u00f1o, Propiedad Intelectual, Marca<\/strong>\u2026En definitiva, el abanico de protecci\u00f3n de las creaciones formales puede ser amplio y variado, que no sencillo ni autom\u00e1tico, pero conviene estar informado y asesorarse para definir la mejor estrategia de protecci\u00f3n y no dar pasos en falso.<\/p>\n<p><strong>\u00a0<\/strong><\/p>\n","protected":false},"excerpt":{"rendered":"<p>LEY DEL DISE\u00d1O, PROPIEDAD INTELECTUAL, MARCAS\u2026 \u00bfWHAT ELSE? El autor de un dise\u00f1o, sea cual sea el objeto en que recaiga (moda, mobiliario urbano, iluminaci\u00f3n, joyer\u00eda, etc\u2026) debe saber que existen distintas modalidades para su protecci\u00f3n y algunas recomendaciones a seguir para lograr que todo su esfuerzo creador no caiga en saco roto o sea [&hellip;]<\/p>\n","protected":false},"author":7,"featured_media":0,"comment_status":"closed","ping_status":"open","sticky":false,"template":"","format":"standard","meta":{"footnotes":""},"categories":[103],"tags":[115,144,146,174,213,225,276,306,317,353,371,62,406,432],"class_list":["post-25883","post","type-post","status-publish","format-standard","hentry","category-sin-categoria","tag-altura-creativa","tag-capacidad-distintiva","tag-caracter-singular","tag-creaciones-formales","tag-diseno","tag-divulgacion-previa","tag-innovacion","tag-marca-es","tag-marca-tridimensional","tag-novedad","tag-originalidad","tag-propiedad-intelectual-ca","tag-proteccion-acumulada","tag-registro"],"yoast_head":"<!-- This site is optimized with the Yoast SEO plugin v25.9 - https:\/\/yoast.com\/wordpress\/plugins\/seo\/ -->\n<title>\u00bfC\u00f3mo proteger tu dise\u00f1o? - RMA Attorneys at Law<\/title>\n<meta name=\"robots\" content=\"index, follow, max-snippet:-1, max-image-preview:large, max-video-preview:-1\" \/>\n<link rel=\"canonical\" href=\"https:\/\/rma.legal\/en\/como-proteger-tu-diseno\/\" \/>\n<meta property=\"og:locale\" content=\"en_US\" \/>\n<meta property=\"og:type\" content=\"article\" \/>\n<meta property=\"og:title\" content=\"\u00bfC\u00f3mo proteger tu dise\u00f1o? - RMA Attorneys at Law\" \/>\n<meta property=\"og:description\" content=\"LEY DEL DISE\u00d1O, PROPIEDAD INTELECTUAL, MARCAS\u2026 \u00bfWHAT ELSE? El autor de un dise\u00f1o, sea cual sea el objeto en que recaiga (moda, mobiliario urbano, iluminaci\u00f3n, joyer\u00eda, etc\u2026) debe saber que existen distintas modalidades para su protecci\u00f3n y algunas recomendaciones a seguir para lograr que todo su esfuerzo creador no caiga en saco roto o sea [&hellip;]\" \/>\n<meta property=\"og:url\" content=\"https:\/\/rma.legal\/en\/como-proteger-tu-diseno\/\" \/>\n<meta property=\"og:site_name\" content=\"RMA Attorneys at Law\" \/>\n<meta property=\"article:published_time\" content=\"2019-04-11T09:54:44+00:00\" \/>\n<meta property=\"article:modified_time\" content=\"2025-09-15T16:52:24+00:00\" \/>\n<meta property=\"og:image\" content=\"https:\/\/rma.legal\/wp-content\/uploads\/2024\/01\/rma-logo-hexagono.png\" \/>\n\t<meta property=\"og:image:width\" content=\"440\" \/>\n\t<meta property=\"og:image:height\" content=\"255\" \/>\n\t<meta property=\"og:image:type\" content=\"image\/png\" \/>\n<meta name=\"author\" content=\"Rosa Martinez Brines\" \/>\n<meta name=\"twitter:card\" content=\"summary_large_image\" \/>\n<meta name=\"twitter:label1\" content=\"Written by\" \/>\n\t<meta name=\"twitter:data1\" content=\"Rosa Martinez Brines\" \/>\n\t<meta name=\"twitter:label2\" content=\"Est. reading time\" \/>\n\t<meta name=\"twitter:data2\" content=\"9 minutes\" \/>\n<script type=\"application\/ld+json\" class=\"yoast-schema-graph\">{\"@context\":\"https:\/\/schema.org\",\"@graph\":[{\"@type\":\"Article\",\"@id\":\"https:\/\/rma.legal\/en\/como-proteger-tu-diseno\/#article\",\"isPartOf\":{\"@id\":\"https:\/\/rma.legal\/en\/como-proteger-tu-diseno\/\"},\"author\":{\"name\":\"Rosa Martinez Brines\",\"@id\":\"https:\/\/rma.legal\/en\/#\/schema\/person\/a4e1a584fe52b11a745060a7e9555336\"},\"headline\":\"\u00bfC\u00f3mo proteger tu dise\u00f1o?\",\"datePublished\":\"2019-04-11T09:54:44+00:00\",\"dateModified\":\"2025-09-15T16:52:24+00:00\",\"mainEntityOfPage\":{\"@id\":\"https:\/\/rma.legal\/en\/como-proteger-tu-diseno\/\"},\"wordCount\":1531,\"publisher\":{\"@id\":\"https:\/\/rma.legal\/en\/#organization\"},\"image\":{\"@id\":\"https:\/\/rma.legal\/en\/como-proteger-tu-diseno\/#primaryimage\"},\"thumbnailUrl\":\"https:\/\/rma.legal\/wp-content\/uploads\/2024\/01\/rma-logo-hexagono-300x174.png\",\"keywords\":[\"altura creativa\",\"capacidad distintiva\",\"car\u00e1cter singular\",\"creaciones formales\",\"dise\u00f1o\",\"divulgaci\u00f3n previa\",\"innovaci\u00f3n\",\"marca\",\"marca tridimensional\",\"novedad\",\"originalidad\",\"propiedad intelectual\",\"protecci\u00f3n acumulada\",\"registro\"],\"articleSection\":[\"Sin categor\u00eda\"],\"inLanguage\":\"en-US\"},{\"@type\":\"WebPage\",\"@id\":\"https:\/\/rma.legal\/en\/como-proteger-tu-diseno\/\",\"url\":\"https:\/\/rma.legal\/en\/como-proteger-tu-diseno\/\",\"name\":\"\u00bfC\u00f3mo proteger tu dise\u00f1o? - RMA Attorneys at Law\",\"isPartOf\":{\"@id\":\"https:\/\/rma.legal\/en\/#website\"},\"primaryImageOfPage\":{\"@id\":\"https:\/\/rma.legal\/en\/como-proteger-tu-diseno\/#primaryimage\"},\"image\":{\"@id\":\"https:\/\/rma.legal\/en\/como-proteger-tu-diseno\/#primaryimage\"},\"thumbnailUrl\":\"https:\/\/rma.legal\/wp-content\/uploads\/2024\/01\/rma-logo-hexagono-300x174.png\",\"datePublished\":\"2019-04-11T09:54:44+00:00\",\"dateModified\":\"2025-09-15T16:52:24+00:00\",\"breadcrumb\":{\"@id\":\"https:\/\/rma.legal\/en\/como-proteger-tu-diseno\/#breadcrumb\"},\"inLanguage\":\"en-US\",\"potentialAction\":[{\"@type\":\"ReadAction\",\"target\":[\"https:\/\/rma.legal\/en\/como-proteger-tu-diseno\/\"]}]},{\"@type\":\"ImageObject\",\"inLanguage\":\"en-US\",\"@id\":\"https:\/\/rma.legal\/en\/como-proteger-tu-diseno\/#primaryimage\",\"url\":\"https:\/\/rma.legal\/wp-content\/uploads\/2024\/01\/rma-logo-hexagono-300x174.png\",\"contentUrl\":\"https:\/\/rma.legal\/wp-content\/uploads\/2024\/01\/rma-logo-hexagono-300x174.png\"},{\"@type\":\"BreadcrumbList\",\"@id\":\"https:\/\/rma.legal\/en\/como-proteger-tu-diseno\/#breadcrumb\",\"itemListElement\":[{\"@type\":\"ListItem\",\"position\":1,\"name\":\"Portada\",\"item\":\"https:\/\/rma.legal\/en\/\"},{\"@type\":\"ListItem\",\"position\":2,\"name\":\"\u00bfC\u00f3mo proteger tu dise\u00f1o?\"}]},{\"@type\":\"WebSite\",\"@id\":\"https:\/\/rma.legal\/en\/#website\",\"url\":\"https:\/\/rma.legal\/en\/\",\"name\":\"RMA Attorneys at Law\",\"description\":\"RMA Legal Attorneys\",\"publisher\":{\"@id\":\"https:\/\/rma.legal\/en\/#organization\"},\"potentialAction\":[{\"@type\":\"SearchAction\",\"target\":{\"@type\":\"EntryPoint\",\"urlTemplate\":\"https:\/\/rma.legal\/en\/?s={search_term_string}\"},\"query-input\":{\"@type\":\"PropertyValueSpecification\",\"valueRequired\":true,\"valueName\":\"search_term_string\"}}],\"inLanguage\":\"en-US\"},{\"@type\":\"Organization\",\"@id\":\"https:\/\/rma.legal\/en\/#organization\",\"name\":\"RMA Attorneys at Law\",\"url\":\"https:\/\/rma.legal\/en\/\",\"logo\":{\"@type\":\"ImageObject\",\"inLanguage\":\"en-US\",\"@id\":\"https:\/\/rma.legal\/en\/#\/schema\/logo\/image\/\",\"url\":\"https:\/\/rma.legal\/wp-content\/uploads\/2025\/02\/Logo-rma-legal-invertido-footer-c-1.png\",\"contentUrl\":\"https:\/\/rma.legal\/wp-content\/uploads\/2025\/02\/Logo-rma-legal-invertido-footer-c-1.png\",\"width\":300,\"height\":125,\"caption\":\"RMA Attorneys at Law\"},\"image\":{\"@id\":\"https:\/\/rma.legal\/en\/#\/schema\/logo\/image\/\"}},{\"@type\":\"Person\",\"@id\":\"https:\/\/rma.legal\/en\/#\/schema\/person\/a4e1a584fe52b11a745060a7e9555336\",\"name\":\"Rosa Martinez Brines\",\"image\":{\"@type\":\"ImageObject\",\"inLanguage\":\"en-US\",\"@id\":\"https:\/\/rma.legal\/en\/#\/schema\/person\/image\/\",\"url\":\"https:\/\/secure.gravatar.com\/avatar\/49ea18deea83f04a80464587e6edea1a4988c405631c31d3a76b657cc4da1334?s=96&d=mm&r=g\",\"contentUrl\":\"https:\/\/secure.gravatar.com\/avatar\/49ea18deea83f04a80464587e6edea1a4988c405631c31d3a76b657cc4da1334?s=96&d=mm&r=g\",\"caption\":\"Rosa Martinez Brines\"},\"url\":\"https:\/\/rma.legal\/en\/author\/rosa-martinez-brines\/\"}]}<\/script>\n<!-- \/ Yoast SEO plugin. -->","yoast_head_json":{"title":"\u00bfC\u00f3mo proteger tu dise\u00f1o? - RMA Attorneys at Law","robots":{"index":"index","follow":"follow","max-snippet":"max-snippet:-1","max-image-preview":"max-image-preview:large","max-video-preview":"max-video-preview:-1"},"canonical":"https:\/\/rma.legal\/en\/como-proteger-tu-diseno\/","og_locale":"en_US","og_type":"article","og_title":"\u00bfC\u00f3mo proteger tu dise\u00f1o? - RMA Attorneys at Law","og_description":"LEY DEL DISE\u00d1O, PROPIEDAD INTELECTUAL, MARCAS\u2026 \u00bfWHAT ELSE? El autor de un dise\u00f1o, sea cual sea el objeto en que recaiga (moda, mobiliario urbano, iluminaci\u00f3n, joyer\u00eda, etc\u2026) debe saber que existen distintas modalidades para su protecci\u00f3n y algunas recomendaciones a seguir para lograr que todo su esfuerzo creador no caiga en saco roto o sea [&hellip;]","og_url":"https:\/\/rma.legal\/en\/como-proteger-tu-diseno\/","og_site_name":"RMA Attorneys at Law","article_published_time":"2019-04-11T09:54:44+00:00","article_modified_time":"2025-09-15T16:52:24+00:00","og_image":[{"width":440,"height":255,"url":"https:\/\/rma.legal\/wp-content\/uploads\/2024\/01\/rma-logo-hexagono.png","type":"image\/png"}],"author":"Rosa Martinez Brines","twitter_card":"summary_large_image","twitter_misc":{"Written by":"Rosa Martinez Brines","Est. reading time":"9 minutes"},"schema":{"@context":"https:\/\/schema.org","@graph":[{"@type":"Article","@id":"https:\/\/rma.legal\/en\/como-proteger-tu-diseno\/#article","isPartOf":{"@id":"https:\/\/rma.legal\/en\/como-proteger-tu-diseno\/"},"author":{"name":"Rosa Martinez Brines","@id":"https:\/\/rma.legal\/en\/#\/schema\/person\/a4e1a584fe52b11a745060a7e9555336"},"headline":"\u00bfC\u00f3mo proteger tu dise\u00f1o?","datePublished":"2019-04-11T09:54:44+00:00","dateModified":"2025-09-15T16:52:24+00:00","mainEntityOfPage":{"@id":"https:\/\/rma.legal\/en\/como-proteger-tu-diseno\/"},"wordCount":1531,"publisher":{"@id":"https:\/\/rma.legal\/en\/#organization"},"image":{"@id":"https:\/\/rma.legal\/en\/como-proteger-tu-diseno\/#primaryimage"},"thumbnailUrl":"https:\/\/rma.legal\/wp-content\/uploads\/2024\/01\/rma-logo-hexagono-300x174.png","keywords":["altura creativa","capacidad distintiva","car\u00e1cter singular","creaciones formales","dise\u00f1o","divulgaci\u00f3n previa","innovaci\u00f3n","marca","marca tridimensional","novedad","originalidad","propiedad intelectual","protecci\u00f3n acumulada","registro"],"articleSection":["Sin categor\u00eda"],"inLanguage":"en-US"},{"@type":"WebPage","@id":"https:\/\/rma.legal\/en\/como-proteger-tu-diseno\/","url":"https:\/\/rma.legal\/en\/como-proteger-tu-diseno\/","name":"\u00bfC\u00f3mo proteger tu dise\u00f1o? - RMA Attorneys at Law","isPartOf":{"@id":"https:\/\/rma.legal\/en\/#website"},"primaryImageOfPage":{"@id":"https:\/\/rma.legal\/en\/como-proteger-tu-diseno\/#primaryimage"},"image":{"@id":"https:\/\/rma.legal\/en\/como-proteger-tu-diseno\/#primaryimage"},"thumbnailUrl":"https:\/\/rma.legal\/wp-content\/uploads\/2024\/01\/rma-logo-hexagono-300x174.png","datePublished":"2019-04-11T09:54:44+00:00","dateModified":"2025-09-15T16:52:24+00:00","breadcrumb":{"@id":"https:\/\/rma.legal\/en\/como-proteger-tu-diseno\/#breadcrumb"},"inLanguage":"en-US","potentialAction":[{"@type":"ReadAction","target":["https:\/\/rma.legal\/en\/como-proteger-tu-diseno\/"]}]},{"@type":"ImageObject","inLanguage":"en-US","@id":"https:\/\/rma.legal\/en\/como-proteger-tu-diseno\/#primaryimage","url":"https:\/\/rma.legal\/wp-content\/uploads\/2024\/01\/rma-logo-hexagono-300x174.png","contentUrl":"https:\/\/rma.legal\/wp-content\/uploads\/2024\/01\/rma-logo-hexagono-300x174.png"},{"@type":"BreadcrumbList","@id":"https:\/\/rma.legal\/en\/como-proteger-tu-diseno\/#breadcrumb","itemListElement":[{"@type":"ListItem","position":1,"name":"Portada","item":"https:\/\/rma.legal\/en\/"},{"@type":"ListItem","position":2,"name":"\u00bfC\u00f3mo proteger tu dise\u00f1o?"}]},{"@type":"WebSite","@id":"https:\/\/rma.legal\/en\/#website","url":"https:\/\/rma.legal\/en\/","name":"RMA Attorneys at Law","description":"RMA Legal Attorneys","publisher":{"@id":"https:\/\/rma.legal\/en\/#organization"},"potentialAction":[{"@type":"SearchAction","target":{"@type":"EntryPoint","urlTemplate":"https:\/\/rma.legal\/en\/?s={search_term_string}"},"query-input":{"@type":"PropertyValueSpecification","valueRequired":true,"valueName":"search_term_string"}}],"inLanguage":"en-US"},{"@type":"Organization","@id":"https:\/\/rma.legal\/en\/#organization","name":"RMA Attorneys at Law","url":"https:\/\/rma.legal\/en\/","logo":{"@type":"ImageObject","inLanguage":"en-US","@id":"https:\/\/rma.legal\/en\/#\/schema\/logo\/image\/","url":"https:\/\/rma.legal\/wp-content\/uploads\/2025\/02\/Logo-rma-legal-invertido-footer-c-1.png","contentUrl":"https:\/\/rma.legal\/wp-content\/uploads\/2025\/02\/Logo-rma-legal-invertido-footer-c-1.png","width":300,"height":125,"caption":"RMA Attorneys at Law"},"image":{"@id":"https:\/\/rma.legal\/en\/#\/schema\/logo\/image\/"}},{"@type":"Person","@id":"https:\/\/rma.legal\/en\/#\/schema\/person\/a4e1a584fe52b11a745060a7e9555336","name":"Rosa Martinez Brines","image":{"@type":"ImageObject","inLanguage":"en-US","@id":"https:\/\/rma.legal\/en\/#\/schema\/person\/image\/","url":"https:\/\/secure.gravatar.com\/avatar\/49ea18deea83f04a80464587e6edea1a4988c405631c31d3a76b657cc4da1334?s=96&d=mm&r=g","contentUrl":"https:\/\/secure.gravatar.com\/avatar\/49ea18deea83f04a80464587e6edea1a4988c405631c31d3a76b657cc4da1334?s=96&d=mm&r=g","caption":"Rosa Martinez Brines"},"url":"https:\/\/rma.legal\/en\/author\/rosa-martinez-brines\/"}]}},"_links":{"self":[{"href":"https:\/\/rma.legal\/en\/wp-json\/wp\/v2\/posts\/25883","targetHints":{"allow":["GET"]}}],"collection":[{"href":"https:\/\/rma.legal\/en\/wp-json\/wp\/v2\/posts"}],"about":[{"href":"https:\/\/rma.legal\/en\/wp-json\/wp\/v2\/types\/post"}],"author":[{"embeddable":true,"href":"https:\/\/rma.legal\/en\/wp-json\/wp\/v2\/users\/7"}],"replies":[{"embeddable":true,"href":"https:\/\/rma.legal\/en\/wp-json\/wp\/v2\/comments?post=25883"}],"version-history":[{"count":3,"href":"https:\/\/rma.legal\/en\/wp-json\/wp\/v2\/posts\/25883\/revisions"}],"predecessor-version":[{"id":32076,"href":"https:\/\/rma.legal\/en\/wp-json\/wp\/v2\/posts\/25883\/revisions\/32076"}],"wp:attachment":[{"href":"https:\/\/rma.legal\/en\/wp-json\/wp\/v2\/media?parent=25883"}],"wp:term":[{"taxonomy":"category","embeddable":true,"href":"https:\/\/rma.legal\/en\/wp-json\/wp\/v2\/categories?post=25883"},{"taxonomy":"post_tag","embeddable":true,"href":"https:\/\/rma.legal\/en\/wp-json\/wp\/v2\/tags?post=25883"}],"curies":[{"name":"wp","href":"https:\/\/api.w.org\/{rel}","templated":true}]}}