{"id":25799,"date":"2019-01-14T09:34:45","date_gmt":"2019-01-14T09:34:45","guid":{"rendered":"http:\/\/rma.legal\/?p=25799"},"modified":"2025-04-15T09:44:56","modified_gmt":"2025-04-15T09:44:56","slug":"25799-2","status":"publish","type":"post","link":"https:\/\/rma.legal\/en\/25799-2\/","title":{"rendered":"10 puntos b\u00e1sicos de la reforma de la ley de marcas. \u00bfQu\u00e9 hay de nuevo?"},"content":{"rendered":"<p>&nbsp;<\/p>\n<p><img decoding=\"async\" class=\" wp-image-25800 aligncenter\" src=\"http:\/\/rma.legal\/wp-content\/uploads\/2019\/01\/reforma-ley-marcas-headlines.jpg\" alt=\"reforma ley marcas headlines\" width=\"209\" height=\"62\" \/><\/p>\n<p>Hoy lunes 14 de enero de 2019, entra en vigor la reforma de la Ley 17\/2001 de Marcas (<a href=\"https:\/\/www.boe.es\/diario_boe\/txt.php?id=BOE-A-2018-17769\">por Real Decreto Ley de 23\/2018 de 21 de diciembre<\/a>), para adaptar nuestro texto a la <a href=\"https:\/\/eur-lex.europa.eu\/legal-content\/ES\/TXT\/?uri=CELEX%3A32015L2436\">Directiva (UE) 2015\/2436 del Parlamento y del Consejo, de 16\/12\/2015<\/a>.<\/p>\n<p>Sin perjuicio de que iremos dedicando publicaciones detalladas a determinadas cuestiones m\u00e1s complejas, en l\u00edneas generales \u00bfqu\u00e9 novedades sustanciales aporta esta reforma?<\/p>\n<p>Pues bastantes, <strong>tanto de derecho sustantivo, como procedimentales<\/strong>. Tomad nota de las m\u00e1s relevantes<\/p>\n<ol>\n<li>Los <strong>requisitos formales para presentar una solicitud de marca<\/strong> se modifican para permitir abarcar las <strong>nuevas modalidades no convencionales<\/strong> (marcas olfativas, sonidos, de movimiento, etc.), de forma que <strong>ya no se exige su \u201crepresentaci\u00f3n<\/strong> <strong>gr\u00e1fica<\/strong>\u201d <strong>(art. 4).<\/strong> Eso s\u00ed, deber\u00e1n ser representados de manera tal \u201c<em>que permita a las autoridades competentes y al p\u00fablico en general determinar el objeto claro y preciso de la protecci\u00f3n otorgada a su titular<\/em>\u00bb. Por tanto, se podr\u00e1 representar el signo con la tecnolog\u00eda disponible en cada momento, siempre que la representaci\u00f3n sea adem\u00e1s de clara y precisa, autosuficiente, f\u00e1cilmente accesible, inteligible, duradera y objetiva. En otro post analizaremos c\u00f3mo esta exigencia puede afectar a determinadas categor\u00edas de marcas, como las olfativas.<\/li>\n<li>Puede solicitar una marca espa\u00f1ola <strong>cualquier persona f\u00edsica o jur\u00eddica sin limitaci\u00f3n alguna<\/strong>, por tanto dejan de existir condiciones especiales para los extranjeros <strong>(art. 3)<\/strong><\/li>\n<li>Se reordenan las <strong>prohibiciones absolutas de registro<\/strong> (las que afectan al signo en s\u00ed) relacionadas con Denominaciones de origen e Indicaciones geogr\u00e1ficas, pero tambi\u00e9n se incluyen otras para la protecci\u00f3n de los T\u00e9rminos tradicionales de vinos (\u201c<em>vinos de la tierra<\/em>\u201d, \u201c<em>vinos de calidad<\/em>\u201d), las Especialidades tradicionales garantizadas (\u201c<em>jam\u00f3n serrano<\/em>\u201d, \u201c<em>panellets<\/em>\u201d), y las Obtenciones vegetales.<\/li>\n<li><strong>Desaparece la distinci\u00f3n entre marca (o nombre comercial) registrada notoria <\/strong>(conocida en su sector)<strong> y renombrada <\/strong>(conocida m\u00e1s all\u00e1 de su sector),<strong> que no existe en el Derecho de la UE, <\/strong>y pasan a unificarse como &#8220;marca renombrada&#8221; (\u201c<em>la que goce de renombre en Espa\u00f1a<\/em>\u201d), cuesti\u00f3n f\u00e1ctica que deber\u00e1 analizarse caso por caso por los Tribunales. \u00a1Ojo! La marca notoria <strong>no registrada<\/strong> se mantiene como hasta ahora (art. 6.2.d), con los mismos derechos que una marca registrada (art. 34.7). No obstante, la derogaci\u00f3n parcial del actual art. 8 (relativo a la marca notoria) conlleva la desaparici\u00f3n de los par\u00e1metros que ahora ayudaban a definir una marca notoria (el conocimiento en su sector, a partir de prueba de ventas, intensidad o alcance geogr\u00e1fico del uso\u2026), quedando \u00fanicamente la remisi\u00f3n al inconcreto Convenio de la Uni\u00f3n de Par\u00eds. Veremos en la pr\u00e1ctica si esto puede provocar dudas interpretativas respecto del concreto alcance del conocimiento exigible a la marca notoria no registrada.<\/li>\n<li>Se modifica el tratamiento de la <strong>legitimaci\u00f3n<\/strong> para las oposiciones administrativas (art.19) y las acciones por infracci\u00f3n. Por ejemplo, se regula especialmente la legitimaci\u00f3n de los licenciatarios para ejercitar acciones por infracci\u00f3n, que hasta ahora se solventaba acudiendo a la Ley de Patentes (art. 48).<\/li>\n<li>Como ya sucede respecto de la marca de la UE, en los procedimientos de oposici\u00f3n administrativa a la solicitud de una marca y, si la anterior lleva m\u00e1s de cinco a\u00f1os registrada el titular de la posterior <strong>podr\u00e1 exigirle prueba de su uso efectivo en el mercado (art. 21)<\/strong>. De no poder acreditarlo, la oposici\u00f3n se desestimar\u00e1, y si s\u00f3lo se ha usado para algunos productos, la oposici\u00f3n s\u00f3lo se tendr\u00e1 en cuenta para estos. Es pues previsible que esto provoque una disminuci\u00f3n de oposiciones, y exigir\u00e1 a los titulares revisiones m\u00e1s regulares de su cartera de marcas, para su optimizaci\u00f3n. (*\u00a1Ojo! Esta previsi\u00f3n a\u00fan debe ser objeto de desarrollo reglamentario y no entra todav\u00eda en vigor).<\/li>\n<li>La nueva redacci\u00f3n del art. 34, as\u00ed como el art. 37 (\u201cl\u00edmites al derecho de marca\u201d) deja definitivamente clara la <strong>inexistencia del denominado \u201cius utendi\u201d o derecho a usar la marca por el hecho de su registro.<\/strong> Esto es, el registro de una marca no blinda a su titular frente a acciones por infracci\u00f3n de derechos anteriores. Era esta una cuesti\u00f3n que hab\u00eda presentado dudas interpretativas con la anterior regulaci\u00f3n, que fue ampliamente tratada por los Tribunales, y que ahora se despeja.<\/li>\n<li>Al igual que ya sucede con las marcas de la Uni\u00f3n Europea, <strong>las acciones de nulidad y de caducidad de marca<\/strong> que hasta ahora deb\u00edan plantearse ante los Tribunales <strong>deber\u00e1n dirimirse ante la propia Oficina (arts. 51 y 54)<\/strong>. S\u00f3lo por v\u00eda de reconvenci\u00f3n en una demanda por infracci\u00f3n ser\u00e1n competentes los Tribunales. A la Oficina Espa\u00f1ola de Patentes y Marcas ciertamente estas nuevas funciones le exigir\u00e1n preparaci\u00f3n y un esfuerzo adicional. (*Ojo. Esta novedad entrar\u00e1 en vigor en 2023.)<\/li>\n<li>El momento a partir del cual debe computarse el plazo de cinco a\u00f1os de exigido uso a toda marca comienza <strong>desde la fecha en que su registro es firme<\/strong>, y ya no desde la publicaci\u00f3n de la concesi\u00f3n <strong>(art. 39).<\/strong> Y una vez declarada la caducidad de una marca, sus efectos se retrotraen, como norma general, <strong>a la fecha de la solicitud o reconvenci\u00f3n de caducidad (art. 60)<\/strong>, no como hasta ahora, que se computaba \u201c<em>desde el momento en que se produjeron los hechos u omisiones que dieron lugar a su caducidad<\/em>\u201d, lo que era ciertamente dif\u00edcil de concretar. Aun as\u00ed, se sigue manteniendo la facultad de solicitar otra fecha para los efectos. A esta cuesti\u00f3n tambi\u00e9n se dedicar\u00e1 un post m\u00e1s extenso.<\/li>\n<li><strong>El tema indemnizatorio<\/strong> se clarifica en su redactado <strong>(art. 43) <\/strong>equipar\u00e1ndolo al de la Ley de Patentes, mereciendo especial menci\u00f3n el tercero de los posibles criterios de cuantificaci\u00f3n a escoger por el titular, el de la regal\u00eda hipot\u00e9tica, \u00a0que ampl\u00eda su alcance permitiendo solicitar <em>\u201c<strong>una cantidad a tanto alzado<\/strong> que al menos comprenda la cantidad que el infractor hubiera debido pagar al titular por la concesi\u00f3n de una licencia\u201d<\/em>. Veremos en la pr\u00e1ctica c\u00f3mo se lleva a cabo esta cuantificaci\u00f3n por parte de los Tribunales sin caer en arbitrariedades o indemnizaciones punitivas \u00a0no permitidas en nuestro sistema.<\/li>\n<\/ol>\n<p>Hoy empieza pues esta reforma su nueva andadura. Tiempo tendremos de hacer balance de su puesta en pr\u00e1ctica.<\/p>\n<p>&nbsp;<\/p>\n","protected":false},"excerpt":{"rendered":"<p>&nbsp; Hoy lunes 14 de enero de 2019, entra en vigor la reforma de la Ley 17\/2001 de Marcas (por Real Decreto Ley de 23\/2018 de 21 de diciembre), para adaptar nuestro texto a la Directiva (UE) 2015\/2436 del Parlamento y del Consejo, de 16\/12\/2015. Sin perjuicio de que iremos dedicando publicaciones detalladas a determinadas [&hellip;]<\/p>\n","protected":false},"author":7,"featured_media":0,"comment_status":"closed","ping_status":"open","sticky":false,"template":"","format":"standard","meta":{"footnotes":""},"categories":[103],"tags":[6,19,33,34,38,39,43,47,48,60,63,66,67,68,80],"class_list":["post-25799","post","type-post","status-publish","format-standard","hentry","category-sin-categoria","tag-caducidad-ca","tag-derecho-exclusivo-ca","tag-ius-utendi-ca","tag-ley-de-marcas-ca","tag-marca-notoria-no-registrada-ca","tag-marca-renombrada-ca","tag-marcas-no-convencionales-ca","tag-novedades-reforma-ley-de-marcas-ca","tag-nulidad-ca","tag-prohibiciones-absolutas-de-registro-ca","tag-prueba-de-uso-ca","tag-reforma-ley-de-marcas-ca","tag-regalia-hipotetica-ca","tag-registro-de-marca-ca","tag-uso-efectivo-ca"],"yoast_head":"<!-- This site is optimized with the Yoast SEO plugin v25.9 - https:\/\/yoast.com\/wordpress\/plugins\/seo\/ -->\n<title>10 puntos b\u00e1sicos de la reforma de la ley de marcas. \u00bfQu\u00e9 hay de nuevo? - RMA Attorneys at Law<\/title>\n<meta name=\"robots\" content=\"index, follow, max-snippet:-1, max-image-preview:large, max-video-preview:-1\" \/>\n<link rel=\"canonical\" href=\"https:\/\/rma.legal\/en\/25799-2\/\" \/>\n<meta property=\"og:locale\" content=\"en_US\" \/>\n<meta property=\"og:type\" content=\"article\" \/>\n<meta property=\"og:title\" content=\"10 puntos b\u00e1sicos de la reforma de la ley de marcas. \u00bfQu\u00e9 hay de nuevo? - RMA Attorneys at Law\" \/>\n<meta property=\"og:description\" content=\"&nbsp; Hoy lunes 14 de enero de 2019, entra en vigor la reforma de la Ley 17\/2001 de Marcas (por Real Decreto Ley de 23\/2018 de 21 de diciembre), para adaptar nuestro texto a la Directiva (UE) 2015\/2436 del Parlamento y del Consejo, de 16\/12\/2015. Sin perjuicio de que iremos dedicando publicaciones detalladas a determinadas [&hellip;]\" \/>\n<meta property=\"og:url\" content=\"https:\/\/rma.legal\/en\/25799-2\/\" \/>\n<meta property=\"og:site_name\" content=\"RMA Attorneys at Law\" \/>\n<meta property=\"article:published_time\" content=\"2019-01-14T09:34:45+00:00\" \/>\n<meta property=\"article:modified_time\" content=\"2025-04-15T09:44:56+00:00\" \/>\n<meta property=\"og:image\" content=\"http:\/\/rma.legal\/wp-content\/uploads\/2019\/01\/reforma-ley-marcas-headlines.jpg\" \/>\n<meta name=\"author\" content=\"Rosa Martinez Brines\" \/>\n<meta name=\"twitter:card\" content=\"summary_large_image\" \/>\n<meta name=\"twitter:label1\" content=\"Written by\" \/>\n\t<meta name=\"twitter:data1\" content=\"Rosa Martinez Brines\" \/>\n\t<meta name=\"twitter:label2\" content=\"Est. reading time\" \/>\n\t<meta name=\"twitter:data2\" content=\"5 minutes\" \/>\n<script type=\"application\/ld+json\" class=\"yoast-schema-graph\">{\"@context\":\"https:\/\/schema.org\",\"@graph\":[{\"@type\":\"Article\",\"@id\":\"https:\/\/rma.legal\/en\/25799-2\/#article\",\"isPartOf\":{\"@id\":\"https:\/\/rma.legal\/en\/25799-2\/\"},\"author\":{\"name\":\"Rosa Martinez Brines\",\"@id\":\"https:\/\/rma.legal\/en\/#\/schema\/person\/a4e1a584fe52b11a745060a7e9555336\"},\"headline\":\"10 puntos b\u00e1sicos de la reforma de la ley de marcas. \u00bfQu\u00e9 hay de nuevo?\",\"datePublished\":\"2019-01-14T09:34:45+00:00\",\"dateModified\":\"2025-04-15T09:44:56+00:00\",\"mainEntityOfPage\":{\"@id\":\"https:\/\/rma.legal\/en\/25799-2\/\"},\"wordCount\":1082,\"publisher\":{\"@id\":\"https:\/\/rma.legal\/en\/#organization\"},\"image\":{\"@id\":\"https:\/\/rma.legal\/en\/25799-2\/#primaryimage\"},\"thumbnailUrl\":\"http:\/\/rma.legal\/wp-content\/uploads\/2019\/01\/reforma-ley-marcas-headlines.jpg\",\"keywords\":[\"caducidad\",\"derecho exclusivo\",\"ius utendi\",\"ley de marcas\",\"marca notoria no registrada\",\"marca renombrada\",\"marcas no convencionales\",\"novedades reforma ley de marcas\",\"nulidad\",\"prohibiciones absolutas de registro\",\"prueba de uso\",\"reforma ley de marcas\",\"regal\u00eda hipot\u00e9tica\",\"registro de marca\",\"uso efectivo\"],\"articleSection\":[\"Sin categor\u00eda\"],\"inLanguage\":\"en-US\"},{\"@type\":\"WebPage\",\"@id\":\"https:\/\/rma.legal\/en\/25799-2\/\",\"url\":\"https:\/\/rma.legal\/en\/25799-2\/\",\"name\":\"10 puntos b\u00e1sicos de la reforma de la ley de marcas. \u00bfQu\u00e9 hay de nuevo? - RMA Attorneys at Law\",\"isPartOf\":{\"@id\":\"https:\/\/rma.legal\/en\/#website\"},\"primaryImageOfPage\":{\"@id\":\"https:\/\/rma.legal\/en\/25799-2\/#primaryimage\"},\"image\":{\"@id\":\"https:\/\/rma.legal\/en\/25799-2\/#primaryimage\"},\"thumbnailUrl\":\"http:\/\/rma.legal\/wp-content\/uploads\/2019\/01\/reforma-ley-marcas-headlines.jpg\",\"datePublished\":\"2019-01-14T09:34:45+00:00\",\"dateModified\":\"2025-04-15T09:44:56+00:00\",\"breadcrumb\":{\"@id\":\"https:\/\/rma.legal\/en\/25799-2\/#breadcrumb\"},\"inLanguage\":\"en-US\",\"potentialAction\":[{\"@type\":\"ReadAction\",\"target\":[\"https:\/\/rma.legal\/en\/25799-2\/\"]}]},{\"@type\":\"ImageObject\",\"inLanguage\":\"en-US\",\"@id\":\"https:\/\/rma.legal\/en\/25799-2\/#primaryimage\",\"url\":\"http:\/\/rma.legal\/wp-content\/uploads\/2019\/01\/reforma-ley-marcas-headlines.jpg\",\"contentUrl\":\"http:\/\/rma.legal\/wp-content\/uploads\/2019\/01\/reforma-ley-marcas-headlines.jpg\"},{\"@type\":\"BreadcrumbList\",\"@id\":\"https:\/\/rma.legal\/en\/25799-2\/#breadcrumb\",\"itemListElement\":[{\"@type\":\"ListItem\",\"position\":1,\"name\":\"Portada\",\"item\":\"https:\/\/rma.legal\/en\/\"},{\"@type\":\"ListItem\",\"position\":2,\"name\":\"10 puntos b\u00e1sicos de la reforma de la ley de marcas. \u00bfQu\u00e9 hay de nuevo?\"}]},{\"@type\":\"WebSite\",\"@id\":\"https:\/\/rma.legal\/en\/#website\",\"url\":\"https:\/\/rma.legal\/en\/\",\"name\":\"RMA Attorneys at Law\",\"description\":\"RMA Legal Attorneys\",\"publisher\":{\"@id\":\"https:\/\/rma.legal\/en\/#organization\"},\"potentialAction\":[{\"@type\":\"SearchAction\",\"target\":{\"@type\":\"EntryPoint\",\"urlTemplate\":\"https:\/\/rma.legal\/en\/?s={search_term_string}\"},\"query-input\":{\"@type\":\"PropertyValueSpecification\",\"valueRequired\":true,\"valueName\":\"search_term_string\"}}],\"inLanguage\":\"en-US\"},{\"@type\":\"Organization\",\"@id\":\"https:\/\/rma.legal\/en\/#organization\",\"name\":\"RMA Attorneys at Law\",\"url\":\"https:\/\/rma.legal\/en\/\",\"logo\":{\"@type\":\"ImageObject\",\"inLanguage\":\"en-US\",\"@id\":\"https:\/\/rma.legal\/en\/#\/schema\/logo\/image\/\",\"url\":\"https:\/\/rma.legal\/wp-content\/uploads\/2025\/02\/Logo-rma-legal-invertido-footer-c-1.png\",\"contentUrl\":\"https:\/\/rma.legal\/wp-content\/uploads\/2025\/02\/Logo-rma-legal-invertido-footer-c-1.png\",\"width\":300,\"height\":125,\"caption\":\"RMA Attorneys at Law\"},\"image\":{\"@id\":\"https:\/\/rma.legal\/en\/#\/schema\/logo\/image\/\"}},{\"@type\":\"Person\",\"@id\":\"https:\/\/rma.legal\/en\/#\/schema\/person\/a4e1a584fe52b11a745060a7e9555336\",\"name\":\"Rosa Martinez Brines\",\"image\":{\"@type\":\"ImageObject\",\"inLanguage\":\"en-US\",\"@id\":\"https:\/\/rma.legal\/en\/#\/schema\/person\/image\/\",\"url\":\"https:\/\/secure.gravatar.com\/avatar\/49ea18deea83f04a80464587e6edea1a4988c405631c31d3a76b657cc4da1334?s=96&d=mm&r=g\",\"contentUrl\":\"https:\/\/secure.gravatar.com\/avatar\/49ea18deea83f04a80464587e6edea1a4988c405631c31d3a76b657cc4da1334?s=96&d=mm&r=g\",\"caption\":\"Rosa Martinez Brines\"},\"url\":\"https:\/\/rma.legal\/en\/author\/rosa-martinez-brines\/\"}]}<\/script>\n<!-- \/ Yoast SEO plugin. -->","yoast_head_json":{"title":"10 puntos b\u00e1sicos de la reforma de la ley de marcas. \u00bfQu\u00e9 hay de nuevo? - RMA Attorneys at Law","robots":{"index":"index","follow":"follow","max-snippet":"max-snippet:-1","max-image-preview":"max-image-preview:large","max-video-preview":"max-video-preview:-1"},"canonical":"https:\/\/rma.legal\/en\/25799-2\/","og_locale":"en_US","og_type":"article","og_title":"10 puntos b\u00e1sicos de la reforma de la ley de marcas. \u00bfQu\u00e9 hay de nuevo? - RMA Attorneys at Law","og_description":"&nbsp; Hoy lunes 14 de enero de 2019, entra en vigor la reforma de la Ley 17\/2001 de Marcas (por Real Decreto Ley de 23\/2018 de 21 de diciembre), para adaptar nuestro texto a la Directiva (UE) 2015\/2436 del Parlamento y del Consejo, de 16\/12\/2015. Sin perjuicio de que iremos dedicando publicaciones detalladas a determinadas [&hellip;]","og_url":"https:\/\/rma.legal\/en\/25799-2\/","og_site_name":"RMA Attorneys at Law","article_published_time":"2019-01-14T09:34:45+00:00","article_modified_time":"2025-04-15T09:44:56+00:00","og_image":[{"url":"http:\/\/rma.legal\/wp-content\/uploads\/2019\/01\/reforma-ley-marcas-headlines.jpg","type":"","width":"","height":""}],"author":"Rosa Martinez Brines","twitter_card":"summary_large_image","twitter_misc":{"Written by":"Rosa Martinez Brines","Est. reading time":"5 minutes"},"schema":{"@context":"https:\/\/schema.org","@graph":[{"@type":"Article","@id":"https:\/\/rma.legal\/en\/25799-2\/#article","isPartOf":{"@id":"https:\/\/rma.legal\/en\/25799-2\/"},"author":{"name":"Rosa Martinez Brines","@id":"https:\/\/rma.legal\/en\/#\/schema\/person\/a4e1a584fe52b11a745060a7e9555336"},"headline":"10 puntos b\u00e1sicos de la reforma de la ley de marcas. \u00bfQu\u00e9 hay de nuevo?","datePublished":"2019-01-14T09:34:45+00:00","dateModified":"2025-04-15T09:44:56+00:00","mainEntityOfPage":{"@id":"https:\/\/rma.legal\/en\/25799-2\/"},"wordCount":1082,"publisher":{"@id":"https:\/\/rma.legal\/en\/#organization"},"image":{"@id":"https:\/\/rma.legal\/en\/25799-2\/#primaryimage"},"thumbnailUrl":"http:\/\/rma.legal\/wp-content\/uploads\/2019\/01\/reforma-ley-marcas-headlines.jpg","keywords":["caducidad","derecho exclusivo","ius utendi","ley de marcas","marca notoria no registrada","marca renombrada","marcas no convencionales","novedades reforma ley de marcas","nulidad","prohibiciones absolutas de registro","prueba de uso","reforma ley de marcas","regal\u00eda hipot\u00e9tica","registro de marca","uso efectivo"],"articleSection":["Sin categor\u00eda"],"inLanguage":"en-US"},{"@type":"WebPage","@id":"https:\/\/rma.legal\/en\/25799-2\/","url":"https:\/\/rma.legal\/en\/25799-2\/","name":"10 puntos b\u00e1sicos de la reforma de la ley de marcas. \u00bfQu\u00e9 hay de nuevo? - RMA Attorneys at Law","isPartOf":{"@id":"https:\/\/rma.legal\/en\/#website"},"primaryImageOfPage":{"@id":"https:\/\/rma.legal\/en\/25799-2\/#primaryimage"},"image":{"@id":"https:\/\/rma.legal\/en\/25799-2\/#primaryimage"},"thumbnailUrl":"http:\/\/rma.legal\/wp-content\/uploads\/2019\/01\/reforma-ley-marcas-headlines.jpg","datePublished":"2019-01-14T09:34:45+00:00","dateModified":"2025-04-15T09:44:56+00:00","breadcrumb":{"@id":"https:\/\/rma.legal\/en\/25799-2\/#breadcrumb"},"inLanguage":"en-US","potentialAction":[{"@type":"ReadAction","target":["https:\/\/rma.legal\/en\/25799-2\/"]}]},{"@type":"ImageObject","inLanguage":"en-US","@id":"https:\/\/rma.legal\/en\/25799-2\/#primaryimage","url":"http:\/\/rma.legal\/wp-content\/uploads\/2019\/01\/reforma-ley-marcas-headlines.jpg","contentUrl":"http:\/\/rma.legal\/wp-content\/uploads\/2019\/01\/reforma-ley-marcas-headlines.jpg"},{"@type":"BreadcrumbList","@id":"https:\/\/rma.legal\/en\/25799-2\/#breadcrumb","itemListElement":[{"@type":"ListItem","position":1,"name":"Portada","item":"https:\/\/rma.legal\/en\/"},{"@type":"ListItem","position":2,"name":"10 puntos b\u00e1sicos de la reforma de la ley de marcas. \u00bfQu\u00e9 hay de nuevo?"}]},{"@type":"WebSite","@id":"https:\/\/rma.legal\/en\/#website","url":"https:\/\/rma.legal\/en\/","name":"RMA Attorneys at Law","description":"RMA Legal Attorneys","publisher":{"@id":"https:\/\/rma.legal\/en\/#organization"},"potentialAction":[{"@type":"SearchAction","target":{"@type":"EntryPoint","urlTemplate":"https:\/\/rma.legal\/en\/?s={search_term_string}"},"query-input":{"@type":"PropertyValueSpecification","valueRequired":true,"valueName":"search_term_string"}}],"inLanguage":"en-US"},{"@type":"Organization","@id":"https:\/\/rma.legal\/en\/#organization","name":"RMA Attorneys at Law","url":"https:\/\/rma.legal\/en\/","logo":{"@type":"ImageObject","inLanguage":"en-US","@id":"https:\/\/rma.legal\/en\/#\/schema\/logo\/image\/","url":"https:\/\/rma.legal\/wp-content\/uploads\/2025\/02\/Logo-rma-legal-invertido-footer-c-1.png","contentUrl":"https:\/\/rma.legal\/wp-content\/uploads\/2025\/02\/Logo-rma-legal-invertido-footer-c-1.png","width":300,"height":125,"caption":"RMA Attorneys at Law"},"image":{"@id":"https:\/\/rma.legal\/en\/#\/schema\/logo\/image\/"}},{"@type":"Person","@id":"https:\/\/rma.legal\/en\/#\/schema\/person\/a4e1a584fe52b11a745060a7e9555336","name":"Rosa Martinez Brines","image":{"@type":"ImageObject","inLanguage":"en-US","@id":"https:\/\/rma.legal\/en\/#\/schema\/person\/image\/","url":"https:\/\/secure.gravatar.com\/avatar\/49ea18deea83f04a80464587e6edea1a4988c405631c31d3a76b657cc4da1334?s=96&d=mm&r=g","contentUrl":"https:\/\/secure.gravatar.com\/avatar\/49ea18deea83f04a80464587e6edea1a4988c405631c31d3a76b657cc4da1334?s=96&d=mm&r=g","caption":"Rosa Martinez Brines"},"url":"https:\/\/rma.legal\/en\/author\/rosa-martinez-brines\/"}]}},"_links":{"self":[{"href":"https:\/\/rma.legal\/en\/wp-json\/wp\/v2\/posts\/25799","targetHints":{"allow":["GET"]}}],"collection":[{"href":"https:\/\/rma.legal\/en\/wp-json\/wp\/v2\/posts"}],"about":[{"href":"https:\/\/rma.legal\/en\/wp-json\/wp\/v2\/types\/post"}],"author":[{"embeddable":true,"href":"https:\/\/rma.legal\/en\/wp-json\/wp\/v2\/users\/7"}],"replies":[{"embeddable":true,"href":"https:\/\/rma.legal\/en\/wp-json\/wp\/v2\/comments?post=25799"}],"version-history":[{"count":2,"href":"https:\/\/rma.legal\/en\/wp-json\/wp\/v2\/posts\/25799\/revisions"}],"predecessor-version":[{"id":30366,"href":"https:\/\/rma.legal\/en\/wp-json\/wp\/v2\/posts\/25799\/revisions\/30366"}],"wp:attachment":[{"href":"https:\/\/rma.legal\/en\/wp-json\/wp\/v2\/media?parent=25799"}],"wp:term":[{"taxonomy":"category","embeddable":true,"href":"https:\/\/rma.legal\/en\/wp-json\/wp\/v2\/categories?post=25799"},{"taxonomy":"post_tag","embeddable":true,"href":"https:\/\/rma.legal\/en\/wp-json\/wp\/v2\/tags?post=25799"}],"curies":[{"name":"wp","href":"https:\/\/api.w.org\/{rel}","templated":true}]}}