{"id":25718,"date":"2018-10-30T11:46:39","date_gmt":"2018-10-30T11:46:39","guid":{"rendered":"http:\/\/rma.legal\/?p=25718"},"modified":"2025-04-15T09:43:27","modified_gmt":"2025-04-15T09:43:27","slug":"mande-firmes-esto-no-es-una-obra-de-propiedad-intelectual","status":"publish","type":"post","link":"https:\/\/rma.legal\/en\/mande-firmes-esto-no-es-una-obra-de-propiedad-intelectual\/","title":{"rendered":"\u00a1Mande firmes! Esto no es una obra de propiedad intelectual"},"content":{"rendered":"<p>&nbsp;<\/p>\n<p><img decoding=\"async\" class=\"alignnone size-medium wp-image-25719 aligncenter\" src=\"http:\/\/rma.legal\/wp-content\/uploads\/2018\/10\/cofnidencial-300x145.png\" alt=\"cofnidencial\" width=\"300\" height=\"145\" srcset=\"https:\/\/rma.legal\/wp-content\/uploads\/2018\/10\/cofnidencial-300x145.png 300w, https:\/\/rma.legal\/wp-content\/uploads\/2018\/10\/cofnidencial.png 323w\" sizes=\"(max-width: 300px) 100vw, 300px\" \/><\/p>\n<p><strong>A vueltas sobre el concepto de originalidad.<\/strong><\/p>\n<p>En otra reciente <a href=\"http:\/\/rma.legal\/es\/2018\/10\/09\/proteccion-de-la-imagen-de-un-edificio-derechos-de-autor-marca-diseno-quo-vadis\/\">entrada<\/a> de nuestro blog habl\u00e1bamos de la posibilidad de proteger la imagen de un edificio v\u00eda derechos de autor, generalmente asumida si se cumplen los presupuestos de la Ley de Propiedad Intelectual, en particular el consabido requisito de la \u201coriginalidad\u201d de la obra.<\/p>\n<p>Y, efectivamente, el requisito de la <strong>originalidad <\/strong>(y el m\u00e1s reciente de \u201caltura creativa\u201d) exigible a una creaci\u00f3n intelectual, es casi siempre el caballo de batalla y al mismo tiempo el gran olvidado por quienes a la primera de cambio invocan sus derechos de autor frente a cualquier actuaci\u00f3n de tercero. Porque no, <strong>no toda creaci\u00f3n del intelecto<\/strong>, por mucho esfuerzo que hayamos invertido en ella, <strong>es digna de ser calificada como tal<\/strong>, al menos en nuestro pa\u00eds. Y en\u00a0este ejercicio de delimitaci\u00f3n entran en juego tantas consideraciones, existen tantas pautas interpretativas y es tan dependiente del caso concreto, que al final\u00a0muchas veces hasta que uno no se la juega en los Tribunales, con todos los imponderables, no sabe a ciencia cierta si aquella creaci\u00f3n en la que dej\u00f3 su impronta m\u00e1s o menos personal merece o no el codiciado reconocimiento.<\/p>\n<p>En la Uni\u00f3n Europea se siguen realizando esfuerzos por armonizar ese concepto, porque todav\u00eda los Estados miembros mantienen interpretaciones dispares al respecto.<\/p>\n<p>Muestra de ello es la <strong>cuesti\u00f3n prejudicial<\/strong> planteada por el Bundesgerichtshof (Tribunal Supremo de lo civil y penal alem\u00e1n) ante el Tribunal de Justicia de la UE, al que se le someten dudas interpretativas <strong>sobre los l\u00edmites de la protecci\u00f3n de derechos de autor con la libertad de expresi\u00f3n e informaci\u00f3n<\/strong> (asunto C-469\/17 Funke Medien NRW GmbH\/Rep\u00fablica Federal de Alemania)<\/p>\n<p>El contexto era el siguiente: La Rep\u00fablica Federal de Alemania encarga peri\u00f3dicamente la elaboraci\u00f3n de un <strong>informe de situaci\u00f3n militar<\/strong> acerca de las intervenciones en el extranjero de la Bundeswehr (Fuerzas Armadas), que tienen la consideraci\u00f3n de <strong>\u00abdocumentos clasificados \u2014 restringidos<\/strong>\u00bb, que es el nivel de confidencialidad m\u00e1s bajo. Regularmente se publican res\u00famenes de tales informes.<\/p>\n<p>La empresa alemana que gestiona la web del diario Westdeutsche Allgemeine Zeitung, ante la negativa inicial de permitir divulgar algunos de esos informes completos (por cuestiones de \u201cseguridad\u201d) <strong>los acab\u00f3 obteniendo por otras v\u00edas y publicando<\/strong>. Y las autoridades alemanas iniciaron acciones contra la editora del peri\u00f3dico, pero no lo hicieron con base en el car\u00e1cter confidencial de la informaci\u00f3n (al entender que la potencial amenaza a la seguridad del Estado que se derivaba de dicha publicaci\u00f3n no justificaba una injerencia en la libertad de prensa) sino por <strong>infracci\u00f3n de derechos de propiedad intelectual sobre los informes<\/strong>. Su demanda fue estimada en primera instancia y confirmada en apelaci\u00f3n, y la demandada plantea un recurso de revisi\u00f3n ante el Bundesgerichtshof (Tribunal Supremo alem\u00e1n)<\/p>\n<p>Es en esa tesitura que dicho Tribunal alem\u00e1n suspende el procedimiento y solicita al Tribunal de Justicia que interprete el Derecho de la Uni\u00f3n en materia de protecci\u00f3n de los derechos de autor, la <a href=\"https:\/\/www.boe.es\/buscar\/doc.php?id=DOUE-L-2001-81549\">Directiva 2001\/29\/CE<\/a>, a la luz del derecho fundamental a la libertad de de informaci\u00f3n y la libertad de prensa (art.11 Carta de derechos fundamentales de la UE).<\/p>\n<p>Pues bien, se acaban de publicar las <a href=\"http:\/\/curia.europa.eu\/juris\/document\/document.jsf;jsessionid=598B7279015A11B887296BEE4233050F?text=&amp;docid=207024&amp;pageIndex=0&amp;doclang=ES&amp;mode=req&amp;dir=&amp;occ=first&amp;part=1&amp;cid=330157\"><strong>Conclusiones del Abogado General Szpunar<\/strong><\/a>, previas a la sentencia (pero no vinculantes) que deber\u00e1 dictar el Tribunal de Justicia, interesantes por el trato que dispensa a los distintos conceptos que se cuestionan, originalidad, autor\u00eda, y libertad de expresi\u00f3n, y que merecen una lectura sosegada, tambi\u00e9n por las complejas cuestiones de tipo procedimental que all\u00ed se plantean y que no vamos a entrar a analizar, porque exceder\u00eda del inter\u00e9s inicial de este post.<\/p>\n<p>En definitiva, <strong>\u00bfUn informe militar puede acogerse a la protecci\u00f3n del derecho de autor, en las mismas condiciones que el resto de obras literarias?<\/strong> \u00bfQui\u00e9n es su autor? \u00bfDe ser considerado obra de propiedad intelectual, deben tomarse en consideraci\u00f3n otros factores, en particular la libertad de informaci\u00f3n, a efectos de atenuar, o incluso excluir, esta protecci\u00f3n? (art. 5.3 c) y d) de la Directiva)<\/p>\n<p>El Abogado General comienza recordando que el derecho de <strong>autor no protege las ideas sino su expresi\u00f3n<\/strong>, de forma que \u201c<em>esta exclusi\u00f3n de las ideas de la protecci\u00f3n del derecho de autor se extiende a la <strong>informaci\u00f3n \u00abbruta\u00bb,<\/strong> es decir, presentada tal cual. Desprovista de todo enriquecimiento, la expresi\u00f3n de la informaci\u00f3n se confunde entonces con la propia informaci\u00f3n. La monopolizaci\u00f3n de la expresi\u00f3n a trav\u00e9s del derecho de autor llevar\u00eda por lo tanto a la monopolizaci\u00f3n de la informaci\u00f3n\u201d<\/em><\/p>\n<p>Adem\u00e1s, insiste en que es preciso que constituya una creaci\u00f3n intelectual original <strong>atribuible a su autor, <\/strong>en el sentido de que <em>haya podido expresar su capacidad creativa, tomando decisiones libres y creativas<\/em>. En cambio, recuerda, \u201c<em>cuando la expresi\u00f3n de los componentes del objeto en cuesti\u00f3n viene impuesta por su funci\u00f3n t\u00e9cnica, el criterio de la originalidad no se cumple, ya que las diferentes maneras de poner en pr\u00e1ctica una idea son tan limitadas que la idea y la expresi\u00f3n se confunden. Esa situaci\u00f3n no permite al autor expresar su esp\u00edritu creador de manera original y llegar a un resultado que constituya una creaci\u00f3n intelectual propia.\u00a0 \u00danicamente la creaci\u00f3n intelectual original atribuida a su autor, en el sentido definido anteriormente, participa de la cualidad de obra digna de protecci\u00f3n a trav\u00e9s del derecho de autor\u201d.<\/em><\/p>\n<p>Lo anterior le lleva a dudar de que los informes militares en cuesti\u00f3n puedan ser considerados obras en el sentido del derecho de autor, por cuanto sus autores (seguramente, dice, funcionarios u oficiales de las Fuerzas armadas alemanas) no han podido tomar decisiones libres y creativas para expresar su capacidad creativa al redactarlos. Se trata por el contrario de <strong>documentos puramente informativos, con una estructura consistente en presentar peri\u00f3dicamente informaci\u00f3n relativa a cada misi\u00f3n extranjera de las Fuerzas armadas, \u00a0redactados inevitablemente en un lenguaje simple y neutro, con contenido totalmente determinado por la informaci\u00f3n que contienen<em>, \u201cde manera que esta informaci\u00f3n y su expresi\u00f3n se confunden, excluyendo as\u00ed toda originalidad.\u201d<\/em><\/strong><\/p>\n<p>Adem\u00e1s, el Abogado General (AG) entiende que los Estados miembros no pueden invocar los derechos de autor que pueden ostentar sobre documentos reservados como los examinados con el fin de limitar la libertad de expresi\u00f3n\/informaci\u00f3n, cuando lo propio ser\u00eda reclamar la protecci\u00f3n de la confidencialidad, porque en realidad era el objetivo de la demanda, que Alemania descart\u00f3 desde un inicio.<\/p>\n<p>Con todo, el AG finaliza recordando que corresponde a los tribunales alemanes realizar ese juicio de valor sobre la condici\u00f3n de obra de propiedad intelectual\u00a0que la demandada siempre cuestion\u00f3, y que no se lleg\u00f3 a realizar en esas instancias inferiores, por lo que en primer t\u00e9rmino lo que solicita al Tribunal de Justicia es que inadmita, sin analizarla, la cuesti\u00f3n prejudicial planteada.<\/p>\n<p>En fin, nos parece un caso interesante, que puede dar un giro. Contiene unas consideraciones que ayudan a seguir perfilando ese concepto de &#8220;originalidad&#8221;, y ello en un contexto de pleno debate por la propuesta de Directiva sobre derechos de autor, que precisamente pretende garantizar el equilibrio entre la protecci\u00f3n de los titulares de derechos y la salvaguarda del ejercicio de derechos fundamentales como la libertad de expresi\u00f3n y de creaci\u00f3n por parte de los usuarios de Internet.<\/p>\n<p>Continuar\u00e1&#8230;<\/p>\n","protected":false},"excerpt":{"rendered":"<p>&nbsp; A vueltas sobre el concepto de originalidad. En otra reciente entrada de nuestro blog habl\u00e1bamos de la posibilidad de proteger la imagen de un edificio v\u00eda derechos de autor, generalmente asumida si se cumplen los presupuestos de la Ley de Propiedad Intelectual, en particular el consabido requisito de la \u201coriginalidad\u201d de la obra. Y, [&hellip;]<\/p>\n","protected":false},"author":7,"featured_media":0,"comment_status":"closed","ping_status":"open","sticky":false,"template":"","format":"standard","meta":{"footnotes":""},"categories":[103],"tags":[115,165,172,178,192,198,212,271,295,371,478],"class_list":["post-25718","post","type-post","status-publish","format-standard","hentry","category-sin-categoria","tag-altura-creativa","tag-copyright","tag-creacion-intelectual","tag-cuestion-prejudicial","tag-derecho-de-expresion","tag-derechos-de-autor","tag-directiva-derechos-de-autor","tag-informacion","tag-libertad-de-prensa","tag-originalidad","tag-tribunal-de-justicia"],"yoast_head":"<!-- This site is optimized with the Yoast SEO plugin v25.9 - https:\/\/yoast.com\/wordpress\/plugins\/seo\/ -->\n<title>\u00a1Mande firmes! Esto no es una obra de propiedad intelectual - RMA Attorneys at Law<\/title>\n<meta name=\"robots\" content=\"index, follow, max-snippet:-1, max-image-preview:large, max-video-preview:-1\" \/>\n<link rel=\"canonical\" href=\"https:\/\/rma.legal\/en\/mande-firmes-esto-no-es-una-obra-de-propiedad-intelectual\/\" \/>\n<meta property=\"og:locale\" content=\"en_US\" \/>\n<meta property=\"og:type\" content=\"article\" \/>\n<meta property=\"og:title\" content=\"\u00a1Mande firmes! Esto no es una obra de propiedad intelectual - RMA Attorneys at Law\" \/>\n<meta property=\"og:description\" content=\"&nbsp; A vueltas sobre el concepto de originalidad. En otra reciente entrada de nuestro blog habl\u00e1bamos de la posibilidad de proteger la imagen de un edificio v\u00eda derechos de autor, generalmente asumida si se cumplen los presupuestos de la Ley de Propiedad Intelectual, en particular el consabido requisito de la \u201coriginalidad\u201d de la obra. Y, [&hellip;]\" \/>\n<meta property=\"og:url\" content=\"https:\/\/rma.legal\/en\/mande-firmes-esto-no-es-una-obra-de-propiedad-intelectual\/\" \/>\n<meta property=\"og:site_name\" content=\"RMA Attorneys at Law\" \/>\n<meta property=\"article:published_time\" content=\"2018-10-30T11:46:39+00:00\" \/>\n<meta property=\"article:modified_time\" content=\"2025-04-15T09:43:27+00:00\" \/>\n<meta property=\"og:image\" content=\"http:\/\/rma.legal\/wp-content\/uploads\/2018\/10\/cofnidencial-300x145.png\" \/>\n<meta name=\"author\" content=\"Rosa Martinez Brines\" \/>\n<meta name=\"twitter:card\" content=\"summary_large_image\" \/>\n<meta name=\"twitter:label1\" content=\"Written by\" \/>\n\t<meta name=\"twitter:data1\" content=\"Rosa Martinez Brines\" \/>\n\t<meta name=\"twitter:label2\" content=\"Est. reading time\" \/>\n\t<meta name=\"twitter:data2\" content=\"6 minutes\" \/>\n<script type=\"application\/ld+json\" class=\"yoast-schema-graph\">{\"@context\":\"https:\/\/schema.org\",\"@graph\":[{\"@type\":\"Article\",\"@id\":\"https:\/\/rma.legal\/en\/mande-firmes-esto-no-es-una-obra-de-propiedad-intelectual\/#article\",\"isPartOf\":{\"@id\":\"https:\/\/rma.legal\/en\/mande-firmes-esto-no-es-una-obra-de-propiedad-intelectual\/\"},\"author\":{\"name\":\"Rosa Martinez Brines\",\"@id\":\"https:\/\/rma.legal\/en\/#\/schema\/person\/a4e1a584fe52b11a745060a7e9555336\"},\"headline\":\"\u00a1Mande firmes! Esto no es una obra de propiedad intelectual\",\"datePublished\":\"2018-10-30T11:46:39+00:00\",\"dateModified\":\"2025-04-15T09:43:27+00:00\",\"mainEntityOfPage\":{\"@id\":\"https:\/\/rma.legal\/en\/mande-firmes-esto-no-es-una-obra-de-propiedad-intelectual\/\"},\"wordCount\":1291,\"publisher\":{\"@id\":\"https:\/\/rma.legal\/en\/#organization\"},\"image\":{\"@id\":\"https:\/\/rma.legal\/en\/mande-firmes-esto-no-es-una-obra-de-propiedad-intelectual\/#primaryimage\"},\"thumbnailUrl\":\"http:\/\/rma.legal\/wp-content\/uploads\/2018\/10\/cofnidencial-300x145.png\",\"keywords\":[\"altura creativa\",\"copyright\",\"creaci\u00f3n intelectual\",\"cuesti\u00f3n prejudicial\",\"derecho de expresi\u00f3n\",\"derechos de autor\",\"directiva derechos de autor\",\"informaci\u00f3n\",\"libertad de prensa\",\"originalidad\",\"tribunal de justicia\"],\"articleSection\":[\"Sin categor\u00eda\"],\"inLanguage\":\"en-US\"},{\"@type\":\"WebPage\",\"@id\":\"https:\/\/rma.legal\/en\/mande-firmes-esto-no-es-una-obra-de-propiedad-intelectual\/\",\"url\":\"https:\/\/rma.legal\/en\/mande-firmes-esto-no-es-una-obra-de-propiedad-intelectual\/\",\"name\":\"\u00a1Mande firmes! Esto no es una obra de propiedad intelectual - RMA Attorneys at Law\",\"isPartOf\":{\"@id\":\"https:\/\/rma.legal\/en\/#website\"},\"primaryImageOfPage\":{\"@id\":\"https:\/\/rma.legal\/en\/mande-firmes-esto-no-es-una-obra-de-propiedad-intelectual\/#primaryimage\"},\"image\":{\"@id\":\"https:\/\/rma.legal\/en\/mande-firmes-esto-no-es-una-obra-de-propiedad-intelectual\/#primaryimage\"},\"thumbnailUrl\":\"http:\/\/rma.legal\/wp-content\/uploads\/2018\/10\/cofnidencial-300x145.png\",\"datePublished\":\"2018-10-30T11:46:39+00:00\",\"dateModified\":\"2025-04-15T09:43:27+00:00\",\"breadcrumb\":{\"@id\":\"https:\/\/rma.legal\/en\/mande-firmes-esto-no-es-una-obra-de-propiedad-intelectual\/#breadcrumb\"},\"inLanguage\":\"en-US\",\"potentialAction\":[{\"@type\":\"ReadAction\",\"target\":[\"https:\/\/rma.legal\/en\/mande-firmes-esto-no-es-una-obra-de-propiedad-intelectual\/\"]}]},{\"@type\":\"ImageObject\",\"inLanguage\":\"en-US\",\"@id\":\"https:\/\/rma.legal\/en\/mande-firmes-esto-no-es-una-obra-de-propiedad-intelectual\/#primaryimage\",\"url\":\"http:\/\/rma.legal\/wp-content\/uploads\/2018\/10\/cofnidencial-300x145.png\",\"contentUrl\":\"http:\/\/rma.legal\/wp-content\/uploads\/2018\/10\/cofnidencial-300x145.png\"},{\"@type\":\"BreadcrumbList\",\"@id\":\"https:\/\/rma.legal\/en\/mande-firmes-esto-no-es-una-obra-de-propiedad-intelectual\/#breadcrumb\",\"itemListElement\":[{\"@type\":\"ListItem\",\"position\":1,\"name\":\"Portada\",\"item\":\"https:\/\/rma.legal\/en\/\"},{\"@type\":\"ListItem\",\"position\":2,\"name\":\"\u00a1Mande firmes! Esto no es una obra de propiedad intelectual\"}]},{\"@type\":\"WebSite\",\"@id\":\"https:\/\/rma.legal\/en\/#website\",\"url\":\"https:\/\/rma.legal\/en\/\",\"name\":\"RMA Attorneys at Law\",\"description\":\"RMA Legal Attorneys\",\"publisher\":{\"@id\":\"https:\/\/rma.legal\/en\/#organization\"},\"potentialAction\":[{\"@type\":\"SearchAction\",\"target\":{\"@type\":\"EntryPoint\",\"urlTemplate\":\"https:\/\/rma.legal\/en\/?s={search_term_string}\"},\"query-input\":{\"@type\":\"PropertyValueSpecification\",\"valueRequired\":true,\"valueName\":\"search_term_string\"}}],\"inLanguage\":\"en-US\"},{\"@type\":\"Organization\",\"@id\":\"https:\/\/rma.legal\/en\/#organization\",\"name\":\"RMA Attorneys at Law\",\"url\":\"https:\/\/rma.legal\/en\/\",\"logo\":{\"@type\":\"ImageObject\",\"inLanguage\":\"en-US\",\"@id\":\"https:\/\/rma.legal\/en\/#\/schema\/logo\/image\/\",\"url\":\"https:\/\/rma.legal\/wp-content\/uploads\/2025\/02\/Logo-rma-legal-invertido-footer-c-1.png\",\"contentUrl\":\"https:\/\/rma.legal\/wp-content\/uploads\/2025\/02\/Logo-rma-legal-invertido-footer-c-1.png\",\"width\":300,\"height\":125,\"caption\":\"RMA Attorneys at Law\"},\"image\":{\"@id\":\"https:\/\/rma.legal\/en\/#\/schema\/logo\/image\/\"}},{\"@type\":\"Person\",\"@id\":\"https:\/\/rma.legal\/en\/#\/schema\/person\/a4e1a584fe52b11a745060a7e9555336\",\"name\":\"Rosa Martinez Brines\",\"image\":{\"@type\":\"ImageObject\",\"inLanguage\":\"en-US\",\"@id\":\"https:\/\/rma.legal\/en\/#\/schema\/person\/image\/\",\"url\":\"https:\/\/secure.gravatar.com\/avatar\/49ea18deea83f04a80464587e6edea1a4988c405631c31d3a76b657cc4da1334?s=96&d=mm&r=g\",\"contentUrl\":\"https:\/\/secure.gravatar.com\/avatar\/49ea18deea83f04a80464587e6edea1a4988c405631c31d3a76b657cc4da1334?s=96&d=mm&r=g\",\"caption\":\"Rosa Martinez Brines\"},\"url\":\"https:\/\/rma.legal\/en\/author\/rosa-martinez-brines\/\"}]}<\/script>\n<!-- \/ Yoast SEO plugin. -->","yoast_head_json":{"title":"\u00a1Mande firmes! Esto no es una obra de propiedad intelectual - RMA Attorneys at Law","robots":{"index":"index","follow":"follow","max-snippet":"max-snippet:-1","max-image-preview":"max-image-preview:large","max-video-preview":"max-video-preview:-1"},"canonical":"https:\/\/rma.legal\/en\/mande-firmes-esto-no-es-una-obra-de-propiedad-intelectual\/","og_locale":"en_US","og_type":"article","og_title":"\u00a1Mande firmes! Esto no es una obra de propiedad intelectual - RMA Attorneys at Law","og_description":"&nbsp; A vueltas sobre el concepto de originalidad. En otra reciente entrada de nuestro blog habl\u00e1bamos de la posibilidad de proteger la imagen de un edificio v\u00eda derechos de autor, generalmente asumida si se cumplen los presupuestos de la Ley de Propiedad Intelectual, en particular el consabido requisito de la \u201coriginalidad\u201d de la obra. Y, [&hellip;]","og_url":"https:\/\/rma.legal\/en\/mande-firmes-esto-no-es-una-obra-de-propiedad-intelectual\/","og_site_name":"RMA Attorneys at Law","article_published_time":"2018-10-30T11:46:39+00:00","article_modified_time":"2025-04-15T09:43:27+00:00","og_image":[{"url":"http:\/\/rma.legal\/wp-content\/uploads\/2018\/10\/cofnidencial-300x145.png","type":"","width":"","height":""}],"author":"Rosa Martinez Brines","twitter_card":"summary_large_image","twitter_misc":{"Written by":"Rosa Martinez Brines","Est. reading time":"6 minutes"},"schema":{"@context":"https:\/\/schema.org","@graph":[{"@type":"Article","@id":"https:\/\/rma.legal\/en\/mande-firmes-esto-no-es-una-obra-de-propiedad-intelectual\/#article","isPartOf":{"@id":"https:\/\/rma.legal\/en\/mande-firmes-esto-no-es-una-obra-de-propiedad-intelectual\/"},"author":{"name":"Rosa Martinez Brines","@id":"https:\/\/rma.legal\/en\/#\/schema\/person\/a4e1a584fe52b11a745060a7e9555336"},"headline":"\u00a1Mande firmes! Esto no es una obra de propiedad intelectual","datePublished":"2018-10-30T11:46:39+00:00","dateModified":"2025-04-15T09:43:27+00:00","mainEntityOfPage":{"@id":"https:\/\/rma.legal\/en\/mande-firmes-esto-no-es-una-obra-de-propiedad-intelectual\/"},"wordCount":1291,"publisher":{"@id":"https:\/\/rma.legal\/en\/#organization"},"image":{"@id":"https:\/\/rma.legal\/en\/mande-firmes-esto-no-es-una-obra-de-propiedad-intelectual\/#primaryimage"},"thumbnailUrl":"http:\/\/rma.legal\/wp-content\/uploads\/2018\/10\/cofnidencial-300x145.png","keywords":["altura creativa","copyright","creaci\u00f3n intelectual","cuesti\u00f3n prejudicial","derecho de expresi\u00f3n","derechos de autor","directiva derechos de autor","informaci\u00f3n","libertad de prensa","originalidad","tribunal de justicia"],"articleSection":["Sin categor\u00eda"],"inLanguage":"en-US"},{"@type":"WebPage","@id":"https:\/\/rma.legal\/en\/mande-firmes-esto-no-es-una-obra-de-propiedad-intelectual\/","url":"https:\/\/rma.legal\/en\/mande-firmes-esto-no-es-una-obra-de-propiedad-intelectual\/","name":"\u00a1Mande firmes! Esto no es una obra de propiedad intelectual - RMA Attorneys at Law","isPartOf":{"@id":"https:\/\/rma.legal\/en\/#website"},"primaryImageOfPage":{"@id":"https:\/\/rma.legal\/en\/mande-firmes-esto-no-es-una-obra-de-propiedad-intelectual\/#primaryimage"},"image":{"@id":"https:\/\/rma.legal\/en\/mande-firmes-esto-no-es-una-obra-de-propiedad-intelectual\/#primaryimage"},"thumbnailUrl":"http:\/\/rma.legal\/wp-content\/uploads\/2018\/10\/cofnidencial-300x145.png","datePublished":"2018-10-30T11:46:39+00:00","dateModified":"2025-04-15T09:43:27+00:00","breadcrumb":{"@id":"https:\/\/rma.legal\/en\/mande-firmes-esto-no-es-una-obra-de-propiedad-intelectual\/#breadcrumb"},"inLanguage":"en-US","potentialAction":[{"@type":"ReadAction","target":["https:\/\/rma.legal\/en\/mande-firmes-esto-no-es-una-obra-de-propiedad-intelectual\/"]}]},{"@type":"ImageObject","inLanguage":"en-US","@id":"https:\/\/rma.legal\/en\/mande-firmes-esto-no-es-una-obra-de-propiedad-intelectual\/#primaryimage","url":"http:\/\/rma.legal\/wp-content\/uploads\/2018\/10\/cofnidencial-300x145.png","contentUrl":"http:\/\/rma.legal\/wp-content\/uploads\/2018\/10\/cofnidencial-300x145.png"},{"@type":"BreadcrumbList","@id":"https:\/\/rma.legal\/en\/mande-firmes-esto-no-es-una-obra-de-propiedad-intelectual\/#breadcrumb","itemListElement":[{"@type":"ListItem","position":1,"name":"Portada","item":"https:\/\/rma.legal\/en\/"},{"@type":"ListItem","position":2,"name":"\u00a1Mande firmes! Esto no es una obra de propiedad intelectual"}]},{"@type":"WebSite","@id":"https:\/\/rma.legal\/en\/#website","url":"https:\/\/rma.legal\/en\/","name":"RMA Attorneys at Law","description":"RMA Legal Attorneys","publisher":{"@id":"https:\/\/rma.legal\/en\/#organization"},"potentialAction":[{"@type":"SearchAction","target":{"@type":"EntryPoint","urlTemplate":"https:\/\/rma.legal\/en\/?s={search_term_string}"},"query-input":{"@type":"PropertyValueSpecification","valueRequired":true,"valueName":"search_term_string"}}],"inLanguage":"en-US"},{"@type":"Organization","@id":"https:\/\/rma.legal\/en\/#organization","name":"RMA Attorneys at Law","url":"https:\/\/rma.legal\/en\/","logo":{"@type":"ImageObject","inLanguage":"en-US","@id":"https:\/\/rma.legal\/en\/#\/schema\/logo\/image\/","url":"https:\/\/rma.legal\/wp-content\/uploads\/2025\/02\/Logo-rma-legal-invertido-footer-c-1.png","contentUrl":"https:\/\/rma.legal\/wp-content\/uploads\/2025\/02\/Logo-rma-legal-invertido-footer-c-1.png","width":300,"height":125,"caption":"RMA Attorneys at Law"},"image":{"@id":"https:\/\/rma.legal\/en\/#\/schema\/logo\/image\/"}},{"@type":"Person","@id":"https:\/\/rma.legal\/en\/#\/schema\/person\/a4e1a584fe52b11a745060a7e9555336","name":"Rosa Martinez Brines","image":{"@type":"ImageObject","inLanguage":"en-US","@id":"https:\/\/rma.legal\/en\/#\/schema\/person\/image\/","url":"https:\/\/secure.gravatar.com\/avatar\/49ea18deea83f04a80464587e6edea1a4988c405631c31d3a76b657cc4da1334?s=96&d=mm&r=g","contentUrl":"https:\/\/secure.gravatar.com\/avatar\/49ea18deea83f04a80464587e6edea1a4988c405631c31d3a76b657cc4da1334?s=96&d=mm&r=g","caption":"Rosa Martinez Brines"},"url":"https:\/\/rma.legal\/en\/author\/rosa-martinez-brines\/"}]}},"_links":{"self":[{"href":"https:\/\/rma.legal\/en\/wp-json\/wp\/v2\/posts\/25718","targetHints":{"allow":["GET"]}}],"collection":[{"href":"https:\/\/rma.legal\/en\/wp-json\/wp\/v2\/posts"}],"about":[{"href":"https:\/\/rma.legal\/en\/wp-json\/wp\/v2\/types\/post"}],"author":[{"embeddable":true,"href":"https:\/\/rma.legal\/en\/wp-json\/wp\/v2\/users\/7"}],"replies":[{"embeddable":true,"href":"https:\/\/rma.legal\/en\/wp-json\/wp\/v2\/comments?post=25718"}],"version-history":[{"count":2,"href":"https:\/\/rma.legal\/en\/wp-json\/wp\/v2\/posts\/25718\/revisions"}],"predecessor-version":[{"id":30363,"href":"https:\/\/rma.legal\/en\/wp-json\/wp\/v2\/posts\/25718\/revisions\/30363"}],"wp:attachment":[{"href":"https:\/\/rma.legal\/en\/wp-json\/wp\/v2\/media?parent=25718"}],"wp:term":[{"taxonomy":"category","embeddable":true,"href":"https:\/\/rma.legal\/en\/wp-json\/wp\/v2\/categories?post=25718"},{"taxonomy":"post_tag","embeddable":true,"href":"https:\/\/rma.legal\/en\/wp-json\/wp\/v2\/tags?post=25718"}],"curies":[{"name":"wp","href":"https:\/\/api.w.org\/{rel}","templated":true}]}}