{"id":25618,"date":"2018-10-09T10:47:41","date_gmt":"2018-10-09T10:47:41","guid":{"rendered":"http:\/\/rma.legal\/?p=25618"},"modified":"2025-09-15T16:56:39","modified_gmt":"2025-09-15T16:56:39","slug":"proteccion-de-la-imagen-de-un-edificio-derechos-de-autor-marca-diseno-quo-vadis","status":"publish","type":"post","link":"https:\/\/rma.legal\/en\/proteccion-de-la-imagen-de-un-edificio-derechos-de-autor-marca-diseno-quo-vadis\/","title":{"rendered":"Protecci\u00f3n de la imagen de un edificio. \u00bfDerechos de autor, marca, dise\u00f1o? \u00bfQuo vadis?"},"content":{"rendered":"<p><strong><img decoding=\"async\" class=\"size-medium wp-image-25622 aligncenter\" src=\"http:\/\/rma.legal\/wp-content\/uploads\/2018\/10\/guggenheim-marca-300x94.png\" alt=\"guggenheim marca\" width=\"300\" height=\"94\" srcset=\"https:\/\/rma.legal\/wp-content\/uploads\/2018\/10\/guggenheim-marca-300x94.png 300w, https:\/\/rma.legal\/wp-content\/uploads\/2018\/10\/guggenheim-marca.png 575w\" sizes=\"(max-width: 300px) 100vw, 300px\" \/><\/strong><\/p>\n<p><strong>\u00bfCu\u00e1l ser\u00eda el mejor instrumento para proteger (en el sentido de intentar monopolizar) la imagen o dise\u00f1o de un edificio?<\/strong><\/p>\n<p>Renunciando a una respuesta exhaustiva y rigurosa que obligar\u00eda a considerar muchos factores, muy especialmente cu\u00e1les ser\u00edan la jurisdicci\u00f3n y Ley aplicables en cada caso, <strong>s\u00ed conviene diferenciar entre la \u201cimagen\u201d exterior del edificio<\/strong>, lo que com\u00fanmente llamamos su fachada, <strong>y su dise\u00f1o o configuraci\u00f3n interior<\/strong>.<\/p>\n<p>Esta diferenciaci\u00f3n puede ser muy relevante en virtud de las facultades dominicales (y digamos \u201cprohibitivas\u201d) que puede hacer valer el\u00a0 propietario de un edificio por el simple hecho de serlo, permiti\u00e9ndole poner condiciones de acceso al mismo que limiten, por ejemplo, la posibilidad de hacer fotograf\u00edas. Este derecho de propiedad es por tanto el que faculta al titular de un museo a impedir fotografiar las obras que est\u00e1n en su interior aunque los derechos de Propiedad Intelectual sobre tales obras no le pertenezcan o simplemente hayan pasado a dominio p\u00fablico. Cosa distinta es qu\u00e9 concretas acciones pudiera tener\u00a0 (nosotros entendemos que ninguna) ese propietario del edificio contra aquel tercero que no hizo las fotograf\u00edas (y por tanto ni siquiera cabe discutir si cumpli\u00f3 o no la <em>prohibici\u00f3n <\/em>de realizarlas) sino que se limita a utilizarlas en cualquier contexto.<\/p>\n<p><strong>La distinci\u00f3n entre interior y exterior (o fachada) de un edificio tampoco es algo ajeno al mundo de la Propiedad Intelectual <\/strong>como demuestra la <a href=\"http:\/\/www.poderjudicial.es\/search\/contenidos.action?action=contentpdf&amp;databasematch=TS&amp;reference=8010034&amp;links=&amp;optimize=20170509&amp;publicinterface=true\">sentencia del Tribunal Supremo de 26 abril 2017<\/a> (ECLI: ES:TS:2017:1644) en la que se reconoce la <strong>condici\u00f3n de obra original en el sentido de la Ley de Propiedad Intelectual (LPI) a la fachada<\/strong> y no al dise\u00f1o interior del edificio.<\/p>\n<p>El reconocimiento de la arquitectura o de las obras arquitect\u00f3nicas como obras potencialmente susceptibles de ser protegidas por la Propiedad Intelectual\u00a0 no ha existido desde siempre ni en todas partes. Sin embargo, tal reconocimiento y protecci\u00f3n s\u00ed se ha ido extendiendo hasta convertirse en la regla general en la mayor\u00eda de los pa\u00edses.<\/p>\n<p>Partiendo de esta premisa, y centrados en el \u201cexterior\u201d del edificio, parecer\u00eda que la Propiedad Intelectual (y el monopolio de explotaci\u00f3n que comporta) ser\u00eda una buena v\u00eda (barata y cuasi \u201cuniversal\u201d) de proteger la imagen\/fachada de un edificio. Sin embargo esta posibilidad tambi\u00e9n topa con algunos problemas y limitaciones.<\/p>\n<p><strong>Los problemas pueden \u00a0venir de la eventual discusi\u00f3n (nada extra\u00f1a) entre la titularidad de los derechos de Propiedad Intelectual sobre la obra arquitect\u00f3nica<\/strong> (que normalmente pertenecer\u00e1n de forma originaria a su\/s creador\/es o autor\/es) <strong>y la propiedad del edificio en el que se \u201cmaterializa\u201d la obra arquitect\u00f3nica<\/strong>. Es la cl\u00e1sica diferenciaci\u00f3n entre <em>corpus mechanicum <\/em>\u00a0(soporte) y <em>corpus mysticum <\/em>(obra o creaci\u00f3n intelectual) cuya titularidad\/propiedad, particularmente en las obras arquitect\u00f3nicas, no acostumbra a coincidir.<\/p>\n<p>En cuanto a las limitaciones en el \u00e1mbito de la Propiedad Intelectual, cabe mencionar en primer lugar la duraci\u00f3n limitada de ese monopolio legal, que se extingue cuando la obra pasa a dominio p\u00fablico tras transcurrir el per\u00edodo legalmente previsto. Y aunque ese per\u00edodo pueda parecer largo (toda la vida del autor m\u00e1s 70 a\u00f1os), es evidente que para los propietarios de determinados edificios hist\u00f3ricos (que adem\u00e1s deben invertir en su conservaci\u00f3n) puede resultar un mal consuelo un reconocimiento legal (el de la obra arquitect\u00f3nica) que en la pr\u00e1ctica econ\u00f3mica de nada les sirve.<\/p>\n<p>Pero la limitaci\u00f3n que en mayor medida afecta a ese reconocimiento es la que ha venido a llamarse \u201c<strong>libertad de panorama<\/strong>\u201d establecida en algunas leyes de propiedad intelectual como una limitaci\u00f3n al derecho de exclusiva que excluye del <em>ius prohibendi <\/em>del titular (sea quien sea) la realizaci\u00f3n y utilizaci\u00f3n de fotograf\u00edas (y otro tipo de im\u00e1genes) de los edificios (y otras obras) <strong>cuando est\u00e9n permanentemente ubicados en la v\u00eda p\u00fablica<\/strong> (vid por ejemplo el art. 35.2 LPI).<\/p>\n<p>Dejando de lado las razones teleol\u00f3gicas que puedan justificar la \u201clibertad de panorama\u201d (o la necesidad de matizar su actual alcance), es evidente que conlleva una reducci\u00f3n de la capacidad de explotaci\u00f3n comercial que pudieran tener los propietarios de edificios singulares al no poder ampararse a sus eventuales derechos de Propiedad Intelectual para controlar, o \u201cparticipar\u201d, en la explotaci\u00f3n que en muy distintos \u00e1mbitos pueda hacerse de la imagen exterior de \u201csus\u201d edificios.<\/p>\n<p>Importa decir que l<strong>a \u201clibertad de panorama\u201d tampoco es universal ni un\u00edvoca, ni siquiera en el \u00e1mbito de la Uni\u00f3n Europea<\/strong> donde encontramos casos tan singulares como Francia o Italia en cuya legislaci\u00f3n no se incluye tal limitaci\u00f3n. Para una visi\u00f3n gr\u00e1fica de la situaci\u00f3n ver: <a href=\"https:\/\/commons.wikimedia.org\/wiki\/File:Freedom_of_Panorama_in_Europe.svg\">Freedom of Panorama in Europe<\/a><\/p>\n<p>La alternativa a la Propiedad Intelectual podr\u00eda venir de la <strong>legislaci\u00f3n sobre Dise\u00f1o Industrial <\/strong>(si el edificio en cuesti\u00f3n fuera \u201c<em>novedoso<\/em>\u201d y tuviera \u201c<em>car\u00e1cter singular<\/em>\u201d) pero su comparativamente corta vida legal (25 a\u00f1os en \u00e1mbito de la UE), as\u00ed como las dificultades y costes que conlleva su protecci\u00f3n transfronteriza, no permite considerarla como una opci\u00f3n suficientemente atractiva.<\/p>\n<p>Surge as\u00ed la <strong>opci\u00f3n del Derecho de Marcas<\/strong> como paradigma de los monopolios legales con el que superar algunos de los l\u00edmites o problemas antes apuntados. La duraci\u00f3n de las marcas es potencialmente ilimitada, haciendo con ello m\u00e1s asumibles sus costes de protecci\u00f3n transfronteriza, y en su regulaci\u00f3n no se encuentra una limitaci\u00f3n equivalente (para lo que aqu\u00ed nos ocupa) a la \u201clibertad de panorama\u201d. Adem\u00e1s, una vez registrada la marca normalmente no se reproducen las discusiones sobre legitimaci\u00f3n en la titularidad que s\u00ed surgen en el \u00e1mbito de la Propiedad Intelectual.<\/p>\n<p><strong>Registrar la fachada de un edificio como marca no es nada nuevo<\/strong> y, como en tantos otros \u00e1mbitos, los norteamericanos fueron de los primeros en optar por esta \u201csoluci\u00f3n\u201d para intentar monopolizar la explotaci\u00f3n econ\u00f3mica de un edificio. Como ejemplo cabe citar la <a href=\"http:\/\/tsdr.uspto.gov\/#caseNumber=1126888&amp;caseSearchType=US_APPLICATION&amp;caseType=DEFAULT&amp;searchType=statusSearch\">marca gr\u00e1fica relativa a la imagen (en dibujo) del edificio Chrysler<\/a> registrada en la USPTO en 1978.<\/p>\n<p><img decoding=\"async\" class=\"size-full wp-image-25612 aligncenter\" src=\"http:\/\/rma.legal\/wp-content\/uploads\/2018\/10\/chrysler.png\" alt=\"chrysler\" width=\"185\" height=\"241\" \/><\/p>\n<p>A estos efectos, podemos tomar otros dos ejemplos, esta vez de nuestro entorno m\u00e1s cercano, relativos a dos edificios ic\u00f3nicos de Barcelona: la <a href=\"https:\/\/es.wikipedia.org\/wiki\/Casa_Batll%C3%B3\">Casa Batll\u00f3<\/a> (del insigne arquitecto modernista Antoni Gaud\u00ed)<\/p>\n<p><img decoding=\"async\" class=\"wp-image-25614 aligncenter\" src=\"http:\/\/rma.legal\/wp-content\/uploads\/2018\/10\/BATLLO.jpg\" alt=\"BATLL\u00d3\" width=\"154\" height=\"206\" \/><\/p>\n<p>y la conocida como <a href=\"https:\/\/es.wikipedia.org\/wiki\/Torre_Gl%C3%B2ries\">Torre Agbar<\/a> (moderno edificio del arquitecto franc\u00e9s Jean Nouvel)<\/p>\n<p><img loading=\"lazy\" decoding=\"async\" class=\"size-full wp-image-25613 aligncenter\" src=\"http:\/\/rma.legal\/wp-content\/uploads\/2018\/10\/AGBAR.jpg\" alt=\"AGBAR\" width=\"101\" height=\"250\" \/><\/p>\n<p>La imagen exterior (fachada) de ambos edificios se ha incorporado a sendas marcas registradas en la EUIPO pero con par\u00e1metros bien distintos:<\/p>\n<p>&#8211;\u00a0 En el caso de la Casa Batll\u00f3 se trata de una <a href=\"https:\/\/euipo.europa.eu\/eSearch\/#details\/trademarks\/W01065357\">marca mixta<\/a> (gr\u00e1fico\/denominativa) que incluye una representaci\u00f3n en dibujo de la fachada del edificio junto a la repetida denominaci\u00f3n, habi\u00e9ndose registrado en 2010 para 13 de las 45 clases del nomencl\u00e1tor.<\/p>\n<p><img loading=\"lazy\" decoding=\"async\" class=\"size-full wp-image-25619 aligncenter\" src=\"http:\/\/rma.legal\/wp-content\/uploads\/2018\/10\/BATLLO-MARCA.jpg\" alt=\"BATLL\u00d3 MARCA\" width=\"167\" height=\"207\" \/><\/p>\n<p>&#8211; En el caso de la Torre Agbar, en el a\u00f1o 2001 se solicit\u00f3 una <a href=\"https:\/\/euipo.europa.eu\/eSearch\/#details\/trademarks\/002535078\">marca tridimensional<\/a> con la siguiente representaci\u00f3n para todas las clases (42) entonces existentes:<\/p>\n<p><img loading=\"lazy\" decoding=\"async\" class=\"alignnone size-full wp-image-25620 aligncenter\" src=\"https:\/\/rma.legal\/wp-content\/uploads\/2018\/10\/agbar-marca.jpg\" alt=\"\" width=\"153\" height=\"301\" \/><\/p>\n<p><span style=\"font-size: revert; color: initial;\">Como apunt\u00e1bamos m\u00e1s arriba, <\/span><strong style=\"font-size: revert; color: initial;\">registrar como marca la imagen (incluso fotogr\u00e1fica o tridimensional) de la fachada de un edificio no nos parece objetable<\/strong><span style=\"font-size: revert; color: initial;\"> (y las Oficinas encargadas de proceder al inicial examen de registrabilidad no deber\u00edan poner ning\u00fan impedimento aprior\u00edstico). Pero <\/span><strong style=\"font-size: revert; color: initial;\">cosa distinta es el alcance de protecci\u00f3n<\/strong><span style=\"font-size: revert; color: initial;\"> que deba reconocerse a estas marcas, esto es, lo que se puede impedir con ellas y lo que no, que deber\u00e1 enjuiciarse teniendo en cuenta la funci\u00f3n jur\u00eddica de las marcas (la de \u201cdistinguir\u201d productos\/servicios) y la concreta actuaci\u00f3n (uso) que sea objeto de tal enjuiciamiento. Adem\u00e1s, tampoco ser\u00e1 balad\u00ed la situaci\u00f3n de potencial caducidad por no uso con la que con bastante probabilidad se puedan encontrar esas marcas para muchos de los productos\/servicios para los que se hubiera registrado.<\/span><\/p>\n<p>Y volviendo al principio \u00bfqu\u00e9 pasa con la explotaci\u00f3n de la imagen (por ejemplo a trav\u00e9s de fotograf\u00edas) de un edificio? <strong>\u00bfPuede el titular de tales marcas hacerlas valer para impedir (controlar) las fotograf\u00edas de la fachada del edificio?<\/strong> \u00bfPodemos con esas marcas limitar la \u201clibertad de panorama\u201d consagrada en buena parte de las Leyes de Propiedad Intelectual de nuestro entorno?<\/p>\n<p>La respuesta negativa a tales preguntas nos parece bastante clara y como precedente hist\u00f3rico m\u00e1s destacable cabe referirse a la ya vieja <a href=\"https:\/\/caselaw.findlaw.com\/us-6th-circuit\/1128847.html\">Sentencia dictada en el a\u00f1o 1998 por el Tribunal del Sexto circuito de los EE. UU. en el caso Rock and Roll Hall of Fame and Museum, Inc. v. Gentile Productions<\/a>. El an\u00e1lisis de dicha resoluci\u00f3n exceder\u00eda el \u00e1mbito de este post, pero resolvi\u00f3 el conflicto sancionando que a trav\u00e9s de una marca registrada referida a la representaci\u00f3n de la fachada de un edificio no cabe impedir la realizaci\u00f3n y utilizaci\u00f3n de fotograf\u00edas del edificio en cuesti\u00f3n.<\/p>\n<p>Dicha resoluci\u00f3n, y la l\u00f3gica jur\u00eddica de lo que en ella se resolvi\u00f3, no parece descorazonar a algunos propietarios de edificios singulares que registran como marca una imagen de su fachada y a\u00fan hoy d\u00eda siguen haciendo valer dicho registro como argumento para prohibir o limitar la mera realizaci\u00f3n de fotograf\u00edas del edificio. Este ser\u00eda caso, por ejemplo, del museo <a href=\"https:\/\/es.wikipedia.org\/wiki\/Museo_Guggenheim_Bilbao\">Guggenheim de Bilbao cuyo impresionante edificio ha sido dise\u00f1ado por Frank Gehry<\/a><\/p>\n<p><img loading=\"lazy\" decoding=\"async\" class=\"alignnone size-full wp-image-25621 aligncenter\" src=\"https:\/\/rma.legal\/wp-content\/uploads\/2018\/10\/guggenheim-imagen.jpg\" alt=\"\" width=\"300\" height=\"200\" \/><\/p>\n<p><span style=\"font-size: revert; color: initial;\">Una representaci\u00f3n a dibujo de su exterior fue registrado como <\/span><a style=\"font-size: revert;\" href=\"https:\/\/euipo.europa.eu\/eSearch\/#details\/trademarks\/002756153\">marca comunitaria<\/a><span style=\"font-size: revert; color: initial;\"> en el a\u00f1o 2002<\/span><\/p>\n<p><img decoding=\"async\" class=\"size-medium wp-image-25622 aligncenter\" src=\"http:\/\/rma.legal\/wp-content\/uploads\/2018\/10\/guggenheim-marca-300x94.png\" alt=\"guggenheim marca\" width=\"300\" height=\"94\" srcset=\"https:\/\/rma.legal\/wp-content\/uploads\/2018\/10\/guggenheim-marca-300x94.png 300w, https:\/\/rma.legal\/wp-content\/uploads\/2018\/10\/guggenheim-marca.png 575w\" sizes=\"(max-width: 300px) 100vw, 300px\" \/><\/p>\n<p>Y a\u00fan hoy en el <a href=\"https:\/\/www.guggenheim-bilbao.eus\/informacion-legal\/\">aviso legal de la web del museo<\/a>\u00a0 se afirma que la <em>\u201cla representaci\u00f3n gr\u00e1fica del edificio del Museo Guggenheim Bilbao constituye una marca registrada de la que es titular FMGB, \u2026, lo que le confiere el derecho exclusivo a su utilizaci\u00f3n, reproducci\u00f3n, comunicaci\u00f3n p\u00fablica o distribuci\u00f3n, as\u00ed como la facultad de impedir su uso por terceros no autorizados. Queda expresamente prohibida la reproducci\u00f3n, comunicaci\u00f3n p\u00fablica, transformaci\u00f3n o distribuci\u00f3n de la imagen del Museo Guggenheim Bilbao en cualquier soporte y para cualquier fin, sin el previo consentimiento expreso por escrito de FMGB.\u201d<\/em><\/p>\n<p>Un tema que sigue de actualidad y genera debate.<\/p>\n","protected":false},"excerpt":{"rendered":"<p>\u00bfCu\u00e1l ser\u00eda el mejor instrumento para proteger (en el sentido de intentar monopolizar) la imagen o dise\u00f1o de un edificio? Renunciando a una respuesta exhaustiva y rigurosa que obligar\u00eda a considerar muchos factores, muy especialmente cu\u00e1les ser\u00edan la jurisdicci\u00f3n y Ley aplicables en cada caso, s\u00ed conviene diferenciar entre la \u201cimagen\u201d exterior del edificio, lo [&hellip;]<\/p>\n","protected":false},"author":9,"featured_media":0,"comment_status":"closed","ping_status":"open","sticky":false,"template":"","format":"standard","meta":{"footnotes":""},"categories":[103],"tags":[198,22,237,245,256,294,40,361,363,62,411],"class_list":["post-25618","post","type-post","status-publish","format-standard","hentry","category-sin-categoria","tag-derechos-de-autor","tag-disenos-ca","tag-fachada-de-edificios","tag-fotografia","tag-imagen-de-edificios","tag-libertad-de-panorama","tag-marcas-ca","tag-obra-arquitectonica","tag-obra-original","tag-propiedad-intelectual-ca","tag-proteccion-propiedad-industrial"],"yoast_head":"<!-- This site is optimized with the Yoast SEO plugin v25.9 - https:\/\/yoast.com\/wordpress\/plugins\/seo\/ -->\n<title>Protecci\u00f3n de la imagen de un edificio. \u00bfDerechos de autor, marca, dise\u00f1o? \u00bfQuo vadis? - RMA Attorneys at Law<\/title>\n<meta name=\"robots\" content=\"index, follow, max-snippet:-1, max-image-preview:large, max-video-preview:-1\" \/>\n<link rel=\"canonical\" href=\"https:\/\/rma.legal\/en\/proteccion-de-la-imagen-de-un-edificio-derechos-de-autor-marca-diseno-quo-vadis\/\" \/>\n<meta property=\"og:locale\" content=\"en_US\" \/>\n<meta property=\"og:type\" content=\"article\" \/>\n<meta property=\"og:title\" content=\"Protecci\u00f3n de la imagen de un edificio. \u00bfDerechos de autor, marca, dise\u00f1o? \u00bfQuo vadis? - RMA Attorneys at Law\" \/>\n<meta property=\"og:description\" content=\"\u00bfCu\u00e1l ser\u00eda el mejor instrumento para proteger (en el sentido de intentar monopolizar) la imagen o dise\u00f1o de un edificio? Renunciando a una respuesta exhaustiva y rigurosa que obligar\u00eda a considerar muchos factores, muy especialmente cu\u00e1les ser\u00edan la jurisdicci\u00f3n y Ley aplicables en cada caso, s\u00ed conviene diferenciar entre la \u201cimagen\u201d exterior del edificio, lo [&hellip;]\" \/>\n<meta property=\"og:url\" content=\"https:\/\/rma.legal\/en\/proteccion-de-la-imagen-de-un-edificio-derechos-de-autor-marca-diseno-quo-vadis\/\" \/>\n<meta property=\"og:site_name\" content=\"RMA Attorneys at Law\" \/>\n<meta property=\"article:published_time\" content=\"2018-10-09T10:47:41+00:00\" \/>\n<meta property=\"article:modified_time\" content=\"2025-09-15T16:56:39+00:00\" \/>\n<meta property=\"og:image\" content=\"https:\/\/rma.legal\/wp-content\/uploads\/2018\/10\/guggenheim-marca.png\" \/>\n\t<meta property=\"og:image:width\" content=\"575\" \/>\n\t<meta property=\"og:image:height\" content=\"181\" \/>\n\t<meta property=\"og:image:type\" content=\"image\/png\" \/>\n<meta name=\"author\" content=\"Jordi Roman\u00ed Lluch\" \/>\n<meta name=\"twitter:card\" content=\"summary_large_image\" \/>\n<meta name=\"twitter:label1\" content=\"Written by\" \/>\n\t<meta name=\"twitter:data1\" content=\"Jordi Roman\u00ed Lluch\" \/>\n\t<meta name=\"twitter:label2\" content=\"Est. reading time\" \/>\n\t<meta name=\"twitter:data2\" content=\"9 minutes\" \/>\n<script type=\"application\/ld+json\" class=\"yoast-schema-graph\">{\"@context\":\"https:\/\/schema.org\",\"@graph\":[{\"@type\":\"Article\",\"@id\":\"https:\/\/rma.legal\/en\/proteccion-de-la-imagen-de-un-edificio-derechos-de-autor-marca-diseno-quo-vadis\/#article\",\"isPartOf\":{\"@id\":\"https:\/\/rma.legal\/en\/proteccion-de-la-imagen-de-un-edificio-derechos-de-autor-marca-diseno-quo-vadis\/\"},\"author\":{\"name\":\"Jordi Roman\u00ed Lluch\",\"@id\":\"https:\/\/rma.legal\/en\/#\/schema\/person\/b820ae237ba4d5a3f543d0527443965e\"},\"headline\":\"Protecci\u00f3n de la imagen de un edificio. \u00bfDerechos de autor, marca, dise\u00f1o? \u00bfQuo vadis?\",\"datePublished\":\"2018-10-09T10:47:41+00:00\",\"dateModified\":\"2025-09-15T16:56:39+00:00\",\"mainEntityOfPage\":{\"@id\":\"https:\/\/rma.legal\/en\/proteccion-de-la-imagen-de-un-edificio-derechos-de-autor-marca-diseno-quo-vadis\/\"},\"wordCount\":1730,\"publisher\":{\"@id\":\"https:\/\/rma.legal\/en\/#organization\"},\"image\":{\"@id\":\"https:\/\/rma.legal\/en\/proteccion-de-la-imagen-de-un-edificio-derechos-de-autor-marca-diseno-quo-vadis\/#primaryimage\"},\"thumbnailUrl\":\"http:\/\/rma.legal\/wp-content\/uploads\/2018\/10\/guggenheim-marca-300x94.png\",\"keywords\":[\"derechos de autor\",\"dise\u00f1os\",\"fachada de edificios\",\"fotograf\u00eda\",\"imagen de edificios\",\"libertad de panorama\",\"marcas\",\"obra arquitect\u00f3nica\",\"obra original\",\"propiedad intelectual\",\"protecci\u00f3n propiedad industrial\"],\"articleSection\":[\"Sin categor\u00eda\"],\"inLanguage\":\"en-US\"},{\"@type\":\"WebPage\",\"@id\":\"https:\/\/rma.legal\/en\/proteccion-de-la-imagen-de-un-edificio-derechos-de-autor-marca-diseno-quo-vadis\/\",\"url\":\"https:\/\/rma.legal\/en\/proteccion-de-la-imagen-de-un-edificio-derechos-de-autor-marca-diseno-quo-vadis\/\",\"name\":\"Protecci\u00f3n de la imagen de un edificio. \u00bfDerechos de autor, marca, dise\u00f1o? \u00bfQuo vadis? - RMA Attorneys at Law\",\"isPartOf\":{\"@id\":\"https:\/\/rma.legal\/en\/#website\"},\"primaryImageOfPage\":{\"@id\":\"https:\/\/rma.legal\/en\/proteccion-de-la-imagen-de-un-edificio-derechos-de-autor-marca-diseno-quo-vadis\/#primaryimage\"},\"image\":{\"@id\":\"https:\/\/rma.legal\/en\/proteccion-de-la-imagen-de-un-edificio-derechos-de-autor-marca-diseno-quo-vadis\/#primaryimage\"},\"thumbnailUrl\":\"http:\/\/rma.legal\/wp-content\/uploads\/2018\/10\/guggenheim-marca-300x94.png\",\"datePublished\":\"2018-10-09T10:47:41+00:00\",\"dateModified\":\"2025-09-15T16:56:39+00:00\",\"breadcrumb\":{\"@id\":\"https:\/\/rma.legal\/en\/proteccion-de-la-imagen-de-un-edificio-derechos-de-autor-marca-diseno-quo-vadis\/#breadcrumb\"},\"inLanguage\":\"en-US\",\"potentialAction\":[{\"@type\":\"ReadAction\",\"target\":[\"https:\/\/rma.legal\/en\/proteccion-de-la-imagen-de-un-edificio-derechos-de-autor-marca-diseno-quo-vadis\/\"]}]},{\"@type\":\"ImageObject\",\"inLanguage\":\"en-US\",\"@id\":\"https:\/\/rma.legal\/en\/proteccion-de-la-imagen-de-un-edificio-derechos-de-autor-marca-diseno-quo-vadis\/#primaryimage\",\"url\":\"http:\/\/rma.legal\/wp-content\/uploads\/2018\/10\/guggenheim-marca-300x94.png\",\"contentUrl\":\"http:\/\/rma.legal\/wp-content\/uploads\/2018\/10\/guggenheim-marca-300x94.png\"},{\"@type\":\"BreadcrumbList\",\"@id\":\"https:\/\/rma.legal\/en\/proteccion-de-la-imagen-de-un-edificio-derechos-de-autor-marca-diseno-quo-vadis\/#breadcrumb\",\"itemListElement\":[{\"@type\":\"ListItem\",\"position\":1,\"name\":\"Portada\",\"item\":\"https:\/\/rma.legal\/en\/\"},{\"@type\":\"ListItem\",\"position\":2,\"name\":\"Protecci\u00f3n de la imagen de un edificio. \u00bfDerechos de autor, marca, dise\u00f1o? \u00bfQuo vadis?\"}]},{\"@type\":\"WebSite\",\"@id\":\"https:\/\/rma.legal\/en\/#website\",\"url\":\"https:\/\/rma.legal\/en\/\",\"name\":\"RMA Attorneys at Law\",\"description\":\"RMA Legal Attorneys\",\"publisher\":{\"@id\":\"https:\/\/rma.legal\/en\/#organization\"},\"potentialAction\":[{\"@type\":\"SearchAction\",\"target\":{\"@type\":\"EntryPoint\",\"urlTemplate\":\"https:\/\/rma.legal\/en\/?s={search_term_string}\"},\"query-input\":{\"@type\":\"PropertyValueSpecification\",\"valueRequired\":true,\"valueName\":\"search_term_string\"}}],\"inLanguage\":\"en-US\"},{\"@type\":\"Organization\",\"@id\":\"https:\/\/rma.legal\/en\/#organization\",\"name\":\"RMA Attorneys at Law\",\"url\":\"https:\/\/rma.legal\/en\/\",\"logo\":{\"@type\":\"ImageObject\",\"inLanguage\":\"en-US\",\"@id\":\"https:\/\/rma.legal\/en\/#\/schema\/logo\/image\/\",\"url\":\"https:\/\/rma.legal\/wp-content\/uploads\/2025\/02\/Logo-rma-legal-invertido-footer-c-1.png\",\"contentUrl\":\"https:\/\/rma.legal\/wp-content\/uploads\/2025\/02\/Logo-rma-legal-invertido-footer-c-1.png\",\"width\":300,\"height\":125,\"caption\":\"RMA Attorneys at Law\"},\"image\":{\"@id\":\"https:\/\/rma.legal\/en\/#\/schema\/logo\/image\/\"}},{\"@type\":\"Person\",\"@id\":\"https:\/\/rma.legal\/en\/#\/schema\/person\/b820ae237ba4d5a3f543d0527443965e\",\"name\":\"Jordi Roman\u00ed Lluch\",\"image\":{\"@type\":\"ImageObject\",\"inLanguage\":\"en-US\",\"@id\":\"https:\/\/rma.legal\/en\/#\/schema\/person\/image\/\",\"url\":\"https:\/\/secure.gravatar.com\/avatar\/2177d68cd02d097656dde75c3bdef729ef37c5d797f2cf3fb3c2184c46b2d8ac?s=96&d=mm&r=g\",\"contentUrl\":\"https:\/\/secure.gravatar.com\/avatar\/2177d68cd02d097656dde75c3bdef729ef37c5d797f2cf3fb3c2184c46b2d8ac?s=96&d=mm&r=g\",\"caption\":\"Jordi Roman\u00ed Lluch\"},\"url\":\"https:\/\/rma.legal\/en\/author\/jordi-romani-lluch\/\"}]}<\/script>\n<!-- \/ Yoast SEO plugin. -->","yoast_head_json":{"title":"Protecci\u00f3n de la imagen de un edificio. \u00bfDerechos de autor, marca, dise\u00f1o? \u00bfQuo vadis? - RMA Attorneys at Law","robots":{"index":"index","follow":"follow","max-snippet":"max-snippet:-1","max-image-preview":"max-image-preview:large","max-video-preview":"max-video-preview:-1"},"canonical":"https:\/\/rma.legal\/en\/proteccion-de-la-imagen-de-un-edificio-derechos-de-autor-marca-diseno-quo-vadis\/","og_locale":"en_US","og_type":"article","og_title":"Protecci\u00f3n de la imagen de un edificio. \u00bfDerechos de autor, marca, dise\u00f1o? \u00bfQuo vadis? - RMA Attorneys at Law","og_description":"\u00bfCu\u00e1l ser\u00eda el mejor instrumento para proteger (en el sentido de intentar monopolizar) la imagen o dise\u00f1o de un edificio? Renunciando a una respuesta exhaustiva y rigurosa que obligar\u00eda a considerar muchos factores, muy especialmente cu\u00e1les ser\u00edan la jurisdicci\u00f3n y Ley aplicables en cada caso, s\u00ed conviene diferenciar entre la \u201cimagen\u201d exterior del edificio, lo [&hellip;]","og_url":"https:\/\/rma.legal\/en\/proteccion-de-la-imagen-de-un-edificio-derechos-de-autor-marca-diseno-quo-vadis\/","og_site_name":"RMA Attorneys at Law","article_published_time":"2018-10-09T10:47:41+00:00","article_modified_time":"2025-09-15T16:56:39+00:00","og_image":[{"width":575,"height":181,"url":"https:\/\/rma.legal\/wp-content\/uploads\/2018\/10\/guggenheim-marca.png","type":"image\/png"}],"author":"Jordi Roman\u00ed Lluch","twitter_card":"summary_large_image","twitter_misc":{"Written by":"Jordi Roman\u00ed Lluch","Est. reading time":"9 minutes"},"schema":{"@context":"https:\/\/schema.org","@graph":[{"@type":"Article","@id":"https:\/\/rma.legal\/en\/proteccion-de-la-imagen-de-un-edificio-derechos-de-autor-marca-diseno-quo-vadis\/#article","isPartOf":{"@id":"https:\/\/rma.legal\/en\/proteccion-de-la-imagen-de-un-edificio-derechos-de-autor-marca-diseno-quo-vadis\/"},"author":{"name":"Jordi Roman\u00ed Lluch","@id":"https:\/\/rma.legal\/en\/#\/schema\/person\/b820ae237ba4d5a3f543d0527443965e"},"headline":"Protecci\u00f3n de la imagen de un edificio. \u00bfDerechos de autor, marca, dise\u00f1o? \u00bfQuo vadis?","datePublished":"2018-10-09T10:47:41+00:00","dateModified":"2025-09-15T16:56:39+00:00","mainEntityOfPage":{"@id":"https:\/\/rma.legal\/en\/proteccion-de-la-imagen-de-un-edificio-derechos-de-autor-marca-diseno-quo-vadis\/"},"wordCount":1730,"publisher":{"@id":"https:\/\/rma.legal\/en\/#organization"},"image":{"@id":"https:\/\/rma.legal\/en\/proteccion-de-la-imagen-de-un-edificio-derechos-de-autor-marca-diseno-quo-vadis\/#primaryimage"},"thumbnailUrl":"http:\/\/rma.legal\/wp-content\/uploads\/2018\/10\/guggenheim-marca-300x94.png","keywords":["derechos de autor","dise\u00f1os","fachada de edificios","fotograf\u00eda","imagen de edificios","libertad de panorama","marcas","obra arquitect\u00f3nica","obra original","propiedad intelectual","protecci\u00f3n propiedad industrial"],"articleSection":["Sin categor\u00eda"],"inLanguage":"en-US"},{"@type":"WebPage","@id":"https:\/\/rma.legal\/en\/proteccion-de-la-imagen-de-un-edificio-derechos-de-autor-marca-diseno-quo-vadis\/","url":"https:\/\/rma.legal\/en\/proteccion-de-la-imagen-de-un-edificio-derechos-de-autor-marca-diseno-quo-vadis\/","name":"Protecci\u00f3n de la imagen de un edificio. \u00bfDerechos de autor, marca, dise\u00f1o? \u00bfQuo vadis? - RMA Attorneys at Law","isPartOf":{"@id":"https:\/\/rma.legal\/en\/#website"},"primaryImageOfPage":{"@id":"https:\/\/rma.legal\/en\/proteccion-de-la-imagen-de-un-edificio-derechos-de-autor-marca-diseno-quo-vadis\/#primaryimage"},"image":{"@id":"https:\/\/rma.legal\/en\/proteccion-de-la-imagen-de-un-edificio-derechos-de-autor-marca-diseno-quo-vadis\/#primaryimage"},"thumbnailUrl":"http:\/\/rma.legal\/wp-content\/uploads\/2018\/10\/guggenheim-marca-300x94.png","datePublished":"2018-10-09T10:47:41+00:00","dateModified":"2025-09-15T16:56:39+00:00","breadcrumb":{"@id":"https:\/\/rma.legal\/en\/proteccion-de-la-imagen-de-un-edificio-derechos-de-autor-marca-diseno-quo-vadis\/#breadcrumb"},"inLanguage":"en-US","potentialAction":[{"@type":"ReadAction","target":["https:\/\/rma.legal\/en\/proteccion-de-la-imagen-de-un-edificio-derechos-de-autor-marca-diseno-quo-vadis\/"]}]},{"@type":"ImageObject","inLanguage":"en-US","@id":"https:\/\/rma.legal\/en\/proteccion-de-la-imagen-de-un-edificio-derechos-de-autor-marca-diseno-quo-vadis\/#primaryimage","url":"http:\/\/rma.legal\/wp-content\/uploads\/2018\/10\/guggenheim-marca-300x94.png","contentUrl":"http:\/\/rma.legal\/wp-content\/uploads\/2018\/10\/guggenheim-marca-300x94.png"},{"@type":"BreadcrumbList","@id":"https:\/\/rma.legal\/en\/proteccion-de-la-imagen-de-un-edificio-derechos-de-autor-marca-diseno-quo-vadis\/#breadcrumb","itemListElement":[{"@type":"ListItem","position":1,"name":"Portada","item":"https:\/\/rma.legal\/en\/"},{"@type":"ListItem","position":2,"name":"Protecci\u00f3n de la imagen de un edificio. \u00bfDerechos de autor, marca, dise\u00f1o? \u00bfQuo vadis?"}]},{"@type":"WebSite","@id":"https:\/\/rma.legal\/en\/#website","url":"https:\/\/rma.legal\/en\/","name":"RMA Attorneys at Law","description":"RMA Legal Attorneys","publisher":{"@id":"https:\/\/rma.legal\/en\/#organization"},"potentialAction":[{"@type":"SearchAction","target":{"@type":"EntryPoint","urlTemplate":"https:\/\/rma.legal\/en\/?s={search_term_string}"},"query-input":{"@type":"PropertyValueSpecification","valueRequired":true,"valueName":"search_term_string"}}],"inLanguage":"en-US"},{"@type":"Organization","@id":"https:\/\/rma.legal\/en\/#organization","name":"RMA Attorneys at Law","url":"https:\/\/rma.legal\/en\/","logo":{"@type":"ImageObject","inLanguage":"en-US","@id":"https:\/\/rma.legal\/en\/#\/schema\/logo\/image\/","url":"https:\/\/rma.legal\/wp-content\/uploads\/2025\/02\/Logo-rma-legal-invertido-footer-c-1.png","contentUrl":"https:\/\/rma.legal\/wp-content\/uploads\/2025\/02\/Logo-rma-legal-invertido-footer-c-1.png","width":300,"height":125,"caption":"RMA Attorneys at Law"},"image":{"@id":"https:\/\/rma.legal\/en\/#\/schema\/logo\/image\/"}},{"@type":"Person","@id":"https:\/\/rma.legal\/en\/#\/schema\/person\/b820ae237ba4d5a3f543d0527443965e","name":"Jordi Roman\u00ed Lluch","image":{"@type":"ImageObject","inLanguage":"en-US","@id":"https:\/\/rma.legal\/en\/#\/schema\/person\/image\/","url":"https:\/\/secure.gravatar.com\/avatar\/2177d68cd02d097656dde75c3bdef729ef37c5d797f2cf3fb3c2184c46b2d8ac?s=96&d=mm&r=g","contentUrl":"https:\/\/secure.gravatar.com\/avatar\/2177d68cd02d097656dde75c3bdef729ef37c5d797f2cf3fb3c2184c46b2d8ac?s=96&d=mm&r=g","caption":"Jordi Roman\u00ed Lluch"},"url":"https:\/\/rma.legal\/en\/author\/jordi-romani-lluch\/"}]}},"_links":{"self":[{"href":"https:\/\/rma.legal\/en\/wp-json\/wp\/v2\/posts\/25618","targetHints":{"allow":["GET"]}}],"collection":[{"href":"https:\/\/rma.legal\/en\/wp-json\/wp\/v2\/posts"}],"about":[{"href":"https:\/\/rma.legal\/en\/wp-json\/wp\/v2\/types\/post"}],"author":[{"embeddable":true,"href":"https:\/\/rma.legal\/en\/wp-json\/wp\/v2\/users\/9"}],"replies":[{"embeddable":true,"href":"https:\/\/rma.legal\/en\/wp-json\/wp\/v2\/comments?post=25618"}],"version-history":[{"count":3,"href":"https:\/\/rma.legal\/en\/wp-json\/wp\/v2\/posts\/25618\/revisions"}],"predecessor-version":[{"id":32081,"href":"https:\/\/rma.legal\/en\/wp-json\/wp\/v2\/posts\/25618\/revisions\/32081"}],"wp:attachment":[{"href":"https:\/\/rma.legal\/en\/wp-json\/wp\/v2\/media?parent=25618"}],"wp:term":[{"taxonomy":"category","embeddable":true,"href":"https:\/\/rma.legal\/en\/wp-json\/wp\/v2\/categories?post=25618"},{"taxonomy":"post_tag","embeddable":true,"href":"https:\/\/rma.legal\/en\/wp-json\/wp\/v2\/tags?post=25618"}],"curies":[{"name":"wp","href":"https:\/\/api.w.org\/{rel}","templated":true}]}}