{"id":25336,"date":"2018-06-05T09:44:40","date_gmt":"2018-06-05T09:44:40","guid":{"rendered":"http:\/\/rma.legal\/?p=25336"},"modified":"2025-09-15T16:58:02","modified_gmt":"2025-09-15T16:58:02","slug":"la-nueva-frontera-de-las-marcas-multimedia","status":"publish","type":"post","link":"https:\/\/rma.legal\/en\/la-nueva-frontera-de-las-marcas-multimedia\/","title":{"rendered":"LA NUEVA FRONTERA DE LAS MARCAS MULTIMEDIA"},"content":{"rendered":"<p><img fetchpriority=\"high\" decoding=\"async\" class=\"alignnone size-medium wp-image-32023 aligncenter\" src=\"https:\/\/rma.legal\/wp-content\/uploads\/2024\/01\/rma-logo-hexagono-300x174.png\" alt=\"RMA Legal logo\" width=\"300\" height=\"174\" srcset=\"https:\/\/rma.legal\/wp-content\/uploads\/2024\/01\/rma-logo-hexagono-300x174.png 300w, https:\/\/rma.legal\/wp-content\/uploads\/2024\/01\/rma-logo-hexagono.png 440w\" sizes=\"(max-width: 300px) 100vw, 300px\" \/><\/p>\n<p>Fruto de la definitiva entrada en vigor de la <a href=\"https:\/\/eur-lex.europa.eu\/legal-content\/ES\/TXT\/HTML\/?uri=CELEX:32017R1001&amp;from=EN\">reforma del Reglamento de la Marca de la Uni\u00f3n Europea<\/a> (RMUE) , y en particular de la eliminaci\u00f3n del requisito de \u201crepresentaci\u00f3n gr\u00e1fica\u201d (<a href=\"https:\/\/euipo.europa.eu\/tunnel-web\/secure\/webdav\/guest\/document_library\/contentPdfs\/law_and_practice\/DGWPLR\/EUTMR_as_amended_en.pdf\">art. 4 del RMUE<\/a>) en la definici\u00f3n de lo que puede ser una marca de la UE, ya se han solicitado, y concedido, las primeras <strong>marcas multimedia<\/strong>.<\/p>\n<p>Las marcas multimedia son, conforme prev\u00e9 el propio <a href=\"https:\/\/eur-lex.europa.eu\/legal-content\/ES\/TXT\/HTML\/?uri=CELEX:32018R0626&amp;from=EN\">Reglamento de ejecuci\u00f3n del RMUE<\/a> [art. 3.3.i)], una <strong>combinaci\u00f3n de imagen y sonido<\/strong> y se \u201crepresentar\u00e1\u201d mediante un archivo audiovisual que contenga esa combinaci\u00f3n de imagen y del sonido.<\/p>\n<p>En estos momentos solo se han concedido <a href=\"https:\/\/euipo.europa.eu\/eSearch\/#advanced\/trademarks\/1\/100\/n1=MarkFeature&amp;v1=Multimedia&amp;o1=AND&amp;sf=RegistrationDate&amp;so=desc\">4 marcas de la Uni\u00f3n Europea de esta categor\u00eda<\/a>, una de ellas de una entidad de nuestro pa\u00eds, la Universitat Oberta de Catalunya (UOC) que, tambi\u00e9n en este \u00e1mbito, ha vuelto a ser pionera obteniendo el registro de la <a href=\"https:\/\/euipo.europa.eu\/eSearch\/#details\/trademarks\/017635293\">marca de la Uni\u00f3n Europea n\u00ba 017635293<\/a> consistente en la combinaci\u00f3n de la imagen en movimiento de sus siglas UOC acompa\u00f1ada de un caracter\u00edstico clip sonoro.<\/p>\n<p>Incluimos aqu\u00ed un archivo con la marca multimedia, pero lo relevante es poder acceder a \u00e9l a trav\u00e9s de la base de datos de la propia EUIPO.<\/p>\n<div style=\"width: 800px;\" class=\"wp-video\"><video class=\"wp-video-shortcode\" id=\"video-25336-1\" width=\"800\" height=\"450\" preload=\"metadata\" controls=\"controls\"><source type=\"video\/mp4\" src=\"http:\/\/rma.legal\/wp-content\/uploads\/2018\/06\/marca-multimedia-UOC.mp4?_=1\" \/><a href=\"http:\/\/rma.legal\/wp-content\/uploads\/2018\/06\/marca-multimedia-UOC.mp4\">http:\/\/rma.legal\/wp-content\/uploads\/2018\/06\/marca-multimedia-UOC.mp4<\/a><\/video><\/div>\n<p><a href=\"https:\/\/euipo.europa.eu\/eSearch\/#details\/trademarks\/017635293\">Marca de la Uni\u00f3n Europea n\u00ba 017635293<\/a><\/p>\n<p>Partiendo de la premisa de que es indudable, como m\u00ednimo desde el plano te\u00f3rico, la capacidad distintiva de este tipo de marcas, lo cierto es que en la pr\u00e1ctica se abren <strong>nuevos retos y dudas<\/strong>, en particular respecto de su alcance de protecci\u00f3n y los criterios que habr\u00e1 que utilizar para abordar su comparaci\u00f3n tanto con signos de igual condici\u00f3n como con los signos convencionales (gr\u00e1ficos o gr\u00e1fico-denominativos), y ello tanto en su fase de registro a la hora de confrontarla con derechos prioritarios, como en sede de oposiciones, nulidad, o al hacerlas valer en pleitos por infracci\u00f3n.<\/p>\n<p>El cl\u00e1sico criterio de la comparaci\u00f3n de conjunto y la necesidad de atender a aquellos aspectos del signo con mayor valor distintivo pueden cobrar nueva importancia en relaci\u00f3n con unos signos en los que ser\u00e1 normal que algunos elementos tengan mayor distintividad que otros y cuya validez (es decir, su car\u00e1cter distintivo) seguramente radicar\u00e1 en la combinaci\u00f3n de esos distintos elementos visuales y sonoros que por s\u00ed solos quiz\u00e1s no ser\u00edan merecedores de la protecci\u00f3n marcaria.<\/p>\n<p>Enhorabuena pues a la UOC por su acierto en ampliar la protecci\u00f3n de su prestigiosa marca a trav\u00e9s de un instrumento que seguro que tendr\u00e1 un amplio recorrido en el sistema jur\u00eddico de protecci\u00f3n de las marcas.<\/p>\n","protected":false},"excerpt":{"rendered":"<p>Fruto de la definitiva entrada en vigor de la reforma del Reglamento de la Marca de la Uni\u00f3n Europea (RMUE) , y en particular de la eliminaci\u00f3n del requisito de \u201crepresentaci\u00f3n gr\u00e1fica\u201d (art. 4 del RMUE) en la definici\u00f3n de lo que puede ser una marca de la UE, ya se han solicitado, y concedido, [&hellip;]<\/p>\n","protected":false},"author":5,"featured_media":0,"comment_status":"closed","ping_status":"open","sticky":false,"template":"","format":"standard","meta":{"footnotes":""},"categories":[103],"tags":[144,177,40,333,43,442,70],"class_list":["post-25336","post","type-post","status-publish","format-standard","hentry","category-sin-categoria","tag-capacidad-distintiva","tag-criterios-de-comparacion","tag-marcas-ca","tag-marcas-multimedias","tag-marcas-no-convencionales-ca","tag-reglamento-marca-union-europea","tag-representacion-grafica-ca"],"yoast_head":"<!-- This site is optimized with the Yoast SEO plugin v25.9 - https:\/\/yoast.com\/wordpress\/plugins\/seo\/ -->\n<title>LA NUEVA FRONTERA DE LAS MARCAS MULTIMEDIA - RMA Attorneys at Law<\/title>\n<meta name=\"robots\" content=\"index, follow, max-snippet:-1, max-image-preview:large, max-video-preview:-1\" \/>\n<link rel=\"canonical\" href=\"https:\/\/rma.legal\/en\/la-nueva-frontera-de-las-marcas-multimedia\/\" \/>\n<meta property=\"og:locale\" content=\"en_US\" \/>\n<meta property=\"og:type\" content=\"article\" \/>\n<meta property=\"og:title\" content=\"LA NUEVA FRONTERA DE LAS MARCAS MULTIMEDIA - RMA Attorneys at Law\" \/>\n<meta property=\"og:description\" content=\"Fruto de la definitiva entrada en vigor de la reforma del Reglamento de la Marca de la Uni\u00f3n Europea (RMUE) , y en particular de la eliminaci\u00f3n del requisito de \u201crepresentaci\u00f3n gr\u00e1fica\u201d (art. 4 del RMUE) en la definici\u00f3n de lo que puede ser una marca de la UE, ya se han solicitado, y concedido, [&hellip;]\" \/>\n<meta property=\"og:url\" content=\"https:\/\/rma.legal\/en\/la-nueva-frontera-de-las-marcas-multimedia\/\" \/>\n<meta property=\"og:site_name\" content=\"RMA Attorneys at Law\" \/>\n<meta property=\"article:published_time\" content=\"2018-06-05T09:44:40+00:00\" \/>\n<meta property=\"article:modified_time\" content=\"2025-09-15T16:58:02+00:00\" \/>\n<meta property=\"og:image\" content=\"https:\/\/rma.legal\/wp-content\/uploads\/2024\/01\/rma-logo-hexagono.png\" \/>\n\t<meta property=\"og:image:width\" content=\"440\" \/>\n\t<meta property=\"og:image:height\" content=\"255\" \/>\n\t<meta property=\"og:image:type\" content=\"image\/png\" \/>\n<meta name=\"author\" content=\"RMA Legal\" \/>\n<meta name=\"twitter:card\" content=\"summary_large_image\" \/>\n<meta name=\"twitter:label1\" content=\"Written by\" \/>\n\t<meta name=\"twitter:data1\" content=\"RMA Legal\" \/>\n\t<meta name=\"twitter:label2\" content=\"Est. reading time\" \/>\n\t<meta name=\"twitter:data2\" content=\"2 minutes\" \/>\n<script type=\"application\/ld+json\" class=\"yoast-schema-graph\">{\"@context\":\"https:\/\/schema.org\",\"@graph\":[{\"@type\":\"Article\",\"@id\":\"https:\/\/rma.legal\/en\/la-nueva-frontera-de-las-marcas-multimedia\/#article\",\"isPartOf\":{\"@id\":\"https:\/\/rma.legal\/en\/la-nueva-frontera-de-las-marcas-multimedia\/\"},\"author\":{\"name\":\"RMA Legal\",\"@id\":\"https:\/\/rma.legal\/en\/#\/schema\/person\/ce35cb0535f72f8fe561ca18c346286e\"},\"headline\":\"LA NUEVA FRONTERA DE LAS MARCAS MULTIMEDIA\",\"datePublished\":\"2018-06-05T09:44:40+00:00\",\"dateModified\":\"2025-09-15T16:58:02+00:00\",\"mainEntityOfPage\":{\"@id\":\"https:\/\/rma.legal\/en\/la-nueva-frontera-de-las-marcas-multimedia\/\"},\"wordCount\":466,\"publisher\":{\"@id\":\"https:\/\/rma.legal\/en\/#organization\"},\"image\":{\"@id\":\"https:\/\/rma.legal\/en\/la-nueva-frontera-de-las-marcas-multimedia\/#primaryimage\"},\"thumbnailUrl\":\"https:\/\/rma.legal\/wp-content\/uploads\/2024\/01\/rma-logo-hexagono-300x174.png\",\"keywords\":[\"capacidad distintiva\",\"criterios de comparaci\u00f3n\",\"marcas\",\"marcas multimedias\",\"marcas no convencionales\",\"reglamento marca uni\u00f3n europea\",\"representaci\u00f3n gr\u00e1fica\"],\"articleSection\":[\"Sin categor\u00eda\"],\"inLanguage\":\"en-US\"},{\"@type\":\"WebPage\",\"@id\":\"https:\/\/rma.legal\/en\/la-nueva-frontera-de-las-marcas-multimedia\/\",\"url\":\"https:\/\/rma.legal\/en\/la-nueva-frontera-de-las-marcas-multimedia\/\",\"name\":\"LA NUEVA FRONTERA DE LAS MARCAS MULTIMEDIA - RMA Attorneys at Law\",\"isPartOf\":{\"@id\":\"https:\/\/rma.legal\/en\/#website\"},\"primaryImageOfPage\":{\"@id\":\"https:\/\/rma.legal\/en\/la-nueva-frontera-de-las-marcas-multimedia\/#primaryimage\"},\"image\":{\"@id\":\"https:\/\/rma.legal\/en\/la-nueva-frontera-de-las-marcas-multimedia\/#primaryimage\"},\"thumbnailUrl\":\"https:\/\/rma.legal\/wp-content\/uploads\/2024\/01\/rma-logo-hexagono-300x174.png\",\"datePublished\":\"2018-06-05T09:44:40+00:00\",\"dateModified\":\"2025-09-15T16:58:02+00:00\",\"breadcrumb\":{\"@id\":\"https:\/\/rma.legal\/en\/la-nueva-frontera-de-las-marcas-multimedia\/#breadcrumb\"},\"inLanguage\":\"en-US\",\"potentialAction\":[{\"@type\":\"ReadAction\",\"target\":[\"https:\/\/rma.legal\/en\/la-nueva-frontera-de-las-marcas-multimedia\/\"]}]},{\"@type\":\"ImageObject\",\"inLanguage\":\"en-US\",\"@id\":\"https:\/\/rma.legal\/en\/la-nueva-frontera-de-las-marcas-multimedia\/#primaryimage\",\"url\":\"https:\/\/rma.legal\/wp-content\/uploads\/2024\/01\/rma-logo-hexagono-300x174.png\",\"contentUrl\":\"https:\/\/rma.legal\/wp-content\/uploads\/2024\/01\/rma-logo-hexagono-300x174.png\"},{\"@type\":\"BreadcrumbList\",\"@id\":\"https:\/\/rma.legal\/en\/la-nueva-frontera-de-las-marcas-multimedia\/#breadcrumb\",\"itemListElement\":[{\"@type\":\"ListItem\",\"position\":1,\"name\":\"Portada\",\"item\":\"https:\/\/rma.legal\/en\/\"},{\"@type\":\"ListItem\",\"position\":2,\"name\":\"LA NUEVA FRONTERA DE LAS MARCAS MULTIMEDIA\"}]},{\"@type\":\"WebSite\",\"@id\":\"https:\/\/rma.legal\/en\/#website\",\"url\":\"https:\/\/rma.legal\/en\/\",\"name\":\"RMA Attorneys at Law\",\"description\":\"RMA Legal Attorneys\",\"publisher\":{\"@id\":\"https:\/\/rma.legal\/en\/#organization\"},\"potentialAction\":[{\"@type\":\"SearchAction\",\"target\":{\"@type\":\"EntryPoint\",\"urlTemplate\":\"https:\/\/rma.legal\/en\/?s={search_term_string}\"},\"query-input\":{\"@type\":\"PropertyValueSpecification\",\"valueRequired\":true,\"valueName\":\"search_term_string\"}}],\"inLanguage\":\"en-US\"},{\"@type\":\"Organization\",\"@id\":\"https:\/\/rma.legal\/en\/#organization\",\"name\":\"RMA Attorneys at Law\",\"url\":\"https:\/\/rma.legal\/en\/\",\"logo\":{\"@type\":\"ImageObject\",\"inLanguage\":\"en-US\",\"@id\":\"https:\/\/rma.legal\/en\/#\/schema\/logo\/image\/\",\"url\":\"https:\/\/rma.legal\/wp-content\/uploads\/2025\/02\/Logo-rma-legal-invertido-footer-c-1.png\",\"contentUrl\":\"https:\/\/rma.legal\/wp-content\/uploads\/2025\/02\/Logo-rma-legal-invertido-footer-c-1.png\",\"width\":300,\"height\":125,\"caption\":\"RMA Attorneys at Law\"},\"image\":{\"@id\":\"https:\/\/rma.legal\/en\/#\/schema\/logo\/image\/\"}},{\"@type\":\"Person\",\"@id\":\"https:\/\/rma.legal\/en\/#\/schema\/person\/ce35cb0535f72f8fe561ca18c346286e\",\"name\":\"RMA Legal\",\"image\":{\"@type\":\"ImageObject\",\"inLanguage\":\"en-US\",\"@id\":\"https:\/\/rma.legal\/en\/#\/schema\/person\/image\/\",\"url\":\"https:\/\/secure.gravatar.com\/avatar\/1d9ebe28cd6c660ba581ebb27a0e41208369aa1d73a770a3dcb6624bbcc2c69e?s=96&d=mm&r=g\",\"contentUrl\":\"https:\/\/secure.gravatar.com\/avatar\/1d9ebe28cd6c660ba581ebb27a0e41208369aa1d73a770a3dcb6624bbcc2c69e?s=96&d=mm&r=g\",\"caption\":\"RMA Legal\"},\"url\":\"https:\/\/rma.legal\/en\/author\/rm-abogados\/\"}]}<\/script>\n<!-- \/ Yoast SEO plugin. -->","yoast_head_json":{"title":"LA NUEVA FRONTERA DE LAS MARCAS MULTIMEDIA - RMA Attorneys at Law","robots":{"index":"index","follow":"follow","max-snippet":"max-snippet:-1","max-image-preview":"max-image-preview:large","max-video-preview":"max-video-preview:-1"},"canonical":"https:\/\/rma.legal\/en\/la-nueva-frontera-de-las-marcas-multimedia\/","og_locale":"en_US","og_type":"article","og_title":"LA NUEVA FRONTERA DE LAS MARCAS MULTIMEDIA - RMA Attorneys at Law","og_description":"Fruto de la definitiva entrada en vigor de la reforma del Reglamento de la Marca de la Uni\u00f3n Europea (RMUE) , y en particular de la eliminaci\u00f3n del requisito de \u201crepresentaci\u00f3n gr\u00e1fica\u201d (art. 4 del RMUE) en la definici\u00f3n de lo que puede ser una marca de la UE, ya se han solicitado, y concedido, [&hellip;]","og_url":"https:\/\/rma.legal\/en\/la-nueva-frontera-de-las-marcas-multimedia\/","og_site_name":"RMA Attorneys at Law","article_published_time":"2018-06-05T09:44:40+00:00","article_modified_time":"2025-09-15T16:58:02+00:00","og_image":[{"width":440,"height":255,"url":"https:\/\/rma.legal\/wp-content\/uploads\/2024\/01\/rma-logo-hexagono.png","type":"image\/png"}],"author":"RMA Legal","twitter_card":"summary_large_image","twitter_misc":{"Written by":"RMA Legal","Est. reading time":"2 minutes"},"schema":{"@context":"https:\/\/schema.org","@graph":[{"@type":"Article","@id":"https:\/\/rma.legal\/en\/la-nueva-frontera-de-las-marcas-multimedia\/#article","isPartOf":{"@id":"https:\/\/rma.legal\/en\/la-nueva-frontera-de-las-marcas-multimedia\/"},"author":{"name":"RMA Legal","@id":"https:\/\/rma.legal\/en\/#\/schema\/person\/ce35cb0535f72f8fe561ca18c346286e"},"headline":"LA NUEVA FRONTERA DE LAS MARCAS MULTIMEDIA","datePublished":"2018-06-05T09:44:40+00:00","dateModified":"2025-09-15T16:58:02+00:00","mainEntityOfPage":{"@id":"https:\/\/rma.legal\/en\/la-nueva-frontera-de-las-marcas-multimedia\/"},"wordCount":466,"publisher":{"@id":"https:\/\/rma.legal\/en\/#organization"},"image":{"@id":"https:\/\/rma.legal\/en\/la-nueva-frontera-de-las-marcas-multimedia\/#primaryimage"},"thumbnailUrl":"https:\/\/rma.legal\/wp-content\/uploads\/2024\/01\/rma-logo-hexagono-300x174.png","keywords":["capacidad distintiva","criterios de comparaci\u00f3n","marcas","marcas multimedias","marcas no convencionales","reglamento marca uni\u00f3n europea","representaci\u00f3n gr\u00e1fica"],"articleSection":["Sin categor\u00eda"],"inLanguage":"en-US"},{"@type":"WebPage","@id":"https:\/\/rma.legal\/en\/la-nueva-frontera-de-las-marcas-multimedia\/","url":"https:\/\/rma.legal\/en\/la-nueva-frontera-de-las-marcas-multimedia\/","name":"LA NUEVA FRONTERA DE LAS MARCAS MULTIMEDIA - RMA Attorneys at Law","isPartOf":{"@id":"https:\/\/rma.legal\/en\/#website"},"primaryImageOfPage":{"@id":"https:\/\/rma.legal\/en\/la-nueva-frontera-de-las-marcas-multimedia\/#primaryimage"},"image":{"@id":"https:\/\/rma.legal\/en\/la-nueva-frontera-de-las-marcas-multimedia\/#primaryimage"},"thumbnailUrl":"https:\/\/rma.legal\/wp-content\/uploads\/2024\/01\/rma-logo-hexagono-300x174.png","datePublished":"2018-06-05T09:44:40+00:00","dateModified":"2025-09-15T16:58:02+00:00","breadcrumb":{"@id":"https:\/\/rma.legal\/en\/la-nueva-frontera-de-las-marcas-multimedia\/#breadcrumb"},"inLanguage":"en-US","potentialAction":[{"@type":"ReadAction","target":["https:\/\/rma.legal\/en\/la-nueva-frontera-de-las-marcas-multimedia\/"]}]},{"@type":"ImageObject","inLanguage":"en-US","@id":"https:\/\/rma.legal\/en\/la-nueva-frontera-de-las-marcas-multimedia\/#primaryimage","url":"https:\/\/rma.legal\/wp-content\/uploads\/2024\/01\/rma-logo-hexagono-300x174.png","contentUrl":"https:\/\/rma.legal\/wp-content\/uploads\/2024\/01\/rma-logo-hexagono-300x174.png"},{"@type":"BreadcrumbList","@id":"https:\/\/rma.legal\/en\/la-nueva-frontera-de-las-marcas-multimedia\/#breadcrumb","itemListElement":[{"@type":"ListItem","position":1,"name":"Portada","item":"https:\/\/rma.legal\/en\/"},{"@type":"ListItem","position":2,"name":"LA NUEVA FRONTERA DE LAS MARCAS MULTIMEDIA"}]},{"@type":"WebSite","@id":"https:\/\/rma.legal\/en\/#website","url":"https:\/\/rma.legal\/en\/","name":"RMA Attorneys at Law","description":"RMA Legal Attorneys","publisher":{"@id":"https:\/\/rma.legal\/en\/#organization"},"potentialAction":[{"@type":"SearchAction","target":{"@type":"EntryPoint","urlTemplate":"https:\/\/rma.legal\/en\/?s={search_term_string}"},"query-input":{"@type":"PropertyValueSpecification","valueRequired":true,"valueName":"search_term_string"}}],"inLanguage":"en-US"},{"@type":"Organization","@id":"https:\/\/rma.legal\/en\/#organization","name":"RMA Attorneys at Law","url":"https:\/\/rma.legal\/en\/","logo":{"@type":"ImageObject","inLanguage":"en-US","@id":"https:\/\/rma.legal\/en\/#\/schema\/logo\/image\/","url":"https:\/\/rma.legal\/wp-content\/uploads\/2025\/02\/Logo-rma-legal-invertido-footer-c-1.png","contentUrl":"https:\/\/rma.legal\/wp-content\/uploads\/2025\/02\/Logo-rma-legal-invertido-footer-c-1.png","width":300,"height":125,"caption":"RMA Attorneys at Law"},"image":{"@id":"https:\/\/rma.legal\/en\/#\/schema\/logo\/image\/"}},{"@type":"Person","@id":"https:\/\/rma.legal\/en\/#\/schema\/person\/ce35cb0535f72f8fe561ca18c346286e","name":"RMA Legal","image":{"@type":"ImageObject","inLanguage":"en-US","@id":"https:\/\/rma.legal\/en\/#\/schema\/person\/image\/","url":"https:\/\/secure.gravatar.com\/avatar\/1d9ebe28cd6c660ba581ebb27a0e41208369aa1d73a770a3dcb6624bbcc2c69e?s=96&d=mm&r=g","contentUrl":"https:\/\/secure.gravatar.com\/avatar\/1d9ebe28cd6c660ba581ebb27a0e41208369aa1d73a770a3dcb6624bbcc2c69e?s=96&d=mm&r=g","caption":"RMA Legal"},"url":"https:\/\/rma.legal\/en\/author\/rm-abogados\/"}]}},"_links":{"self":[{"href":"https:\/\/rma.legal\/en\/wp-json\/wp\/v2\/posts\/25336","targetHints":{"allow":["GET"]}}],"collection":[{"href":"https:\/\/rma.legal\/en\/wp-json\/wp\/v2\/posts"}],"about":[{"href":"https:\/\/rma.legal\/en\/wp-json\/wp\/v2\/types\/post"}],"author":[{"embeddable":true,"href":"https:\/\/rma.legal\/en\/wp-json\/wp\/v2\/users\/5"}],"replies":[{"embeddable":true,"href":"https:\/\/rma.legal\/en\/wp-json\/wp\/v2\/comments?post=25336"}],"version-history":[{"count":2,"href":"https:\/\/rma.legal\/en\/wp-json\/wp\/v2\/posts\/25336\/revisions"}],"predecessor-version":[{"id":32084,"href":"https:\/\/rma.legal\/en\/wp-json\/wp\/v2\/posts\/25336\/revisions\/32084"}],"wp:attachment":[{"href":"https:\/\/rma.legal\/en\/wp-json\/wp\/v2\/media?parent=25336"}],"wp:term":[{"taxonomy":"category","embeddable":true,"href":"https:\/\/rma.legal\/en\/wp-json\/wp\/v2\/categories?post=25336"},{"taxonomy":"post_tag","embeddable":true,"href":"https:\/\/rma.legal\/en\/wp-json\/wp\/v2\/tags?post=25336"}],"curies":[{"name":"wp","href":"https:\/\/api.w.org\/{rel}","templated":true}]}}