{"id":24769,"date":"2016-10-24T08:39:35","date_gmt":"2016-10-24T08:39:35","guid":{"rendered":"http:\/\/www.romani-martinez.com\/?p=24769"},"modified":"2025-03-16T16:18:10","modified_gmt":"2025-03-16T16:18:10","slug":"novedades-de-la-futura-reforma-de-la-ley-de-marcas","status":"publish","type":"post","link":"https:\/\/rma.legal\/en\/novedades-de-la-futura-reforma-de-la-ley-de-marcas\/","title":{"rendered":"Novedades de la futura reforma de la Ley de Marcas"},"content":{"rendered":"<p>Hace escasas fechas hemos conocido la existencia y contenido de un anteproyecto de modificaci\u00f3n de la Ley de Marcas espa\u00f1ola que supondr\u00e1 una mayor armonizaci\u00f3n con el sistema de Marcas Comunitarias (ahora Marcas de la Uni\u00f3n Europea) y una puesta al d\u00eda a la luz de la experiencia acumulada en la \u00faltima d\u00e9cada.<\/p>\n<p>De un primer an\u00e1lisis, destacamos las novedades:<\/p>\n<ul>\n<li>Se suprime el requisito de la representaci\u00f3n \u201cgr\u00e1fica\u201d de los signos que pueden constituir una marca. El objetivo es facilitar el registro de las marcas no convencionales, como por ejemplo las sonoras.<\/li>\n<li>Se elimina la referencia a las marcas notorias y solo se habla ya de marcas renombradas, sin indicar qu\u00e9 debe entenderse por renombre.<\/li>\n<li>Se incluyen a las Denominaciones de Origen y a las Indicaciones Geogr\u00e1ficas dentro de aquellos derechos anteriores que pueden esgrimirse frente a una solicitud de marca posterior.<\/li>\n<li>En caso de oposici\u00f3n, se prev\u00e9 que el solicitante pueda peticionar al oponente la prueba de uso de la marca en la que se fundamenta dicha oposici\u00f3n, contemplando las consecuencias del no uso total o parcial de la misma.<\/li>\n<li>El derecho conferido por la marca espa\u00f1ola se alinea con el sistema comunitario, fij\u00e1ndose como aquel derecho de exclusiva que sobre ella tiene el titular, elimin\u00e1ndose pues la referencia al derecho a usarla (\u201cius utendi\u201d) que tanta controversia hab\u00eda suscitado. De esta forma queda claro que el hecho de ser titular de una marca registrada no blindar\u00e1 a su titular frente a una acci\u00f3n por infracci\u00f3n de tercero.<\/li>\n<li>Entre las facultades del titular se introduce la de prohibir la introducci\u00f3n en Espa\u00f1a, aun cuando no sean despachados a libre pr\u00e1ctica, de productos de terceros pa\u00edses con marca id\u00e9ntica o cuasi id\u00e9ntica a la registrada para esos productos y sin el consentimiento de su titular, salvo que el declarante en Aduanas de dichos productos demuestre que el titular de la marca no puede prohibir la comercializaci\u00f3n de tales productos con esa marca en el pa\u00eds de destino.<\/li>\n<li>Sobre la obligaci\u00f3n de uso, por un lado, se clarifica que el plazo de 5 a\u00f1os se contar\u00e1 desde la fecha del registro y que \u00e9ste sea firme, y por otro lado, se habla \u00fanicamente de \u201cuso efectivo\u201d y no ya de \u201cuso efectivo y real\u201d, as\u00ed como se puntualiza sobre el alcance de la alteraci\u00f3n de una marca para que se considere usada.<\/li>\n<li>Las acciones directas de nulidad (por motivos absolutos y\/o relativos) y de caducidad de una marca (incluidas las colectivas y de garant\u00eda) se entablaran ante la Oficina Espa\u00f1ola de Patentes y Marcas, si bien tambi\u00e9n podr\u00e1n ejercitarse ante los Tribunales mediante demanda reconvencional frente a una acci\u00f3n por infracci\u00f3n.<\/li>\n<li>Y en coherencia con lo anterior y la posibilidad de instar la nulidad y caducidad mediante reconvenci\u00f3n en una acci\u00f3n judicial por infracci\u00f3n, es la detallada regulaci\u00f3n de la cosa juzgada y la litispendencia y prejudicialidad, as\u00ed como las anotaciones registrales y comunicaci\u00f3n de sentencias.<\/li>\n<li>En las marcas colectivas y de garant\u00eda se ha eliminado como causa de caducidad la negativa arbitraria de su titular al uso de la misma a una persona capacitada para ello.<\/li>\n<\/ul>\n<p>Habr\u00e1 tiempo para seguir analizando estos cambios m\u00e1s significativos pues la entrada en vigor de la modificaci\u00f3n de la Ley de Marcas est\u00e1 prevista para mediados de enero de 2019, si bien todo lo que ata\u00f1e a la acci\u00f3n directa de nulidad y caducidad ante la OEPM no lo ser\u00e1 hasta mediados de enero de 2023.<\/p>\n<p>&nbsp;<\/p>\n","protected":false},"excerpt":{"rendered":"<p>Hace escasas fechas hemos conocido la existencia y contenido de un anteproyecto de modificaci\u00f3n de la Ley de Marcas espa\u00f1ola que supondr\u00e1 una mayor armonizaci\u00f3n con el sistema de Marcas Comunitarias (ahora Marcas de la Uni\u00f3n Europea) y una puesta al d\u00eda a la luz de la experiencia acumulada en la \u00faltima d\u00e9cada. De un [&hellip;]<\/p>\n","protected":false},"author":5,"featured_media":0,"comment_status":"closed","ping_status":"open","sticky":false,"template":"","format":"standard","meta":{"footnotes":""},"categories":[501],"tags":[4,6,33,34,40,46,48,51,63,65,70],"class_list":["post-24769","post","type-post","status-publish","format-standard","hentry","category-sin-categoria-ca","tag-anteproyecto-ca","tag-caducidad-ca","tag-ius-utendi-ca","tag-ley-de-marcas-ca","tag-marcas-ca","tag-novedades-ca","tag-nulidad-ca","tag-oepm-ca","tag-prueba-de-uso-ca","tag-reforma-ca","tag-representacion-grafica-ca"],"yoast_head":"<!-- This site is optimized with the Yoast SEO plugin v25.9 - https:\/\/yoast.com\/wordpress\/plugins\/seo\/ -->\n<title>Novedades de la futura reforma de la Ley de Marcas - RMA Attorneys at Law<\/title>\n<meta name=\"robots\" content=\"index, follow, max-snippet:-1, max-image-preview:large, max-video-preview:-1\" \/>\n<link rel=\"canonical\" href=\"https:\/\/rma.legal\/en\/novedades-de-la-futura-reforma-de-la-ley-de-marcas\/\" \/>\n<meta property=\"og:locale\" content=\"en_US\" \/>\n<meta property=\"og:type\" content=\"article\" \/>\n<meta property=\"og:title\" content=\"Novedades de la futura reforma de la Ley de Marcas - RMA Attorneys at Law\" \/>\n<meta property=\"og:description\" content=\"Hace escasas fechas hemos conocido la existencia y contenido de un anteproyecto de modificaci\u00f3n de la Ley de Marcas espa\u00f1ola que supondr\u00e1 una mayor armonizaci\u00f3n con el sistema de Marcas Comunitarias (ahora Marcas de la Uni\u00f3n Europea) y una puesta al d\u00eda a la luz de la experiencia acumulada en la \u00faltima d\u00e9cada. De un [&hellip;]\" \/>\n<meta property=\"og:url\" content=\"https:\/\/rma.legal\/en\/novedades-de-la-futura-reforma-de-la-ley-de-marcas\/\" \/>\n<meta property=\"og:site_name\" content=\"RMA Attorneys at Law\" \/>\n<meta property=\"article:published_time\" content=\"2016-10-24T08:39:35+00:00\" \/>\n<meta property=\"article:modified_time\" content=\"2025-03-16T16:18:10+00:00\" \/>\n<meta name=\"author\" content=\"RMA Legal\" \/>\n<meta name=\"twitter:card\" content=\"summary_large_image\" \/>\n<meta name=\"twitter:label1\" content=\"Written by\" \/>\n\t<meta name=\"twitter:data1\" content=\"RMA Legal\" \/>\n\t<meta name=\"twitter:label2\" content=\"Est. reading time\" \/>\n\t<meta name=\"twitter:data2\" content=\"3 minutes\" \/>\n<script type=\"application\/ld+json\" class=\"yoast-schema-graph\">{\"@context\":\"https:\/\/schema.org\",\"@graph\":[{\"@type\":\"Article\",\"@id\":\"https:\/\/rma.legal\/en\/novedades-de-la-futura-reforma-de-la-ley-de-marcas\/#article\",\"isPartOf\":{\"@id\":\"https:\/\/rma.legal\/en\/novedades-de-la-futura-reforma-de-la-ley-de-marcas\/\"},\"author\":{\"name\":\"RMA Legal\",\"@id\":\"https:\/\/rma.legal\/en\/#\/schema\/person\/ce35cb0535f72f8fe561ca18c346286e\"},\"headline\":\"Novedades de la futura reforma de la Ley de Marcas\",\"datePublished\":\"2016-10-24T08:39:35+00:00\",\"dateModified\":\"2025-03-16T16:18:10+00:00\",\"mainEntityOfPage\":{\"@id\":\"https:\/\/rma.legal\/en\/novedades-de-la-futura-reforma-de-la-ley-de-marcas\/\"},\"wordCount\":626,\"publisher\":{\"@id\":\"https:\/\/rma.legal\/en\/#organization\"},\"keywords\":[\"anteproyecto\",\"caducidad\",\"ius utendi\",\"ley de marcas\",\"marcas\",\"novedades\",\"nulidad\",\"oepm\",\"prueba de uso\",\"reforma\",\"representaci\u00f3n gr\u00e1fica\"],\"articleSection\":[\"Sin categor\u00eda\"],\"inLanguage\":\"en-US\"},{\"@type\":\"WebPage\",\"@id\":\"https:\/\/rma.legal\/en\/novedades-de-la-futura-reforma-de-la-ley-de-marcas\/\",\"url\":\"https:\/\/rma.legal\/en\/novedades-de-la-futura-reforma-de-la-ley-de-marcas\/\",\"name\":\"Novedades de la futura reforma de la Ley de Marcas - RMA Attorneys at Law\",\"isPartOf\":{\"@id\":\"https:\/\/rma.legal\/en\/#website\"},\"datePublished\":\"2016-10-24T08:39:35+00:00\",\"dateModified\":\"2025-03-16T16:18:10+00:00\",\"breadcrumb\":{\"@id\":\"https:\/\/rma.legal\/en\/novedades-de-la-futura-reforma-de-la-ley-de-marcas\/#breadcrumb\"},\"inLanguage\":\"en-US\",\"potentialAction\":[{\"@type\":\"ReadAction\",\"target\":[\"https:\/\/rma.legal\/en\/novedades-de-la-futura-reforma-de-la-ley-de-marcas\/\"]}]},{\"@type\":\"BreadcrumbList\",\"@id\":\"https:\/\/rma.legal\/en\/novedades-de-la-futura-reforma-de-la-ley-de-marcas\/#breadcrumb\",\"itemListElement\":[{\"@type\":\"ListItem\",\"position\":1,\"name\":\"Portada\",\"item\":\"https:\/\/rma.legal\/en\/\"},{\"@type\":\"ListItem\",\"position\":2,\"name\":\"Novedades de la futura reforma de la Ley de Marcas\"}]},{\"@type\":\"WebSite\",\"@id\":\"https:\/\/rma.legal\/en\/#website\",\"url\":\"https:\/\/rma.legal\/en\/\",\"name\":\"RMA Attorneys at Law\",\"description\":\"RMA Legal Attorneys\",\"publisher\":{\"@id\":\"https:\/\/rma.legal\/en\/#organization\"},\"potentialAction\":[{\"@type\":\"SearchAction\",\"target\":{\"@type\":\"EntryPoint\",\"urlTemplate\":\"https:\/\/rma.legal\/en\/?s={search_term_string}\"},\"query-input\":{\"@type\":\"PropertyValueSpecification\",\"valueRequired\":true,\"valueName\":\"search_term_string\"}}],\"inLanguage\":\"en-US\"},{\"@type\":\"Organization\",\"@id\":\"https:\/\/rma.legal\/en\/#organization\",\"name\":\"RMA Attorneys at Law\",\"url\":\"https:\/\/rma.legal\/en\/\",\"logo\":{\"@type\":\"ImageObject\",\"inLanguage\":\"en-US\",\"@id\":\"https:\/\/rma.legal\/en\/#\/schema\/logo\/image\/\",\"url\":\"https:\/\/rma.legal\/wp-content\/uploads\/2025\/02\/Logo-rma-legal-invertido-footer-c-1.png\",\"contentUrl\":\"https:\/\/rma.legal\/wp-content\/uploads\/2025\/02\/Logo-rma-legal-invertido-footer-c-1.png\",\"width\":300,\"height\":125,\"caption\":\"RMA Attorneys at Law\"},\"image\":{\"@id\":\"https:\/\/rma.legal\/en\/#\/schema\/logo\/image\/\"}},{\"@type\":\"Person\",\"@id\":\"https:\/\/rma.legal\/en\/#\/schema\/person\/ce35cb0535f72f8fe561ca18c346286e\",\"name\":\"RMA Legal\",\"image\":{\"@type\":\"ImageObject\",\"inLanguage\":\"en-US\",\"@id\":\"https:\/\/rma.legal\/en\/#\/schema\/person\/image\/\",\"url\":\"https:\/\/secure.gravatar.com\/avatar\/1d9ebe28cd6c660ba581ebb27a0e41208369aa1d73a770a3dcb6624bbcc2c69e?s=96&d=mm&r=g\",\"contentUrl\":\"https:\/\/secure.gravatar.com\/avatar\/1d9ebe28cd6c660ba581ebb27a0e41208369aa1d73a770a3dcb6624bbcc2c69e?s=96&d=mm&r=g\",\"caption\":\"RMA Legal\"},\"url\":\"https:\/\/rma.legal\/en\/author\/rm-abogados\/\"}]}<\/script>\n<!-- \/ Yoast SEO plugin. -->","yoast_head_json":{"title":"Novedades de la futura reforma de la Ley de Marcas - RMA Attorneys at Law","robots":{"index":"index","follow":"follow","max-snippet":"max-snippet:-1","max-image-preview":"max-image-preview:large","max-video-preview":"max-video-preview:-1"},"canonical":"https:\/\/rma.legal\/en\/novedades-de-la-futura-reforma-de-la-ley-de-marcas\/","og_locale":"en_US","og_type":"article","og_title":"Novedades de la futura reforma de la Ley de Marcas - RMA Attorneys at Law","og_description":"Hace escasas fechas hemos conocido la existencia y contenido de un anteproyecto de modificaci\u00f3n de la Ley de Marcas espa\u00f1ola que supondr\u00e1 una mayor armonizaci\u00f3n con el sistema de Marcas Comunitarias (ahora Marcas de la Uni\u00f3n Europea) y una puesta al d\u00eda a la luz de la experiencia acumulada en la \u00faltima d\u00e9cada. De un [&hellip;]","og_url":"https:\/\/rma.legal\/en\/novedades-de-la-futura-reforma-de-la-ley-de-marcas\/","og_site_name":"RMA Attorneys at Law","article_published_time":"2016-10-24T08:39:35+00:00","article_modified_time":"2025-03-16T16:18:10+00:00","author":"RMA Legal","twitter_card":"summary_large_image","twitter_misc":{"Written by":"RMA Legal","Est. reading time":"3 minutes"},"schema":{"@context":"https:\/\/schema.org","@graph":[{"@type":"Article","@id":"https:\/\/rma.legal\/en\/novedades-de-la-futura-reforma-de-la-ley-de-marcas\/#article","isPartOf":{"@id":"https:\/\/rma.legal\/en\/novedades-de-la-futura-reforma-de-la-ley-de-marcas\/"},"author":{"name":"RMA Legal","@id":"https:\/\/rma.legal\/en\/#\/schema\/person\/ce35cb0535f72f8fe561ca18c346286e"},"headline":"Novedades de la futura reforma de la Ley de Marcas","datePublished":"2016-10-24T08:39:35+00:00","dateModified":"2025-03-16T16:18:10+00:00","mainEntityOfPage":{"@id":"https:\/\/rma.legal\/en\/novedades-de-la-futura-reforma-de-la-ley-de-marcas\/"},"wordCount":626,"publisher":{"@id":"https:\/\/rma.legal\/en\/#organization"},"keywords":["anteproyecto","caducidad","ius utendi","ley de marcas","marcas","novedades","nulidad","oepm","prueba de uso","reforma","representaci\u00f3n gr\u00e1fica"],"articleSection":["Sin categor\u00eda"],"inLanguage":"en-US"},{"@type":"WebPage","@id":"https:\/\/rma.legal\/en\/novedades-de-la-futura-reforma-de-la-ley-de-marcas\/","url":"https:\/\/rma.legal\/en\/novedades-de-la-futura-reforma-de-la-ley-de-marcas\/","name":"Novedades de la futura reforma de la Ley de Marcas - RMA Attorneys at Law","isPartOf":{"@id":"https:\/\/rma.legal\/en\/#website"},"datePublished":"2016-10-24T08:39:35+00:00","dateModified":"2025-03-16T16:18:10+00:00","breadcrumb":{"@id":"https:\/\/rma.legal\/en\/novedades-de-la-futura-reforma-de-la-ley-de-marcas\/#breadcrumb"},"inLanguage":"en-US","potentialAction":[{"@type":"ReadAction","target":["https:\/\/rma.legal\/en\/novedades-de-la-futura-reforma-de-la-ley-de-marcas\/"]}]},{"@type":"BreadcrumbList","@id":"https:\/\/rma.legal\/en\/novedades-de-la-futura-reforma-de-la-ley-de-marcas\/#breadcrumb","itemListElement":[{"@type":"ListItem","position":1,"name":"Portada","item":"https:\/\/rma.legal\/en\/"},{"@type":"ListItem","position":2,"name":"Novedades de la futura reforma de la Ley de Marcas"}]},{"@type":"WebSite","@id":"https:\/\/rma.legal\/en\/#website","url":"https:\/\/rma.legal\/en\/","name":"RMA Attorneys at Law","description":"RMA Legal Attorneys","publisher":{"@id":"https:\/\/rma.legal\/en\/#organization"},"potentialAction":[{"@type":"SearchAction","target":{"@type":"EntryPoint","urlTemplate":"https:\/\/rma.legal\/en\/?s={search_term_string}"},"query-input":{"@type":"PropertyValueSpecification","valueRequired":true,"valueName":"search_term_string"}}],"inLanguage":"en-US"},{"@type":"Organization","@id":"https:\/\/rma.legal\/en\/#organization","name":"RMA Attorneys at Law","url":"https:\/\/rma.legal\/en\/","logo":{"@type":"ImageObject","inLanguage":"en-US","@id":"https:\/\/rma.legal\/en\/#\/schema\/logo\/image\/","url":"https:\/\/rma.legal\/wp-content\/uploads\/2025\/02\/Logo-rma-legal-invertido-footer-c-1.png","contentUrl":"https:\/\/rma.legal\/wp-content\/uploads\/2025\/02\/Logo-rma-legal-invertido-footer-c-1.png","width":300,"height":125,"caption":"RMA Attorneys at Law"},"image":{"@id":"https:\/\/rma.legal\/en\/#\/schema\/logo\/image\/"}},{"@type":"Person","@id":"https:\/\/rma.legal\/en\/#\/schema\/person\/ce35cb0535f72f8fe561ca18c346286e","name":"RMA Legal","image":{"@type":"ImageObject","inLanguage":"en-US","@id":"https:\/\/rma.legal\/en\/#\/schema\/person\/image\/","url":"https:\/\/secure.gravatar.com\/avatar\/1d9ebe28cd6c660ba581ebb27a0e41208369aa1d73a770a3dcb6624bbcc2c69e?s=96&d=mm&r=g","contentUrl":"https:\/\/secure.gravatar.com\/avatar\/1d9ebe28cd6c660ba581ebb27a0e41208369aa1d73a770a3dcb6624bbcc2c69e?s=96&d=mm&r=g","caption":"RMA Legal"},"url":"https:\/\/rma.legal\/en\/author\/rm-abogados\/"}]}},"_links":{"self":[{"href":"https:\/\/rma.legal\/en\/wp-json\/wp\/v2\/posts\/24769","targetHints":{"allow":["GET"]}}],"collection":[{"href":"https:\/\/rma.legal\/en\/wp-json\/wp\/v2\/posts"}],"about":[{"href":"https:\/\/rma.legal\/en\/wp-json\/wp\/v2\/types\/post"}],"author":[{"embeddable":true,"href":"https:\/\/rma.legal\/en\/wp-json\/wp\/v2\/users\/5"}],"replies":[{"embeddable":true,"href":"https:\/\/rma.legal\/en\/wp-json\/wp\/v2\/comments?post=24769"}],"version-history":[{"count":1,"href":"https:\/\/rma.legal\/en\/wp-json\/wp\/v2\/posts\/24769\/revisions"}],"predecessor-version":[{"id":29563,"href":"https:\/\/rma.legal\/en\/wp-json\/wp\/v2\/posts\/24769\/revisions\/29563"}],"wp:attachment":[{"href":"https:\/\/rma.legal\/en\/wp-json\/wp\/v2\/media?parent=24769"}],"wp:term":[{"taxonomy":"category","embeddable":true,"href":"https:\/\/rma.legal\/en\/wp-json\/wp\/v2\/categories?post=24769"},{"taxonomy":"post_tag","embeddable":true,"href":"https:\/\/rma.legal\/en\/wp-json\/wp\/v2\/tags?post=24769"}],"curies":[{"name":"wp","href":"https:\/\/api.w.org\/{rel}","templated":true}]}}