{"id":27231,"date":"2024-10-29T09:30:42","date_gmt":"2024-10-29T09:30:42","guid":{"rendered":"http:\/\/rma.legal\/?p=27231"},"modified":"2025-09-15T15:21:33","modified_gmt":"2025-09-15T15:21:33","slug":"la-proteccion-del-cuidado-la-importancia-de-la-propiedad-industrial-en-el-sector-cosmetico","status":"publish","type":"post","link":"https:\/\/rma.legal\/ca\/la-proteccion-del-cuidado-la-importancia-de-la-propiedad-industrial-en-el-sector-cosmetico\/","title":{"rendered":"La protecci\u00f3n del cuidado: la importancia de la propiedad industrial en el sector cosm\u00e9tico"},"content":{"rendered":"\n<p class=\"has-very-dark-gray-color has-text-color\"><\/p>\n\n\n\n<figure class=\"wp-block-image aligncenter is-resized\"><img fetchpriority=\"high\" decoding=\"async\" width=\"674\" height=\"396\" src=\"https:\/\/rma.legal\/wp-content\/uploads\/2024\/10\/labiales.jpg\" alt=\"\" class=\"wp-image-27236\" srcset=\"https:\/\/rma.legal\/wp-content\/uploads\/2024\/10\/labiales.jpg 674w, https:\/\/rma.legal\/wp-content\/uploads\/2024\/10\/labiales-300x176.jpg 300w\" sizes=\"(max-width: 674px) 100vw, 674px\" \/><\/figure>\n\n\n\n<p>En el post de este mes, en RMA queremos prestar atenci\u00f3n a una industria en la que la mayor\u00eda de los derechos de propiedad industrial juegan un papel crucial. <strong>Nos referimos al sector cosm\u00e9tico<\/strong>, donde la competencia es intensa y las empresas necesitan obtener una ventaja competitiva para alcanzar el \u00e9xito y mantenerlo a largo plazo frente a sus competidores.<\/p>\n\n\n\n<p><strong>Los distintos derechos de propiedad industrial pueden ser de gran ayuda para lograr esta ventaja<\/strong>. Por ello, es fundamental conocerlos y, en la medida de lo posible, tratar de obtener el mayor grado de protecci\u00f3n legal. <\/p>\n\n\n\n<p>Estos derechos no solo son una herramienta \u00fatil para\nlos grandes gigantes de la industria cosm\u00e9tica que todos conocemos, sino que\npueden ser el mejor aliado de las PYMES. Porque s\u00ed, hay PYMES espa\u00f1olas en el sector cosm\u00e9tico que han alcanzado un gran \u00e9xito\na nivel internacional.<\/p>\n\n\n\n<p>Seg\u00fan la <a href=\"https:\/\/www.stanpa.com\/wp-content\/uploads\/2024\/05\/radiografia-del-sector-perfumeria-y-cosmetica-stanpa-23-low.pdf\" target=\"_blank\" rel=\"noreferrer noopener\" aria-label=\" (opens in a new tab)\">Radiograf\u00eda<\/a> del sector de la cosm\u00e9tica y la perfumer\u00eda en Espa\u00f1a de la Asociaci\u00f3n Nacional de Perfumer\u00eda y Cosm\u00e9tica (<a href=\"https:\/\/www.stanpa.com\/\">STANPA<\/a>), este sector genera un mercado de 10.400 millones de euros, de los cuales 7.700 millones provienen de exportaciones. Espa\u00f1a est\u00e1 entre los 10 principales exportadores mundiales de productos de belleza y ocupa el 2\u00ba lugar como exportador mundial de perfumes.<\/p>\n\n\n\n<p>Adem\u00e1s, el sector da trabajo a cerca de 300.000\npersonas, siendo 42.000 empleos directos y 250.000 indirectos. De las empresas\nde cosm\u00e9tica y perfumer\u00eda en Espa\u00f1a el 84% son PYMES. Por una vez, buenas\nnoticias. <\/p>\n\n\n\n<p>Algunas de las herramientas para conseguir este\n\u00e9xito son las siguientes:<\/p>\n\n\n\n<p class=\"has-vivid-red-color has-text-color\"><strong>Marcas: para distinguirnos de la competencia<\/strong><\/p>\n\n\n\n<p>Las marcas otorgan a sus titulares un <strong>derecho en exclusiva<\/strong> sobre un signo que se utiliza para <strong>identificar unos productos y\/o servicios<\/strong> en el mercado, diferenci\u00e1ndolos de los de la competencia. Este signo puede ser, por ejemplo, un nombre, un logotipo, un eslogan o un envase, como veremos m\u00e1s adelante.<\/p>\n\n\n\n<p>Es\nnecesario proteger nuestra marca en los pa\u00edses donde vendamos, publicitemos o\nfabriquemos nuestros productos. Esta protecci\u00f3n se puede obtener a trav\u00e9s de\nregistros de marcas nacionales, Marcas de la Uni\u00f3n Europea o marcas\ninternacionales.<\/p>\n\n\n\n<p>En el\ncaso de los productos cosm\u00e9ticos, las clases del <a href=\"https:\/\/consultas2.oepm.es\/clinmar\/inicio.action\">Nomencl\u00e1tor Internacional<\/a> que\ndebemos proteger son principalmente dos. Como regla general, necesitaremos la\nclase 3 si los productos no son medicinales, y la clase 5 si tienen alg\u00fan uso\nm\u00e9dico o veterinario. <\/p>\n\n\n\n<p>Sin\nembargo, ambas clases admiten muchas variaciones y permiten incluir distintos\ntipos de productos, m\u00e1s all\u00e1 de esta regla b\u00e1sica. Por lo tanto, es recomendable contar con la\nayuda de un profesional que nos ayude a redactar con precisi\u00f3n el listado de\nproductos a incluir en la solicitud de nuestra marca, teniendo en cuenta las\ncircunstancias de cada caso concreto. <\/p>\n\n\n\n<p>Adem\u00e1s, tambi\u00e9n deber\u00e1 considerar la existencia\nde marcas anteriores similares, que se pueden detectar mediante una b\u00fasqueda en\ndistintas bases de datos, para minimizar el riesgo de una oposici\u00f3n que ponga\nen riesgo nuestra solicitud o la propia viabilidad de la marca en el mercado<\/p>\n\n\n\n<p class=\"has-text-color\" style=\"color:#d12f2e\"><strong>Dise\u00f1o industrial: para proteger la apariencia\nde nuestros productos<\/strong><\/p>\n\n\n\n<p>Hemos\nmencionado que es posible registrar el envase de un producto como marca, pero\ndebemos advertir que la opci\u00f3n principal para su protecci\u00f3n es como dise\u00f1o\nindustrial.<\/p>\n\n\n\n<p>Los dise\u00f1os protegen la <strong>apariencia de la totalidad o de una parte de un producto<\/strong>, que se derive de las caracter\u00edsticas especiales de las l\u00edneas, configuraci\u00f3n, color, forma, textura o material del producto en s\u00ed o de su ornamentaci\u00f3n. <\/p>\n\n\n\n<p>Esta apariencia otorga un valor a\u00f1adido&nbsp;y\npuede ayudar a aumentar las ventas, y nadie duda de que, en el sector\ncosm\u00e9tico, un envase atractivo tambi\u00e9n puede ser decisivo en nuestra elecci\u00f3n. <\/p>\n\n\n\n<p>Por lo tanto, si la apariencia de nuestros productos cumple con los <a href=\"https:\/\/euipo.europa.eu\/tunnel-web\/secure\/webdav\/guest\/document_library\/contentPdfs\/law_and_practice\/cdr_legal_basis\/62002_cv_es.pdf\" target=\"_blank\" rel=\"noreferrer noopener\" aria-label=\" (opens in a new tab)\">requisitos legales<\/a> de novedad y car\u00e1cter singular, y resulta atractiva para los consumidores, tenemos un activo que merece ser protegido.<\/p>\n\n\n\n<p>El mayor inconveniente es que la protecci\u00f3n de un dise\u00f1o tiene una duraci\u00f3n m\u00e1xima de 25 a\u00f1os, mientras que la vida de algunos productos puede ser m\u00e1s larga. Por ejemplo, la botella del perfume <a href=\"https:\/\/www.galeriedior.com\/es\/mini-stories\/131-jadore\">J\u2019adore<\/a> de Dior, dise\u00f1ada en 1999 por <a href=\"https:\/\/www.vanderstraeten.fr\/en\/\">Herv\u00e9 Van der Straeten<\/a>, sigue, a d\u00eda de hoy, presente en todas las tiendas de perfumes. <\/p>\n\n\n\n<figure class=\"wp-block-image aligncenter is-resized\"><img decoding=\"async\" width=\"239\" height=\"239\" src=\"https:\/\/rma.legal\/wp-content\/uploads\/dior.jpg\" alt=\"\" class=\"wp-image-27233\" style=\"width:175px;height:175px\"\/><\/figure>\n\n\n\n<p>Una forma de prolongar la protecci\u00f3n legal de este tipo de envases es registrarlos como marca, ya que su duraci\u00f3n es indefinida (siempre que se pague a tiempo la tasa de renovaci\u00f3n y se cumplan determinados requisitos en cuanto a su uso en el mercado). Esta ha sido la estrategia de <em>Parfums Christian Dior<\/em>, que solicit\u00f3 su registro como <a href=\"https:\/\/euipo.europa.eu\/eSearch\/#details\/trademarks\/008942807\">Marca de la Uni\u00f3n Europea<\/a> el 24 de febrero de 2010. Tambi\u00e9n ha sido el caso de Guerlain con esta barra de labios (Marca UE N\u00ba <a rel=\"noreferrer noopener\" aria-label=\" (opens in a new tab)\" href=\"https:\/\/euipo.europa.eu\/eSearch\/#details\/trademarks\/017958667\" target=\"_blank\">017958667<\/a><strong>)<\/strong><\/p>\n\n\n\n<figure class=\"wp-block-image aligncenter is-resized\"><img decoding=\"async\" width=\"1024\" height=\"724\" src=\"https:\/\/rma.legal\/wp-content\/uploads\/2024\/10\/Guerlain-marca-1-1024x724.jpg\" alt=\"\" class=\"wp-image-27235\" srcset=\"https:\/\/rma.legal\/wp-content\/uploads\/2024\/10\/Guerlain-marca-1-1024x724.jpg 1024w, https:\/\/rma.legal\/wp-content\/uploads\/2024\/10\/Guerlain-marca-1-300x212.jpg 300w, https:\/\/rma.legal\/wp-content\/uploads\/2024\/10\/Guerlain-marca-1-768x543.jpg 768w, https:\/\/rma.legal\/wp-content\/uploads\/2024\/10\/Guerlain-marca-1-1536x1085.jpg 1536w, https:\/\/rma.legal\/wp-content\/uploads\/2024\/10\/Guerlain-marca-1-2048x1447.jpg 2048w\" sizes=\"(max-width: 1024px) 100vw, 1024px\" \/><\/figure>\n\n\n\n<p>Para reducir el riesgo de un rechazo es una pr\u00e1ctica\nhabitual solicitar primero la protecci\u00f3n del envase como dise\u00f1o, y, pasado\ncierto tiempo, solicitar su registro como marca. En esta solicitud deberemos\nalegar, de forma subsidiaria para el caso de que el examinador alegue una falta\nde distintividad inherente, que el envase ha conseguido la distintividad propia\nde una marca como consecuencia de un uso intensivo en el mercado. En\ndefinitiva, que la forma es una marca en s\u00ed misma.<\/p>\n\n\n\n<p>Demostrar esto tambi\u00e9n puede llegar a ser\ncomplicado, ya que el volumen de pruebas que hay que aportar es importante.\nPero en caso de conseguirse, obtendremos una protecci\u00f3n legal (potencialmente)\nindefinida, por lo que el esfuerzo puede merecer la pena.<\/p>\n\n\n\n<p class=\"has-vivid-red-color has-text-color\"><strong>Patentes y modelos de utilidad vs. Secreto empresarial.\nPara proteger el producto, la f\u00f3rmula, o m\u00e9todo de fabricaci\u00f3n<\/strong><\/p>\n\n\n\n<p>Las marcas y dise\u00f1os nos otorgar\u00e1n protecci\u00f3n\nsobre la forma en que identificamos a nuestros productos y su apariencia, pero\n\u00bfc\u00f3mo proteger el producto en s\u00ed?<\/p>\n\n\n\n<p>Mediante <strong>las patentes y los modelos de utilidad<\/strong> podemos proteger cualquier invenci\u00f3n t\u00e9cnica que sea novedosa, haya requerido una actividad inventiva para su obtenci\u00f3n y tenga una aplicaci\u00f3n industrial. Esto incluye las f\u00f3rmulas de nuevos productos, los m\u00e9todos de producci\u00f3n novedosos o las m\u00e1quinas para su fabricaci\u00f3n.<\/p>\n\n\n\n<p>Esta protecci\u00f3n nos otorgar\u00e1 un derecho en exclusiva sobre estas invenciones, que nos permitir\u00e1 impedir que terceros las usen sin nuestra autorizaci\u00f3n en aquellos pa\u00edses donde hayamos obtenido la patente o modelo de utilidad correspondiente. Puede durar un m\u00e1ximo de 20 a\u00f1os en el caso de las patentes y 10 en los modelos de utilidad.<\/p>\n\n\n\n<p>De acuerdo con los principios de la legislaci\u00f3n\nde patentes, este derecho en exclusiva se otorga para fomentar la inversi\u00f3n en innovaci\u00f3n\ny desarrollo. En concreto, el sector cosm\u00e9tico en Espa\u00f1a invirti\u00f3 en 2023 unos 307\nmillones de euros en I+D+i. Pero este \u2018monopolio\u2019 temporal se otorga a cambio\nde que hagamos p\u00fablica nuestra invenci\u00f3n para que pueda tener acceso a ella\ntodo el mundo. Esto vuelve a fomentar la innovaci\u00f3n, pero esta vez de la\ncompetencia, ya que, si nuestras invenciones tienen \u00e9xito, las estudiar\u00e1 y\ntratar\u00e1 de mejorarlas.<\/p>\n\n\n\n<p>Esta \u201cpublicidad\u201d puede, por tanto, ser un\ninconveniente si somos los inventores, pero ser\u00e1 muy beneficiosa si nosotros somos\nla competencia. Desde nuestra perspectiva, es altamente recomendable hacer un\nseguimiento constante de las patentes que solicitan las empresas de nuestro\nsector para estar al d\u00eda de las novedades, por ejemplo, estableciendo o contratando\nun servicio de vigilancia tecnol\u00f3gica que nos avise de la publicaci\u00f3n de\ncualquier nueva patente relevante a nivel mundial. Esto puede ser de gran\nutilidad especialmente para las empresas con un presupuesto limitado, ya que\nles permitir\u00e1 empezar su investigaci\u00f3n no desde cero, sino sobre aquella\ntecnolog\u00eda o formulaciones que las empresas punteras han solicitado. <\/p>\n\n\n\n<p>La alternativa a solicitar una patente o un\nmodelo de utilidad, que nos obligar\u00e1 a hacer p\u00fablica nuestra invenci\u00f3n, es\nseguir lo que podr\u00edamos llamar la \u201cestrategia Coca-Cola\u201d: mantenerla en\nabsoluto secreto durante todo el tiempo posible, creando de esta forma un <a href=\"https:\/\/www.boe.es\/buscar\/doc.php?id=BOE-A-2019-2364\">secreto empresaria<\/a>l. <\/p>\n\n\n\n<p>La principal ventaja de los secretos\nempresariales es su menor coste. Patentar algo en m\u00faltiples pa\u00edses conlleva el\npago de miles de euros, mientras que esta alternativa solo exige implementar\nlas medidas necesarias para mantener de forma efectiva este secreto. Pero\nviviremos con el temor constante de que pueda haber alg\u00fan tipo de filtraci\u00f3n o\nincidente similar.<\/p>\n\n\n\n<p class=\"has-vivid-red-color has-text-color\"><strong>Infracciones<\/strong><\/p>\n\n\n\n<p>Una\nmenci\u00f3n aparte requiere las imitaciones no permitidas por la ley, que suponen\nuna infracci\u00f3n de los derechos de propiedad industrial antes mencionados. El\nproblema es tan grave, que la Oficina de la Propiedad Intelectual de la Uni\u00f3n\nEuropea (EUIPO) ha establecido un <a href=\"https:\/\/www.euipo.europa.eu\/es\/observatory\">Observatorio Europeo de las Vulneraciones de los Derechos de la Propiedad\nIntelectual<\/a> para realizar un seguimiento de este asunto y coordinar las pol\u00edticas de todos\nlos Estados miembro.<\/p>\n\n\n\n<p>En el Informe de enero de 2024 sobre el <a href=\"https:\/\/euipo.europa.eu\/tunnel-web\/secure\/webdav\/guest\/document_library\/observatory\/documents\/reports\/2024_Clothing_Cosmetics_Toys\/2024_Economic_Impact_of_counterfeiting_in_clothing_cosmetics_toys_FullR_en.pdf\" target=\"_blank\" rel=\"noreferrer noopener\" aria-label=\" (opens in a new tab)\">impacto econ\u00f3mico de la falsificaci\u00f3n en los sectores de la confecci\u00f3n, los cosm\u00e9ticos y los juguetes en la UE<\/a>, se indica que la p\u00e9rdida media de ventas en el sector de los cosm\u00e9ticos debido a la presencia de productos falsificados se estima en un 4,8 % del valor de las ventas totales, unos 3.000 millones de euros. En cuanto al empleo, se calcula que en la UE se perdieron cerca de 31.000 empleos, directos o indirectos, debido a las falsificaciones.<\/p>\n\n\n\n<p>Son cifras que apabullan, pero que resulta dif\u00edcil reducir. El principal obst\u00e1culo para los titulares de los derechos es la incertidumbre y, sobre todo, el coste que conlleva cualquier reclamaci\u00f3n por infracci\u00f3n, especialmente cuando implica litigar en distintos pa\u00edses. Por ello, tanto las empresas como las autoridades y los propios ciudadanos debemos hacer todo lo posible para poner fin a este tipo de comportamientos mediante una cultura de respeto a la propiedad industrial e intelectual.<\/p>\n\n\n\n<p>Alberto Garc\u00eda L\u00f3pez, octubre 2024<\/p>\n\n\n\n<p class=\"has-vivid-red-color has-text-color\"><strong>www.rma.legal<\/strong><\/p>\n\n\n\n<p><\/p>\n","protected":false},"excerpt":{"rendered":"<p>La propiedad industrial es clave en cosm\u00e9tica: marcas, dise\u00f1os, patentes y secretos comerciales ayudan a competir y proteger productos ante falsificaciones.<\/p>\n","protected":false},"author":8,"featured_media":27236,"comment_status":"closed","ping_status":"closed","sticky":false,"template":"","format":"standard","meta":{"footnotes":""},"categories":[103],"tags":[167,207,210,22,27,252,270,276,40,51,55,523,383,61,62,470,474,494],"class_list":["post-27231","post","type-post","status-publish","format-standard","has-post-thumbnail","hentry","category-sin-categoria","tag-cosmetica","tag-designs","tag-dior","tag-disenos-ca","tag-euipo-ca","tag-guerlain","tag-industria-cosmetica","tag-innovacion","tag-marcas-ca","tag-oepm-ca","tag-patentes-ca","tag-patents","tag-perfumeria","tag-propiedad-industrial-ca","tag-propiedad-intelectual-ca","tag-stanpa","tag-trademarks","tag-ventaja-competitiva"],"yoast_head":"<!-- This site is optimized with the Yoast SEO plugin v25.9 - https:\/\/yoast.com\/wordpress\/plugins\/seo\/ -->\n<title>La protecci\u00f3n del cuidado: la importancia de la propiedad industrial en el sector cosm\u00e9tico - RMA Advocats<\/title>\n<meta name=\"robots\" content=\"index, follow, max-snippet:-1, max-image-preview:large, max-video-preview:-1\" \/>\n<link rel=\"canonical\" href=\"https:\/\/rma.legal\/ca\/la-proteccion-del-cuidado-la-importancia-de-la-propiedad-industrial-en-el-sector-cosmetico\/\" \/>\n<meta property=\"og:locale\" content=\"ca_ES\" \/>\n<meta property=\"og:type\" content=\"article\" \/>\n<meta property=\"og:title\" content=\"La protecci\u00f3n del cuidado: la importancia de la propiedad industrial en el sector cosm\u00e9tico - RMA Advocats\" \/>\n<meta property=\"og:description\" content=\"La propiedad industrial es clave en cosm\u00e9tica: marcas, dise\u00f1os, patentes y secretos comerciales ayudan a competir y proteger productos ante falsificaciones.\" \/>\n<meta property=\"og:url\" content=\"https:\/\/rma.legal\/ca\/la-proteccion-del-cuidado-la-importancia-de-la-propiedad-industrial-en-el-sector-cosmetico\/\" \/>\n<meta property=\"og:site_name\" content=\"RMA Advocats\" \/>\n<meta property=\"article:published_time\" content=\"2024-10-29T09:30:42+00:00\" \/>\n<meta property=\"article:modified_time\" content=\"2025-09-15T15:21:33+00:00\" \/>\n<meta property=\"og:image\" content=\"https:\/\/rma.legal\/wp-content\/uploads\/2024\/10\/labiales.jpg\" \/>\n\t<meta property=\"og:image:width\" content=\"674\" \/>\n\t<meta property=\"og:image:height\" content=\"396\" \/>\n\t<meta property=\"og:image:type\" content=\"image\/jpeg\" \/>\n<meta name=\"author\" content=\"Alberto Garc\u00eda L\u00f3pez\" \/>\n<meta name=\"twitter:card\" content=\"summary_large_image\" \/>\n<meta name=\"twitter:label1\" content=\"Escrit per\" \/>\n\t<meta name=\"twitter:data1\" content=\"Alberto Garc\u00eda L\u00f3pez\" \/>\n\t<meta name=\"twitter:label2\" content=\"Temps estimat de lectura\" \/>\n\t<meta name=\"twitter:data2\" content=\"9 minuts\" \/>\n<script type=\"application\/ld+json\" class=\"yoast-schema-graph\">{\"@context\":\"https:\/\/schema.org\",\"@graph\":[{\"@type\":\"Article\",\"@id\":\"https:\/\/rma.legal\/ca\/la-proteccion-del-cuidado-la-importancia-de-la-propiedad-industrial-en-el-sector-cosmetico\/#article\",\"isPartOf\":{\"@id\":\"https:\/\/rma.legal\/ca\/la-proteccion-del-cuidado-la-importancia-de-la-propiedad-industrial-en-el-sector-cosmetico\/\"},\"author\":{\"name\":\"Alberto Garc\u00eda L\u00f3pez\",\"@id\":\"https:\/\/rma.legal\/ca\/#\/schema\/person\/cfbc22ab1d27c2f3e18a06069864a93b\"},\"headline\":\"La protecci\u00f3n del cuidado: la importancia de la propiedad industrial en el sector cosm\u00e9tico\",\"datePublished\":\"2024-10-29T09:30:42+00:00\",\"dateModified\":\"2025-09-15T15:21:33+00:00\",\"mainEntityOfPage\":{\"@id\":\"https:\/\/rma.legal\/ca\/la-proteccion-del-cuidado-la-importancia-de-la-propiedad-industrial-en-el-sector-cosmetico\/\"},\"wordCount\":1703,\"publisher\":{\"@id\":\"https:\/\/rma.legal\/ca\/#organization\"},\"image\":{\"@id\":\"https:\/\/rma.legal\/ca\/la-proteccion-del-cuidado-la-importancia-de-la-propiedad-industrial-en-el-sector-cosmetico\/#primaryimage\"},\"thumbnailUrl\":\"https:\/\/rma.legal\/wp-content\/uploads\/2024\/10\/labiales.jpg\",\"keywords\":[\"cosm\u00e9tica\",\"designs\",\"dior\",\"dise\u00f1os\",\"EUIPO\",\"guerlain\",\"industria cosm\u00e9tica\",\"innovaci\u00f3n\",\"marcas\",\"oepm\",\"patentes\",\"patents\",\"perfumer\u00eda\",\"propiedad industrial\",\"propiedad intelectual\",\"stanpa\",\"trademarks\",\"ventaja competitiva\"],\"articleSection\":[\"Sin categor\u00eda\"],\"inLanguage\":\"ca\"},{\"@type\":\"WebPage\",\"@id\":\"https:\/\/rma.legal\/ca\/la-proteccion-del-cuidado-la-importancia-de-la-propiedad-industrial-en-el-sector-cosmetico\/\",\"url\":\"https:\/\/rma.legal\/ca\/la-proteccion-del-cuidado-la-importancia-de-la-propiedad-industrial-en-el-sector-cosmetico\/\",\"name\":\"La protecci\u00f3n del cuidado: la importancia de la propiedad industrial en el sector cosm\u00e9tico - RMA Advocats\",\"isPartOf\":{\"@id\":\"https:\/\/rma.legal\/ca\/#website\"},\"primaryImageOfPage\":{\"@id\":\"https:\/\/rma.legal\/ca\/la-proteccion-del-cuidado-la-importancia-de-la-propiedad-industrial-en-el-sector-cosmetico\/#primaryimage\"},\"image\":{\"@id\":\"https:\/\/rma.legal\/ca\/la-proteccion-del-cuidado-la-importancia-de-la-propiedad-industrial-en-el-sector-cosmetico\/#primaryimage\"},\"thumbnailUrl\":\"https:\/\/rma.legal\/wp-content\/uploads\/2024\/10\/labiales.jpg\",\"datePublished\":\"2024-10-29T09:30:42+00:00\",\"dateModified\":\"2025-09-15T15:21:33+00:00\",\"breadcrumb\":{\"@id\":\"https:\/\/rma.legal\/ca\/la-proteccion-del-cuidado-la-importancia-de-la-propiedad-industrial-en-el-sector-cosmetico\/#breadcrumb\"},\"inLanguage\":\"ca\",\"potentialAction\":[{\"@type\":\"ReadAction\",\"target\":[\"https:\/\/rma.legal\/ca\/la-proteccion-del-cuidado-la-importancia-de-la-propiedad-industrial-en-el-sector-cosmetico\/\"]}]},{\"@type\":\"ImageObject\",\"inLanguage\":\"ca\",\"@id\":\"https:\/\/rma.legal\/ca\/la-proteccion-del-cuidado-la-importancia-de-la-propiedad-industrial-en-el-sector-cosmetico\/#primaryimage\",\"url\":\"https:\/\/rma.legal\/wp-content\/uploads\/2024\/10\/labiales.jpg\",\"contentUrl\":\"https:\/\/rma.legal\/wp-content\/uploads\/2024\/10\/labiales.jpg\",\"width\":674,\"height\":396,\"caption\":\"La protecci\u00f3n del cuidado: la importancia de la propiedad industrial en el sector cosm\u00e9tico\"},{\"@type\":\"BreadcrumbList\",\"@id\":\"https:\/\/rma.legal\/ca\/la-proteccion-del-cuidado-la-importancia-de-la-propiedad-industrial-en-el-sector-cosmetico\/#breadcrumb\",\"itemListElement\":[{\"@type\":\"ListItem\",\"position\":1,\"name\":\"Portada\",\"item\":\"https:\/\/rma.legal\/ca\/\"},{\"@type\":\"ListItem\",\"position\":2,\"name\":\"La protecci\u00f3n del cuidado: la importancia de la propiedad industrial en el sector cosm\u00e9tico\"}]},{\"@type\":\"WebSite\",\"@id\":\"https:\/\/rma.legal\/ca\/#website\",\"url\":\"https:\/\/rma.legal\/ca\/\",\"name\":\"RMA Advocats\",\"description\":\"RMA Legal Advocats\",\"publisher\":{\"@id\":\"https:\/\/rma.legal\/ca\/#organization\"},\"potentialAction\":[{\"@type\":\"SearchAction\",\"target\":{\"@type\":\"EntryPoint\",\"urlTemplate\":\"https:\/\/rma.legal\/ca\/?s={search_term_string}\"},\"query-input\":{\"@type\":\"PropertyValueSpecification\",\"valueRequired\":true,\"valueName\":\"search_term_string\"}}],\"inLanguage\":\"ca\"},{\"@type\":\"Organization\",\"@id\":\"https:\/\/rma.legal\/ca\/#organization\",\"name\":\"RMA Advocats\",\"url\":\"https:\/\/rma.legal\/ca\/\",\"logo\":{\"@type\":\"ImageObject\",\"inLanguage\":\"ca\",\"@id\":\"https:\/\/rma.legal\/ca\/#\/schema\/logo\/image\/\",\"url\":\"https:\/\/rma.legal\/wp-content\/uploads\/2025\/02\/Logo-rma-legal-invertido-footer-c-1.png\",\"contentUrl\":\"https:\/\/rma.legal\/wp-content\/uploads\/2025\/02\/Logo-rma-legal-invertido-footer-c-1.png\",\"width\":300,\"height\":125,\"caption\":\"RMA Advocats\"},\"image\":{\"@id\":\"https:\/\/rma.legal\/ca\/#\/schema\/logo\/image\/\"}},{\"@type\":\"Person\",\"@id\":\"https:\/\/rma.legal\/ca\/#\/schema\/person\/cfbc22ab1d27c2f3e18a06069864a93b\",\"name\":\"Alberto Garc\u00eda L\u00f3pez\",\"image\":{\"@type\":\"ImageObject\",\"inLanguage\":\"ca\",\"@id\":\"https:\/\/rma.legal\/ca\/#\/schema\/person\/image\/\",\"url\":\"https:\/\/secure.gravatar.com\/avatar\/9ebd5ce1ab6dc934a5b846cf1c00263dd355ad1659e0df14775b7003d6788212?s=96&d=mm&r=g\",\"contentUrl\":\"https:\/\/secure.gravatar.com\/avatar\/9ebd5ce1ab6dc934a5b846cf1c00263dd355ad1659e0df14775b7003d6788212?s=96&d=mm&r=g\",\"caption\":\"Alberto Garc\u00eda L\u00f3pez\"},\"url\":\"https:\/\/rma.legal\/ca\/author\/alberto-garcia-lopez\/\"}]}<\/script>\n<!-- \/ Yoast SEO plugin. -->","yoast_head_json":{"title":"La protecci\u00f3n del cuidado: la importancia de la propiedad industrial en el sector cosm\u00e9tico - RMA Advocats","robots":{"index":"index","follow":"follow","max-snippet":"max-snippet:-1","max-image-preview":"max-image-preview:large","max-video-preview":"max-video-preview:-1"},"canonical":"https:\/\/rma.legal\/ca\/la-proteccion-del-cuidado-la-importancia-de-la-propiedad-industrial-en-el-sector-cosmetico\/","og_locale":"ca_ES","og_type":"article","og_title":"La protecci\u00f3n del cuidado: la importancia de la propiedad industrial en el sector cosm\u00e9tico - RMA Advocats","og_description":"La propiedad industrial es clave en cosm\u00e9tica: marcas, dise\u00f1os, patentes y secretos comerciales ayudan a competir y proteger productos ante falsificaciones.","og_url":"https:\/\/rma.legal\/ca\/la-proteccion-del-cuidado-la-importancia-de-la-propiedad-industrial-en-el-sector-cosmetico\/","og_site_name":"RMA Advocats","article_published_time":"2024-10-29T09:30:42+00:00","article_modified_time":"2025-09-15T15:21:33+00:00","og_image":[{"width":674,"height":396,"url":"https:\/\/rma.legal\/wp-content\/uploads\/2024\/10\/labiales.jpg","type":"image\/jpeg"}],"author":"Alberto Garc\u00eda L\u00f3pez","twitter_card":"summary_large_image","twitter_misc":{"Escrit per":"Alberto Garc\u00eda L\u00f3pez","Temps estimat de lectura":"9 minuts"},"schema":{"@context":"https:\/\/schema.org","@graph":[{"@type":"Article","@id":"https:\/\/rma.legal\/ca\/la-proteccion-del-cuidado-la-importancia-de-la-propiedad-industrial-en-el-sector-cosmetico\/#article","isPartOf":{"@id":"https:\/\/rma.legal\/ca\/la-proteccion-del-cuidado-la-importancia-de-la-propiedad-industrial-en-el-sector-cosmetico\/"},"author":{"name":"Alberto Garc\u00eda L\u00f3pez","@id":"https:\/\/rma.legal\/ca\/#\/schema\/person\/cfbc22ab1d27c2f3e18a06069864a93b"},"headline":"La protecci\u00f3n del cuidado: la importancia de la propiedad industrial en el sector cosm\u00e9tico","datePublished":"2024-10-29T09:30:42+00:00","dateModified":"2025-09-15T15:21:33+00:00","mainEntityOfPage":{"@id":"https:\/\/rma.legal\/ca\/la-proteccion-del-cuidado-la-importancia-de-la-propiedad-industrial-en-el-sector-cosmetico\/"},"wordCount":1703,"publisher":{"@id":"https:\/\/rma.legal\/ca\/#organization"},"image":{"@id":"https:\/\/rma.legal\/ca\/la-proteccion-del-cuidado-la-importancia-de-la-propiedad-industrial-en-el-sector-cosmetico\/#primaryimage"},"thumbnailUrl":"https:\/\/rma.legal\/wp-content\/uploads\/2024\/10\/labiales.jpg","keywords":["cosm\u00e9tica","designs","dior","dise\u00f1os","EUIPO","guerlain","industria cosm\u00e9tica","innovaci\u00f3n","marcas","oepm","patentes","patents","perfumer\u00eda","propiedad industrial","propiedad intelectual","stanpa","trademarks","ventaja competitiva"],"articleSection":["Sin categor\u00eda"],"inLanguage":"ca"},{"@type":"WebPage","@id":"https:\/\/rma.legal\/ca\/la-proteccion-del-cuidado-la-importancia-de-la-propiedad-industrial-en-el-sector-cosmetico\/","url":"https:\/\/rma.legal\/ca\/la-proteccion-del-cuidado-la-importancia-de-la-propiedad-industrial-en-el-sector-cosmetico\/","name":"La protecci\u00f3n del cuidado: la importancia de la propiedad industrial en el sector cosm\u00e9tico - RMA Advocats","isPartOf":{"@id":"https:\/\/rma.legal\/ca\/#website"},"primaryImageOfPage":{"@id":"https:\/\/rma.legal\/ca\/la-proteccion-del-cuidado-la-importancia-de-la-propiedad-industrial-en-el-sector-cosmetico\/#primaryimage"},"image":{"@id":"https:\/\/rma.legal\/ca\/la-proteccion-del-cuidado-la-importancia-de-la-propiedad-industrial-en-el-sector-cosmetico\/#primaryimage"},"thumbnailUrl":"https:\/\/rma.legal\/wp-content\/uploads\/2024\/10\/labiales.jpg","datePublished":"2024-10-29T09:30:42+00:00","dateModified":"2025-09-15T15:21:33+00:00","breadcrumb":{"@id":"https:\/\/rma.legal\/ca\/la-proteccion-del-cuidado-la-importancia-de-la-propiedad-industrial-en-el-sector-cosmetico\/#breadcrumb"},"inLanguage":"ca","potentialAction":[{"@type":"ReadAction","target":["https:\/\/rma.legal\/ca\/la-proteccion-del-cuidado-la-importancia-de-la-propiedad-industrial-en-el-sector-cosmetico\/"]}]},{"@type":"ImageObject","inLanguage":"ca","@id":"https:\/\/rma.legal\/ca\/la-proteccion-del-cuidado-la-importancia-de-la-propiedad-industrial-en-el-sector-cosmetico\/#primaryimage","url":"https:\/\/rma.legal\/wp-content\/uploads\/2024\/10\/labiales.jpg","contentUrl":"https:\/\/rma.legal\/wp-content\/uploads\/2024\/10\/labiales.jpg","width":674,"height":396,"caption":"La protecci\u00f3n del cuidado: la importancia de la propiedad industrial en el sector cosm\u00e9tico"},{"@type":"BreadcrumbList","@id":"https:\/\/rma.legal\/ca\/la-proteccion-del-cuidado-la-importancia-de-la-propiedad-industrial-en-el-sector-cosmetico\/#breadcrumb","itemListElement":[{"@type":"ListItem","position":1,"name":"Portada","item":"https:\/\/rma.legal\/ca\/"},{"@type":"ListItem","position":2,"name":"La protecci\u00f3n del cuidado: la importancia de la propiedad industrial en el sector cosm\u00e9tico"}]},{"@type":"WebSite","@id":"https:\/\/rma.legal\/ca\/#website","url":"https:\/\/rma.legal\/ca\/","name":"RMA Advocats","description":"RMA Legal Advocats","publisher":{"@id":"https:\/\/rma.legal\/ca\/#organization"},"potentialAction":[{"@type":"SearchAction","target":{"@type":"EntryPoint","urlTemplate":"https:\/\/rma.legal\/ca\/?s={search_term_string}"},"query-input":{"@type":"PropertyValueSpecification","valueRequired":true,"valueName":"search_term_string"}}],"inLanguage":"ca"},{"@type":"Organization","@id":"https:\/\/rma.legal\/ca\/#organization","name":"RMA Advocats","url":"https:\/\/rma.legal\/ca\/","logo":{"@type":"ImageObject","inLanguage":"ca","@id":"https:\/\/rma.legal\/ca\/#\/schema\/logo\/image\/","url":"https:\/\/rma.legal\/wp-content\/uploads\/2025\/02\/Logo-rma-legal-invertido-footer-c-1.png","contentUrl":"https:\/\/rma.legal\/wp-content\/uploads\/2025\/02\/Logo-rma-legal-invertido-footer-c-1.png","width":300,"height":125,"caption":"RMA Advocats"},"image":{"@id":"https:\/\/rma.legal\/ca\/#\/schema\/logo\/image\/"}},{"@type":"Person","@id":"https:\/\/rma.legal\/ca\/#\/schema\/person\/cfbc22ab1d27c2f3e18a06069864a93b","name":"Alberto Garc\u00eda L\u00f3pez","image":{"@type":"ImageObject","inLanguage":"ca","@id":"https:\/\/rma.legal\/ca\/#\/schema\/person\/image\/","url":"https:\/\/secure.gravatar.com\/avatar\/9ebd5ce1ab6dc934a5b846cf1c00263dd355ad1659e0df14775b7003d6788212?s=96&d=mm&r=g","contentUrl":"https:\/\/secure.gravatar.com\/avatar\/9ebd5ce1ab6dc934a5b846cf1c00263dd355ad1659e0df14775b7003d6788212?s=96&d=mm&r=g","caption":"Alberto Garc\u00eda L\u00f3pez"},"url":"https:\/\/rma.legal\/ca\/author\/alberto-garcia-lopez\/"}]}},"_links":{"self":[{"href":"https:\/\/rma.legal\/ca\/wp-json\/wp\/v2\/posts\/27231","targetHints":{"allow":["GET"]}}],"collection":[{"href":"https:\/\/rma.legal\/ca\/wp-json\/wp\/v2\/posts"}],"about":[{"href":"https:\/\/rma.legal\/ca\/wp-json\/wp\/v2\/types\/post"}],"author":[{"embeddable":true,"href":"https:\/\/rma.legal\/ca\/wp-json\/wp\/v2\/users\/8"}],"replies":[{"embeddable":true,"href":"https:\/\/rma.legal\/ca\/wp-json\/wp\/v2\/comments?post=27231"}],"version-history":[{"count":2,"href":"https:\/\/rma.legal\/ca\/wp-json\/wp\/v2\/posts\/27231\/revisions"}],"predecessor-version":[{"id":32011,"href":"https:\/\/rma.legal\/ca\/wp-json\/wp\/v2\/posts\/27231\/revisions\/32011"}],"wp:featuredmedia":[{"embeddable":true,"href":"https:\/\/rma.legal\/ca\/wp-json\/wp\/v2\/media\/27236"}],"wp:attachment":[{"href":"https:\/\/rma.legal\/ca\/wp-json\/wp\/v2\/media?parent=27231"}],"wp:term":[{"taxonomy":"category","embeddable":true,"href":"https:\/\/rma.legal\/ca\/wp-json\/wp\/v2\/categories?post=27231"},{"taxonomy":"post_tag","embeddable":true,"href":"https:\/\/rma.legal\/ca\/wp-json\/wp\/v2\/tags?post=27231"}],"curies":[{"name":"wp","href":"https:\/\/api.w.org\/{rel}","templated":true}]}}