{"id":27047,"date":"2023-09-20T14:00:16","date_gmt":"2023-09-20T14:00:16","guid":{"rendered":"http:\/\/rma.legal\/?p=27047"},"modified":"2025-04-15T08:48:07","modified_gmt":"2025-04-15T08:48:07","slug":"la-privacidad-como-antidoto-al-miedo-a-la-inteligencia-artificial","status":"publish","type":"post","link":"https:\/\/rma.legal\/ca\/la-privacidad-como-antidoto-al-miedo-a-la-inteligencia-artificial\/","title":{"rendered":"La privacidad como ant\u00eddoto al miedo a la inteligencia artificial"},"content":{"rendered":"<p>&nbsp;<\/p>\n<p><img fetchpriority=\"high\" decoding=\"async\" class=\"size-medium wp-image-27048\" src=\"http:\/\/rma.legal\/wp-content\/uploads\/2023\/09\/POST-IA-DAVID-300x200.jpg\" alt=\"A little girl with her finger presses in front of her and bright futuristic graphics appear. Concept of: future, network, technology, security for children.\" width=\"300\" height=\"200\" srcset=\"https:\/\/rma.legal\/wp-content\/uploads\/2023\/09\/POST-IA-DAVID-300x200.jpg 300w, https:\/\/rma.legal\/wp-content\/uploads\/2023\/09\/POST-IA-DAVID-1024x683.jpg 1024w, https:\/\/rma.legal\/wp-content\/uploads\/2023\/09\/POST-IA-DAVID-768x512.jpg 768w, https:\/\/rma.legal\/wp-content\/uploads\/2023\/09\/POST-IA-DAVID-1536x1024.jpg 1536w, https:\/\/rma.legal\/wp-content\/uploads\/2023\/09\/POST-IA-DAVID-2048x1365.jpg 2048w\" sizes=\"(max-width: 300px) 100vw, 300px\" \/><\/p>\n<p>En estas \u00faltimas semanas, raro es el d\u00eda que no nos encontramos con apocal\u00edpticos mensajes acerca de la Inteligencia Artificial (IA). Sin embargo, viene formando parte de nuestra realidad ya desde 1950, cuando en la \u201cprueba de Turing\u201d se retaba a un evaluador a distinguir si una respuesta la hab\u00eda dado una m\u00e1quina o un humano.<\/p>\n<p>Si bien, si escuchamos pausadamente, podemos comprobar que la IA no tiene como prop\u00f3sito reemplazar a los seres humanos, sino multiplicar exponencialmente sus capacidades.<\/p>\n<p>Y as\u00ed ha venido ocurriendo a lo largo de las distintas revoluciones industriales, donde todo desarrollo tecnol\u00f3gico ha venido a mejorar lo presente; aunque, tambi\u00e9n es verdad, que aquella en la que estamos ahora inmersos nos exige severos cambios disruptivos.<\/p>\n<ul>\n<li><span style=\"color: #a42400;\"><strong>Como cualquier innovaci\u00f3n tecnol\u00f3gica, la IA no es buena ni mala<\/strong><\/span><\/li>\n<\/ul>\n<p>Efectivamente, depende de c\u00f3mo la eduquemos y con qu\u00e9 informaci\u00f3n la alimentemos. La informaci\u00f3n, a diferencia de otras fuentes de energ\u00eda, es ilimitada, y el desarrollo y aprendizaje de la IA depende del volumen, variedad y veracidad de la informaci\u00f3n y la rapidez con la que la engulla \u00e9sta. Esto a nivel mundial es un hecho, no una opini\u00f3n. La diferencia la veremos en el modelo que elijamos en esta carrera en la que nos encontramos.<\/p>\n<p>Vemos tres modelos muy diferentes: el de las compa\u00f1\u00edas tecnol\u00f3gicas multinacionales, mayoritariamente norteamericanas, el modelo uniforme chino y el modelo diverso de la Uni\u00f3n Europea.<\/p>\n<p>Como podemos comprobar a simple vista, el modelo europeo, si bien es el m\u00e1s garantista, se encuentra a a\u00f1os luz de tomar una velocidad de crucero que exige el desarrollo de la IA. Por lo tanto, debemos pensar en otros criterios para decidir a qui\u00e9n ponemos al mando.<\/p>\n<p>Ante el importante reto de regular la IA, la UE est\u00e1 tratando de dar una respuesta unificada y fuerte, a trav\u00e9s de sus organismos europeos, como el Supervisor Europeo de Protecci\u00f3n de Datos (SEPD) y el Comit\u00e9 Europeo de Protecci\u00f3n de Datos (CEPD o EDPB), tratando de evitar dispares y diferentes resoluciones de cada autoridad de control ante un problema com\u00fan como, por ejemplo, el tratamiento de los datos que realiza el servicio ChatGPT de la empresa estadounidense OpenAI.<\/p>\n<p>Es completamente necesario que tomemos consciencia de la relevancia de dar una respuesta unificada, eficaz y r\u00e1pida y, a la vez, inspirada en los principios y valores europeos que atesoramos, entre ellos el derecho fundamental a nuestra privacidad.<\/p>\n<ul>\n<li><span style=\"color: #a42400;\"><strong>Alimentaci\u00f3n con informaci\u00f3n que no vulnere derechos de propiedad intelectual ni privacidad<\/strong><\/span><\/li>\n<\/ul>\n<p>Necesitamos una IA que sea alimentada con informaci\u00f3n que no vulnere derechos de propiedad intelectual ni la privacidad, que sea transparente en sus fuentes, en c\u00f3mo trata la informaci\u00f3n, y que garantice la veracidad y el respeto por los derechos humanos.<\/p>\n<p>Como ya coment\u00e9, la AI no ha venido para aniquilarnos ni reemplazarnos. Es esencial para acelerar el ritmo de la investigaci\u00f3n o en la detecci\u00f3n y diagn\u00f3stico, para transformar incluso la experiencia de la asistencia m\u00e9dica, recogiendo directamente la sintomatolog\u00eda y signos vitales del paciente, registr\u00e1ndolos en su historial cl\u00ednico y encontrando un preciso diagn\u00f3stico, mientras que el personal m\u00e9dico escucha y empatiza con el paciente y revisa su salud.<\/p>\n<p>Ahora bien, necesitamos ense\u00f1ar a la AI, en el proceso de aprendizaje y no despu\u00e9s, que esta informaci\u00f3n no puede ser utilizada por el algoritmo que est\u00e1 valorando la idoneidad del usuario para otorgarle o no un seguro m\u00e9dico y\/o cualquier decisi\u00f3n que pueda afectar seriamente a esa persona.<\/p>\n<p>Cuando una entidad decida aplicar la IA en sus procesos, necesitamos que antes se realicen los preceptivos an\u00e1lisis de riesgos y evaluaciones de impacto que tendr\u00e1 sobre los datos personales. Prevenir antes de curar.<\/p>\n<ul>\n<li><strong><span style=\"color: #a42400;\">Transparencia en nuestras actuaciones y educaci\u00f3n con \u00e9tica en el dise\u00f1o y por defecto de la IA.<\/span><\/strong><\/li>\n<\/ul>\n<p>Debemos ser transparentes en nuestras actuaciones y educar con \u00e9tica en el dise\u00f1o y por defecto de la AI. De esta forma, nos aseguremos de que la IA seguir\u00e1 con el prop\u00f3sito de cuidarnos. De lo contrario, cuando tenga la IA que tomar decisiones sobre priorizar el destino de los limitados recursos vitales, nos har\u00e1 el mismo caso que hacemos nosotros a las hormigas cuando vamos caminando por la calle.<\/p>\n<p>El dilema de elegir a qui\u00e9n queremos al mando no es menor. Se trata de elegir entre los modelos de \u201ccapitalismo de vigilancia\u201d o \u201creg\u00edmenes autoritarios digitales\u201d o apostar por aquella inteligencia consciente, responsable y comprometida con los valores democr\u00e1ticos y nuestra privacidad.<\/p>\n<p>David Mu\u00f1oz de los Reyes, septiembre 2023<\/p>\n<p>Delegado de Protecci\u00f3n de Datos, abogado y socio de RMA.<\/p>\n<p><strong><span style=\"color: #a42400;\">www.rma.legal<\/span><\/strong><\/p>\n","protected":false},"excerpt":{"rendered":"<p>La IA potencia capacidades humanas, pero requiere regulaci\u00f3n \u00e9tica y transparencia para garantizar privacidad y derechos fundamentales en su desarrollo.<\/p>\n","protected":false},"author":5,"featured_media":0,"comment_status":"closed","ping_status":"closed","sticky":false,"template":"","format":"standard","meta":{"footnotes":""},"categories":[103],"tags":[110,147,182,255,276,279,393,62],"class_list":["post-27047","post","type-post","status-publish","format-standard","hentry","category-sin-categoria","tag-ai","tag-chat-gpt","tag-datos-personales","tag-ia-es","tag-innovacion","tag-inteligencia-artificial","tag-privacidad-es","tag-propiedad-intelectual-ca"],"yoast_head":"<!-- This site is optimized with the Yoast SEO plugin v25.9 - https:\/\/yoast.com\/wordpress\/plugins\/seo\/ -->\n<title>La privacidad como ant\u00eddoto al miedo a la inteligencia artificial - RMA Advocats<\/title>\n<meta name=\"robots\" content=\"index, follow, max-snippet:-1, max-image-preview:large, max-video-preview:-1\" \/>\n<link rel=\"canonical\" href=\"https:\/\/rma.legal\/ca\/la-privacidad-como-antidoto-al-miedo-a-la-inteligencia-artificial\/\" \/>\n<meta property=\"og:locale\" content=\"ca_ES\" \/>\n<meta property=\"og:type\" content=\"article\" \/>\n<meta property=\"og:title\" content=\"La privacidad como ant\u00eddoto al miedo a la inteligencia artificial - RMA Advocats\" \/>\n<meta property=\"og:description\" content=\"La IA potencia capacidades humanas, pero requiere regulaci\u00f3n \u00e9tica y transparencia para garantizar privacidad y derechos fundamentales en su desarrollo.\" \/>\n<meta property=\"og:url\" content=\"https:\/\/rma.legal\/ca\/la-privacidad-como-antidoto-al-miedo-a-la-inteligencia-artificial\/\" \/>\n<meta property=\"og:site_name\" content=\"RMA Advocats\" \/>\n<meta property=\"article:published_time\" content=\"2023-09-20T14:00:16+00:00\" \/>\n<meta property=\"article:modified_time\" content=\"2025-04-15T08:48:07+00:00\" \/>\n<meta property=\"og:image\" content=\"http:\/\/rma.legal\/wp-content\/uploads\/2023\/09\/POST-IA-DAVID-300x200.jpg\" \/>\n<meta name=\"author\" content=\"RMA Legal\" \/>\n<meta name=\"twitter:card\" content=\"summary_large_image\" \/>\n<meta name=\"twitter:label1\" content=\"Escrit per\" \/>\n\t<meta name=\"twitter:data1\" content=\"RMA Legal\" \/>\n\t<meta name=\"twitter:label2\" content=\"Temps estimat de lectura\" \/>\n\t<meta name=\"twitter:data2\" content=\"4 minuts\" \/>\n<script type=\"application\/ld+json\" class=\"yoast-schema-graph\">{\"@context\":\"https:\/\/schema.org\",\"@graph\":[{\"@type\":\"Article\",\"@id\":\"https:\/\/rma.legal\/ca\/la-privacidad-como-antidoto-al-miedo-a-la-inteligencia-artificial\/#article\",\"isPartOf\":{\"@id\":\"https:\/\/rma.legal\/ca\/la-privacidad-como-antidoto-al-miedo-a-la-inteligencia-artificial\/\"},\"author\":{\"name\":\"RMA Legal\",\"@id\":\"https:\/\/rma.legal\/ca\/#\/schema\/person\/ce35cb0535f72f8fe561ca18c346286e\"},\"headline\":\"La privacidad como ant\u00eddoto al miedo a la inteligencia artificial\",\"datePublished\":\"2023-09-20T14:00:16+00:00\",\"dateModified\":\"2025-04-15T08:48:07+00:00\",\"mainEntityOfPage\":{\"@id\":\"https:\/\/rma.legal\/ca\/la-privacidad-como-antidoto-al-miedo-a-la-inteligencia-artificial\/\"},\"wordCount\":819,\"publisher\":{\"@id\":\"https:\/\/rma.legal\/ca\/#organization\"},\"image\":{\"@id\":\"https:\/\/rma.legal\/ca\/la-privacidad-como-antidoto-al-miedo-a-la-inteligencia-artificial\/#primaryimage\"},\"thumbnailUrl\":\"http:\/\/rma.legal\/wp-content\/uploads\/2023\/09\/POST-IA-DAVID-300x200.jpg\",\"keywords\":[\"ai\",\"chat gpt\",\"datos personales\",\"IA\",\"innovaci\u00f3n\",\"inteligencia artificial\",\"privacidad\",\"propiedad intelectual\"],\"articleSection\":[\"Sin categor\u00eda\"],\"inLanguage\":\"ca\"},{\"@type\":\"WebPage\",\"@id\":\"https:\/\/rma.legal\/ca\/la-privacidad-como-antidoto-al-miedo-a-la-inteligencia-artificial\/\",\"url\":\"https:\/\/rma.legal\/ca\/la-privacidad-como-antidoto-al-miedo-a-la-inteligencia-artificial\/\",\"name\":\"La privacidad como ant\u00eddoto al miedo a la inteligencia artificial - RMA Advocats\",\"isPartOf\":{\"@id\":\"https:\/\/rma.legal\/ca\/#website\"},\"primaryImageOfPage\":{\"@id\":\"https:\/\/rma.legal\/ca\/la-privacidad-como-antidoto-al-miedo-a-la-inteligencia-artificial\/#primaryimage\"},\"image\":{\"@id\":\"https:\/\/rma.legal\/ca\/la-privacidad-como-antidoto-al-miedo-a-la-inteligencia-artificial\/#primaryimage\"},\"thumbnailUrl\":\"http:\/\/rma.legal\/wp-content\/uploads\/2023\/09\/POST-IA-DAVID-300x200.jpg\",\"datePublished\":\"2023-09-20T14:00:16+00:00\",\"dateModified\":\"2025-04-15T08:48:07+00:00\",\"breadcrumb\":{\"@id\":\"https:\/\/rma.legal\/ca\/la-privacidad-como-antidoto-al-miedo-a-la-inteligencia-artificial\/#breadcrumb\"},\"inLanguage\":\"ca\",\"potentialAction\":[{\"@type\":\"ReadAction\",\"target\":[\"https:\/\/rma.legal\/ca\/la-privacidad-como-antidoto-al-miedo-a-la-inteligencia-artificial\/\"]}]},{\"@type\":\"ImageObject\",\"inLanguage\":\"ca\",\"@id\":\"https:\/\/rma.legal\/ca\/la-privacidad-como-antidoto-al-miedo-a-la-inteligencia-artificial\/#primaryimage\",\"url\":\"http:\/\/rma.legal\/wp-content\/uploads\/2023\/09\/POST-IA-DAVID-300x200.jpg\",\"contentUrl\":\"http:\/\/rma.legal\/wp-content\/uploads\/2023\/09\/POST-IA-DAVID-300x200.jpg\"},{\"@type\":\"BreadcrumbList\",\"@id\":\"https:\/\/rma.legal\/ca\/la-privacidad-como-antidoto-al-miedo-a-la-inteligencia-artificial\/#breadcrumb\",\"itemListElement\":[{\"@type\":\"ListItem\",\"position\":1,\"name\":\"Portada\",\"item\":\"https:\/\/rma.legal\/ca\/\"},{\"@type\":\"ListItem\",\"position\":2,\"name\":\"La privacidad como ant\u00eddoto al miedo a la inteligencia artificial\"}]},{\"@type\":\"WebSite\",\"@id\":\"https:\/\/rma.legal\/ca\/#website\",\"url\":\"https:\/\/rma.legal\/ca\/\",\"name\":\"RMA Advocats\",\"description\":\"RMA Legal Advocats\",\"publisher\":{\"@id\":\"https:\/\/rma.legal\/ca\/#organization\"},\"potentialAction\":[{\"@type\":\"SearchAction\",\"target\":{\"@type\":\"EntryPoint\",\"urlTemplate\":\"https:\/\/rma.legal\/ca\/?s={search_term_string}\"},\"query-input\":{\"@type\":\"PropertyValueSpecification\",\"valueRequired\":true,\"valueName\":\"search_term_string\"}}],\"inLanguage\":\"ca\"},{\"@type\":\"Organization\",\"@id\":\"https:\/\/rma.legal\/ca\/#organization\",\"name\":\"RMA Advocats\",\"url\":\"https:\/\/rma.legal\/ca\/\",\"logo\":{\"@type\":\"ImageObject\",\"inLanguage\":\"ca\",\"@id\":\"https:\/\/rma.legal\/ca\/#\/schema\/logo\/image\/\",\"url\":\"https:\/\/rma.legal\/wp-content\/uploads\/2025\/02\/Logo-rma-legal-invertido-footer-c-1.png\",\"contentUrl\":\"https:\/\/rma.legal\/wp-content\/uploads\/2025\/02\/Logo-rma-legal-invertido-footer-c-1.png\",\"width\":300,\"height\":125,\"caption\":\"RMA Advocats\"},\"image\":{\"@id\":\"https:\/\/rma.legal\/ca\/#\/schema\/logo\/image\/\"}},{\"@type\":\"Person\",\"@id\":\"https:\/\/rma.legal\/ca\/#\/schema\/person\/ce35cb0535f72f8fe561ca18c346286e\",\"name\":\"RMA Legal\",\"image\":{\"@type\":\"ImageObject\",\"inLanguage\":\"ca\",\"@id\":\"https:\/\/rma.legal\/ca\/#\/schema\/person\/image\/\",\"url\":\"https:\/\/secure.gravatar.com\/avatar\/1d9ebe28cd6c660ba581ebb27a0e41208369aa1d73a770a3dcb6624bbcc2c69e?s=96&d=mm&r=g\",\"contentUrl\":\"https:\/\/secure.gravatar.com\/avatar\/1d9ebe28cd6c660ba581ebb27a0e41208369aa1d73a770a3dcb6624bbcc2c69e?s=96&d=mm&r=g\",\"caption\":\"RMA Legal\"},\"url\":\"https:\/\/rma.legal\/ca\/author\/rm-abogados\/\"}]}<\/script>\n<!-- \/ Yoast SEO plugin. -->","yoast_head_json":{"title":"La privacidad como ant\u00eddoto al miedo a la inteligencia artificial - RMA Advocats","robots":{"index":"index","follow":"follow","max-snippet":"max-snippet:-1","max-image-preview":"max-image-preview:large","max-video-preview":"max-video-preview:-1"},"canonical":"https:\/\/rma.legal\/ca\/la-privacidad-como-antidoto-al-miedo-a-la-inteligencia-artificial\/","og_locale":"ca_ES","og_type":"article","og_title":"La privacidad como ant\u00eddoto al miedo a la inteligencia artificial - RMA Advocats","og_description":"La IA potencia capacidades humanas, pero requiere regulaci\u00f3n \u00e9tica y transparencia para garantizar privacidad y derechos fundamentales en su desarrollo.","og_url":"https:\/\/rma.legal\/ca\/la-privacidad-como-antidoto-al-miedo-a-la-inteligencia-artificial\/","og_site_name":"RMA Advocats","article_published_time":"2023-09-20T14:00:16+00:00","article_modified_time":"2025-04-15T08:48:07+00:00","og_image":[{"url":"http:\/\/rma.legal\/wp-content\/uploads\/2023\/09\/POST-IA-DAVID-300x200.jpg","type":"","width":"","height":""}],"author":"RMA Legal","twitter_card":"summary_large_image","twitter_misc":{"Escrit per":"RMA Legal","Temps estimat de lectura":"4 minuts"},"schema":{"@context":"https:\/\/schema.org","@graph":[{"@type":"Article","@id":"https:\/\/rma.legal\/ca\/la-privacidad-como-antidoto-al-miedo-a-la-inteligencia-artificial\/#article","isPartOf":{"@id":"https:\/\/rma.legal\/ca\/la-privacidad-como-antidoto-al-miedo-a-la-inteligencia-artificial\/"},"author":{"name":"RMA Legal","@id":"https:\/\/rma.legal\/ca\/#\/schema\/person\/ce35cb0535f72f8fe561ca18c346286e"},"headline":"La privacidad como ant\u00eddoto al miedo a la inteligencia artificial","datePublished":"2023-09-20T14:00:16+00:00","dateModified":"2025-04-15T08:48:07+00:00","mainEntityOfPage":{"@id":"https:\/\/rma.legal\/ca\/la-privacidad-como-antidoto-al-miedo-a-la-inteligencia-artificial\/"},"wordCount":819,"publisher":{"@id":"https:\/\/rma.legal\/ca\/#organization"},"image":{"@id":"https:\/\/rma.legal\/ca\/la-privacidad-como-antidoto-al-miedo-a-la-inteligencia-artificial\/#primaryimage"},"thumbnailUrl":"http:\/\/rma.legal\/wp-content\/uploads\/2023\/09\/POST-IA-DAVID-300x200.jpg","keywords":["ai","chat gpt","datos personales","IA","innovaci\u00f3n","inteligencia artificial","privacidad","propiedad intelectual"],"articleSection":["Sin categor\u00eda"],"inLanguage":"ca"},{"@type":"WebPage","@id":"https:\/\/rma.legal\/ca\/la-privacidad-como-antidoto-al-miedo-a-la-inteligencia-artificial\/","url":"https:\/\/rma.legal\/ca\/la-privacidad-como-antidoto-al-miedo-a-la-inteligencia-artificial\/","name":"La privacidad como ant\u00eddoto al miedo a la inteligencia artificial - RMA Advocats","isPartOf":{"@id":"https:\/\/rma.legal\/ca\/#website"},"primaryImageOfPage":{"@id":"https:\/\/rma.legal\/ca\/la-privacidad-como-antidoto-al-miedo-a-la-inteligencia-artificial\/#primaryimage"},"image":{"@id":"https:\/\/rma.legal\/ca\/la-privacidad-como-antidoto-al-miedo-a-la-inteligencia-artificial\/#primaryimage"},"thumbnailUrl":"http:\/\/rma.legal\/wp-content\/uploads\/2023\/09\/POST-IA-DAVID-300x200.jpg","datePublished":"2023-09-20T14:00:16+00:00","dateModified":"2025-04-15T08:48:07+00:00","breadcrumb":{"@id":"https:\/\/rma.legal\/ca\/la-privacidad-como-antidoto-al-miedo-a-la-inteligencia-artificial\/#breadcrumb"},"inLanguage":"ca","potentialAction":[{"@type":"ReadAction","target":["https:\/\/rma.legal\/ca\/la-privacidad-como-antidoto-al-miedo-a-la-inteligencia-artificial\/"]}]},{"@type":"ImageObject","inLanguage":"ca","@id":"https:\/\/rma.legal\/ca\/la-privacidad-como-antidoto-al-miedo-a-la-inteligencia-artificial\/#primaryimage","url":"http:\/\/rma.legal\/wp-content\/uploads\/2023\/09\/POST-IA-DAVID-300x200.jpg","contentUrl":"http:\/\/rma.legal\/wp-content\/uploads\/2023\/09\/POST-IA-DAVID-300x200.jpg"},{"@type":"BreadcrumbList","@id":"https:\/\/rma.legal\/ca\/la-privacidad-como-antidoto-al-miedo-a-la-inteligencia-artificial\/#breadcrumb","itemListElement":[{"@type":"ListItem","position":1,"name":"Portada","item":"https:\/\/rma.legal\/ca\/"},{"@type":"ListItem","position":2,"name":"La privacidad como ant\u00eddoto al miedo a la inteligencia artificial"}]},{"@type":"WebSite","@id":"https:\/\/rma.legal\/ca\/#website","url":"https:\/\/rma.legal\/ca\/","name":"RMA Advocats","description":"RMA Legal Advocats","publisher":{"@id":"https:\/\/rma.legal\/ca\/#organization"},"potentialAction":[{"@type":"SearchAction","target":{"@type":"EntryPoint","urlTemplate":"https:\/\/rma.legal\/ca\/?s={search_term_string}"},"query-input":{"@type":"PropertyValueSpecification","valueRequired":true,"valueName":"search_term_string"}}],"inLanguage":"ca"},{"@type":"Organization","@id":"https:\/\/rma.legal\/ca\/#organization","name":"RMA Advocats","url":"https:\/\/rma.legal\/ca\/","logo":{"@type":"ImageObject","inLanguage":"ca","@id":"https:\/\/rma.legal\/ca\/#\/schema\/logo\/image\/","url":"https:\/\/rma.legal\/wp-content\/uploads\/2025\/02\/Logo-rma-legal-invertido-footer-c-1.png","contentUrl":"https:\/\/rma.legal\/wp-content\/uploads\/2025\/02\/Logo-rma-legal-invertido-footer-c-1.png","width":300,"height":125,"caption":"RMA Advocats"},"image":{"@id":"https:\/\/rma.legal\/ca\/#\/schema\/logo\/image\/"}},{"@type":"Person","@id":"https:\/\/rma.legal\/ca\/#\/schema\/person\/ce35cb0535f72f8fe561ca18c346286e","name":"RMA Legal","image":{"@type":"ImageObject","inLanguage":"ca","@id":"https:\/\/rma.legal\/ca\/#\/schema\/person\/image\/","url":"https:\/\/secure.gravatar.com\/avatar\/1d9ebe28cd6c660ba581ebb27a0e41208369aa1d73a770a3dcb6624bbcc2c69e?s=96&d=mm&r=g","contentUrl":"https:\/\/secure.gravatar.com\/avatar\/1d9ebe28cd6c660ba581ebb27a0e41208369aa1d73a770a3dcb6624bbcc2c69e?s=96&d=mm&r=g","caption":"RMA Legal"},"url":"https:\/\/rma.legal\/ca\/author\/rm-abogados\/"}]}},"_links":{"self":[{"href":"https:\/\/rma.legal\/ca\/wp-json\/wp\/v2\/posts\/27047","targetHints":{"allow":["GET"]}}],"collection":[{"href":"https:\/\/rma.legal\/ca\/wp-json\/wp\/v2\/posts"}],"about":[{"href":"https:\/\/rma.legal\/ca\/wp-json\/wp\/v2\/types\/post"}],"author":[{"embeddable":true,"href":"https:\/\/rma.legal\/ca\/wp-json\/wp\/v2\/users\/5"}],"replies":[{"embeddable":true,"href":"https:\/\/rma.legal\/ca\/wp-json\/wp\/v2\/comments?post=27047"}],"version-history":[{"count":2,"href":"https:\/\/rma.legal\/ca\/wp-json\/wp\/v2\/posts\/27047\/revisions"}],"predecessor-version":[{"id":30297,"href":"https:\/\/rma.legal\/ca\/wp-json\/wp\/v2\/posts\/27047\/revisions\/30297"}],"wp:attachment":[{"href":"https:\/\/rma.legal\/ca\/wp-json\/wp\/v2\/media?parent=27047"}],"wp:term":[{"taxonomy":"category","embeddable":true,"href":"https:\/\/rma.legal\/ca\/wp-json\/wp\/v2\/categories?post=27047"},{"taxonomy":"post_tag","embeddable":true,"href":"https:\/\/rma.legal\/ca\/wp-json\/wp\/v2\/tags?post=27047"}],"curies":[{"name":"wp","href":"https:\/\/api.w.org\/{rel}","templated":true}]}}