{"id":26561,"date":"2022-01-12T09:01:36","date_gmt":"2022-01-12T09:01:36","guid":{"rendered":"http:\/\/rma.legal\/?p=26561"},"modified":"2025-09-15T16:22:57","modified_gmt":"2025-09-15T16:22:57","slug":"el-jardin-de-las-marcas-de-posicion","status":"publish","type":"post","link":"https:\/\/rma.legal\/ca\/el-jardin-de-las-marcas-de-posicion\/","title":{"rendered":"El &#8220;jard\u00edn&#8221; de las marcas de posici\u00f3n"},"content":{"rendered":"<p><span style=\"color: #a42431;\"><strong>Marcas no convencionales: MARCAS DE POSICI\u00d3N (IV)<\/strong><\/span><\/p>\n<p>Hace poco nos despert\u00e1bamos con<a href=\"https:\/\/fashionunited.es\/noticias\/empresas\/inditex-condenada-por-plagiar-a-dr-martens\/2021082336097\" target=\"_blank\" rel=\"noopener\"> titulares<\/a> relativos a un pleito en USA\u00a0resuelto a favor de la firma Dr. Martens frente a la espa\u00f1ola Inditex relacionado con las ic\u00f3nicas botas de aquella firma que, entre otras caracter\u00edsticas, presentan una l\u00ednea amarilla que bordea el calzado entre\u00a0la suela y el resto de la bota, y una leng\u00fceta sobresaliente posterior.<\/p>\n<p><img decoding=\"async\" class=\"alignnone size-full wp-image-26562 aligncenter\" src=\"http:\/\/rma.legal\/wp-content\/uploads\/2022\/01\/Dr-Martens.png\" alt=\"Dr Martens\" width=\"174\" height=\"193\" \/><\/p>\n<p>Este caso ha sacado de nuevo a la palestra la cuesti\u00f3n relativa a qu\u00e9 elementos de la apariencia de un producto pueden ser protegibles por la v\u00eda de su registro como marca.<\/p>\n<p>El mismo pretexto encontramos nosotros para seguir nuestra serie <span style=\"color: #a42431;\"><strong>#IPBasics<\/strong>\u00a0<strong>by RMA <\/strong><\/span>dedicada a las marcas que denominamos \u201cno convencionales\u201d, y en la que hemos abordado ya\u00a0las\u00a0<a href=\"https:\/\/rma.legal\/es\/2020\/10\/20\/a-que-te-suena-nokia\/\" target=\"_blank\" rel=\"noopener\">sonoras<\/a>, <a href=\"https:\/\/rma.legal\/es\/2021\/01\/26\/y-si-te-digo-netflix\/\" target=\"_blank\" rel=\"noopener\">las multimedia<\/a> y las <a href=\"https:\/\/rma.legal\/es\/2021\/07\/27\/dando-forma-a-las-marcas-de-forma\/\" target=\"_blank\" rel=\"noopener\">3d<\/a>. <strong>Ahora nos referimos a las marcas \u201cde posici\u00f3n\u201d,<\/strong> una figura peculiar y compleja, que suscita no pocos debates como sugiere el t\u00edtulo de nuestro post. Y s\u00ed, Dr. Martens tiene protegido en muchos pa\u00edses el pespunte amarillo, entre otras, como marca de posici\u00f3n.<\/p>\n<ul>\n<li><span style=\"color: #a42431;\"><strong>\u00bfQu\u00e9 son las marcas \u201cde posici\u00f3n\u201d?<\/strong><\/span><\/li>\n<\/ul>\n<p>Son una categor\u00eda propia de marcas constituidas <strong>por la manera espec\u00edfica en que la marca (denominativa, gr\u00e1fica) se coloca o figura en el producto<\/strong>.<\/p>\n<p>La solicitud debe acompa\u00f1arse de una representaci\u00f3n (y opcionalmente, de una descripci\u00f3n) que permita apreciar perfectamente el signo que se protege y la concreta posici\u00f3n, tama\u00f1o y proporci\u00f3n dentro del producto. Es habitual proceder con pespunteado o l\u00edneas discontinuas al trazado del producto para que se aprecie bien la posici\u00f3n que se reivindica dentro del mismo.<\/p>\n<p>Son marcas que van necesariamente ligadas a un objeto, de ah\u00ed que debamos ser rigurosos a la hora de describir los productos reivindicados. Por los mismos motivos, cabr\u00eda plantearse si son susceptibles de aplicarse a servicios y de qu\u00e9 tipo.<\/p>\n<p>Como una imagen vale m\u00e1s que mil palabras, a<strong>qu\u00ed tenemos varios ejemplos de marcas de posici\u00f3n de la UE registradas recientemente.<\/strong><\/p>\n<p>Marca de la UE <a href=\"https:\/\/euipo.europa.eu\/eSearch\/#details\/trademarks\/018525213\" target=\"_blank\" rel=\"noopener\">n\u00ba <strong>018525213<\/strong><\/a> para \u201ccafeteras\u201d en las clases 11 y 21.<\/p>\n<p><img decoding=\"async\" class=\"alignnone size-full wp-image-26563 aligncenter\" src=\"http:\/\/rma.legal\/wp-content\/uploads\/2022\/01\/cafetera.jpg\" alt=\"cafetera\" width=\"172\" height=\"187\" \/><\/p>\n<p>De su representaci\u00f3n se desprende que la marca protege 3 elementos: la denominaci\u00f3n, el perfil de un gallo y la forma de la cresta de un gallo, en la concreta posici\u00f3n en que se incorporan en una cafetera.<\/p>\n<p>Marca de la UE n\u00ba <strong><a href=\"https:\/\/euipo.europa.eu\/eSearch\/#details\/trademarks\/018524002\" target=\"_blank\" rel=\"noopener\">018524002<\/a> <\/strong>para \u201caguas minerales\u201d<img decoding=\"async\" class=\"alignnone wp-image-26564 aligncenter\" src=\"http:\/\/rma.legal\/wp-content\/uploads\/2022\/01\/aguas-300x212.jpg\" alt=\"aguas\" width=\"260\" height=\"184\" srcset=\"https:\/\/rma.legal\/wp-content\/uploads\/2022\/01\/aguas-300x212.jpg 300w, https:\/\/rma.legal\/wp-content\/uploads\/2022\/01\/aguas.jpg 623w\" sizes=\"(max-width: 260px) 100vw, 260px\" \/><\/p>\n<p style=\"text-align: left;\">Se acompa\u00f1a de la siguiente descripci\u00f3n: \u201c<em>consiste en la conjugaci\u00f3n de una gota de color posicionada en el cuarto (1\/4) inferior del envase, con una leng\u00fceta de color en la posici\u00f3n diametralmente opuesta, que no ocupa el cuarto (1\/4) superior del envase y que termina debajo del punto inferior de la gota, y con una tapa de color en la parte superior del eje longitudinal del envase. La l\u00ednea con un trazo interrumpido indica la posici\u00f3n de la marca, pero no constituye un elemento de la marca\u201d<\/em><\/p>\n<p>Y como caso muy reciente, el de la marca <a href=\"https:\/\/euipo.europa.eu\/eSearch\/#details\/trademarks\/018513083\" target=\"_blank\" rel=\"noopener\">n\u00ba <strong>018513083<\/strong><\/a> para autobuses \u201cAlstom\u201d que protege la posici\u00f3n que dicha denominaci\u00f3n ocupa en la parte superior de la puerta derecha del autob\u00fas en la forma en que se aprecia en la representaci\u00f3n:<\/p>\n<p><img loading=\"lazy\" decoding=\"async\" class=\"alignnone size-medium wp-image-26565 aligncenter\" src=\"http:\/\/rma.legal\/wp-content\/uploads\/2022\/01\/autobus-300x149.jpg\" alt=\"autob\u00fas\" width=\"300\" height=\"149\" srcset=\"https:\/\/rma.legal\/wp-content\/uploads\/2022\/01\/autobus-300x149.jpg 300w, https:\/\/rma.legal\/wp-content\/uploads\/2022\/01\/autobus-768x381.jpg 768w, https:\/\/rma.legal\/wp-content\/uploads\/2022\/01\/autobus.jpg 978w\" sizes=\"(max-width: 300px) 100vw, 300px\" \/><\/p>\n<p>Esta marca se ha concedido no solo para autobuses,\u00a0 sino tambi\u00e9n para productos y servicios en las clases 9, 37 y 42 respecto de las que se podr\u00eda debatir c\u00f3mo la marca en cuesti\u00f3n se puede llegar a materializar.<\/p>\n<p>Lo mismo sucede respecto de esta marca registrada n\u00ba <strong>018486284, <\/strong>que ha sido descrita por su titular como<strong> \u201c<\/strong><em>un color rojo aplicado a la base de un envase de tipo farmac\u00e9utico, cosm\u00e9tico y de laboratorio<\/em><strong>\u201d <\/strong>(y no dudamos de que pueda ser distintiva) nos preguntamos c\u00f3mo se materializar\u00e1 respecto de los instrumentos m\u00e9dicos o simuladores m\u00e9dicos para los que ha sido concedida.<\/p>\n<p><img loading=\"lazy\" decoding=\"async\" class=\"alignnone wp-image-26566 aligncenter\" src=\"http:\/\/rma.legal\/wp-content\/uploads\/2022\/01\/envase-225x300.jpg\" alt=\"envase\" width=\"113\" height=\"151\" srcset=\"https:\/\/rma.legal\/wp-content\/uploads\/2022\/01\/envase-225x300.jpg 225w, https:\/\/rma.legal\/wp-content\/uploads\/2022\/01\/envase.jpg 332w\" sizes=\"(max-width: 113px) 100vw, 113px\" \/><\/p>\n<p><strong>Y entre marcas espa\u00f1olas,<\/strong> podemos citar por ejemplo\u00a0las siguientes marcas concedidas para calzado:<\/p>\n<div id='gallery-1' class='gallery galleryid-26561 gallery-columns-2 gallery-size-thumbnail'><figure class='gallery-item'>\n\t\t\t<div class='gallery-icon landscape'>\n\t\t\t\t<a href='https:\/\/rma.legal\/ca\/munich-2\/'><img loading=\"lazy\" decoding=\"async\" width=\"150\" height=\"150\" src=\"https:\/\/rma.legal\/wp-content\/uploads\/2022\/01\/munich-150x150.png\" class=\"attachment-thumbnail size-thumbnail\" alt=\"El &quot;jard\u00edn&quot; de las marcas de posici\u00f3n\" aria-describedby=\"gallery-1-30912\" \/><\/a>\n\t\t\t<\/div>\n\t\t\t\t<figcaption class='wp-caption-text gallery-caption' id='gallery-1-30912'>\n\t\t\t\t\u201cMunich\u201d (ME n\u00ba 4039325)     \n\t\t\t\t<\/figcaption><\/figure><figure class='gallery-item'>\n\t\t\t<div class='gallery-icon portrait'>\n\t\t\t\t<a href='https:\/\/rma.legal\/ca\/camper-2-2\/'><img loading=\"lazy\" decoding=\"async\" width=\"150\" height=\"150\" src=\"https:\/\/rma.legal\/wp-content\/uploads\/2022\/01\/camper-150x150.png\" class=\"attachment-thumbnail size-thumbnail\" alt=\"El &quot;jard\u00edn&quot; de las marcas de posici\u00f3n\" aria-describedby=\"gallery-1-30915\" \/><\/a>\n\t\t\t<\/div>\n\t\t\t\t<figcaption class='wp-caption-text gallery-caption' id='gallery-1-30915'>\n\t\t\t\tCamper (ME n\u00ba 4019003)\n\t\t\t\t<\/figcaption><\/figure>\n\t\t<\/div>\n\n<ul>\n<li>\n<pre>\u201cMunich\u201d (ME n\u00ba <a href=\"https:\/\/consultas2.oepm.es\/ceo\/jsp\/busqueda\/consultaExterna.xhtml?numExp=M4039325\" target=\"_blank\" rel=\"noopener\"><strong>4039325<\/strong><\/a><strong>)<\/strong><\/pre>\n<\/li>\n<li>\n<pre>Camper (<a href=\"https:\/\/www.tmdn.org\/tmview\/#\/tmview\/detail\/ES500000004019003\" target=\"_blank\" rel=\"noopener\">ME n\u00ba 4019003<\/a>)<\/pre>\n<\/li>\n<\/ul>\n<p>Los ejemplos son variados, abarcan un sinf\u00edn de productos distintos, pero los interrogantes que plantean son siempre los mismos: \u00bfqu\u00e9 inter\u00e9s se puede tener en una marca de posici\u00f3n, c\u00f3mo se determina su car\u00e1cter distintivo, y cu\u00e1l es su alcance de protecci\u00f3n o c\u00f3mo se hacen valer despu\u00e9s frente a terceros?<\/p>\n<ul>\n<li><span style=\"color: #a42431;\"><strong>Estad\u00edsticas <\/strong><\/span><\/li>\n<\/ul>\n<p>A d\u00eda de hoy constan registradas 87 marcas de posici\u00f3n en la UE (EUIPO) y solo 4 en la Oficina Espa\u00f1ola de Patentes y Marcas (seg\u00fan base de datos TMVIEW), cifras bajas acordes a la novedad y complejidad de esta figura. En la mayor\u00eda de los casos la misma empresa es titular de otras marcas denominativas o gr\u00e1ficas con lo que la marca de posici\u00f3n viene a erigirse como una protecci\u00f3n adicional o de refuerzo y no la v\u00eda principal de protecci\u00f3n.<\/p>\n<ul>\n<li><span style=\"color: #a42431;\"><strong>\u00bfDistintividad?<\/strong><\/span><\/li>\n<\/ul>\n<p>\u00bfCualquier marca de posici\u00f3n puede ser registrada como marca? La respuesta es obvia: no.<\/p>\n<p>La primera condici\u00f3n es la exigible a cualquier marca,\u00a0<strong>ser\u00a0distintiva<\/strong>\u00a0(art. 5.1 b) Ley de Marcas y 7.1.b Reglamento Marca UE).<strong>\u00a0<\/strong>Los consumidores deben ser capaces de reconocer un origen empresarial en ese elemento <strong>por la posici\u00f3n que ocupa dentro de un producto,<\/strong> y no percibirlo como un mero elemento ornamental o decorativo.<\/p>\n<p>El principal problema consiste <strong>en delimitar la distintividad m\u00ednima necesaria para que una posici\u00f3n concreta tenga el car\u00e1cter diferenciador suficiente para merecer el registro, <\/strong>y con ello, no olvidemos, un derecho de exclusiva que puede llegar a ser ilimitado temporalmente. Y no parece haber un criterio claro al respecto.<\/p>\n<p>As\u00ed, parece que las Oficinas a veces simplemente valoran la posici\u00f3n (si es no o com\u00fan en el sector) para decidir sobre la aptitud distintiva mientras que otras parecen atender tambi\u00e9n a la distintividad del concreto elemento representado. Los distintos ejemplos que hemos apuntado permiten constatar esa falta de uniformidad.<\/p>\n<p>Al analizar la posici\u00f3n en particular, el criterio que parecen seguir es el de <strong>su originalidad para el sector del producto considerado<\/strong>. Cuanto m\u00e1s alejada est\u00e9 de lo que es la pr\u00e1ctica habitual, m\u00e1s f\u00e1cil ser\u00e1 que el consumidor no lo perciba como un elemento est\u00e9tico sino como una verdadera marca, y esto en un contexto en el que ese consumidor no est\u00e1 tan habituado a percibir las posiciones de los signos como verdaderos indicadores de un origen comercial.<\/p>\n<p>Como ello no siempre ser\u00e1 evidente, se tiene especial celo en no conferir exclusivas sobre elementos situados en aquellas posiciones que resultan ser las comunes en la colocaci\u00f3n del signo denominativo o gr\u00e1fico del producto en cuesti\u00f3n, y que deben quedar por tanto de libre uso y disposici\u00f3n para cualquier competidor.<\/p>\n<p>Por ejemplo, esta marca de la UE <a href=\"https:\/\/euipo.europa.eu\/eSearch\/#details\/trademarks\/017362005\" target=\"_blank\" rel=\"noopener\">n\u00ba <strong>017362005<\/strong><\/a> fue rechazada por considerar la\u00a0 EUIPO que la doble barra en la parte superior de las gafas no era susceptible de transmitir un mensaje sobre el origen comercial del producto, sino que se percibir\u00eda como una forma geom\u00e9trica simple, en un contexto en el que un n\u00famero considerable de gafas contienen a\u00f1adidos similares en esa misma posici\u00f3n.<\/p>\n<p><img loading=\"lazy\" decoding=\"async\" class=\"alignnone wp-image-26569 aligncenter\" src=\"http:\/\/rma.legal\/wp-content\/uploads\/2022\/01\/gafas-300x136.jpg\" alt=\"gafas\" width=\"258\" height=\"117\" srcset=\"https:\/\/rma.legal\/wp-content\/uploads\/2022\/01\/gafas-300x136.jpg 300w, https:\/\/rma.legal\/wp-content\/uploads\/2022\/01\/gafas.jpg 609w\" sizes=\"(max-width: 258px) 100vw, 258px\" \/><\/p>\n<p>Ese ser\u00eda tambi\u00e9n el caso de la MUE <a href=\"https:\/\/euipo.europa.eu\/eSearch\/#details\/trademarks\/017458738\" target=\"_blank\" rel=\"noopener\">n\u00ba 017458738<\/a>, que se rechaz\u00f3 por considerar que esas rayas en la manga se percibir\u00edan como un elemento simplemente decorativo. La EUIPO consider\u00f3 que la decoraci\u00f3n en la manga es habitual en el sector, y que ese dise\u00f1o tambi\u00e9n deb\u00eda quedar disponible para su uso por competidores.<\/p>\n<p><img loading=\"lazy\" decoding=\"async\" class=\"wp-image-26570 aligncenter\" src=\"http:\/\/rma.legal\/wp-content\/uploads\/2022\/01\/chaqueta-300x300.jpg\" alt=\"chaqueta\" width=\"131\" height=\"131\" srcset=\"https:\/\/rma.legal\/wp-content\/uploads\/2022\/01\/chaqueta-300x300.jpg 300w, https:\/\/rma.legal\/wp-content\/uploads\/2022\/01\/chaqueta-150x150.jpg 150w, https:\/\/rma.legal\/wp-content\/uploads\/2022\/01\/chaqueta.jpg 451w\" sizes=\"(max-width: 131px) 100vw, 131px\" \/><\/p>\n<p>Viendo los antecedentes, como decimos <strong>no parecen claros los criterios para apreciar la distintividad de una marca de posici\u00f3n<\/strong>. La l\u00ednea entre lo que se considera un \u201celemento decorativo banal\u201d y un signo que alcanza el \u201cgrado m\u00ednimo de distintividad\u201d exigido por la normativa es fin\u00edsima y no siempre f\u00e1cil de predecir.<\/p>\n<p>Recordemos igualmente que la prohibici\u00f3n de falta de distintividad puede salvarse si el titular demuestra que\u00a0<strong>la posici\u00f3n ha adquirido distintividad con el uso<\/strong>. Como es f\u00e1cil de imaginar, determinar en esos casos cu\u00e1ndo un consumidor aprecia distintividad en un signo o cu\u00e1ndo en la posici\u00f3n ser\u00e1 cuesti\u00f3n dif\u00edcil de deslindar.<\/p>\n<p>El otro gran reto es conseguir <strong>delimitar aquello que corresponde proteger a trav\u00e9s de signos distintivos\u00a0de aquello que forma parte del concepto de Dise\u00f1o Industrial, <\/strong>que protege recordemos las innovaciones formales (mientras sean &#8220;novedosas&#8221; y &#8220;singulares&#8221;) y que a diferencia de las marcas tiene una vigencia m\u00e1xima de 25 a\u00f1os. A la delimitaci\u00f3n de ambos conceptos se refiere el inciso final del art. 5.1.e) de la Ley de Marcas (y el art. 7.1.e) iii) del Reglamento MUE) y no hay duda que las marcas de posici\u00f3n son un aut\u00e9ntico reto en la aplicaci\u00f3n de esa prohibici\u00f3n absoluta de registro. \u00bfCu\u00e1ndo es marca y cu\u00e1ndo es dise\u00f1o? \u00bfo cu\u00e1ndo puede ser ambas cosas? Un debate este \u00faltimo apasionante que excede el contenido de nuestro post.<\/p>\n<p>Superadas estas primeras objeciones, estas marcas deber\u00e1n igualmente superar <strong>las restantes prohibiciones absolutas de registro y tambi\u00e9n las relativas<\/strong>, constando en la actualidad pocos casos de oposiciones que nos permitan conocer el criterio seguido por los examinadores o los tribunales cuando se enfrentan al juicio de confundibilidad con marcas de terceros. Nada sencillo se prev\u00e9. Para muestra el archiconocido caso relativo a las suelas rojas de Louboutin frente a Yves Saint Laurent, en el que precisamente se trataba de dilucidar hasta qu\u00e9 punto ese derecho de Louboutin pod\u00eda impedir a YSL el color rojo de una suela en un zapato monocromo (y que acab\u00f3, como se dir\u00eda, en tablas).<\/p>\n<ul>\n<li><span style=\"color: #993300;\"><strong>\u00bfRetos?<\/strong><\/span><\/li>\n<\/ul>\n<p>No se duda de que para determinadas empresas puede ser un mecanismo para obtener una protecci\u00f3n reforzada para sus marcas denominativas o gr\u00e1ficas si estas se est\u00e1n usando en una posici\u00f3n que resulta adem\u00e1s original y poco habitual en el sector. Aunque estrictamente no proceder\u00eda, si el signo en cuesti\u00f3n es adem\u00e1s especialmente distintivo podr\u00e1 contribuir a minimizar el rigor con que parecen estar enjuici\u00e1ndose estas marcas.<\/p>\n<p>Si consigue el registro, <strong>al titular se le otorgar\u00e1 un derecho de exclusiva respecto de la posici\u00f3n en el producto<\/strong>. \u00bfQuiero ello decir que si un tercero coloca una marca id\u00e9ntica o similar en una posici\u00f3n totalmente distinta, el titular no la podr\u00e1 hacer valer? Pues probablemente la de posici\u00f3n no, aunque ese mismo titular tambi\u00e9n tiene normalmente otras marcas denominativas o gr\u00e1ficas que podr\u00e1n desplegar sus efectos, si se aprecia que existe un riesgo de confusi\u00f3n.<\/p>\n<p>Previo\u00a0a invertir tiempo y dinero en lograr el registro de una marca de posici\u00f3n, su titular deber\u00e1 pues hacer ese ejercicio de an\u00e1lisis del mercado y de los competidores para plantearse hasta qu\u00e9 punto esa posici\u00f3n es original o por el contrario, com\u00fan. Y si se sigue convencido de su distintividad, siempre queda la opci\u00f3n, si no se ha divulgado previamente, de intentar el dep\u00f3sito como dise\u00f1o y valorar mientras preparar pruebas de uso con las que, llegado el momento, intentar demostrar una distintividad adquirida.<\/p>\n<p>Pero avanzamos que tampoco ello ser\u00e1 la panacea. Porque como siempre, en el mundo de las marcas, lo importante no es solo registrarlas, es despu\u00e9s hacerlas valer frente a terceros.\u00a0 La clave es su ius prohibendi. Y ah\u00ed ya aventuramos que no ser\u00e1 un camino de rosas.<\/p>\n<p><span style=\"color: #000000;\">Rosa Mart\u00ednez Brines, enero 2022<\/span><\/p>\n<p><span style=\"color: #a42431;\"><strong><span style=\"color: #000000;\">#IPBasics by<\/span>\u00a0<\/strong><a style=\"color: #a42431;\" href=\"http:\/\/www.rma.legal\/\"><strong>RMA<\/strong><\/a><\/span><\/p>\n","protected":false},"excerpt":{"rendered":"<p>Marcas no convencionales: MARCAS DE POSICI\u00d3N (IV) Hace poco nos despert\u00e1bamos con titulares relativos a un pleito en USA\u00a0resuelto a favor de la firma Dr. Martens frente a la espa\u00f1ola Inditex relacionado con las ic\u00f3nicas botas de aquella firma que, entre otras caracter\u00edsticas, presentan una l\u00ednea amarilla que bordea el calzado entre\u00a0la suela y el [&hellip;]<\/p>\n","protected":false},"author":7,"featured_media":0,"comment_status":"closed","ping_status":"closed","sticky":false,"template":"","format":"standard","meta":{"footnotes":""},"categories":[103],"tags":[145,22,23,27,244,40,326,43,51,60],"class_list":["post-26561","post","type-post","status-publish","format-standard","hentry","category-sin-categoria","tag-caracter-distintivo","tag-disenos-ca","tag-distintividad-ca","tag-euipo-ca","tag-formas-que-dan-un-valor-sustancial-al-producto","tag-marcas-ca","tag-marcas-de-posicion","tag-marcas-no-convencionales-ca","tag-oepm-ca","tag-prohibiciones-absolutas-de-registro-ca"],"yoast_head":"<!-- This site is optimized with the Yoast SEO plugin v25.9 - https:\/\/yoast.com\/wordpress\/plugins\/seo\/ -->\n<title>El &quot;jard\u00edn&quot; de las marcas de posici\u00f3n - RMA Advocats<\/title>\n<meta name=\"robots\" content=\"index, follow, max-snippet:-1, max-image-preview:large, max-video-preview:-1\" \/>\n<link rel=\"canonical\" href=\"https:\/\/rma.legal\/ca\/el-jardin-de-las-marcas-de-posicion\/\" \/>\n<meta property=\"og:locale\" content=\"ca_ES\" \/>\n<meta property=\"og:type\" content=\"article\" \/>\n<meta property=\"og:title\" content=\"El &quot;jard\u00edn&quot; de las marcas de posici\u00f3n - RMA Advocats\" \/>\n<meta property=\"og:description\" content=\"Marcas no convencionales: MARCAS DE POSICI\u00d3N (IV) Hace poco nos despert\u00e1bamos con titulares relativos a un pleito en USA\u00a0resuelto a favor de la firma Dr. Martens frente a la espa\u00f1ola Inditex relacionado con las ic\u00f3nicas botas de aquella firma que, entre otras caracter\u00edsticas, presentan una l\u00ednea amarilla que bordea el calzado entre\u00a0la suela y el [&hellip;]\" \/>\n<meta property=\"og:url\" content=\"https:\/\/rma.legal\/ca\/el-jardin-de-las-marcas-de-posicion\/\" \/>\n<meta property=\"og:site_name\" content=\"RMA Advocats\" \/>\n<meta property=\"article:published_time\" content=\"2022-01-12T09:01:36+00:00\" \/>\n<meta property=\"article:modified_time\" content=\"2025-09-15T16:22:57+00:00\" \/>\n<meta property=\"og:image\" content=\"https:\/\/rma.legal\/wp-content\/uploads\/2022\/01\/munich-150x150.png\" \/>\n<meta name=\"author\" content=\"Rosa Martinez Brines\" \/>\n<meta name=\"twitter:card\" content=\"summary_large_image\" \/>\n<meta name=\"twitter:label1\" content=\"Escrit per\" \/>\n\t<meta name=\"twitter:data1\" content=\"Rosa Martinez Brines\" \/>\n\t<meta name=\"twitter:label2\" content=\"Temps estimat de lectura\" \/>\n\t<meta name=\"twitter:data2\" content=\"10 minuts\" \/>\n<script type=\"application\/ld+json\" class=\"yoast-schema-graph\">{\"@context\":\"https:\/\/schema.org\",\"@graph\":[{\"@type\":\"Article\",\"@id\":\"https:\/\/rma.legal\/ca\/el-jardin-de-las-marcas-de-posicion\/#article\",\"isPartOf\":{\"@id\":\"https:\/\/rma.legal\/ca\/el-jardin-de-las-marcas-de-posicion\/\"},\"author\":{\"name\":\"Rosa Martinez Brines\",\"@id\":\"https:\/\/rma.legal\/ca\/#\/schema\/person\/a4e1a584fe52b11a745060a7e9555336\"},\"headline\":\"El &#8220;jard\u00edn&#8221; de las marcas de posici\u00f3n\",\"datePublished\":\"2022-01-12T09:01:36+00:00\",\"dateModified\":\"2025-09-15T16:22:57+00:00\",\"mainEntityOfPage\":{\"@id\":\"https:\/\/rma.legal\/ca\/el-jardin-de-las-marcas-de-posicion\/\"},\"wordCount\":1955,\"publisher\":{\"@id\":\"https:\/\/rma.legal\/ca\/#organization\"},\"image\":{\"@id\":\"https:\/\/rma.legal\/ca\/el-jardin-de-las-marcas-de-posicion\/#primaryimage\"},\"thumbnailUrl\":\"http:\/\/rma.legal\/wp-content\/uploads\/2022\/01\/Dr-Martens.png\",\"keywords\":[\"car\u00e1cter distintivo\",\"dise\u00f1os\",\"distintividad\",\"EUIPO\",\"formas que dan un valor sustancial al producto\",\"marcas\",\"marcas de posici\u00f3n\",\"marcas no convencionales\",\"oepm\",\"prohibiciones absolutas de registro\"],\"articleSection\":[\"Sin categor\u00eda\"],\"inLanguage\":\"ca\"},{\"@type\":\"WebPage\",\"@id\":\"https:\/\/rma.legal\/ca\/el-jardin-de-las-marcas-de-posicion\/\",\"url\":\"https:\/\/rma.legal\/ca\/el-jardin-de-las-marcas-de-posicion\/\",\"name\":\"El \\\"jard\u00edn\\\" de las marcas de posici\u00f3n - RMA Advocats\",\"isPartOf\":{\"@id\":\"https:\/\/rma.legal\/ca\/#website\"},\"primaryImageOfPage\":{\"@id\":\"https:\/\/rma.legal\/ca\/el-jardin-de-las-marcas-de-posicion\/#primaryimage\"},\"image\":{\"@id\":\"https:\/\/rma.legal\/ca\/el-jardin-de-las-marcas-de-posicion\/#primaryimage\"},\"thumbnailUrl\":\"http:\/\/rma.legal\/wp-content\/uploads\/2022\/01\/Dr-Martens.png\",\"datePublished\":\"2022-01-12T09:01:36+00:00\",\"dateModified\":\"2025-09-15T16:22:57+00:00\",\"breadcrumb\":{\"@id\":\"https:\/\/rma.legal\/ca\/el-jardin-de-las-marcas-de-posicion\/#breadcrumb\"},\"inLanguage\":\"ca\",\"potentialAction\":[{\"@type\":\"ReadAction\",\"target\":[\"https:\/\/rma.legal\/ca\/el-jardin-de-las-marcas-de-posicion\/\"]}]},{\"@type\":\"ImageObject\",\"inLanguage\":\"ca\",\"@id\":\"https:\/\/rma.legal\/ca\/el-jardin-de-las-marcas-de-posicion\/#primaryimage\",\"url\":\"http:\/\/rma.legal\/wp-content\/uploads\/2022\/01\/Dr-Martens.png\",\"contentUrl\":\"http:\/\/rma.legal\/wp-content\/uploads\/2022\/01\/Dr-Martens.png\"},{\"@type\":\"BreadcrumbList\",\"@id\":\"https:\/\/rma.legal\/ca\/el-jardin-de-las-marcas-de-posicion\/#breadcrumb\",\"itemListElement\":[{\"@type\":\"ListItem\",\"position\":1,\"name\":\"Portada\",\"item\":\"https:\/\/rma.legal\/ca\/\"},{\"@type\":\"ListItem\",\"position\":2,\"name\":\"El \u00abjard\u00edn\u00bb de las marcas de posici\u00f3n\"}]},{\"@type\":\"WebSite\",\"@id\":\"https:\/\/rma.legal\/ca\/#website\",\"url\":\"https:\/\/rma.legal\/ca\/\",\"name\":\"RMA Advocats\",\"description\":\"RMA Legal Advocats\",\"publisher\":{\"@id\":\"https:\/\/rma.legal\/ca\/#organization\"},\"potentialAction\":[{\"@type\":\"SearchAction\",\"target\":{\"@type\":\"EntryPoint\",\"urlTemplate\":\"https:\/\/rma.legal\/ca\/?s={search_term_string}\"},\"query-input\":{\"@type\":\"PropertyValueSpecification\",\"valueRequired\":true,\"valueName\":\"search_term_string\"}}],\"inLanguage\":\"ca\"},{\"@type\":\"Organization\",\"@id\":\"https:\/\/rma.legal\/ca\/#organization\",\"name\":\"RMA Advocats\",\"url\":\"https:\/\/rma.legal\/ca\/\",\"logo\":{\"@type\":\"ImageObject\",\"inLanguage\":\"ca\",\"@id\":\"https:\/\/rma.legal\/ca\/#\/schema\/logo\/image\/\",\"url\":\"https:\/\/rma.legal\/wp-content\/uploads\/2025\/02\/Logo-rma-legal-invertido-footer-c-1.png\",\"contentUrl\":\"https:\/\/rma.legal\/wp-content\/uploads\/2025\/02\/Logo-rma-legal-invertido-footer-c-1.png\",\"width\":300,\"height\":125,\"caption\":\"RMA Advocats\"},\"image\":{\"@id\":\"https:\/\/rma.legal\/ca\/#\/schema\/logo\/image\/\"}},{\"@type\":\"Person\",\"@id\":\"https:\/\/rma.legal\/ca\/#\/schema\/person\/a4e1a584fe52b11a745060a7e9555336\",\"name\":\"Rosa Martinez Brines\",\"image\":{\"@type\":\"ImageObject\",\"inLanguage\":\"ca\",\"@id\":\"https:\/\/rma.legal\/ca\/#\/schema\/person\/image\/\",\"url\":\"https:\/\/secure.gravatar.com\/avatar\/49ea18deea83f04a80464587e6edea1a4988c405631c31d3a76b657cc4da1334?s=96&d=mm&r=g\",\"contentUrl\":\"https:\/\/secure.gravatar.com\/avatar\/49ea18deea83f04a80464587e6edea1a4988c405631c31d3a76b657cc4da1334?s=96&d=mm&r=g\",\"caption\":\"Rosa Martinez Brines\"},\"url\":\"https:\/\/rma.legal\/ca\/author\/rosa-martinez-brines\/\"}]}<\/script>\n<!-- \/ Yoast SEO plugin. -->","yoast_head_json":{"title":"El \"jard\u00edn\" de las marcas de posici\u00f3n - RMA Advocats","robots":{"index":"index","follow":"follow","max-snippet":"max-snippet:-1","max-image-preview":"max-image-preview:large","max-video-preview":"max-video-preview:-1"},"canonical":"https:\/\/rma.legal\/ca\/el-jardin-de-las-marcas-de-posicion\/","og_locale":"ca_ES","og_type":"article","og_title":"El \"jard\u00edn\" de las marcas de posici\u00f3n - RMA Advocats","og_description":"Marcas no convencionales: MARCAS DE POSICI\u00d3N (IV) Hace poco nos despert\u00e1bamos con titulares relativos a un pleito en USA\u00a0resuelto a favor de la firma Dr. Martens frente a la espa\u00f1ola Inditex relacionado con las ic\u00f3nicas botas de aquella firma que, entre otras caracter\u00edsticas, presentan una l\u00ednea amarilla que bordea el calzado entre\u00a0la suela y el [&hellip;]","og_url":"https:\/\/rma.legal\/ca\/el-jardin-de-las-marcas-de-posicion\/","og_site_name":"RMA Advocats","article_published_time":"2022-01-12T09:01:36+00:00","article_modified_time":"2025-09-15T16:22:57+00:00","og_image":[{"url":"https:\/\/rma.legal\/wp-content\/uploads\/2022\/01\/munich-150x150.png","type":"","width":"","height":""}],"author":"Rosa Martinez Brines","twitter_card":"summary_large_image","twitter_misc":{"Escrit per":"Rosa Martinez Brines","Temps estimat de lectura":"10 minuts"},"schema":{"@context":"https:\/\/schema.org","@graph":[{"@type":"Article","@id":"https:\/\/rma.legal\/ca\/el-jardin-de-las-marcas-de-posicion\/#article","isPartOf":{"@id":"https:\/\/rma.legal\/ca\/el-jardin-de-las-marcas-de-posicion\/"},"author":{"name":"Rosa Martinez Brines","@id":"https:\/\/rma.legal\/ca\/#\/schema\/person\/a4e1a584fe52b11a745060a7e9555336"},"headline":"El &#8220;jard\u00edn&#8221; de las marcas de posici\u00f3n","datePublished":"2022-01-12T09:01:36+00:00","dateModified":"2025-09-15T16:22:57+00:00","mainEntityOfPage":{"@id":"https:\/\/rma.legal\/ca\/el-jardin-de-las-marcas-de-posicion\/"},"wordCount":1955,"publisher":{"@id":"https:\/\/rma.legal\/ca\/#organization"},"image":{"@id":"https:\/\/rma.legal\/ca\/el-jardin-de-las-marcas-de-posicion\/#primaryimage"},"thumbnailUrl":"http:\/\/rma.legal\/wp-content\/uploads\/2022\/01\/Dr-Martens.png","keywords":["car\u00e1cter distintivo","dise\u00f1os","distintividad","EUIPO","formas que dan un valor sustancial al producto","marcas","marcas de posici\u00f3n","marcas no convencionales","oepm","prohibiciones absolutas de registro"],"articleSection":["Sin categor\u00eda"],"inLanguage":"ca"},{"@type":"WebPage","@id":"https:\/\/rma.legal\/ca\/el-jardin-de-las-marcas-de-posicion\/","url":"https:\/\/rma.legal\/ca\/el-jardin-de-las-marcas-de-posicion\/","name":"El \"jard\u00edn\" de las marcas de posici\u00f3n - RMA Advocats","isPartOf":{"@id":"https:\/\/rma.legal\/ca\/#website"},"primaryImageOfPage":{"@id":"https:\/\/rma.legal\/ca\/el-jardin-de-las-marcas-de-posicion\/#primaryimage"},"image":{"@id":"https:\/\/rma.legal\/ca\/el-jardin-de-las-marcas-de-posicion\/#primaryimage"},"thumbnailUrl":"http:\/\/rma.legal\/wp-content\/uploads\/2022\/01\/Dr-Martens.png","datePublished":"2022-01-12T09:01:36+00:00","dateModified":"2025-09-15T16:22:57+00:00","breadcrumb":{"@id":"https:\/\/rma.legal\/ca\/el-jardin-de-las-marcas-de-posicion\/#breadcrumb"},"inLanguage":"ca","potentialAction":[{"@type":"ReadAction","target":["https:\/\/rma.legal\/ca\/el-jardin-de-las-marcas-de-posicion\/"]}]},{"@type":"ImageObject","inLanguage":"ca","@id":"https:\/\/rma.legal\/ca\/el-jardin-de-las-marcas-de-posicion\/#primaryimage","url":"http:\/\/rma.legal\/wp-content\/uploads\/2022\/01\/Dr-Martens.png","contentUrl":"http:\/\/rma.legal\/wp-content\/uploads\/2022\/01\/Dr-Martens.png"},{"@type":"BreadcrumbList","@id":"https:\/\/rma.legal\/ca\/el-jardin-de-las-marcas-de-posicion\/#breadcrumb","itemListElement":[{"@type":"ListItem","position":1,"name":"Portada","item":"https:\/\/rma.legal\/ca\/"},{"@type":"ListItem","position":2,"name":"El \u00abjard\u00edn\u00bb de las marcas de posici\u00f3n"}]},{"@type":"WebSite","@id":"https:\/\/rma.legal\/ca\/#website","url":"https:\/\/rma.legal\/ca\/","name":"RMA Advocats","description":"RMA Legal Advocats","publisher":{"@id":"https:\/\/rma.legal\/ca\/#organization"},"potentialAction":[{"@type":"SearchAction","target":{"@type":"EntryPoint","urlTemplate":"https:\/\/rma.legal\/ca\/?s={search_term_string}"},"query-input":{"@type":"PropertyValueSpecification","valueRequired":true,"valueName":"search_term_string"}}],"inLanguage":"ca"},{"@type":"Organization","@id":"https:\/\/rma.legal\/ca\/#organization","name":"RMA Advocats","url":"https:\/\/rma.legal\/ca\/","logo":{"@type":"ImageObject","inLanguage":"ca","@id":"https:\/\/rma.legal\/ca\/#\/schema\/logo\/image\/","url":"https:\/\/rma.legal\/wp-content\/uploads\/2025\/02\/Logo-rma-legal-invertido-footer-c-1.png","contentUrl":"https:\/\/rma.legal\/wp-content\/uploads\/2025\/02\/Logo-rma-legal-invertido-footer-c-1.png","width":300,"height":125,"caption":"RMA Advocats"},"image":{"@id":"https:\/\/rma.legal\/ca\/#\/schema\/logo\/image\/"}},{"@type":"Person","@id":"https:\/\/rma.legal\/ca\/#\/schema\/person\/a4e1a584fe52b11a745060a7e9555336","name":"Rosa Martinez Brines","image":{"@type":"ImageObject","inLanguage":"ca","@id":"https:\/\/rma.legal\/ca\/#\/schema\/person\/image\/","url":"https:\/\/secure.gravatar.com\/avatar\/49ea18deea83f04a80464587e6edea1a4988c405631c31d3a76b657cc4da1334?s=96&d=mm&r=g","contentUrl":"https:\/\/secure.gravatar.com\/avatar\/49ea18deea83f04a80464587e6edea1a4988c405631c31d3a76b657cc4da1334?s=96&d=mm&r=g","caption":"Rosa Martinez Brines"},"url":"https:\/\/rma.legal\/ca\/author\/rosa-martinez-brines\/"}]}},"_links":{"self":[{"href":"https:\/\/rma.legal\/ca\/wp-json\/wp\/v2\/posts\/26561","targetHints":{"allow":["GET"]}}],"collection":[{"href":"https:\/\/rma.legal\/ca\/wp-json\/wp\/v2\/posts"}],"about":[{"href":"https:\/\/rma.legal\/ca\/wp-json\/wp\/v2\/types\/post"}],"author":[{"embeddable":true,"href":"https:\/\/rma.legal\/ca\/wp-json\/wp\/v2\/users\/7"}],"replies":[{"embeddable":true,"href":"https:\/\/rma.legal\/ca\/wp-json\/wp\/v2\/comments?post=26561"}],"version-history":[{"count":3,"href":"https:\/\/rma.legal\/ca\/wp-json\/wp\/v2\/posts\/26561\/revisions"}],"predecessor-version":[{"id":32057,"href":"https:\/\/rma.legal\/ca\/wp-json\/wp\/v2\/posts\/26561\/revisions\/32057"}],"wp:attachment":[{"href":"https:\/\/rma.legal\/ca\/wp-json\/wp\/v2\/media?parent=26561"}],"wp:term":[{"taxonomy":"category","embeddable":true,"href":"https:\/\/rma.legal\/ca\/wp-json\/wp\/v2\/categories?post=26561"},{"taxonomy":"post_tag","embeddable":true,"href":"https:\/\/rma.legal\/ca\/wp-json\/wp\/v2\/tags?post=26561"}],"curies":[{"name":"wp","href":"https:\/\/api.w.org\/{rel}","templated":true}]}}