{"id":25908,"date":"2019-05-02T10:27:15","date_gmt":"2019-05-02T10:27:15","guid":{"rendered":"http:\/\/rma.legal\/?p=25908"},"modified":"2025-04-15T09:25:40","modified_gmt":"2025-04-15T09:25:40","slug":"d-o-queso-manchego-vs-queso-rocinante-nueva-vuelta-de-tuerca-en-la-proteccion-de-las-denominaciones-de-origen","status":"publish","type":"post","link":"https:\/\/rma.legal\/ca\/d-o-queso-manchego-vs-queso-rocinante-nueva-vuelta-de-tuerca-en-la-proteccion-de-las-denominaciones-de-origen\/","title":{"rendered":"D.O. queso manchego vs queso rocinante. Nueva vuelta de tuerca en la protecci\u00f3n de las denominaciones de origen"},"content":{"rendered":"<p>&nbsp;<\/p>\n<p><img fetchpriority=\"high\" decoding=\"async\" class=\"alignnone size-medium wp-image-25909 aligncenter\" src=\"http:\/\/rma.legal\/wp-content\/uploads\/2019\/05\/queso-manchego-300x212.jpg\" alt=\"queso-manchego\" width=\"300\" height=\"212\" srcset=\"https:\/\/rma.legal\/wp-content\/uploads\/2019\/05\/queso-manchego-300x212.jpg 300w, https:\/\/rma.legal\/wp-content\/uploads\/2019\/05\/queso-manchego-1024x724.jpg 1024w, https:\/\/rma.legal\/wp-content\/uploads\/2019\/05\/queso-manchego-768x543.jpg 768w, https:\/\/rma.legal\/wp-content\/uploads\/2019\/05\/queso-manchego.jpg 1053w\" sizes=\"(max-width: 300px) 100vw, 300px\" \/><\/p>\n<p>Hoy 2 de mayo de 2019 el Tribunal de Justicia de la Uni\u00f3n Europea ha dictado <a href=\"http:\/\/curia.europa.eu\/juris\/document\/document.jsf?text=&amp;docid=213589&amp;pageIndex=0&amp;doclang=ES&amp;mode=req&amp;dir=&amp;occ=first&amp;part=1&amp;cid=1003870\">Sentencia<\/a> y <a href=\"https:\/\/curia.europa.eu\/jcms\/upload\/docs\/application\/pdf\/2019-05\/cp190055es.pdf\">nota de prensa posterior<\/a> en el asunto C-614\/16 entre la <strong>Fundaci\u00f3n Consejo Regulador de la Denominaci\u00f3n de Origen Protegida Queso Manchego<\/strong> e Industrial Quesera Cuquerella, S.L., de las que queremos hacernos eco.<\/p>\n<p>Se trata de una sentencia dictada en una <strong>cuesti\u00f3n prejudicial planteada por el Tribunal Supremo espa\u00f1ol<\/strong> y que interroga al Tribunal de Justicia con respecto al alcance de lo que debe entenderse por &#8220;<strong>evocaci\u00f3n<\/strong>&#8221; de una DOP (art. 13 Reglamento\u00a0\u00a0510\/2006 del Consejo\u00a0 de 20\/5\/2006 sobre la protecci\u00f3n de las indicaciones geogr\u00e1ficas y de las denominaciones de origen de los productos agr\u00edcolas y alimenticios)<\/p>\n<p>En este caso un productor de queso de la regi\u00f3n manchega que no forma parte de la DOP <strong>utiliza en tres de sus productos representaciones gr\u00e1ficas de un caballo fam\u00e9lico y enjuto, s\u00f3lo o montado por un caballero\u00a0 (que recordar\u00eda a Don Quijote)<\/strong>,<strong> junto con unos paisajes con molinos de viento y ovejas, y el t\u00e9rmino \u201cQueso Rocinante\u201d<\/strong> (como es de sobras conocido, el nombre del caballo de Don Quijote en la obra Don Quijote de la Mancha de Miguel de Cervantes). La Fundaci\u00f3n Queso Manchego hab\u00eda visto su demanda desestimada tanto en primera instancia como en apelaci\u00f3n, por considerarse esencialmente que \u201ce<em>l uso en el etiquetado de estos quesos de paisajes manchegos y de figuras propias de la Mancha lleva a que el consumidor piense en la regi\u00f3n de la Mancha, pero no necesariamente en el queso amparado por la DOP \u00abqueso manchego<\/em>\u00bb. Frente a esta \u00faltima resoluci\u00f3n se hab\u00eda interpuesto recurso ante el Alto Tribunal.<\/p>\n<p><img decoding=\"async\" class=\" wp-image-25910 aligncenter\" src=\"http:\/\/rma.legal\/wp-content\/uploads\/2019\/05\/Rocinante-300x300.jpg\" alt=\"Rocinante\" width=\"215\" height=\"215\" srcset=\"https:\/\/rma.legal\/wp-content\/uploads\/2019\/05\/Rocinante-300x300.jpg 300w, https:\/\/rma.legal\/wp-content\/uploads\/2019\/05\/Rocinante-150x150.jpg 150w, https:\/\/rma.legal\/wp-content\/uploads\/2019\/05\/Rocinante.jpg 385w\" sizes=\"(max-width: 215px) 100vw, 215px\" \/><\/p>\n<p>Y el Tribunal de Justicia acaba sentando que <strong>la evocaci\u00f3n de una denominaci\u00f3n registrada puede producirse mediante el uso de signos figurativos<\/strong>, pues no en balde el art. 13 del\u00a0<a href=\"https:\/\/www.boe.es\/doue\/2006\/093\/L00012-00025.pdf\">Reglamento<\/a> al efecto aplicable habla de \u201ctoda evocaci\u00f3n\u201d, por lo que considera que la evocaci\u00f3n no viene para nada limitada a los elementos denominativos a considerar.<\/p>\n<p>A\u00f1ade adem\u00e1s que la utilizaci\u00f3n de signos figurativos que evoquen la zona geogr\u00e1fica a la que est\u00e1 vinculada una denominaci\u00f3n de origen puede constituir una evocaci\u00f3n de esa denominaci\u00f3n, incluso en el caso en que dichos signos figurativos sean utilizados por un productor establecido en esa misma regi\u00f3n pero cuyos productos, similares o comparables a los productos protegidos por dicha denominaci\u00f3n de origen, no est\u00e9n cubiertos por esta \u00faltima.<\/p>\n<p><strong>El tribunal nacional deber\u00e1 ahora comprobar si los signos figurativos<\/strong> de que se trata, en particular los que contienen el dibujo de un caballero que se asemeja a las representaciones habituales de Don Quijote de La Mancha, de un caballo fam\u00e9lico y de paisajes con molinos de viento y ovejas, <strong>pueden crear una proximidad conceptual tal con la DOP \u00abqueso manchego\u00bb<\/strong> que el consumidor tendr\u00e1 directamente en su mente, como imagen de referencia, el producto protegido por esta DOP. A este respecto, el Tribunal Supremo deber\u00e1 asimismo dilucidar si procede tomar en consideraci\u00f3n conjuntamente todos los signos \u2015figurativos y denominativos\u2015 que aparecen en las etiquetas de los productos en cuesti\u00f3n, a fin de llevar a cabo un examen global que tenga en cuenta todos los elementos que est\u00e9n dotados de un potencial evocador.<\/p>\n<p>Y termina se\u00f1alando el TJUE que en cuanto al consumidor al que debe atenderse, corresponder\u00e1 al Tribunal Supremo determinar si los elementos, tanto figurativos como denominativos, relacionados con el producto en cuesti\u00f3n, fabricado o consumido mayoritariamente en Espa\u00f1a, evocan en la mente de los consumidores de este Estado miembro la imagen de una denominaci\u00f3n registrada, denominaci\u00f3n que, en tal caso, deber\u00e1 ser protegida frente a una evocaci\u00f3n que pueda tener lugar en cualquier parte del territorio de la Uni\u00f3n.<\/p>\n<p>La pelota vuelve a estar pues en el campo del Tribunal Supremo. Seguiremos dando cuenta de la evoluci\u00f3n de este tan interesante tema.<\/p>\n<p>&nbsp;<\/p>\n<p>&nbsp;<\/p>\n","protected":false},"excerpt":{"rendered":"<p>&nbsp; Hoy 2 de mayo de 2019 el Tribunal de Justicia de la Uni\u00f3n Europea ha dictado Sentencia y nota de prensa posterior en el asunto C-614\/16 entre la Fundaci\u00f3n Consejo Regulador de la Denominaci\u00f3n de Origen Protegida Queso Manchego e Industrial Quesera Cuquerella, S.L., de las que queremos hacernos eco. Se trata de una [&hellip;]<\/p>\n","protected":false},"author":3,"featured_media":0,"comment_status":"closed","ping_status":"open","sticky":false,"template":"","format":"standard","meta":{"footnotes":""},"categories":[103],"tags":[178,187,234,40,464,465,479],"class_list":["post-25908","post","type-post","status-publish","format-standard","hentry","category-sin-categoria","tag-cuestion-prejudicial","tag-denominacion-de-origen","tag-evocacion","tag-marcas-ca","tag-signo-figurativo","tag-similitud-conceptual","tag-tribunal-de-justicia-ue"],"yoast_head":"<!-- This site is optimized with the Yoast SEO plugin v25.9 - https:\/\/yoast.com\/wordpress\/plugins\/seo\/ -->\n<title>D.O. queso manchego vs queso rocinante. Nueva vuelta de tuerca en la protecci\u00f3n de las denominaciones de origen - RMA Advocats<\/title>\n<meta name=\"robots\" content=\"index, follow, max-snippet:-1, max-image-preview:large, max-video-preview:-1\" \/>\n<link rel=\"canonical\" href=\"https:\/\/rma.legal\/ca\/d-o-queso-manchego-vs-queso-rocinante-nueva-vuelta-de-tuerca-en-la-proteccion-de-las-denominaciones-de-origen\/\" \/>\n<meta property=\"og:locale\" content=\"ca_ES\" \/>\n<meta property=\"og:type\" content=\"article\" \/>\n<meta property=\"og:title\" content=\"D.O. queso manchego vs queso rocinante. Nueva vuelta de tuerca en la protecci\u00f3n de las denominaciones de origen - RMA Advocats\" \/>\n<meta property=\"og:description\" content=\"&nbsp; Hoy 2 de mayo de 2019 el Tribunal de Justicia de la Uni\u00f3n Europea ha dictado Sentencia y nota de prensa posterior en el asunto C-614\/16 entre la Fundaci\u00f3n Consejo Regulador de la Denominaci\u00f3n de Origen Protegida Queso Manchego e Industrial Quesera Cuquerella, S.L., de las que queremos hacernos eco. Se trata de una [&hellip;]\" \/>\n<meta property=\"og:url\" content=\"https:\/\/rma.legal\/ca\/d-o-queso-manchego-vs-queso-rocinante-nueva-vuelta-de-tuerca-en-la-proteccion-de-las-denominaciones-de-origen\/\" \/>\n<meta property=\"og:site_name\" content=\"RMA Advocats\" \/>\n<meta property=\"article:published_time\" content=\"2019-05-02T10:27:15+00:00\" \/>\n<meta property=\"article:modified_time\" content=\"2025-04-15T09:25:40+00:00\" \/>\n<meta property=\"og:image\" content=\"http:\/\/rma.legal\/wp-content\/uploads\/2019\/05\/queso-manchego-300x212.jpg\" \/>\n<meta name=\"author\" content=\"Anton\u00ed Roman\u00ed\" \/>\n<meta name=\"twitter:card\" content=\"summary_large_image\" \/>\n<meta name=\"twitter:label1\" content=\"Escrit per\" \/>\n\t<meta name=\"twitter:data1\" content=\"Anton\u00ed Roman\u00ed\" \/>\n\t<meta name=\"twitter:label2\" content=\"Temps estimat de lectura\" \/>\n\t<meta name=\"twitter:data2\" content=\"3 minuts\" \/>\n<script type=\"application\/ld+json\" class=\"yoast-schema-graph\">{\"@context\":\"https:\/\/schema.org\",\"@graph\":[{\"@type\":\"Article\",\"@id\":\"https:\/\/rma.legal\/ca\/d-o-queso-manchego-vs-queso-rocinante-nueva-vuelta-de-tuerca-en-la-proteccion-de-las-denominaciones-de-origen\/#article\",\"isPartOf\":{\"@id\":\"https:\/\/rma.legal\/ca\/d-o-queso-manchego-vs-queso-rocinante-nueva-vuelta-de-tuerca-en-la-proteccion-de-las-denominaciones-de-origen\/\"},\"author\":{\"name\":\"Anton\u00ed Roman\u00ed\",\"@id\":\"https:\/\/rma.legal\/ca\/#\/schema\/person\/b63c3bc485a4ceb80b0f23d3247c6ac3\"},\"headline\":\"D.O. queso manchego vs queso rocinante. Nueva vuelta de tuerca en la protecci\u00f3n de las denominaciones de origen\",\"datePublished\":\"2019-05-02T10:27:15+00:00\",\"dateModified\":\"2025-04-15T09:25:40+00:00\",\"mainEntityOfPage\":{\"@id\":\"https:\/\/rma.legal\/ca\/d-o-queso-manchego-vs-queso-rocinante-nueva-vuelta-de-tuerca-en-la-proteccion-de-las-denominaciones-de-origen\/\"},\"wordCount\":696,\"publisher\":{\"@id\":\"https:\/\/rma.legal\/ca\/#organization\"},\"image\":{\"@id\":\"https:\/\/rma.legal\/ca\/d-o-queso-manchego-vs-queso-rocinante-nueva-vuelta-de-tuerca-en-la-proteccion-de-las-denominaciones-de-origen\/#primaryimage\"},\"thumbnailUrl\":\"http:\/\/rma.legal\/wp-content\/uploads\/2019\/05\/queso-manchego-300x212.jpg\",\"keywords\":[\"cuesti\u00f3n prejudicial\",\"denominacion de origen\",\"evocaci\u00f3n\",\"marcas\",\"signo figurativo\",\"similitud conceptual\",\"tribunal de justicia ue\"],\"articleSection\":[\"Sin categor\u00eda\"],\"inLanguage\":\"ca\"},{\"@type\":\"WebPage\",\"@id\":\"https:\/\/rma.legal\/ca\/d-o-queso-manchego-vs-queso-rocinante-nueva-vuelta-de-tuerca-en-la-proteccion-de-las-denominaciones-de-origen\/\",\"url\":\"https:\/\/rma.legal\/ca\/d-o-queso-manchego-vs-queso-rocinante-nueva-vuelta-de-tuerca-en-la-proteccion-de-las-denominaciones-de-origen\/\",\"name\":\"D.O. queso manchego vs queso rocinante. Nueva vuelta de tuerca en la protecci\u00f3n de las denominaciones de origen - RMA Advocats\",\"isPartOf\":{\"@id\":\"https:\/\/rma.legal\/ca\/#website\"},\"primaryImageOfPage\":{\"@id\":\"https:\/\/rma.legal\/ca\/d-o-queso-manchego-vs-queso-rocinante-nueva-vuelta-de-tuerca-en-la-proteccion-de-las-denominaciones-de-origen\/#primaryimage\"},\"image\":{\"@id\":\"https:\/\/rma.legal\/ca\/d-o-queso-manchego-vs-queso-rocinante-nueva-vuelta-de-tuerca-en-la-proteccion-de-las-denominaciones-de-origen\/#primaryimage\"},\"thumbnailUrl\":\"http:\/\/rma.legal\/wp-content\/uploads\/2019\/05\/queso-manchego-300x212.jpg\",\"datePublished\":\"2019-05-02T10:27:15+00:00\",\"dateModified\":\"2025-04-15T09:25:40+00:00\",\"breadcrumb\":{\"@id\":\"https:\/\/rma.legal\/ca\/d-o-queso-manchego-vs-queso-rocinante-nueva-vuelta-de-tuerca-en-la-proteccion-de-las-denominaciones-de-origen\/#breadcrumb\"},\"inLanguage\":\"ca\",\"potentialAction\":[{\"@type\":\"ReadAction\",\"target\":[\"https:\/\/rma.legal\/ca\/d-o-queso-manchego-vs-queso-rocinante-nueva-vuelta-de-tuerca-en-la-proteccion-de-las-denominaciones-de-origen\/\"]}]},{\"@type\":\"ImageObject\",\"inLanguage\":\"ca\",\"@id\":\"https:\/\/rma.legal\/ca\/d-o-queso-manchego-vs-queso-rocinante-nueva-vuelta-de-tuerca-en-la-proteccion-de-las-denominaciones-de-origen\/#primaryimage\",\"url\":\"http:\/\/rma.legal\/wp-content\/uploads\/2019\/05\/queso-manchego-300x212.jpg\",\"contentUrl\":\"http:\/\/rma.legal\/wp-content\/uploads\/2019\/05\/queso-manchego-300x212.jpg\"},{\"@type\":\"BreadcrumbList\",\"@id\":\"https:\/\/rma.legal\/ca\/d-o-queso-manchego-vs-queso-rocinante-nueva-vuelta-de-tuerca-en-la-proteccion-de-las-denominaciones-de-origen\/#breadcrumb\",\"itemListElement\":[{\"@type\":\"ListItem\",\"position\":1,\"name\":\"Portada\",\"item\":\"https:\/\/rma.legal\/ca\/\"},{\"@type\":\"ListItem\",\"position\":2,\"name\":\"D.O. queso manchego vs queso rocinante. Nueva vuelta de tuerca en la protecci\u00f3n de las denominaciones de origen\"}]},{\"@type\":\"WebSite\",\"@id\":\"https:\/\/rma.legal\/ca\/#website\",\"url\":\"https:\/\/rma.legal\/ca\/\",\"name\":\"RMA Advocats\",\"description\":\"RMA Legal Advocats\",\"publisher\":{\"@id\":\"https:\/\/rma.legal\/ca\/#organization\"},\"potentialAction\":[{\"@type\":\"SearchAction\",\"target\":{\"@type\":\"EntryPoint\",\"urlTemplate\":\"https:\/\/rma.legal\/ca\/?s={search_term_string}\"},\"query-input\":{\"@type\":\"PropertyValueSpecification\",\"valueRequired\":true,\"valueName\":\"search_term_string\"}}],\"inLanguage\":\"ca\"},{\"@type\":\"Organization\",\"@id\":\"https:\/\/rma.legal\/ca\/#organization\",\"name\":\"RMA Advocats\",\"url\":\"https:\/\/rma.legal\/ca\/\",\"logo\":{\"@type\":\"ImageObject\",\"inLanguage\":\"ca\",\"@id\":\"https:\/\/rma.legal\/ca\/#\/schema\/logo\/image\/\",\"url\":\"https:\/\/rma.legal\/wp-content\/uploads\/2025\/02\/Logo-rma-legal-invertido-footer-c-1.png\",\"contentUrl\":\"https:\/\/rma.legal\/wp-content\/uploads\/2025\/02\/Logo-rma-legal-invertido-footer-c-1.png\",\"width\":300,\"height\":125,\"caption\":\"RMA Advocats\"},\"image\":{\"@id\":\"https:\/\/rma.legal\/ca\/#\/schema\/logo\/image\/\"}},{\"@type\":\"Person\",\"@id\":\"https:\/\/rma.legal\/ca\/#\/schema\/person\/b63c3bc485a4ceb80b0f23d3247c6ac3\",\"name\":\"Anton\u00ed Roman\u00ed\",\"image\":{\"@type\":\"ImageObject\",\"inLanguage\":\"ca\",\"@id\":\"https:\/\/rma.legal\/ca\/#\/schema\/person\/image\/\",\"url\":\"https:\/\/secure.gravatar.com\/avatar\/f934a14d345552e589afbf4971cccbf6e435fea0dbed264e7156edbc39bd634b?s=96&d=mm&r=g\",\"contentUrl\":\"https:\/\/secure.gravatar.com\/avatar\/f934a14d345552e589afbf4971cccbf6e435fea0dbed264e7156edbc39bd634b?s=96&d=mm&r=g\",\"caption\":\"Anton\u00ed Roman\u00ed\"},\"url\":\"https:\/\/rma.legal\/ca\/author\/romani-martinez\/\"}]}<\/script>\n<!-- \/ Yoast SEO plugin. -->","yoast_head_json":{"title":"D.O. queso manchego vs queso rocinante. Nueva vuelta de tuerca en la protecci\u00f3n de las denominaciones de origen - RMA Advocats","robots":{"index":"index","follow":"follow","max-snippet":"max-snippet:-1","max-image-preview":"max-image-preview:large","max-video-preview":"max-video-preview:-1"},"canonical":"https:\/\/rma.legal\/ca\/d-o-queso-manchego-vs-queso-rocinante-nueva-vuelta-de-tuerca-en-la-proteccion-de-las-denominaciones-de-origen\/","og_locale":"ca_ES","og_type":"article","og_title":"D.O. queso manchego vs queso rocinante. Nueva vuelta de tuerca en la protecci\u00f3n de las denominaciones de origen - RMA Advocats","og_description":"&nbsp; Hoy 2 de mayo de 2019 el Tribunal de Justicia de la Uni\u00f3n Europea ha dictado Sentencia y nota de prensa posterior en el asunto C-614\/16 entre la Fundaci\u00f3n Consejo Regulador de la Denominaci\u00f3n de Origen Protegida Queso Manchego e Industrial Quesera Cuquerella, S.L., de las que queremos hacernos eco. Se trata de una [&hellip;]","og_url":"https:\/\/rma.legal\/ca\/d-o-queso-manchego-vs-queso-rocinante-nueva-vuelta-de-tuerca-en-la-proteccion-de-las-denominaciones-de-origen\/","og_site_name":"RMA Advocats","article_published_time":"2019-05-02T10:27:15+00:00","article_modified_time":"2025-04-15T09:25:40+00:00","og_image":[{"url":"http:\/\/rma.legal\/wp-content\/uploads\/2019\/05\/queso-manchego-300x212.jpg","type":"","width":"","height":""}],"author":"Anton\u00ed Roman\u00ed","twitter_card":"summary_large_image","twitter_misc":{"Escrit per":"Anton\u00ed Roman\u00ed","Temps estimat de lectura":"3 minuts"},"schema":{"@context":"https:\/\/schema.org","@graph":[{"@type":"Article","@id":"https:\/\/rma.legal\/ca\/d-o-queso-manchego-vs-queso-rocinante-nueva-vuelta-de-tuerca-en-la-proteccion-de-las-denominaciones-de-origen\/#article","isPartOf":{"@id":"https:\/\/rma.legal\/ca\/d-o-queso-manchego-vs-queso-rocinante-nueva-vuelta-de-tuerca-en-la-proteccion-de-las-denominaciones-de-origen\/"},"author":{"name":"Anton\u00ed Roman\u00ed","@id":"https:\/\/rma.legal\/ca\/#\/schema\/person\/b63c3bc485a4ceb80b0f23d3247c6ac3"},"headline":"D.O. queso manchego vs queso rocinante. Nueva vuelta de tuerca en la protecci\u00f3n de las denominaciones de origen","datePublished":"2019-05-02T10:27:15+00:00","dateModified":"2025-04-15T09:25:40+00:00","mainEntityOfPage":{"@id":"https:\/\/rma.legal\/ca\/d-o-queso-manchego-vs-queso-rocinante-nueva-vuelta-de-tuerca-en-la-proteccion-de-las-denominaciones-de-origen\/"},"wordCount":696,"publisher":{"@id":"https:\/\/rma.legal\/ca\/#organization"},"image":{"@id":"https:\/\/rma.legal\/ca\/d-o-queso-manchego-vs-queso-rocinante-nueva-vuelta-de-tuerca-en-la-proteccion-de-las-denominaciones-de-origen\/#primaryimage"},"thumbnailUrl":"http:\/\/rma.legal\/wp-content\/uploads\/2019\/05\/queso-manchego-300x212.jpg","keywords":["cuesti\u00f3n prejudicial","denominacion de origen","evocaci\u00f3n","marcas","signo figurativo","similitud conceptual","tribunal de justicia ue"],"articleSection":["Sin categor\u00eda"],"inLanguage":"ca"},{"@type":"WebPage","@id":"https:\/\/rma.legal\/ca\/d-o-queso-manchego-vs-queso-rocinante-nueva-vuelta-de-tuerca-en-la-proteccion-de-las-denominaciones-de-origen\/","url":"https:\/\/rma.legal\/ca\/d-o-queso-manchego-vs-queso-rocinante-nueva-vuelta-de-tuerca-en-la-proteccion-de-las-denominaciones-de-origen\/","name":"D.O. queso manchego vs queso rocinante. Nueva vuelta de tuerca en la protecci\u00f3n de las denominaciones de origen - RMA Advocats","isPartOf":{"@id":"https:\/\/rma.legal\/ca\/#website"},"primaryImageOfPage":{"@id":"https:\/\/rma.legal\/ca\/d-o-queso-manchego-vs-queso-rocinante-nueva-vuelta-de-tuerca-en-la-proteccion-de-las-denominaciones-de-origen\/#primaryimage"},"image":{"@id":"https:\/\/rma.legal\/ca\/d-o-queso-manchego-vs-queso-rocinante-nueva-vuelta-de-tuerca-en-la-proteccion-de-las-denominaciones-de-origen\/#primaryimage"},"thumbnailUrl":"http:\/\/rma.legal\/wp-content\/uploads\/2019\/05\/queso-manchego-300x212.jpg","datePublished":"2019-05-02T10:27:15+00:00","dateModified":"2025-04-15T09:25:40+00:00","breadcrumb":{"@id":"https:\/\/rma.legal\/ca\/d-o-queso-manchego-vs-queso-rocinante-nueva-vuelta-de-tuerca-en-la-proteccion-de-las-denominaciones-de-origen\/#breadcrumb"},"inLanguage":"ca","potentialAction":[{"@type":"ReadAction","target":["https:\/\/rma.legal\/ca\/d-o-queso-manchego-vs-queso-rocinante-nueva-vuelta-de-tuerca-en-la-proteccion-de-las-denominaciones-de-origen\/"]}]},{"@type":"ImageObject","inLanguage":"ca","@id":"https:\/\/rma.legal\/ca\/d-o-queso-manchego-vs-queso-rocinante-nueva-vuelta-de-tuerca-en-la-proteccion-de-las-denominaciones-de-origen\/#primaryimage","url":"http:\/\/rma.legal\/wp-content\/uploads\/2019\/05\/queso-manchego-300x212.jpg","contentUrl":"http:\/\/rma.legal\/wp-content\/uploads\/2019\/05\/queso-manchego-300x212.jpg"},{"@type":"BreadcrumbList","@id":"https:\/\/rma.legal\/ca\/d-o-queso-manchego-vs-queso-rocinante-nueva-vuelta-de-tuerca-en-la-proteccion-de-las-denominaciones-de-origen\/#breadcrumb","itemListElement":[{"@type":"ListItem","position":1,"name":"Portada","item":"https:\/\/rma.legal\/ca\/"},{"@type":"ListItem","position":2,"name":"D.O. queso manchego vs queso rocinante. Nueva vuelta de tuerca en la protecci\u00f3n de las denominaciones de origen"}]},{"@type":"WebSite","@id":"https:\/\/rma.legal\/ca\/#website","url":"https:\/\/rma.legal\/ca\/","name":"RMA Advocats","description":"RMA Legal Advocats","publisher":{"@id":"https:\/\/rma.legal\/ca\/#organization"},"potentialAction":[{"@type":"SearchAction","target":{"@type":"EntryPoint","urlTemplate":"https:\/\/rma.legal\/ca\/?s={search_term_string}"},"query-input":{"@type":"PropertyValueSpecification","valueRequired":true,"valueName":"search_term_string"}}],"inLanguage":"ca"},{"@type":"Organization","@id":"https:\/\/rma.legal\/ca\/#organization","name":"RMA Advocats","url":"https:\/\/rma.legal\/ca\/","logo":{"@type":"ImageObject","inLanguage":"ca","@id":"https:\/\/rma.legal\/ca\/#\/schema\/logo\/image\/","url":"https:\/\/rma.legal\/wp-content\/uploads\/2025\/02\/Logo-rma-legal-invertido-footer-c-1.png","contentUrl":"https:\/\/rma.legal\/wp-content\/uploads\/2025\/02\/Logo-rma-legal-invertido-footer-c-1.png","width":300,"height":125,"caption":"RMA Advocats"},"image":{"@id":"https:\/\/rma.legal\/ca\/#\/schema\/logo\/image\/"}},{"@type":"Person","@id":"https:\/\/rma.legal\/ca\/#\/schema\/person\/b63c3bc485a4ceb80b0f23d3247c6ac3","name":"Anton\u00ed Roman\u00ed","image":{"@type":"ImageObject","inLanguage":"ca","@id":"https:\/\/rma.legal\/ca\/#\/schema\/person\/image\/","url":"https:\/\/secure.gravatar.com\/avatar\/f934a14d345552e589afbf4971cccbf6e435fea0dbed264e7156edbc39bd634b?s=96&d=mm&r=g","contentUrl":"https:\/\/secure.gravatar.com\/avatar\/f934a14d345552e589afbf4971cccbf6e435fea0dbed264e7156edbc39bd634b?s=96&d=mm&r=g","caption":"Anton\u00ed Roman\u00ed"},"url":"https:\/\/rma.legal\/ca\/author\/romani-martinez\/"}]}},"_links":{"self":[{"href":"https:\/\/rma.legal\/ca\/wp-json\/wp\/v2\/posts\/25908","targetHints":{"allow":["GET"]}}],"collection":[{"href":"https:\/\/rma.legal\/ca\/wp-json\/wp\/v2\/posts"}],"about":[{"href":"https:\/\/rma.legal\/ca\/wp-json\/wp\/v2\/types\/post"}],"author":[{"embeddable":true,"href":"https:\/\/rma.legal\/ca\/wp-json\/wp\/v2\/users\/3"}],"replies":[{"embeddable":true,"href":"https:\/\/rma.legal\/ca\/wp-json\/wp\/v2\/comments?post=25908"}],"version-history":[{"count":2,"href":"https:\/\/rma.legal\/ca\/wp-json\/wp\/v2\/posts\/25908\/revisions"}],"predecessor-version":[{"id":30333,"href":"https:\/\/rma.legal\/ca\/wp-json\/wp\/v2\/posts\/25908\/revisions\/30333"}],"wp:attachment":[{"href":"https:\/\/rma.legal\/ca\/wp-json\/wp\/v2\/media?parent=25908"}],"wp:term":[{"taxonomy":"category","embeddable":true,"href":"https:\/\/rma.legal\/ca\/wp-json\/wp\/v2\/categories?post=25908"},{"taxonomy":"post_tag","embeddable":true,"href":"https:\/\/rma.legal\/ca\/wp-json\/wp\/v2\/tags?post=25908"}],"curies":[{"name":"wp","href":"https:\/\/api.w.org\/{rel}","templated":true}]}}