{"id":25872,"date":"2019-03-13T13:08:04","date_gmt":"2019-03-13T13:08:04","guid":{"rendered":"http:\/\/rma.legal\/?p=25872"},"modified":"2025-04-15T10:32:37","modified_gmt":"2025-04-15T10:32:37","slug":"oh-my-god-brexit-is-coming-or-not","status":"publish","type":"post","link":"https:\/\/rma.legal\/ca\/oh-my-god-brexit-is-coming-or-not\/","title":{"rendered":"Oh my god! Brexit is coming&#8230; or not"},"content":{"rendered":"<p>&nbsp;<br \/>\n<img fetchpriority=\"high\" decoding=\"async\" class=\"alignnone size-medium wp-image-25874 aligncenter\" src=\"http:\/\/rma.legal\/wp-content\/uploads\/2019\/03\/brexit2-300x169.jpg\" alt=\"brexit2\" width=\"300\" height=\"169\" srcset=\"https:\/\/rma.legal\/wp-content\/uploads\/2019\/03\/brexit2-300x169.jpg 300w, https:\/\/rma.legal\/wp-content\/uploads\/2019\/03\/brexit2.jpg 660w\" sizes=\"(max-width: 300px) 100vw, 300px\" \/><\/p>\n<p>Hemos o\u00eddo hablar tanto del Brexit que podemos haber llegado al punto de la saturaci\u00f3n y a dejar\u00a0de prestar atenci\u00f3n\u00a0 pero ya est\u00e1 aqu\u00ed \u2026 o no. Salvo que se acuerde prorrogar la fecha del Brexit (algo que a d\u00eda de hoy no puede descartarse), <strong>el pr\u00f3ximo 29 de marzo se har\u00e1 efectiva la salida del Reino Unido de la Uni\u00f3n Europea. <\/strong><\/p>\n<p>Que, como parece previsible, no haya acuerdo entre el Reino Unido y la UE, no significa en materia de <strong>propiedad industrial<\/strong>\u00a0que llegue el caos. La falta de acuerdo implica que cada una de las partes afectadas, Reino Unido y UE, decidir\u00e1n unilateralmente la consideraci\u00f3n y regulaci\u00f3n que los registros del otro lado del mar tendr\u00e1n en su propio territorio.<\/p>\n<p>El objetivo de este post es simplemente efectuar un <strong>breve resumen <\/strong>de los aspectos, entendemos, m\u00e1s relevantes<strong> de la regulaci\u00f3n y pr\u00e1ctica establecida tanto por la Oficina del Reino Unido como por la Oficina de Propiedad Intelectual de la UE (EUIPO) en materia de marcas y dise\u00f1os<\/strong>.<\/p>\n<p>Empezaremos primero con los efectos de los registros de la UE en el Reino Unido.<\/p>\n<ul>\n<li>Las marcas de la UE y los dise\u00f1os comunitarios continuar\u00e1n teniendo efecto en el Reino Unido como registros nacionales. La Oficina de dicho pa\u00eds crear\u00e1 un registro (marca o dise\u00f1o) equivalente en Reino Unido, pretendiendo que ello suponga la menor carga administrativa posible para sus titulares.<\/li>\n<\/ul>\n<ul>\n<li>Estos registros equivalentes deber\u00e1n ser renovados, cuando llegue el momento, ante la Oficina del Reino Unido.<\/li>\n<\/ul>\n<ul>\n<li>Las marcas de la UE y los dise\u00f1os comunitarios que se encuentren en tr\u00e1mite podr\u00e1n ser presentados ante la Oficina del Reino Unido como nuevas solicitudes. Si esta nueva solicitud se realiza durante los 9 meses siguientes a la fecha del Brexit, la Oficina del Reino Unido reconocer\u00e1 la fecha de solicitud, de prioridad y de antig\u00fcedad que conste en la solicitud en la UE.<\/li>\n<\/ul>\n<ul>\n<li>Los derechos sobre los dise\u00f1os no registrados que existieran en la fecha del Brexit, continuar\u00e1n teniendo efecto en el Reino Unido durante el tiempo de vigencia que le reste a ese derecho.<\/li>\n<\/ul>\n<ul>\n<li>Adem\u00e1s, el Reino Unido crear\u00e1 un nuevo derecho sobre el dise\u00f1o no registrado con un contenido semejante al existente en la UE.<\/li>\n<\/ul>\n<ul>\n<li>Las mismas condiciones se aplicar\u00e1n a las marcas internacionales que designen la Uni\u00f3n Europea.<\/li>\n<\/ul>\n<p>Y nos centramos ahora, en los efectos de los registros en el Reino Unido en los procedimientos ante la EUIPO.<\/p>\n<ul>\n<li>Desde la fecha del Brexit las marcas de la UE dejar\u00e1n de tener efecto en el Reino Unido.<\/li>\n<\/ul>\n<ul>\n<li>Desde esta fecha tampoco se aceptar\u00e1n m\u00e1s reivindicaciones de antig\u00fcedad basadas en marcas del Reino Unido.<\/li>\n<\/ul>\n<ul>\n<li>Las antig\u00fcedades ya registradas no se cancelar\u00e1n individualmente pero dejar\u00e1n de tener efecto.<\/li>\n<\/ul>\n<ul>\n<li>Las solicitudes de transformaci\u00f3n de marcas de la UE en marcas del Reino Unido presentadas antes de la fecha del Brexit, se admitir\u00e1n y tramitar\u00e1n.<\/li>\n<\/ul>\n<ul>\n<li>Desde la fecha del Brexit, las marcas del Reino Unido dejar\u00e1n de ser un obst\u00e1culo para el registro de solicitudes de marcas de la UE.<\/li>\n<\/ul>\n<ul>\n<li>Los procedimientos contradictorios, como las oposiciones o recursos de apelaci\u00f3n, basados \u00fanicamente en registros del Reino Unido y que se encuentren pendientes en la fecha del Brexit, se desestimar\u00e1n por falta de base legal.<\/li>\n<\/ul>\n<ul>\n<li>En los casos en que los derechos anteriores sean tanto derechos del Reino Unido como otros, el procedimiento continuar\u00e1 si bien los registros del Reino Unido no podr\u00e1n ser base de la decisi\u00f3n y dejar\u00e1 de ser relevante, a efectos de prueba de uso, la utilizaci\u00f3n de la marca en el Reino Unido.<\/li>\n<\/ul>\n<ul>\n<li>Las pruebas de uso relacionadas con el Reino Unido dejar\u00e1n de sostener o contribuir a sostener la protecci\u00f3n de una marca de la Uni\u00f3n Europea despu\u00e9s de la fecha del Brexit, incluso si las pruebas preceden a la fecha del Brexit.<\/li>\n<\/ul>\n<ul>\n<li>Los nacionales del Reino Unido que no tengan un domicilio en la Uni\u00f3n Europea dejar\u00e1n de poder solicitar una marca internacional ante la EUIPO.<\/li>\n<\/ul>\n<ul>\n<li>Para los titulares domiciliados en Reino Unido, no ser\u00e1 necesaria la representaci\u00f3n para la solicitud de registro o de renovaci\u00f3n de derechos ya registrados.<\/li>\n<\/ul>\n<ul>\n<li>Los titulares domiciliados en el Reino Unido deber\u00e1n nombrar un representante en caso de que su derecho est\u00e9 sometido o se someta a un procedimiento contradictorio.<\/li>\n<\/ul>\n<ul>\n<li>Los profesionales \u00fanicamente domiciliados en el Reino Unido dejar\u00e1n de poder actuar como representantes ante la EUIPO.<\/li>\n<\/ul>\n<p><strong>Conclusi\u00f3n<\/strong>: Que no cunda el p\u00e1nico porque:<\/p>\n<ul>\n<li>Los derechos registrados no van a desaparecer de un d\u00eda para otro.<\/li>\n<li>Los solicitantes de derechos en tramitaci\u00f3n deber\u00e1n revisarlos para valorar si es necesario tomar alguna acci\u00f3n para no perder derechos en el Reino Unido.<\/li>\n<li>Igual nos encontramos con que, cuando le\u00e1is estas palabras, el Brexit no tiene lugar el d\u00eda 29 de marzo\u2026<\/li>\n<\/ul>\n<p>&nbsp;<\/p>\n","protected":false},"excerpt":{"rendered":"<p>&nbsp; Hemos o\u00eddo hablar tanto del Brexit que podemos haber llegado al punto de la saturaci\u00f3n y a dejar\u00a0de prestar atenci\u00f3n\u00a0 pero ya est\u00e1 aqu\u00ed \u2026 o no. Salvo que se acuerde prorrogar la fecha del Brexit (algo que a d\u00eda de hoy no puede descartarse), el pr\u00f3ximo 29 de marzo se har\u00e1 efectiva la [&hellip;]<\/p>\n","protected":false},"author":10,"featured_media":0,"comment_status":"closed","ping_status":"open","sticky":false,"template":"","format":"standard","meta":{"footnotes":""},"categories":[103],"tags":[137,163,200,213,217,27,40,324,53,434,68,443,476],"class_list":["post-25872","post","type-post","status-publish","format-standard","hentry","category-sin-categoria","tag-brexit","tag-conversion","tag-derechos-de-propiedad-industrial","tag-diseno","tag-diseno-no-registrado","tag-euipo-ca","tag-marcas-ca","tag-marcas-de-la-union-europea","tag-oposicion-ca","tag-registro-de-diseno","tag-registro-de-marca-ca","tag-reino-unido","tag-transformacion"],"yoast_head":"<!-- This site is optimized with the Yoast SEO plugin v25.9 - https:\/\/yoast.com\/wordpress\/plugins\/seo\/ -->\n<title>Oh my god! Brexit is coming... or not - RMA Advocats<\/title>\n<meta name=\"robots\" content=\"index, follow, max-snippet:-1, max-image-preview:large, max-video-preview:-1\" \/>\n<link rel=\"canonical\" href=\"https:\/\/rma.legal\/ca\/oh-my-god-brexit-is-coming-or-not\/\" \/>\n<meta property=\"og:locale\" content=\"ca_ES\" \/>\n<meta property=\"og:type\" content=\"article\" \/>\n<meta property=\"og:title\" content=\"Oh my god! Brexit is coming... or not - RMA Advocats\" \/>\n<meta property=\"og:description\" content=\"&nbsp; Hemos o\u00eddo hablar tanto del Brexit que podemos haber llegado al punto de la saturaci\u00f3n y a dejar\u00a0de prestar atenci\u00f3n\u00a0 pero ya est\u00e1 aqu\u00ed \u2026 o no. Salvo que se acuerde prorrogar la fecha del Brexit (algo que a d\u00eda de hoy no puede descartarse), el pr\u00f3ximo 29 de marzo se har\u00e1 efectiva la [&hellip;]\" \/>\n<meta property=\"og:url\" content=\"https:\/\/rma.legal\/ca\/oh-my-god-brexit-is-coming-or-not\/\" \/>\n<meta property=\"og:site_name\" content=\"RMA Advocats\" \/>\n<meta property=\"article:published_time\" content=\"2019-03-13T13:08:04+00:00\" \/>\n<meta property=\"article:modified_time\" content=\"2025-04-15T10:32:37+00:00\" \/>\n<meta property=\"og:image\" content=\"http:\/\/rma.legal\/wp-content\/uploads\/2019\/03\/brexit2-300x169.jpg\" \/>\n<meta name=\"author\" content=\"Jose Mora\" \/>\n<meta name=\"twitter:card\" content=\"summary_large_image\" \/>\n<meta name=\"twitter:label1\" content=\"Escrit per\" \/>\n\t<meta name=\"twitter:data1\" content=\"Jose Mora\" \/>\n\t<meta name=\"twitter:label2\" content=\"Temps estimat de lectura\" \/>\n\t<meta name=\"twitter:data2\" content=\"4 minuts\" \/>\n<script type=\"application\/ld+json\" class=\"yoast-schema-graph\">{\"@context\":\"https:\/\/schema.org\",\"@graph\":[{\"@type\":\"Article\",\"@id\":\"https:\/\/rma.legal\/ca\/oh-my-god-brexit-is-coming-or-not\/#article\",\"isPartOf\":{\"@id\":\"https:\/\/rma.legal\/ca\/oh-my-god-brexit-is-coming-or-not\/\"},\"author\":{\"name\":\"Jose Mora\",\"@id\":\"https:\/\/rma.legal\/ca\/#\/schema\/person\/2217bc656ad38dc7e02df92e880ec411\"},\"headline\":\"Oh my god! Brexit is coming&#8230; or not\",\"datePublished\":\"2019-03-13T13:08:04+00:00\",\"dateModified\":\"2025-04-15T10:32:37+00:00\",\"mainEntityOfPage\":{\"@id\":\"https:\/\/rma.legal\/ca\/oh-my-god-brexit-is-coming-or-not\/\"},\"wordCount\":848,\"publisher\":{\"@id\":\"https:\/\/rma.legal\/ca\/#organization\"},\"image\":{\"@id\":\"https:\/\/rma.legal\/ca\/oh-my-god-brexit-is-coming-or-not\/#primaryimage\"},\"thumbnailUrl\":\"http:\/\/rma.legal\/wp-content\/uploads\/2019\/03\/brexit2-300x169.jpg\",\"keywords\":[\"Brexit\",\"conversi\u00f3n\",\"derechos de propiedad industrial\",\"dise\u00f1o\",\"dise\u00f1o no registrado\",\"EUIPO\",\"marcas\",\"marcas de la Uni\u00f3n europea\",\"oposici\u00f3n\",\"registro de dise\u00f1o\",\"registro de marca\",\"Reino Unido\",\"transformaci\u00f3n\"],\"articleSection\":[\"Sin categor\u00eda\"],\"inLanguage\":\"ca\"},{\"@type\":\"WebPage\",\"@id\":\"https:\/\/rma.legal\/ca\/oh-my-god-brexit-is-coming-or-not\/\",\"url\":\"https:\/\/rma.legal\/ca\/oh-my-god-brexit-is-coming-or-not\/\",\"name\":\"Oh my god! Brexit is coming... or not - RMA Advocats\",\"isPartOf\":{\"@id\":\"https:\/\/rma.legal\/ca\/#website\"},\"primaryImageOfPage\":{\"@id\":\"https:\/\/rma.legal\/ca\/oh-my-god-brexit-is-coming-or-not\/#primaryimage\"},\"image\":{\"@id\":\"https:\/\/rma.legal\/ca\/oh-my-god-brexit-is-coming-or-not\/#primaryimage\"},\"thumbnailUrl\":\"http:\/\/rma.legal\/wp-content\/uploads\/2019\/03\/brexit2-300x169.jpg\",\"datePublished\":\"2019-03-13T13:08:04+00:00\",\"dateModified\":\"2025-04-15T10:32:37+00:00\",\"breadcrumb\":{\"@id\":\"https:\/\/rma.legal\/ca\/oh-my-god-brexit-is-coming-or-not\/#breadcrumb\"},\"inLanguage\":\"ca\",\"potentialAction\":[{\"@type\":\"ReadAction\",\"target\":[\"https:\/\/rma.legal\/ca\/oh-my-god-brexit-is-coming-or-not\/\"]}]},{\"@type\":\"ImageObject\",\"inLanguage\":\"ca\",\"@id\":\"https:\/\/rma.legal\/ca\/oh-my-god-brexit-is-coming-or-not\/#primaryimage\",\"url\":\"http:\/\/rma.legal\/wp-content\/uploads\/2019\/03\/brexit2-300x169.jpg\",\"contentUrl\":\"http:\/\/rma.legal\/wp-content\/uploads\/2019\/03\/brexit2-300x169.jpg\"},{\"@type\":\"BreadcrumbList\",\"@id\":\"https:\/\/rma.legal\/ca\/oh-my-god-brexit-is-coming-or-not\/#breadcrumb\",\"itemListElement\":[{\"@type\":\"ListItem\",\"position\":1,\"name\":\"Portada\",\"item\":\"https:\/\/rma.legal\/ca\/\"},{\"@type\":\"ListItem\",\"position\":2,\"name\":\"Oh my god! Brexit is coming&#8230; or not\"}]},{\"@type\":\"WebSite\",\"@id\":\"https:\/\/rma.legal\/ca\/#website\",\"url\":\"https:\/\/rma.legal\/ca\/\",\"name\":\"RMA Advocats\",\"description\":\"RMA Legal Advocats\",\"publisher\":{\"@id\":\"https:\/\/rma.legal\/ca\/#organization\"},\"potentialAction\":[{\"@type\":\"SearchAction\",\"target\":{\"@type\":\"EntryPoint\",\"urlTemplate\":\"https:\/\/rma.legal\/ca\/?s={search_term_string}\"},\"query-input\":{\"@type\":\"PropertyValueSpecification\",\"valueRequired\":true,\"valueName\":\"search_term_string\"}}],\"inLanguage\":\"ca\"},{\"@type\":\"Organization\",\"@id\":\"https:\/\/rma.legal\/ca\/#organization\",\"name\":\"RMA Advocats\",\"url\":\"https:\/\/rma.legal\/ca\/\",\"logo\":{\"@type\":\"ImageObject\",\"inLanguage\":\"ca\",\"@id\":\"https:\/\/rma.legal\/ca\/#\/schema\/logo\/image\/\",\"url\":\"https:\/\/rma.legal\/wp-content\/uploads\/2025\/02\/Logo-rma-legal-invertido-footer-c-1.png\",\"contentUrl\":\"https:\/\/rma.legal\/wp-content\/uploads\/2025\/02\/Logo-rma-legal-invertido-footer-c-1.png\",\"width\":300,\"height\":125,\"caption\":\"RMA Advocats\"},\"image\":{\"@id\":\"https:\/\/rma.legal\/ca\/#\/schema\/logo\/image\/\"}},{\"@type\":\"Person\",\"@id\":\"https:\/\/rma.legal\/ca\/#\/schema\/person\/2217bc656ad38dc7e02df92e880ec411\",\"name\":\"Jose Mora\",\"image\":{\"@type\":\"ImageObject\",\"inLanguage\":\"ca\",\"@id\":\"https:\/\/rma.legal\/ca\/#\/schema\/person\/image\/\",\"url\":\"https:\/\/secure.gravatar.com\/avatar\/ddce0375828650929956779177e55b3ec592db516b09cda0d59d5f7e393b0791?s=96&d=mm&r=g\",\"contentUrl\":\"https:\/\/secure.gravatar.com\/avatar\/ddce0375828650929956779177e55b3ec592db516b09cda0d59d5f7e393b0791?s=96&d=mm&r=g\",\"caption\":\"Jose Mora\"},\"url\":\"https:\/\/rma.legal\/ca\/author\/jose-mora\/\"}]}<\/script>\n<!-- \/ Yoast SEO plugin. -->","yoast_head_json":{"title":"Oh my god! Brexit is coming... or not - RMA Advocats","robots":{"index":"index","follow":"follow","max-snippet":"max-snippet:-1","max-image-preview":"max-image-preview:large","max-video-preview":"max-video-preview:-1"},"canonical":"https:\/\/rma.legal\/ca\/oh-my-god-brexit-is-coming-or-not\/","og_locale":"ca_ES","og_type":"article","og_title":"Oh my god! Brexit is coming... or not - RMA Advocats","og_description":"&nbsp; Hemos o\u00eddo hablar tanto del Brexit que podemos haber llegado al punto de la saturaci\u00f3n y a dejar\u00a0de prestar atenci\u00f3n\u00a0 pero ya est\u00e1 aqu\u00ed \u2026 o no. Salvo que se acuerde prorrogar la fecha del Brexit (algo que a d\u00eda de hoy no puede descartarse), el pr\u00f3ximo 29 de marzo se har\u00e1 efectiva la [&hellip;]","og_url":"https:\/\/rma.legal\/ca\/oh-my-god-brexit-is-coming-or-not\/","og_site_name":"RMA Advocats","article_published_time":"2019-03-13T13:08:04+00:00","article_modified_time":"2025-04-15T10:32:37+00:00","og_image":[{"url":"http:\/\/rma.legal\/wp-content\/uploads\/2019\/03\/brexit2-300x169.jpg","type":"","width":"","height":""}],"author":"Jose Mora","twitter_card":"summary_large_image","twitter_misc":{"Escrit per":"Jose Mora","Temps estimat de lectura":"4 minuts"},"schema":{"@context":"https:\/\/schema.org","@graph":[{"@type":"Article","@id":"https:\/\/rma.legal\/ca\/oh-my-god-brexit-is-coming-or-not\/#article","isPartOf":{"@id":"https:\/\/rma.legal\/ca\/oh-my-god-brexit-is-coming-or-not\/"},"author":{"name":"Jose Mora","@id":"https:\/\/rma.legal\/ca\/#\/schema\/person\/2217bc656ad38dc7e02df92e880ec411"},"headline":"Oh my god! Brexit is coming&#8230; or not","datePublished":"2019-03-13T13:08:04+00:00","dateModified":"2025-04-15T10:32:37+00:00","mainEntityOfPage":{"@id":"https:\/\/rma.legal\/ca\/oh-my-god-brexit-is-coming-or-not\/"},"wordCount":848,"publisher":{"@id":"https:\/\/rma.legal\/ca\/#organization"},"image":{"@id":"https:\/\/rma.legal\/ca\/oh-my-god-brexit-is-coming-or-not\/#primaryimage"},"thumbnailUrl":"http:\/\/rma.legal\/wp-content\/uploads\/2019\/03\/brexit2-300x169.jpg","keywords":["Brexit","conversi\u00f3n","derechos de propiedad industrial","dise\u00f1o","dise\u00f1o no registrado","EUIPO","marcas","marcas de la Uni\u00f3n europea","oposici\u00f3n","registro de dise\u00f1o","registro de marca","Reino Unido","transformaci\u00f3n"],"articleSection":["Sin categor\u00eda"],"inLanguage":"ca"},{"@type":"WebPage","@id":"https:\/\/rma.legal\/ca\/oh-my-god-brexit-is-coming-or-not\/","url":"https:\/\/rma.legal\/ca\/oh-my-god-brexit-is-coming-or-not\/","name":"Oh my god! Brexit is coming... or not - RMA Advocats","isPartOf":{"@id":"https:\/\/rma.legal\/ca\/#website"},"primaryImageOfPage":{"@id":"https:\/\/rma.legal\/ca\/oh-my-god-brexit-is-coming-or-not\/#primaryimage"},"image":{"@id":"https:\/\/rma.legal\/ca\/oh-my-god-brexit-is-coming-or-not\/#primaryimage"},"thumbnailUrl":"http:\/\/rma.legal\/wp-content\/uploads\/2019\/03\/brexit2-300x169.jpg","datePublished":"2019-03-13T13:08:04+00:00","dateModified":"2025-04-15T10:32:37+00:00","breadcrumb":{"@id":"https:\/\/rma.legal\/ca\/oh-my-god-brexit-is-coming-or-not\/#breadcrumb"},"inLanguage":"ca","potentialAction":[{"@type":"ReadAction","target":["https:\/\/rma.legal\/ca\/oh-my-god-brexit-is-coming-or-not\/"]}]},{"@type":"ImageObject","inLanguage":"ca","@id":"https:\/\/rma.legal\/ca\/oh-my-god-brexit-is-coming-or-not\/#primaryimage","url":"http:\/\/rma.legal\/wp-content\/uploads\/2019\/03\/brexit2-300x169.jpg","contentUrl":"http:\/\/rma.legal\/wp-content\/uploads\/2019\/03\/brexit2-300x169.jpg"},{"@type":"BreadcrumbList","@id":"https:\/\/rma.legal\/ca\/oh-my-god-brexit-is-coming-or-not\/#breadcrumb","itemListElement":[{"@type":"ListItem","position":1,"name":"Portada","item":"https:\/\/rma.legal\/ca\/"},{"@type":"ListItem","position":2,"name":"Oh my god! Brexit is coming&#8230; or not"}]},{"@type":"WebSite","@id":"https:\/\/rma.legal\/ca\/#website","url":"https:\/\/rma.legal\/ca\/","name":"RMA Advocats","description":"RMA Legal Advocats","publisher":{"@id":"https:\/\/rma.legal\/ca\/#organization"},"potentialAction":[{"@type":"SearchAction","target":{"@type":"EntryPoint","urlTemplate":"https:\/\/rma.legal\/ca\/?s={search_term_string}"},"query-input":{"@type":"PropertyValueSpecification","valueRequired":true,"valueName":"search_term_string"}}],"inLanguage":"ca"},{"@type":"Organization","@id":"https:\/\/rma.legal\/ca\/#organization","name":"RMA Advocats","url":"https:\/\/rma.legal\/ca\/","logo":{"@type":"ImageObject","inLanguage":"ca","@id":"https:\/\/rma.legal\/ca\/#\/schema\/logo\/image\/","url":"https:\/\/rma.legal\/wp-content\/uploads\/2025\/02\/Logo-rma-legal-invertido-footer-c-1.png","contentUrl":"https:\/\/rma.legal\/wp-content\/uploads\/2025\/02\/Logo-rma-legal-invertido-footer-c-1.png","width":300,"height":125,"caption":"RMA Advocats"},"image":{"@id":"https:\/\/rma.legal\/ca\/#\/schema\/logo\/image\/"}},{"@type":"Person","@id":"https:\/\/rma.legal\/ca\/#\/schema\/person\/2217bc656ad38dc7e02df92e880ec411","name":"Jose Mora","image":{"@type":"ImageObject","inLanguage":"ca","@id":"https:\/\/rma.legal\/ca\/#\/schema\/person\/image\/","url":"https:\/\/secure.gravatar.com\/avatar\/ddce0375828650929956779177e55b3ec592db516b09cda0d59d5f7e393b0791?s=96&d=mm&r=g","contentUrl":"https:\/\/secure.gravatar.com\/avatar\/ddce0375828650929956779177e55b3ec592db516b09cda0d59d5f7e393b0791?s=96&d=mm&r=g","caption":"Jose Mora"},"url":"https:\/\/rma.legal\/ca\/author\/jose-mora\/"}]}},"_links":{"self":[{"href":"https:\/\/rma.legal\/ca\/wp-json\/wp\/v2\/posts\/25872","targetHints":{"allow":["GET"]}}],"collection":[{"href":"https:\/\/rma.legal\/ca\/wp-json\/wp\/v2\/posts"}],"about":[{"href":"https:\/\/rma.legal\/ca\/wp-json\/wp\/v2\/types\/post"}],"author":[{"embeddable":true,"href":"https:\/\/rma.legal\/ca\/wp-json\/wp\/v2\/users\/10"}],"replies":[{"embeddable":true,"href":"https:\/\/rma.legal\/ca\/wp-json\/wp\/v2\/comments?post=25872"}],"version-history":[{"count":2,"href":"https:\/\/rma.legal\/ca\/wp-json\/wp\/v2\/posts\/25872\/revisions"}],"predecessor-version":[{"id":30449,"href":"https:\/\/rma.legal\/ca\/wp-json\/wp\/v2\/posts\/25872\/revisions\/30449"}],"wp:attachment":[{"href":"https:\/\/rma.legal\/ca\/wp-json\/wp\/v2\/media?parent=25872"}],"wp:term":[{"taxonomy":"category","embeddable":true,"href":"https:\/\/rma.legal\/ca\/wp-json\/wp\/v2\/categories?post=25872"},{"taxonomy":"post_tag","embeddable":true,"href":"https:\/\/rma.legal\/ca\/wp-json\/wp\/v2\/tags?post=25872"}],"curies":[{"name":"wp","href":"https:\/\/api.w.org\/{rel}","templated":true}]}}