{"id":25634,"date":"2018-10-19T10:24:36","date_gmt":"2018-10-19T10:24:36","guid":{"rendered":"http:\/\/rma.legal\/?p=25634"},"modified":"2025-03-16T16:17:02","modified_gmt":"2025-03-16T16:17:02","slug":"seguros-y-propiedad-industrial-cuando-y-por-que","status":"publish","type":"post","link":"https:\/\/rma.legal\/ca\/seguros-y-propiedad-industrial-cuando-y-por-que\/","title":{"rendered":"SEGUROS Y PROPIEDAD INDUSTRIAL. \u00bfCU\u00c1NDO Y POR QU\u00c9?"},"content":{"rendered":"<p>&nbsp;<\/p>\n<p><img decoding=\"async\" class=\"alignnone size-medium wp-image-25635 aligncenter\" src=\"http:\/\/rma.legal\/wp-content\/uploads\/2018\/10\/Grafico-1-300x150.jpg\" alt=\"Gr\u00e1fico\" width=\"300\" height=\"150\" srcset=\"https:\/\/rma.legal\/wp-content\/uploads\/2018\/10\/Grafico-1-300x150.jpg 300w, https:\/\/rma.legal\/wp-content\/uploads\/2018\/10\/Grafico-1-768x384.jpg 768w, https:\/\/rma.legal\/wp-content\/uploads\/2018\/10\/Grafico-1.jpg 838w\" sizes=\"(max-width: 300px) 100vw, 300px\" \/><\/p>\n<p>&nbsp;<\/p>\n<p>Hace unos d\u00edas tuvimos la oportunidad de participar en una Jornada en el Colegio de Abogados de Barcelona dedicada a presentar una <strong>p\u00f3liza de seguros para cubrir determinados riesgos en el \u00e1mbito de la propiedad industrial.<\/strong><\/p>\n<p>No escondemos nada si decimos que, al menos en nuestro pa\u00eds y hasta la fecha, \u00e9stos han sido dos mundos alejados; sin embargo, tambi\u00e9n esto est\u00e1 cambiando con pasos decididos y con un futuro, creemos, muy prometedor y beneficioso para una gran variedad de operadores.<\/p>\n<p>Bien es cierto que <strong>se precisa un mayor grado de formaci\u00f3n en nuestras empresas sobre el alcance y la importancia de la propiedad industrial<\/strong>, pero no solo de los propios derechos que puedan ostentarse o puedan llegar a ostentarse sobre marcas, dise\u00f1os, patentes, sino en mayor medida para conocer los derechos que ostenten terceros. Y es aqu\u00ed donde adquiere todav\u00eda m\u00e1s importancia <strong>el conocimiento de esa propiedad industrial del competidor<\/strong>, su alcance, c\u00f3mo funcionan los Tribunales y cu\u00e1l es el marco jur\u00eddico aplicable en los pa\u00edses en que pretendamos introducirnos.<\/p>\n<p>En este contexto puede ser de\u00a0gran importancia un seguro con el que cubrir los riesgos que podemos encontrar, pudiendo as\u00ed actuar con m\u00e1s tranquilidad y conocimiento de causa.<\/p>\n<p>Pero una p\u00f3liza de seguros como la que nos ocupa no solamente puede ser de utilidad para cubrir <strong>el riesgo de un proceso por infracci\u00f3n<\/strong>, sino que asimismo <strong>debe cubrir al titular registral frente a los ataques a la validez de su t\u00edtulo<\/strong> o <strong>los perjuicios que deba soportar a resultas de esa p\u00e9rdida de derechos<\/strong> (por ejemplo por la p\u00e9rdida de royalties como consecuencia de la resoluci\u00f3n de un contrato de licencia tras la declaraci\u00f3n de nulidad\/caducidad del registro de propiedad industrial licenciado, incluso cuando no se trata del mismo derecho pero si de uno paralelo: misma patente en otro pa\u00eds).<\/p>\n<p>No parece de entrada tarea f\u00e1cil compaginar una buena cobertura de tales riesgos, que sea real, efectiva y \u00fatil, con la evidente y l\u00edcita actividad lucrativa que debe tener toda empresa, incluida l\u00f3gicamente la aseguradora.<\/p>\n<p>La transparencia y claridad de las p\u00f3lizas son imprescindibles. Como tambi\u00e9n lo es el an\u00e1lisis exhaustivo de tales riesgos antes por supuesto de suscribir la p\u00f3liza (o en su caso, al suscribirla) y considerar si la cobertura se limitar\u00e1 a la eventual condena a da\u00f1os y perjuicios, o tambi\u00e9n a los gastos por todos los profesionales que puedan llegar a intervenir y no solo por las costas legales, como a su vez cubrir los costes por la retirada del producto del mercado y su sustituci\u00f3n por otro o los costes derivados del rebranding.<\/p>\n<p>En nuestra opini\u00f3n, el \u00e9xito de una p\u00f3liza en materia de propiedad industrial vendr\u00e1 determinado por el mencionado <strong>an\u00e1lisis exhaustivo de la realidad concreta en que se encuentre el asegurado<\/strong>, lo que le permitir\u00e1 ser consciente de los riesgos que corre y asume, y de las consecuencias que puedan derivarse de los mismos, lo que evidentemente ser\u00e1 diferente para cada asegurado, dependiendo asimismo de si pretende una cobertura global (para todos los productos, procedimientos o servicios que produzca, utilice o comercialice) o si se pretende una individual o m\u00e1s concreta (para un producto, procedimiento o servicio espec\u00edfico).<\/p>\n<p>En definitiva, debemos estar muy atentos a c\u00f3mo evoluciona una p\u00f3liza como la que estamos hablando, los resultados de la misma y su eficacia y utilidad, que de entrada se intuye como positiva.<\/p>\n<p>&nbsp;<\/p>\n","protected":false},"excerpt":{"rendered":"<p>&nbsp; &nbsp; Hace unos d\u00edas tuvimos la oportunidad de participar en una Jornada en el Colegio de Abogados de Barcelona dedicada a presentar una p\u00f3liza de seguros para cubrir determinados riesgos en el \u00e1mbito de la propiedad industrial. No escondemos nada si decimos que, al menos en nuestro pa\u00eds y hasta la fecha, \u00e9stos han [&hellip;]<\/p>\n","protected":false},"author":5,"featured_media":0,"comment_status":"closed","ping_status":"open","sticky":false,"template":"","format":"standard","meta":{"footnotes":""},"categories":[103],"tags":[157,180,22,261,273,40,55,450,461],"class_list":["post-25634","post","type-post","status-publish","format-standard","hentry","category-sin-categoria","tag-cobertura","tag-danos-y-perjuicios","tag-disenos-ca","tag-indemnizacion","tag-infraccion","tag-marcas-ca","tag-patentes-ca","tag-riesgos","tag-seguros"],"yoast_head":"<!-- This site is optimized with the Yoast SEO plugin v25.9 - https:\/\/yoast.com\/wordpress\/plugins\/seo\/ -->\n<title>SEGUROS Y PROPIEDAD INDUSTRIAL. \u00bfCU\u00c1NDO Y POR QU\u00c9? - RMA Advocats<\/title>\n<meta name=\"robots\" content=\"index, follow, max-snippet:-1, max-image-preview:large, max-video-preview:-1\" \/>\n<link rel=\"canonical\" href=\"https:\/\/rma.legal\/ca\/seguros-y-propiedad-industrial-cuando-y-por-que\/\" \/>\n<meta property=\"og:locale\" content=\"ca_ES\" \/>\n<meta property=\"og:type\" content=\"article\" \/>\n<meta property=\"og:title\" content=\"SEGUROS Y PROPIEDAD INDUSTRIAL. \u00bfCU\u00c1NDO Y POR QU\u00c9? - RMA Advocats\" \/>\n<meta property=\"og:description\" content=\"&nbsp; &nbsp; Hace unos d\u00edas tuvimos la oportunidad de participar en una Jornada en el Colegio de Abogados de Barcelona dedicada a presentar una p\u00f3liza de seguros para cubrir determinados riesgos en el \u00e1mbito de la propiedad industrial. No escondemos nada si decimos que, al menos en nuestro pa\u00eds y hasta la fecha, \u00e9stos han [&hellip;]\" \/>\n<meta property=\"og:url\" content=\"https:\/\/rma.legal\/ca\/seguros-y-propiedad-industrial-cuando-y-por-que\/\" \/>\n<meta property=\"og:site_name\" content=\"RMA Advocats\" \/>\n<meta property=\"article:published_time\" content=\"2018-10-19T10:24:36+00:00\" \/>\n<meta property=\"article:modified_time\" content=\"2025-03-16T16:17:02+00:00\" \/>\n<meta property=\"og:image\" content=\"http:\/\/rma.legal\/wp-content\/uploads\/2018\/10\/Grafico-1-300x150.jpg\" \/>\n<meta name=\"author\" content=\"RMA Legal\" \/>\n<meta name=\"twitter:card\" content=\"summary_large_image\" \/>\n<meta name=\"twitter:label1\" content=\"Escrit per\" \/>\n\t<meta name=\"twitter:data1\" content=\"RMA Legal\" \/>\n\t<meta name=\"twitter:label2\" content=\"Temps estimat de lectura\" \/>\n\t<meta name=\"twitter:data2\" content=\"3 minuts\" \/>\n<script type=\"application\/ld+json\" class=\"yoast-schema-graph\">{\"@context\":\"https:\/\/schema.org\",\"@graph\":[{\"@type\":\"Article\",\"@id\":\"https:\/\/rma.legal\/ca\/seguros-y-propiedad-industrial-cuando-y-por-que\/#article\",\"isPartOf\":{\"@id\":\"https:\/\/rma.legal\/ca\/seguros-y-propiedad-industrial-cuando-y-por-que\/\"},\"author\":{\"name\":\"RMA Legal\",\"@id\":\"https:\/\/rma.legal\/ca\/#\/schema\/person\/ce35cb0535f72f8fe561ca18c346286e\"},\"headline\":\"SEGUROS Y PROPIEDAD INDUSTRIAL. \u00bfCU\u00c1NDO Y POR QU\u00c9?\",\"datePublished\":\"2018-10-19T10:24:36+00:00\",\"dateModified\":\"2025-03-16T16:17:02+00:00\",\"mainEntityOfPage\":{\"@id\":\"https:\/\/rma.legal\/ca\/seguros-y-propiedad-industrial-cuando-y-por-que\/\"},\"wordCount\":611,\"publisher\":{\"@id\":\"https:\/\/rma.legal\/ca\/#organization\"},\"image\":{\"@id\":\"https:\/\/rma.legal\/ca\/seguros-y-propiedad-industrial-cuando-y-por-que\/#primaryimage\"},\"thumbnailUrl\":\"http:\/\/rma.legal\/wp-content\/uploads\/2018\/10\/Grafico-1-300x150.jpg\",\"keywords\":[\"cobertura\",\"da\u00f1os y perjuicios\",\"dise\u00f1os\",\"indemnizaci\u00f3n\",\"infracci\u00f3n\",\"marcas\",\"patentes\",\"riesgos\",\"seguros\"],\"articleSection\":[\"Sin categor\u00eda\"],\"inLanguage\":\"ca\"},{\"@type\":\"WebPage\",\"@id\":\"https:\/\/rma.legal\/ca\/seguros-y-propiedad-industrial-cuando-y-por-que\/\",\"url\":\"https:\/\/rma.legal\/ca\/seguros-y-propiedad-industrial-cuando-y-por-que\/\",\"name\":\"SEGUROS Y PROPIEDAD INDUSTRIAL. \u00bfCU\u00c1NDO Y POR QU\u00c9? - RMA Advocats\",\"isPartOf\":{\"@id\":\"https:\/\/rma.legal\/ca\/#website\"},\"primaryImageOfPage\":{\"@id\":\"https:\/\/rma.legal\/ca\/seguros-y-propiedad-industrial-cuando-y-por-que\/#primaryimage\"},\"image\":{\"@id\":\"https:\/\/rma.legal\/ca\/seguros-y-propiedad-industrial-cuando-y-por-que\/#primaryimage\"},\"thumbnailUrl\":\"http:\/\/rma.legal\/wp-content\/uploads\/2018\/10\/Grafico-1-300x150.jpg\",\"datePublished\":\"2018-10-19T10:24:36+00:00\",\"dateModified\":\"2025-03-16T16:17:02+00:00\",\"breadcrumb\":{\"@id\":\"https:\/\/rma.legal\/ca\/seguros-y-propiedad-industrial-cuando-y-por-que\/#breadcrumb\"},\"inLanguage\":\"ca\",\"potentialAction\":[{\"@type\":\"ReadAction\",\"target\":[\"https:\/\/rma.legal\/ca\/seguros-y-propiedad-industrial-cuando-y-por-que\/\"]}]},{\"@type\":\"ImageObject\",\"inLanguage\":\"ca\",\"@id\":\"https:\/\/rma.legal\/ca\/seguros-y-propiedad-industrial-cuando-y-por-que\/#primaryimage\",\"url\":\"http:\/\/rma.legal\/wp-content\/uploads\/2018\/10\/Grafico-1-300x150.jpg\",\"contentUrl\":\"http:\/\/rma.legal\/wp-content\/uploads\/2018\/10\/Grafico-1-300x150.jpg\"},{\"@type\":\"BreadcrumbList\",\"@id\":\"https:\/\/rma.legal\/ca\/seguros-y-propiedad-industrial-cuando-y-por-que\/#breadcrumb\",\"itemListElement\":[{\"@type\":\"ListItem\",\"position\":1,\"name\":\"Portada\",\"item\":\"https:\/\/rma.legal\/ca\/\"},{\"@type\":\"ListItem\",\"position\":2,\"name\":\"SEGUROS Y PROPIEDAD INDUSTRIAL. \u00bfCU\u00c1NDO Y POR QU\u00c9?\"}]},{\"@type\":\"WebSite\",\"@id\":\"https:\/\/rma.legal\/ca\/#website\",\"url\":\"https:\/\/rma.legal\/ca\/\",\"name\":\"RMA Advocats\",\"description\":\"RMA Legal Advocats\",\"publisher\":{\"@id\":\"https:\/\/rma.legal\/ca\/#organization\"},\"potentialAction\":[{\"@type\":\"SearchAction\",\"target\":{\"@type\":\"EntryPoint\",\"urlTemplate\":\"https:\/\/rma.legal\/ca\/?s={search_term_string}\"},\"query-input\":{\"@type\":\"PropertyValueSpecification\",\"valueRequired\":true,\"valueName\":\"search_term_string\"}}],\"inLanguage\":\"ca\"},{\"@type\":\"Organization\",\"@id\":\"https:\/\/rma.legal\/ca\/#organization\",\"name\":\"RMA Advocats\",\"url\":\"https:\/\/rma.legal\/ca\/\",\"logo\":{\"@type\":\"ImageObject\",\"inLanguage\":\"ca\",\"@id\":\"https:\/\/rma.legal\/ca\/#\/schema\/logo\/image\/\",\"url\":\"https:\/\/rma.legal\/wp-content\/uploads\/2025\/02\/Logo-rma-legal-invertido-footer-c-1.png\",\"contentUrl\":\"https:\/\/rma.legal\/wp-content\/uploads\/2025\/02\/Logo-rma-legal-invertido-footer-c-1.png\",\"width\":300,\"height\":125,\"caption\":\"RMA Advocats\"},\"image\":{\"@id\":\"https:\/\/rma.legal\/ca\/#\/schema\/logo\/image\/\"}},{\"@type\":\"Person\",\"@id\":\"https:\/\/rma.legal\/ca\/#\/schema\/person\/ce35cb0535f72f8fe561ca18c346286e\",\"name\":\"RMA Legal\",\"image\":{\"@type\":\"ImageObject\",\"inLanguage\":\"ca\",\"@id\":\"https:\/\/rma.legal\/ca\/#\/schema\/person\/image\/\",\"url\":\"https:\/\/secure.gravatar.com\/avatar\/1d9ebe28cd6c660ba581ebb27a0e41208369aa1d73a770a3dcb6624bbcc2c69e?s=96&d=mm&r=g\",\"contentUrl\":\"https:\/\/secure.gravatar.com\/avatar\/1d9ebe28cd6c660ba581ebb27a0e41208369aa1d73a770a3dcb6624bbcc2c69e?s=96&d=mm&r=g\",\"caption\":\"RMA Legal\"},\"url\":\"https:\/\/rma.legal\/ca\/author\/rm-abogados\/\"}]}<\/script>\n<!-- \/ Yoast SEO plugin. -->","yoast_head_json":{"title":"SEGUROS Y PROPIEDAD INDUSTRIAL. \u00bfCU\u00c1NDO Y POR QU\u00c9? - RMA Advocats","robots":{"index":"index","follow":"follow","max-snippet":"max-snippet:-1","max-image-preview":"max-image-preview:large","max-video-preview":"max-video-preview:-1"},"canonical":"https:\/\/rma.legal\/ca\/seguros-y-propiedad-industrial-cuando-y-por-que\/","og_locale":"ca_ES","og_type":"article","og_title":"SEGUROS Y PROPIEDAD INDUSTRIAL. \u00bfCU\u00c1NDO Y POR QU\u00c9? - RMA Advocats","og_description":"&nbsp; &nbsp; Hace unos d\u00edas tuvimos la oportunidad de participar en una Jornada en el Colegio de Abogados de Barcelona dedicada a presentar una p\u00f3liza de seguros para cubrir determinados riesgos en el \u00e1mbito de la propiedad industrial. No escondemos nada si decimos que, al menos en nuestro pa\u00eds y hasta la fecha, \u00e9stos han [&hellip;]","og_url":"https:\/\/rma.legal\/ca\/seguros-y-propiedad-industrial-cuando-y-por-que\/","og_site_name":"RMA Advocats","article_published_time":"2018-10-19T10:24:36+00:00","article_modified_time":"2025-03-16T16:17:02+00:00","og_image":[{"url":"http:\/\/rma.legal\/wp-content\/uploads\/2018\/10\/Grafico-1-300x150.jpg","type":"","width":"","height":""}],"author":"RMA Legal","twitter_card":"summary_large_image","twitter_misc":{"Escrit per":"RMA Legal","Temps estimat de lectura":"3 minuts"},"schema":{"@context":"https:\/\/schema.org","@graph":[{"@type":"Article","@id":"https:\/\/rma.legal\/ca\/seguros-y-propiedad-industrial-cuando-y-por-que\/#article","isPartOf":{"@id":"https:\/\/rma.legal\/ca\/seguros-y-propiedad-industrial-cuando-y-por-que\/"},"author":{"name":"RMA Legal","@id":"https:\/\/rma.legal\/ca\/#\/schema\/person\/ce35cb0535f72f8fe561ca18c346286e"},"headline":"SEGUROS Y PROPIEDAD INDUSTRIAL. \u00bfCU\u00c1NDO Y POR QU\u00c9?","datePublished":"2018-10-19T10:24:36+00:00","dateModified":"2025-03-16T16:17:02+00:00","mainEntityOfPage":{"@id":"https:\/\/rma.legal\/ca\/seguros-y-propiedad-industrial-cuando-y-por-que\/"},"wordCount":611,"publisher":{"@id":"https:\/\/rma.legal\/ca\/#organization"},"image":{"@id":"https:\/\/rma.legal\/ca\/seguros-y-propiedad-industrial-cuando-y-por-que\/#primaryimage"},"thumbnailUrl":"http:\/\/rma.legal\/wp-content\/uploads\/2018\/10\/Grafico-1-300x150.jpg","keywords":["cobertura","da\u00f1os y perjuicios","dise\u00f1os","indemnizaci\u00f3n","infracci\u00f3n","marcas","patentes","riesgos","seguros"],"articleSection":["Sin categor\u00eda"],"inLanguage":"ca"},{"@type":"WebPage","@id":"https:\/\/rma.legal\/ca\/seguros-y-propiedad-industrial-cuando-y-por-que\/","url":"https:\/\/rma.legal\/ca\/seguros-y-propiedad-industrial-cuando-y-por-que\/","name":"SEGUROS Y PROPIEDAD INDUSTRIAL. \u00bfCU\u00c1NDO Y POR QU\u00c9? - RMA Advocats","isPartOf":{"@id":"https:\/\/rma.legal\/ca\/#website"},"primaryImageOfPage":{"@id":"https:\/\/rma.legal\/ca\/seguros-y-propiedad-industrial-cuando-y-por-que\/#primaryimage"},"image":{"@id":"https:\/\/rma.legal\/ca\/seguros-y-propiedad-industrial-cuando-y-por-que\/#primaryimage"},"thumbnailUrl":"http:\/\/rma.legal\/wp-content\/uploads\/2018\/10\/Grafico-1-300x150.jpg","datePublished":"2018-10-19T10:24:36+00:00","dateModified":"2025-03-16T16:17:02+00:00","breadcrumb":{"@id":"https:\/\/rma.legal\/ca\/seguros-y-propiedad-industrial-cuando-y-por-que\/#breadcrumb"},"inLanguage":"ca","potentialAction":[{"@type":"ReadAction","target":["https:\/\/rma.legal\/ca\/seguros-y-propiedad-industrial-cuando-y-por-que\/"]}]},{"@type":"ImageObject","inLanguage":"ca","@id":"https:\/\/rma.legal\/ca\/seguros-y-propiedad-industrial-cuando-y-por-que\/#primaryimage","url":"http:\/\/rma.legal\/wp-content\/uploads\/2018\/10\/Grafico-1-300x150.jpg","contentUrl":"http:\/\/rma.legal\/wp-content\/uploads\/2018\/10\/Grafico-1-300x150.jpg"},{"@type":"BreadcrumbList","@id":"https:\/\/rma.legal\/ca\/seguros-y-propiedad-industrial-cuando-y-por-que\/#breadcrumb","itemListElement":[{"@type":"ListItem","position":1,"name":"Portada","item":"https:\/\/rma.legal\/ca\/"},{"@type":"ListItem","position":2,"name":"SEGUROS Y PROPIEDAD INDUSTRIAL. \u00bfCU\u00c1NDO Y POR QU\u00c9?"}]},{"@type":"WebSite","@id":"https:\/\/rma.legal\/ca\/#website","url":"https:\/\/rma.legal\/ca\/","name":"RMA Advocats","description":"RMA Legal Advocats","publisher":{"@id":"https:\/\/rma.legal\/ca\/#organization"},"potentialAction":[{"@type":"SearchAction","target":{"@type":"EntryPoint","urlTemplate":"https:\/\/rma.legal\/ca\/?s={search_term_string}"},"query-input":{"@type":"PropertyValueSpecification","valueRequired":true,"valueName":"search_term_string"}}],"inLanguage":"ca"},{"@type":"Organization","@id":"https:\/\/rma.legal\/ca\/#organization","name":"RMA Advocats","url":"https:\/\/rma.legal\/ca\/","logo":{"@type":"ImageObject","inLanguage":"ca","@id":"https:\/\/rma.legal\/ca\/#\/schema\/logo\/image\/","url":"https:\/\/rma.legal\/wp-content\/uploads\/2025\/02\/Logo-rma-legal-invertido-footer-c-1.png","contentUrl":"https:\/\/rma.legal\/wp-content\/uploads\/2025\/02\/Logo-rma-legal-invertido-footer-c-1.png","width":300,"height":125,"caption":"RMA Advocats"},"image":{"@id":"https:\/\/rma.legal\/ca\/#\/schema\/logo\/image\/"}},{"@type":"Person","@id":"https:\/\/rma.legal\/ca\/#\/schema\/person\/ce35cb0535f72f8fe561ca18c346286e","name":"RMA Legal","image":{"@type":"ImageObject","inLanguage":"ca","@id":"https:\/\/rma.legal\/ca\/#\/schema\/person\/image\/","url":"https:\/\/secure.gravatar.com\/avatar\/1d9ebe28cd6c660ba581ebb27a0e41208369aa1d73a770a3dcb6624bbcc2c69e?s=96&d=mm&r=g","contentUrl":"https:\/\/secure.gravatar.com\/avatar\/1d9ebe28cd6c660ba581ebb27a0e41208369aa1d73a770a3dcb6624bbcc2c69e?s=96&d=mm&r=g","caption":"RMA Legal"},"url":"https:\/\/rma.legal\/ca\/author\/rm-abogados\/"}]}},"_links":{"self":[{"href":"https:\/\/rma.legal\/ca\/wp-json\/wp\/v2\/posts\/25634","targetHints":{"allow":["GET"]}}],"collection":[{"href":"https:\/\/rma.legal\/ca\/wp-json\/wp\/v2\/posts"}],"about":[{"href":"https:\/\/rma.legal\/ca\/wp-json\/wp\/v2\/types\/post"}],"author":[{"embeddable":true,"href":"https:\/\/rma.legal\/ca\/wp-json\/wp\/v2\/users\/5"}],"replies":[{"embeddable":true,"href":"https:\/\/rma.legal\/ca\/wp-json\/wp\/v2\/comments?post=25634"}],"version-history":[{"count":1,"href":"https:\/\/rma.legal\/ca\/wp-json\/wp\/v2\/posts\/25634\/revisions"}],"predecessor-version":[{"id":29545,"href":"https:\/\/rma.legal\/ca\/wp-json\/wp\/v2\/posts\/25634\/revisions\/29545"}],"wp:attachment":[{"href":"https:\/\/rma.legal\/ca\/wp-json\/wp\/v2\/media?parent=25634"}],"wp:term":[{"taxonomy":"category","embeddable":true,"href":"https:\/\/rma.legal\/ca\/wp-json\/wp\/v2\/categories?post=25634"},{"taxonomy":"post_tag","embeddable":true,"href":"https:\/\/rma.legal\/ca\/wp-json\/wp\/v2\/tags?post=25634"}],"curies":[{"name":"wp","href":"https:\/\/api.w.org\/{rel}","templated":true}]}}