{"id":25315,"date":"2018-05-15T14:28:52","date_gmt":"2018-05-15T14:28:52","guid":{"rendered":"http:\/\/rma.legal\/?p=25315"},"modified":"2025-04-15T09:42:58","modified_gmt":"2025-04-15T09:42:58","slug":"disenos-de-moda-sobre-el-plagio-la-imitacion-la-inspiracion-y-la-libertad","status":"publish","type":"post","link":"https:\/\/rma.legal\/ca\/disenos-de-moda-sobre-el-plagio-la-imitacion-la-inspiracion-y-la-libertad\/","title":{"rendered":"Dise\u00f1os de moda. Sobre el plagio, la imitaci\u00f3n, la inspiraci\u00f3n, y la libertad"},"content":{"rendered":"<p>&nbsp;<\/p>\n<p><img fetchpriority=\"high\" decoding=\"async\" class=\" wp-image-25316 aligncenter\" src=\"http:\/\/rma.legal\/wp-content\/uploads\/2018\/05\/disenos-moda-300x167.jpg\" alt=\"dise\u00f1os moda\" width=\"338\" height=\"188\" srcset=\"https:\/\/rma.legal\/wp-content\/uploads\/2018\/05\/disenos-moda-300x167.jpg 300w, https:\/\/rma.legal\/wp-content\/uploads\/2018\/05\/disenos-moda-768x427.jpg 768w, https:\/\/rma.legal\/wp-content\/uploads\/2018\/05\/disenos-moda.jpg 900w\" sizes=\"(max-width: 338px) 100vw, 338px\" \/><\/p>\n<p style=\"text-align: center;\">\u00a0\u00a0\u00a0\u00a0\u00a0\u00a0\u00a0\u00a0\u00a0\u00a0\u00a0\u00a0\u00a0\u00a0\u00a0\u00a0\u00a0\u00a0\u00a0\u00a0\u00a0\u00a0\u00a0\u00a0\u00a0\u00a0\u00a0\u00a0\u00a0\u00a0\u00a0\u00a0\u00a0\u00a0\u00a0\u00a0<em> [Foto: El Imparcial Oaxaca]<\/em><\/p>\n<p>Constantemente nos invaden en los medios noticias o comentarios en torno a la supuesta \u201ccopia\u201d de dise\u00f1os de moda y de nuevo se polemiza al respecto, manej\u00e1ndose, no siempre con precisi\u00f3n, conceptos como el \u201cplagio\u201d, la \u201ccopia\u201d o la \u201cimitaci\u00f3n\u201d, con una connotaci\u00f3n negativa en la mayor\u00eda de los casos. Una de las \u00faltimas, una relacionada con bordados de las comunidades ind\u00edgenas de Oaxaca, Chiapas e Hidalgo, pero el goteo es incesante.<\/p>\n<p>En la realidad de nuestro despacho muchas de las consultas que se nos formulan parten tambi\u00e9n muchas veces de una cierta confusi\u00f3n en torno a aquellos conceptos.<\/p>\n<p>Conviene aclarar una serie de ideas equivocadas que afloran en muchos de esos comentarios, que nos ayudar\u00e1 a situar el debate y a formar nuestra opini\u00f3n.<\/p>\n<p>Para comenzar, en nuestro pa\u00eds, <strong>la imitaci\u00f3n es libre<\/strong>, s\u00ed, aunque nos cueste creerlo, incluso cuando provoque una cierta asociaci\u00f3n entre productos u or\u00edgenes o conlleve un aprovechamiento del esfuerzo ajeno. Nuestra sistema se basa en el principio constitucional de <strong>libre competencia<\/strong> que se trata de fomentar y preservar, y la Ley de Competencia Desleal (art. 11, \u201c<em>actos de imitaci\u00f3n<\/em>\u201d) se encarga de recordarlo y de establecer aquellos concretos supuestos muy excepcionales (tanto que es muy dif\u00edcil encontrar sentencias en sentido estimatorio) en que esa imitaci\u00f3n pasar\u00e1 de ser libre a ser considerada desleal, por \u201c<em>indebida\u201d<\/em>. Pero debemos quitarnos de la cabeza esa idea de que el imitador es siempre por regla general un aprovechado o incluso un \u201cpirata\u201d por utilizar este t\u00e9rmino tan en boga, pues la imitaci\u00f3n no es sino una manifestaci\u00f3n m\u00e1s del sistema de libre competencia, que siendo siempre molesta para quien la sufre por lo que generalmente conlleva de aprovechamiento, es un motor de la econom\u00eda. Habr\u00e1 que estar, pues al caso concreto, para ver si se ha traspasado la l\u00ednea roja.<\/p>\n<p>Precisamente uno de los <strong>l\u00edmites<\/strong> de la libre imitaci\u00f3n se da cuando topa con <strong>derechos de exclusiva de un tercero<\/strong>, esto es, con una marca o con un dise\u00f1o, o con una obra de propiedad intelectual.<\/p>\n<p>Pero tambi\u00e9n aqu\u00ed debemos aclarar, relacion\u00e1ndolo con ese tipo de noticias, que <strong>no todo dise\u00f1o anterior tiene protecci\u00f3n<\/strong> por la normativa del dise\u00f1o, pues puede que, o bien no haya sido registrado, o bien ya haya vencido su plazo de protecci\u00f3n (25 a\u00f1os) y sea por tanto de dominio p\u00fablico, o bien, estando o no registrado (porque tambi\u00e9n merecen protecci\u00f3n los dise\u00f1os no registrados en unas determinadas y estrictas condiciones), carezca en realidad de los necesarios requisitos para tener validez, esto es, la \u201c<em>novedad<\/em>\u201d y el \u201c<em>car\u00e1cter singular<\/em>\u201d respecto de lo ya divulgado con anterioridad. \u00a1Cu\u00e1ntos dise\u00f1os hay registrados que en realidad no son v\u00e1lidos, por ejemplo, por haberse divulgado con anterioridad incluso por su propio creador!<\/p>\n<p>Adem\u00e1s, habr\u00e1 de analizarse el <strong>\u00e1mbito de protecci\u00f3n<\/strong> de dicho dise\u00f1o previo y los elementos concretos que lo singularizan antes de confrontarlo con la supuesta copia: \u00bfpatronaje? \u00bfforma total o parcial?, \u00bfestampado?, \u00bfcolor? \u00bftextura?<\/p>\n<p>Y aun cuando fuese un dise\u00f1o v\u00e1lidamente registrado, su titular s\u00f3lo puede impedir aquellos otros dise\u00f1os posteriores que no produzcan \u201c<strong><em>una impresi\u00f3n general distinta<\/em> <\/strong><em>atendido el grado de libertad del dise\u00f1ador\u201d<\/em>, y aqu\u00ed el campo puede ser muy grande. Y si no estuviese registrado, s\u00f3lo podr\u00e1 impedir las copias posteriores id\u00e9nticas, increment\u00e1ndose el rigor comparativo.<\/p>\n<p>Por lo tanto que dos dise\u00f1os de moda sean m\u00e1s o menos similares o incluso tengan elementos totalmente coincidentes no significa siempre que el \u201cimitador\u201d haya actuado indebidamente y merezca ser denostado.<\/p>\n<p>Lo mismo cabe decir del concepto de \u201c<strong>obra de propiedad intelectual<\/strong>\u201d, pues no todo fruto de la creaci\u00f3n del dise\u00f1ador por muy reputado que \u00e9ste sea merecer\u00e1 protecci\u00f3n por esta v\u00eda. Se tendr\u00e1 que valorar si es o no una \u201c<strong><em>creaci\u00f3n original<\/em>\u201d<\/strong> en el sentido de la Ley de Propiedad Intelectual, si tiene la exigida \u201c<strong><em>altura creativa<\/em><\/strong>\u201d que desde hace pocos a\u00f1os vienen exigiendo los Tribunales a los dise\u00f1os para merecer dicha protecci\u00f3n extra, y si no ha expirado el plazo de su protecci\u00f3n (la vida del autor + 70 a\u00f1os despu\u00e9s de su muerte) para valorar si merece amparo legal.<\/p>\n<p>Adem\u00e1s, el concepto de \u201cplagio\u201d que se maneja habitualmente en los medios a veces con cierta ligereza y que se sit\u00faa jur\u00eddicamente en el plano de los delitos contra la propiedad intelectual, a falta de definici\u00f3n legal, se define doctrinalmente como la <em>copia de la obra ajena en lo sustancial<\/em>, present\u00e1ndose \u201c<em>como una actividad material mecanizada, poco intelectual y menos creativa, aunque aporte cierta manifestaci\u00f3n de ingenio<\/em>\u201d.<\/p>\n<p>As\u00ed las cosas, \u00bfser\u00e1 plagio? \u00bfser\u00e1 imitaci\u00f3n? \u00bfser\u00e1 inspiraci\u00f3n? \u00bfser\u00e1 o no l\u00edcito? Habr\u00e1 que estar, de nuevo, al <strong>caso concreto<\/strong>, y aun as\u00ed, la subjetividad que impera en esta materia podr\u00eda dar lugar a m\u00faltiples interpretaciones.<\/p>\n<p>Por \u00faltimo, ya que estamos en estas lides y para acabar de aclarar todos los conceptos que se suelen manejar imprecisamente en este contexto, nos referirmos a la \u201c<em>falsificaci\u00f3n<\/em>\u201d, que son palabras mayores, pues aqu\u00ed ya entramos en el \u00e1mbito de lo delictivo por lo que significa de hacer pasar por producto original uno que no lo es, generando enga\u00f1o respecto de su origen empresarial.<\/p>\n<p>Por lo tanto, en casos como el que es objeto de las noticias con que inici\u00e1bamos este art\u00edculo, antes de cuestionar el trabajo o la intencionalidad del dise\u00f1ador del vestido cuestionado, o de someterle a un linchamiento p\u00fablico, deberemos comenzar por preguntarnos si el dise\u00f1o anterior es o no protegible por cualquiera de las v\u00edas apuntadas y s\u00f3lo de superarse esta fase, valorar las circunstancias de la creaci\u00f3n posterior para ver si encaja en los supuestos legales que son presupuesto de la infracci\u00f3n. Sorprender\u00eda la cantidad de casos que han generado alarma social que no superar\u00edan un procedimiento judicial.<\/p>\n<p>Y si alg\u00fan d\u00eda te encuentras a ti mismo en alguna de estas situaciones, est\u00e9s del lado que est\u00e9s, antes de llevarte las manos a la cabeza, <strong>d\u00e9jate asesorar<\/strong>. No todo es blanco o negro y \u00a1la vida te da sorpresas!<\/p>\n","protected":false},"excerpt":{"rendered":"<p>&nbsp; \u00a0\u00a0\u00a0\u00a0\u00a0\u00a0\u00a0\u00a0\u00a0\u00a0\u00a0\u00a0\u00a0\u00a0\u00a0\u00a0\u00a0\u00a0\u00a0\u00a0\u00a0\u00a0\u00a0\u00a0\u00a0\u00a0\u00a0\u00a0\u00a0\u00a0\u00a0\u00a0\u00a0\u00a0\u00a0\u00a0 [Foto: El Imparcial Oaxaca] Constantemente nos invaden en los medios noticias o comentarios en torno a la supuesta \u201ccopia\u201d de dise\u00f1os de moda y de nuevo se polemiza al respecto, manej\u00e1ndose, no siempre con precisi\u00f3n, conceptos como el \u201cplagio\u201d, la \u201ccopia\u201d o la \u201cimitaci\u00f3n\u201d, con una connotaci\u00f3n negativa en la mayor\u00eda de los [&hellip;]<\/p>\n","protected":false},"author":7,"featured_media":0,"comment_status":"closed","ping_status":"open","sticky":false,"template":"","format":"standard","meta":{"footnotes":""},"categories":[103],"tags":[115,146,164,173,213,215,257,259,387],"class_list":["post-25315","post","type-post","status-publish","format-standard","hentry","category-sin-categoria","tag-altura-creativa","tag-caracter-singular","tag-copia","tag-creacion-original","tag-diseno","tag-diseno-de-moda","tag-imitacion","tag-impresion-general-distinta","tag-plagio"],"yoast_head":"<!-- This site is optimized with the Yoast SEO plugin v25.9 - https:\/\/yoast.com\/wordpress\/plugins\/seo\/ -->\n<title>Dise\u00f1os de moda. Sobre el plagio, la imitaci\u00f3n, la inspiraci\u00f3n, y la libertad - RMA Advocats<\/title>\n<meta name=\"robots\" content=\"index, follow, max-snippet:-1, max-image-preview:large, max-video-preview:-1\" \/>\n<link rel=\"canonical\" href=\"https:\/\/rma.legal\/ca\/disenos-de-moda-sobre-el-plagio-la-imitacion-la-inspiracion-y-la-libertad\/\" \/>\n<meta property=\"og:locale\" content=\"ca_ES\" \/>\n<meta property=\"og:type\" content=\"article\" \/>\n<meta property=\"og:title\" content=\"Dise\u00f1os de moda. Sobre el plagio, la imitaci\u00f3n, la inspiraci\u00f3n, y la libertad - RMA Advocats\" \/>\n<meta property=\"og:description\" content=\"&nbsp; \u00a0\u00a0\u00a0\u00a0\u00a0\u00a0\u00a0\u00a0\u00a0\u00a0\u00a0\u00a0\u00a0\u00a0\u00a0\u00a0\u00a0\u00a0\u00a0\u00a0\u00a0\u00a0\u00a0\u00a0\u00a0\u00a0\u00a0\u00a0\u00a0\u00a0\u00a0\u00a0\u00a0\u00a0\u00a0\u00a0 [Foto: El Imparcial Oaxaca] Constantemente nos invaden en los medios noticias o comentarios en torno a la supuesta \u201ccopia\u201d de dise\u00f1os de moda y de nuevo se polemiza al respecto, manej\u00e1ndose, no siempre con precisi\u00f3n, conceptos como el \u201cplagio\u201d, la \u201ccopia\u201d o la \u201cimitaci\u00f3n\u201d, con una connotaci\u00f3n negativa en la mayor\u00eda de los [&hellip;]\" \/>\n<meta property=\"og:url\" content=\"https:\/\/rma.legal\/ca\/disenos-de-moda-sobre-el-plagio-la-imitacion-la-inspiracion-y-la-libertad\/\" \/>\n<meta property=\"og:site_name\" content=\"RMA Advocats\" \/>\n<meta property=\"article:published_time\" content=\"2018-05-15T14:28:52+00:00\" \/>\n<meta property=\"article:modified_time\" content=\"2025-04-15T09:42:58+00:00\" \/>\n<meta property=\"og:image\" content=\"http:\/\/rma.legal\/wp-content\/uploads\/2018\/05\/disenos-moda-300x167.jpg\" \/>\n<meta name=\"author\" content=\"Rosa Martinez Brines\" \/>\n<meta name=\"twitter:card\" content=\"summary_large_image\" \/>\n<meta name=\"twitter:label1\" content=\"Escrit per\" \/>\n\t<meta name=\"twitter:data1\" content=\"Rosa Martinez Brines\" \/>\n\t<meta name=\"twitter:label2\" content=\"Temps estimat de lectura\" \/>\n\t<meta name=\"twitter:data2\" content=\"5 minuts\" \/>\n<script type=\"application\/ld+json\" class=\"yoast-schema-graph\">{\"@context\":\"https:\/\/schema.org\",\"@graph\":[{\"@type\":\"Article\",\"@id\":\"https:\/\/rma.legal\/ca\/disenos-de-moda-sobre-el-plagio-la-imitacion-la-inspiracion-y-la-libertad\/#article\",\"isPartOf\":{\"@id\":\"https:\/\/rma.legal\/ca\/disenos-de-moda-sobre-el-plagio-la-imitacion-la-inspiracion-y-la-libertad\/\"},\"author\":{\"name\":\"Rosa Martinez Brines\",\"@id\":\"https:\/\/rma.legal\/ca\/#\/schema\/person\/a4e1a584fe52b11a745060a7e9555336\"},\"headline\":\"Dise\u00f1os de moda. Sobre el plagio, la imitaci\u00f3n, la inspiraci\u00f3n, y la libertad\",\"datePublished\":\"2018-05-15T14:28:52+00:00\",\"dateModified\":\"2025-04-15T09:42:58+00:00\",\"mainEntityOfPage\":{\"@id\":\"https:\/\/rma.legal\/ca\/disenos-de-moda-sobre-el-plagio-la-imitacion-la-inspiracion-y-la-libertad\/\"},\"wordCount\":1098,\"publisher\":{\"@id\":\"https:\/\/rma.legal\/ca\/#organization\"},\"image\":{\"@id\":\"https:\/\/rma.legal\/ca\/disenos-de-moda-sobre-el-plagio-la-imitacion-la-inspiracion-y-la-libertad\/#primaryimage\"},\"thumbnailUrl\":\"http:\/\/rma.legal\/wp-content\/uploads\/2018\/05\/disenos-moda-300x167.jpg\",\"keywords\":[\"altura creativa\",\"car\u00e1cter singular\",\"copia\",\"creaci\u00f3n original\",\"dise\u00f1o\",\"dise\u00f1o de moda\",\"imitaci\u00f3n\",\"impresi\u00f3n general distinta\",\"plagio\"],\"articleSection\":[\"Sin categor\u00eda\"],\"inLanguage\":\"ca\"},{\"@type\":\"WebPage\",\"@id\":\"https:\/\/rma.legal\/ca\/disenos-de-moda-sobre-el-plagio-la-imitacion-la-inspiracion-y-la-libertad\/\",\"url\":\"https:\/\/rma.legal\/ca\/disenos-de-moda-sobre-el-plagio-la-imitacion-la-inspiracion-y-la-libertad\/\",\"name\":\"Dise\u00f1os de moda. Sobre el plagio, la imitaci\u00f3n, la inspiraci\u00f3n, y la libertad - RMA Advocats\",\"isPartOf\":{\"@id\":\"https:\/\/rma.legal\/ca\/#website\"},\"primaryImageOfPage\":{\"@id\":\"https:\/\/rma.legal\/ca\/disenos-de-moda-sobre-el-plagio-la-imitacion-la-inspiracion-y-la-libertad\/#primaryimage\"},\"image\":{\"@id\":\"https:\/\/rma.legal\/ca\/disenos-de-moda-sobre-el-plagio-la-imitacion-la-inspiracion-y-la-libertad\/#primaryimage\"},\"thumbnailUrl\":\"http:\/\/rma.legal\/wp-content\/uploads\/2018\/05\/disenos-moda-300x167.jpg\",\"datePublished\":\"2018-05-15T14:28:52+00:00\",\"dateModified\":\"2025-04-15T09:42:58+00:00\",\"breadcrumb\":{\"@id\":\"https:\/\/rma.legal\/ca\/disenos-de-moda-sobre-el-plagio-la-imitacion-la-inspiracion-y-la-libertad\/#breadcrumb\"},\"inLanguage\":\"ca\",\"potentialAction\":[{\"@type\":\"ReadAction\",\"target\":[\"https:\/\/rma.legal\/ca\/disenos-de-moda-sobre-el-plagio-la-imitacion-la-inspiracion-y-la-libertad\/\"]}]},{\"@type\":\"ImageObject\",\"inLanguage\":\"ca\",\"@id\":\"https:\/\/rma.legal\/ca\/disenos-de-moda-sobre-el-plagio-la-imitacion-la-inspiracion-y-la-libertad\/#primaryimage\",\"url\":\"http:\/\/rma.legal\/wp-content\/uploads\/2018\/05\/disenos-moda-300x167.jpg\",\"contentUrl\":\"http:\/\/rma.legal\/wp-content\/uploads\/2018\/05\/disenos-moda-300x167.jpg\"},{\"@type\":\"BreadcrumbList\",\"@id\":\"https:\/\/rma.legal\/ca\/disenos-de-moda-sobre-el-plagio-la-imitacion-la-inspiracion-y-la-libertad\/#breadcrumb\",\"itemListElement\":[{\"@type\":\"ListItem\",\"position\":1,\"name\":\"Portada\",\"item\":\"https:\/\/rma.legal\/ca\/\"},{\"@type\":\"ListItem\",\"position\":2,\"name\":\"Dise\u00f1os de moda. Sobre el plagio, la imitaci\u00f3n, la inspiraci\u00f3n, y la libertad\"}]},{\"@type\":\"WebSite\",\"@id\":\"https:\/\/rma.legal\/ca\/#website\",\"url\":\"https:\/\/rma.legal\/ca\/\",\"name\":\"RMA Advocats\",\"description\":\"RMA Legal Advocats\",\"publisher\":{\"@id\":\"https:\/\/rma.legal\/ca\/#organization\"},\"potentialAction\":[{\"@type\":\"SearchAction\",\"target\":{\"@type\":\"EntryPoint\",\"urlTemplate\":\"https:\/\/rma.legal\/ca\/?s={search_term_string}\"},\"query-input\":{\"@type\":\"PropertyValueSpecification\",\"valueRequired\":true,\"valueName\":\"search_term_string\"}}],\"inLanguage\":\"ca\"},{\"@type\":\"Organization\",\"@id\":\"https:\/\/rma.legal\/ca\/#organization\",\"name\":\"RMA Advocats\",\"url\":\"https:\/\/rma.legal\/ca\/\",\"logo\":{\"@type\":\"ImageObject\",\"inLanguage\":\"ca\",\"@id\":\"https:\/\/rma.legal\/ca\/#\/schema\/logo\/image\/\",\"url\":\"https:\/\/rma.legal\/wp-content\/uploads\/2025\/02\/Logo-rma-legal-invertido-footer-c-1.png\",\"contentUrl\":\"https:\/\/rma.legal\/wp-content\/uploads\/2025\/02\/Logo-rma-legal-invertido-footer-c-1.png\",\"width\":300,\"height\":125,\"caption\":\"RMA Advocats\"},\"image\":{\"@id\":\"https:\/\/rma.legal\/ca\/#\/schema\/logo\/image\/\"}},{\"@type\":\"Person\",\"@id\":\"https:\/\/rma.legal\/ca\/#\/schema\/person\/a4e1a584fe52b11a745060a7e9555336\",\"name\":\"Rosa Martinez Brines\",\"image\":{\"@type\":\"ImageObject\",\"inLanguage\":\"ca\",\"@id\":\"https:\/\/rma.legal\/ca\/#\/schema\/person\/image\/\",\"url\":\"https:\/\/secure.gravatar.com\/avatar\/49ea18deea83f04a80464587e6edea1a4988c405631c31d3a76b657cc4da1334?s=96&d=mm&r=g\",\"contentUrl\":\"https:\/\/secure.gravatar.com\/avatar\/49ea18deea83f04a80464587e6edea1a4988c405631c31d3a76b657cc4da1334?s=96&d=mm&r=g\",\"caption\":\"Rosa Martinez Brines\"},\"url\":\"https:\/\/rma.legal\/ca\/author\/rosa-martinez-brines\/\"}]}<\/script>\n<!-- \/ Yoast SEO plugin. -->","yoast_head_json":{"title":"Dise\u00f1os de moda. Sobre el plagio, la imitaci\u00f3n, la inspiraci\u00f3n, y la libertad - RMA Advocats","robots":{"index":"index","follow":"follow","max-snippet":"max-snippet:-1","max-image-preview":"max-image-preview:large","max-video-preview":"max-video-preview:-1"},"canonical":"https:\/\/rma.legal\/ca\/disenos-de-moda-sobre-el-plagio-la-imitacion-la-inspiracion-y-la-libertad\/","og_locale":"ca_ES","og_type":"article","og_title":"Dise\u00f1os de moda. Sobre el plagio, la imitaci\u00f3n, la inspiraci\u00f3n, y la libertad - RMA Advocats","og_description":"&nbsp; \u00a0\u00a0\u00a0\u00a0\u00a0\u00a0\u00a0\u00a0\u00a0\u00a0\u00a0\u00a0\u00a0\u00a0\u00a0\u00a0\u00a0\u00a0\u00a0\u00a0\u00a0\u00a0\u00a0\u00a0\u00a0\u00a0\u00a0\u00a0\u00a0\u00a0\u00a0\u00a0\u00a0\u00a0\u00a0\u00a0 [Foto: El Imparcial Oaxaca] Constantemente nos invaden en los medios noticias o comentarios en torno a la supuesta \u201ccopia\u201d de dise\u00f1os de moda y de nuevo se polemiza al respecto, manej\u00e1ndose, no siempre con precisi\u00f3n, conceptos como el \u201cplagio\u201d, la \u201ccopia\u201d o la \u201cimitaci\u00f3n\u201d, con una connotaci\u00f3n negativa en la mayor\u00eda de los [&hellip;]","og_url":"https:\/\/rma.legal\/ca\/disenos-de-moda-sobre-el-plagio-la-imitacion-la-inspiracion-y-la-libertad\/","og_site_name":"RMA Advocats","article_published_time":"2018-05-15T14:28:52+00:00","article_modified_time":"2025-04-15T09:42:58+00:00","og_image":[{"url":"http:\/\/rma.legal\/wp-content\/uploads\/2018\/05\/disenos-moda-300x167.jpg","type":"","width":"","height":""}],"author":"Rosa Martinez Brines","twitter_card":"summary_large_image","twitter_misc":{"Escrit per":"Rosa Martinez Brines","Temps estimat de lectura":"5 minuts"},"schema":{"@context":"https:\/\/schema.org","@graph":[{"@type":"Article","@id":"https:\/\/rma.legal\/ca\/disenos-de-moda-sobre-el-plagio-la-imitacion-la-inspiracion-y-la-libertad\/#article","isPartOf":{"@id":"https:\/\/rma.legal\/ca\/disenos-de-moda-sobre-el-plagio-la-imitacion-la-inspiracion-y-la-libertad\/"},"author":{"name":"Rosa Martinez Brines","@id":"https:\/\/rma.legal\/ca\/#\/schema\/person\/a4e1a584fe52b11a745060a7e9555336"},"headline":"Dise\u00f1os de moda. Sobre el plagio, la imitaci\u00f3n, la inspiraci\u00f3n, y la libertad","datePublished":"2018-05-15T14:28:52+00:00","dateModified":"2025-04-15T09:42:58+00:00","mainEntityOfPage":{"@id":"https:\/\/rma.legal\/ca\/disenos-de-moda-sobre-el-plagio-la-imitacion-la-inspiracion-y-la-libertad\/"},"wordCount":1098,"publisher":{"@id":"https:\/\/rma.legal\/ca\/#organization"},"image":{"@id":"https:\/\/rma.legal\/ca\/disenos-de-moda-sobre-el-plagio-la-imitacion-la-inspiracion-y-la-libertad\/#primaryimage"},"thumbnailUrl":"http:\/\/rma.legal\/wp-content\/uploads\/2018\/05\/disenos-moda-300x167.jpg","keywords":["altura creativa","car\u00e1cter singular","copia","creaci\u00f3n original","dise\u00f1o","dise\u00f1o de moda","imitaci\u00f3n","impresi\u00f3n general distinta","plagio"],"articleSection":["Sin categor\u00eda"],"inLanguage":"ca"},{"@type":"WebPage","@id":"https:\/\/rma.legal\/ca\/disenos-de-moda-sobre-el-plagio-la-imitacion-la-inspiracion-y-la-libertad\/","url":"https:\/\/rma.legal\/ca\/disenos-de-moda-sobre-el-plagio-la-imitacion-la-inspiracion-y-la-libertad\/","name":"Dise\u00f1os de moda. Sobre el plagio, la imitaci\u00f3n, la inspiraci\u00f3n, y la libertad - RMA Advocats","isPartOf":{"@id":"https:\/\/rma.legal\/ca\/#website"},"primaryImageOfPage":{"@id":"https:\/\/rma.legal\/ca\/disenos-de-moda-sobre-el-plagio-la-imitacion-la-inspiracion-y-la-libertad\/#primaryimage"},"image":{"@id":"https:\/\/rma.legal\/ca\/disenos-de-moda-sobre-el-plagio-la-imitacion-la-inspiracion-y-la-libertad\/#primaryimage"},"thumbnailUrl":"http:\/\/rma.legal\/wp-content\/uploads\/2018\/05\/disenos-moda-300x167.jpg","datePublished":"2018-05-15T14:28:52+00:00","dateModified":"2025-04-15T09:42:58+00:00","breadcrumb":{"@id":"https:\/\/rma.legal\/ca\/disenos-de-moda-sobre-el-plagio-la-imitacion-la-inspiracion-y-la-libertad\/#breadcrumb"},"inLanguage":"ca","potentialAction":[{"@type":"ReadAction","target":["https:\/\/rma.legal\/ca\/disenos-de-moda-sobre-el-plagio-la-imitacion-la-inspiracion-y-la-libertad\/"]}]},{"@type":"ImageObject","inLanguage":"ca","@id":"https:\/\/rma.legal\/ca\/disenos-de-moda-sobre-el-plagio-la-imitacion-la-inspiracion-y-la-libertad\/#primaryimage","url":"http:\/\/rma.legal\/wp-content\/uploads\/2018\/05\/disenos-moda-300x167.jpg","contentUrl":"http:\/\/rma.legal\/wp-content\/uploads\/2018\/05\/disenos-moda-300x167.jpg"},{"@type":"BreadcrumbList","@id":"https:\/\/rma.legal\/ca\/disenos-de-moda-sobre-el-plagio-la-imitacion-la-inspiracion-y-la-libertad\/#breadcrumb","itemListElement":[{"@type":"ListItem","position":1,"name":"Portada","item":"https:\/\/rma.legal\/ca\/"},{"@type":"ListItem","position":2,"name":"Dise\u00f1os de moda. Sobre el plagio, la imitaci\u00f3n, la inspiraci\u00f3n, y la libertad"}]},{"@type":"WebSite","@id":"https:\/\/rma.legal\/ca\/#website","url":"https:\/\/rma.legal\/ca\/","name":"RMA Advocats","description":"RMA Legal Advocats","publisher":{"@id":"https:\/\/rma.legal\/ca\/#organization"},"potentialAction":[{"@type":"SearchAction","target":{"@type":"EntryPoint","urlTemplate":"https:\/\/rma.legal\/ca\/?s={search_term_string}"},"query-input":{"@type":"PropertyValueSpecification","valueRequired":true,"valueName":"search_term_string"}}],"inLanguage":"ca"},{"@type":"Organization","@id":"https:\/\/rma.legal\/ca\/#organization","name":"RMA Advocats","url":"https:\/\/rma.legal\/ca\/","logo":{"@type":"ImageObject","inLanguage":"ca","@id":"https:\/\/rma.legal\/ca\/#\/schema\/logo\/image\/","url":"https:\/\/rma.legal\/wp-content\/uploads\/2025\/02\/Logo-rma-legal-invertido-footer-c-1.png","contentUrl":"https:\/\/rma.legal\/wp-content\/uploads\/2025\/02\/Logo-rma-legal-invertido-footer-c-1.png","width":300,"height":125,"caption":"RMA Advocats"},"image":{"@id":"https:\/\/rma.legal\/ca\/#\/schema\/logo\/image\/"}},{"@type":"Person","@id":"https:\/\/rma.legal\/ca\/#\/schema\/person\/a4e1a584fe52b11a745060a7e9555336","name":"Rosa Martinez Brines","image":{"@type":"ImageObject","inLanguage":"ca","@id":"https:\/\/rma.legal\/ca\/#\/schema\/person\/image\/","url":"https:\/\/secure.gravatar.com\/avatar\/49ea18deea83f04a80464587e6edea1a4988c405631c31d3a76b657cc4da1334?s=96&d=mm&r=g","contentUrl":"https:\/\/secure.gravatar.com\/avatar\/49ea18deea83f04a80464587e6edea1a4988c405631c31d3a76b657cc4da1334?s=96&d=mm&r=g","caption":"Rosa Martinez Brines"},"url":"https:\/\/rma.legal\/ca\/author\/rosa-martinez-brines\/"}]}},"_links":{"self":[{"href":"https:\/\/rma.legal\/ca\/wp-json\/wp\/v2\/posts\/25315","targetHints":{"allow":["GET"]}}],"collection":[{"href":"https:\/\/rma.legal\/ca\/wp-json\/wp\/v2\/posts"}],"about":[{"href":"https:\/\/rma.legal\/ca\/wp-json\/wp\/v2\/types\/post"}],"author":[{"embeddable":true,"href":"https:\/\/rma.legal\/ca\/wp-json\/wp\/v2\/users\/7"}],"replies":[{"embeddable":true,"href":"https:\/\/rma.legal\/ca\/wp-json\/wp\/v2\/comments?post=25315"}],"version-history":[{"count":2,"href":"https:\/\/rma.legal\/ca\/wp-json\/wp\/v2\/posts\/25315\/revisions"}],"predecessor-version":[{"id":30362,"href":"https:\/\/rma.legal\/ca\/wp-json\/wp\/v2\/posts\/25315\/revisions\/30362"}],"wp:attachment":[{"href":"https:\/\/rma.legal\/ca\/wp-json\/wp\/v2\/media?parent=25315"}],"wp:term":[{"taxonomy":"category","embeddable":true,"href":"https:\/\/rma.legal\/ca\/wp-json\/wp\/v2\/categories?post=25315"},{"taxonomy":"post_tag","embeddable":true,"href":"https:\/\/rma.legal\/ca\/wp-json\/wp\/v2\/tags?post=25315"}],"curies":[{"name":"wp","href":"https:\/\/api.w.org\/{rel}","templated":true}]}}